{"id":129657,"date":"2023-04-11T20:14:02","date_gmt":"2023-04-11T20:14:02","guid":{"rendered":"http:\/\/noticias.imer.mx\/?p=129657"},"modified":"2023-04-11T20:14:02","modified_gmt":"2023-04-11T20:14:02","slug":"129657","status":"publish","type":"post","link":"https:\/\/noticias.imer.mx\/propuesta\/2023\/04\/11\/129657\/","title":{"rendered":""},"content":{"rendered":"<p>&nbsp;<\/p>\n<p>&nbsp;<\/p>\n<div class=\"hr-thin\"><\/div>\n<div class=\"gap\" style=\"line-height: 10px; height: 10px;\"><\/div>\n<p style=\"text-align: center\"><strong>The Conversation\u00a0<\/strong><\/p>\n<div class=\"gap\" style=\"line-height: 10px; height: 10px;\"><\/div>\n<div class=\"hr-thin\"><\/div>\n<p>&nbsp;<\/p>\n<p>M\u00e9xico lleva d\u00e9cadas librando una batalla larga y sangrienta contra el tr\u00e1fico de drogas y la delincuencia. Sin embargo, la violencia en el pa\u00eds\u00a0<a href=\"https:\/\/www.asisonline.org\/security-management-magazine\/latest-news\/today-in-security\/2022\/september\/Extreme-Violence-in-Mexico-Continues-to-Increase\/\">sigue en aumento<\/a>.<\/p>\n<p>En uno de los \u00faltimos incidentes de violencia de alto perfil, las fuerzas de seguridad mexicanas detuvieron a principios de enero de 2023 a\u00a0<a href=\"https:\/\/www.bbc.com\/news\/world-latin-america-64179356\">Ovidio Guzm\u00e1n L\u00f3pez<\/a>, l\u00edder del poderoso C\u00e1rtel de Sinaloa e hijo de Joaqu\u00edn \u201cEl Chapo\u201d Guzm\u00e1n, el capo de las drogas ahora encarcelado. La detenci\u00f3n\u00a0<a href=\"https:\/\/www.reuters.com\/world\/americas\/we-threw-ourselves-floor-mexican-passenger-plane-caught-cartel-crossfire-2023-01-06\/\">desat\u00f3 una ola<\/a>\u00a0de violencia en Culiac\u00e1n, una ciudad en el noroeste de M\u00e9xico, que termin\u00f3 en saqueos, tiroteos y\u00a0<a href=\"https:\/\/www.theguardian.com\/world\/2023\/jan\/06\/terror-cartel-violence-engulfs-mexican-city-el-chapo-son\">29 personas muertas<\/a>.<\/p>\n<p>&nbsp;<\/p>\n<p>La violencia actual en algunas partes de M\u00e9xico est\u00e1 asociada en gran medida a organizaciones de narcotraficantes como el C\u00e1rtel de Sinaloa, pandillas callejeras y\u00a0<a href=\"https:\/\/www.scielo.cl\/scielo.php?pid=S0719-37692015000200006&amp;script=sci_arttext\">fuerzas de autodefensa<\/a>\u00a0que ciudadanos comunes han formado para protegerse de la delincuencia debido a la ineficacia de las medidas policiales y militares contra el crimen.<\/p>\n<p>Soy\u00a0<a href=\"https:\/\/sc.edu\/uofsc\/posts\/2022\/04\/breakthrough_star_rebecca_janzen.php\">una acad\u00e9mica que estudia la cultura y la literatura<\/a>\u00a0mexicanas.\u00a0<a href=\"https:\/\/www.vanderbiltuniversitypress.com\/9780826504449\/unlawful-violence\/\">He escrito sobre<\/a>\u00a0c\u00f3mo\u00a0<a href=\"https:\/\/www.ojp.gov\/ncjrs\/virtual-library\/abstracts\/judicial-reform-mexico-toward-new-criminal-justice-system\">el gobierno mexicano ha intentado<\/a>\u00a0reducir la violencia criminal mediante cambios en el sistema de justicia penal y las leyes sobre derechos humanos.<\/p>\n<p>&nbsp;<\/p>\n<p>Pero, en gran medida, estos intentos han fracasado, lo que ha permitido que el ciclo de violencia se intensifique.<\/p>\n<p>He aqu\u00ed cuatro puntos clave que conviene comprender.<\/p>\n<p>&nbsp;<\/p>\n<h4><strong><span style=\"color: #308446\">1. La violencia en M\u00e9xico sigue aumentando<\/span><\/strong><\/h4>\n<p>Un\u00a0<a href=\"https:\/\/www.economist.com\/the-americas\/2022\/09\/01\/several-violent-episodes-in-mexico-suggest-a-worrying-trend\">promedio de 25<\/a>\u00a0personas desaparecen cada d\u00eda en M\u00e9xico. La\u00a0<a href=\"https:\/\/data.worldbank.org\/indicator\/VC.IHR.PSRC.P5?locations=MX\">tasa de homicidios<\/a>\u00a0se sit\u00faa en 28 por cada 100,000 habitantes, cuatro veces m\u00e1s que en Estados Unidos.<\/p>\n<p>La\u00a0<a href=\"https:\/\/data.worldbank.org\/indicator\/VC.IHR.PSRC.P5?locations=MX\">tasa de violencia en M\u00e9xico se dispar\u00f3<\/a>\u00a0a partir de 2007, con los peores a\u00f1os en 2011 y\u00a0<a href=\"https:\/\/www.macrotrends.net\/countries\/MEX\/mexico\/crime-rate-statistics\">de nuevo<\/a>\u00a0desde 2018 hasta la actualidad.<\/p>\n<p>Los delitos violentos\u00a0<a href=\"https:\/\/www.globalguardian.com\/newsroom\/risk-map-mexico\">var\u00edan significativamente<\/a>\u00a0en cada parte del pa\u00eds.<\/p>\n<p>Las personas con mayor riesgo de ser v\u00edctimas de la violencia se encuentran en el centro y suroeste del pa\u00eds, as\u00ed como en los estados norte\u00f1os de Chihuahua, Sinaloa,\u00a0<a href=\"https:\/\/www.scielo.cl\/scielo.php?pid=S0719-37692015000200006&amp;script=sci_arttext\">Baja California Norte y Tamaulipas<\/a>.<\/p>\n<p>En los estados occidentales de Michoac\u00e1n y Guerrero, los delitos violentos \u2014incluidos secuestros, asesinatos y desapariciones\u2014 se producen sobre todo entre\u00a0<a href=\"https:\/\/mexiconewsdaily.com\/news\/new-self-defense-forces-surface-in-guerrero\/\">autodefensas ciudadanas<\/a>\u00a0y grupos de narcotraficantes. En los estados del norte, fronterizos con Estados Unidos, la violencia est\u00e1 dominada por los enfrentamientos entre c\u00e1rteles de la droga y bandas callejeras.<\/p>\n<h2><\/h2>\n<h4><strong><span style=\"color: #308446\">2. Militares en la lucha contra el narcotr\u00e1fico<\/span><\/strong><\/h4>\n<p>Las autoridades federales mexicanas han asociado el aumento de la violencia con el narcotr\u00e1fico desde principios del siglo XX: desde 1917, la\u00a0<a href=\"https:\/\/www2.juridicas.unam.mx\/constitucion-reordenada-consolidada\/en\/vigente\">Constituci\u00f3n mexicana<\/a>\u00a0prohibi\u00f3 las drogas con el objetivo de prevenir la violencia.<\/p>\n<p>As\u00ed, cuando el ex presidente de M\u00e9xico Felipe Calder\u00f3n\u00a0<a href=\"https:\/\/www.npr.org\/2011\/12\/09\/143429367\/5-years-later-calderons-war-on-cartels\">declar\u00f3 en 2006 por primera vez una guerra formal <\/a>\u00a0contra las drogas, su decisi\u00f3n era precedida por una larga historia.<\/p>\n<p>El gobierno estadounidense apoy\u00f3 esta guerra con un acuerdo militar con un valor de\u00a0<a href=\"https:\/\/mx.usembassy.gov\/the-merida-initiative\/\">3,400 millones de d\u00f3lares<\/a>,\u00a0<a href=\"https:\/\/www.brookings.edu\/articles\/us-mexico-security-collaboration-wont-be-easily-resurrected\/\">llamado Iniciativa M\u00e9rida<\/a>, que comenz\u00f3 en 2007 y expir\u00f3 en 2021.<\/p>\n<p>Las t\u00e1cticas del plan \u2014incluida la persecuci\u00f3n y el asesinato de los l\u00edderes de los c\u00e1rteles de la droga por parte del ej\u00e9rcito mexicano\u2014 no disminuyeron la\u00a0<a href=\"https:\/\/www.jstor.org\/stable\/resrep11780\">creciente violencia<\/a>, que sigui\u00f3 extendi\u00e9ndose e intensific\u00e1ndose\u00a0<a href=\"https:\/\/www.macrotrends.net\/countries\/MEX\/mexico\/crime-rate-statistics\">durante los 16 a\u00f1os recientes<\/a>.<\/p>\n<p>M\u00e9xico ha intentado hacer frente al aumento de la actividad de los c\u00e1rteles de la droga y la delincuencia con diferentes medidas, entre ellas el despliegue en las calles de\u00a0<a href=\"https:\/\/law.yale.edu\/yls-today\/news\/militarization-mexico-costs-lives-and-constitutional-legitimacy-panel-says\">128,000 soldados mexicanos<\/a>\u00a0para luchar contra los c\u00e1rteles de la droga y otros grupos delictivos, lo que constituy\u00f3 una violaci\u00f3n a la constituci\u00f3n mexicana, que prohib\u00eda el uso de militares para labores policiales dentro del pa\u00eds. En octubre de 2022, M\u00e9xico aprob\u00f3 una reforma constitucional que permite a los militares llevar a cabo labores policiales dentro del pa\u00eds\u00a0<a href=\"https:\/\/constitutionnet.org\/news\/mexico-constitutional-reform-allowing-military-perform-police-work-passes-pending-majority\">hasta 2028<\/a>.<\/p>\n<h2><\/h2>\n<h4><span style=\"color: #308446\"><strong>3. La corrupci\u00f3n complica la reducci\u00f3n de la delincuencia<\/strong><\/span><\/h4>\n<p>El gobierno mexicano tambi\u00e9n aprob\u00f3 en la \u00faltima d\u00e9cada una serie de nuevas leyes para hacer frente a la delincuencia.<\/p>\n<p>Uno de los principales problemas para la aplicaci\u00f3n efectiva de estas leyes es\u00a0<a href=\"https:\/\/www.transparency.org\/en\/cpi\/2021\">la corrupci\u00f3n generalizada<\/a>\u00a0en el gobierno, el ej\u00e9rcito y\u00a0<a href=\"https:\/\/doi.org\/10.1080\/09592310903561544\">el sistema de justicia<\/a>. El ej\u00e9rcito mexicano, por ejemplo, se encarga de luchar contra los c\u00e1rteles, pero tambi\u00e9n se sabe que\u00a0<a href=\"https:\/\/www.npr.org\/2022\/10\/14\/1129001666\/data-leak-exposes-mexico-military-corruption-including-collusion-with-drug-carte\">los soldados<\/a>\u00a0les venden armas.<\/p>\n<p>En 2008, el Congreso mexicano aprob\u00f3 una serie de reformas constitucionales al\u00a0<a href=\"https:\/\/www.ojp.gov\/ncjrs\/virtual-library\/abstracts\/judicial-reform-mexico-toward-new-criminal-justice-system\">sistema de justicia penal<\/a>. Estas reformas abordaban el hecho de que\u00a0<a href=\"https:\/\/biblioteca.cejamericas.org\/bitstream\/handle\/2015\/5143\/mex-detenciones-arbitrarias.pdf?sequence=1&amp;isAllowed=y\">a menudo se detiene a personas<\/a>\u00a0y se las condena por delitos que no cometieron. Esto se debe en parte a que el antiguo sistema legal mexicano\u00a0<a href=\"https:\/\/www.economist.com\/the-americas\/2016\/06\/18\/trials-and-errors\">presum\u00eda que todas las personas<\/a>\u00a0sometidas a juicio eran culpables hasta que se demostrara su inocencia. Las reformas cambiaron esta norma al modelo estadounidense, por lo que ahora se considera que las personas son inocentes hasta que se demuestre su culpabilidad.<\/p>\n<p>As\u00ed, m\u00e1s del 90% de los asesinatos en M\u00e9xico\u00a0<a href=\"https:\/\/insightcrime.org\/news\/analysis\/solving-mexico-homicide-backlog-could-take-124-years\/\">de 2010 a 2016<\/a>\u00a0siguen sin resolverse.<\/p>\n<p>&nbsp;<\/p>\n<p>Los cambios en el sistema de justicia penal tienen como objetivo abordar estos problemas mediante varios cambios importantes. Las reformas incluyen la oralidad de los juicios, que normalmente solo se documentaban por escrito, lo que facilita a las personas el seguimiento de los casos judiciales y\u00a0<a href=\"https:\/\/worldjusticeproject.mx\/la-nueva-justicia-penal-en-mexico\/\">permite un aumento<\/a>\u00a0en la supervisi\u00f3n p\u00fablica de los procesos judiciales.<\/p>\n<p>Los cambios tambi\u00e9n obligaron a que\u00a0<a href=\"https:\/\/justiceinmexico.org\/judicial-reform-in-mexico-toward-a-new-criminal-justice-system\/\">tres jueces independientes<\/a>\u00a0actuaran en todos los juicios, para evitar el riesgo de que un \u00fanico\u00a0<a href=\"https:\/\/www.reuters.com\/article\/us-mexico-politics-crime\/mexico-to-go-after-all-narco-judges-official-idUSKCN1SQ2H6\">juez alineado con los c\u00e1rteles de la droga<\/a>\u00a0presidiera una decisi\u00f3n.<\/p>\n<p>Los cambios se aplicaron plenamente en los 31 estados de M\u00e9xico en 2016. Pero estas\u00a0<a href=\"https:\/\/www.wola.org\/wp-content\/uploads\/2019\/11\/WEB-JUSTICE-REFORMS-REPORT-ENG.pdf\">reformas no<\/a>\u00a0han reducido la violencia en el pa\u00eds. S\u00f3lo modifican la superficie y no abordan los problemas estructurales \u2014como la misoginia y el racismo\u2014 que est\u00e1n en la ra\u00edz de la violencia contra personas especialmente vulnerables,\u00a0<a href=\"https:\/\/theconversation.com\/mexicos-other-epidemic-murdered-women-132307\">como las mujeres<\/a>\u00a0y\u00a0<a href=\"https:\/\/www.washingtonpost.com\/opinions\/2021\/08\/31\/tapachula-crisis-chiapas-mexico-migrants-racism-violence\/\">los ind\u00edgenas<\/a>.<\/p>\n<p><a href=\"https:\/\/doi.org\/10.1080\/01924036.2021.1998917\">La mayor\u00eda de los mexicanos<\/a>\u00a0tampoco conf\u00edan en la polic\u00eda ni en el sistema de justicia penal.<\/p>\n<p><a href=\"https:\/\/www.mexicoviolence.org\/essential-numbers#\">El Centro de Estudios M\u00e9xico-Estados Unidos de la Universidad de California en San Diego calcula que<\/a>\u00a0el 93.3% de los delitos no se denuncian. Del peque\u00f1o n\u00famero de casos denunciados, s\u00f3lo se efect\u00faan detenciones en el 11.5%.<\/p>\n<p>De manera notable, las mujeres generalmente\u00a0<a href=\"https:\/\/drive.google.com\/file\/d\/1yVfgnItDgQC88zr2fnHW4lE8MwmzuPi0\/view\">no son<\/a>\u00a0tomadas en cuenta cuando denuncian que\u00a0<a href=\"https:\/\/apnews.com\/article\/mexico-caribbean-gender-6594c9b2c9ea39a52dc3204e16be704c\">son v\u00edctimas de un delito<\/a>, o cuando son reportadas como desaparecidas por sus seres queridos. Y\u00a0<a href=\"https:\/\/www.reuters.com\/world\/americas\/mexico-lack-resources-aggravates-impunity-gender-crimes-group-2022-12-02\/\">los delitos violentos<\/a>\u00a0contra las mujeres se resuelven a tasas a\u00fan m\u00e1s bajas que otros delitos.<\/p>\n<h2><\/h2>\n<h4><span style=\"color: #308446\"><strong>4. Las leyes no abordan los problemas de fondo<\/strong><\/span><\/h4>\n<p>En mi opini\u00f3n, las reformas a la justicia penal por s\u00ed solas no pueden reducir la delincuencia en M\u00e9xico.<\/p>\n<p>El porcentaje de\u00a0<a href=\"https:\/\/www.nytimes.com\/2022\/07\/18\/world\/americas\/mexico-economy-poverty.html\">personas mexicanas que viven en<\/a>\u00a0pobreza\u00a0<a href=\"https:\/\/www.bbvaresearch.com\/en\/publicaciones\/mexico-38-million-more-poor-and-21-million-more-in-extreme-poverty-between-2018-2020\/\">sigui\u00f3 creciendo<\/a>\u00a0entre 2018 y 2020, aumentando un 7.3% durante estos a\u00f1os.<\/p>\n<p>La desigualdad entre las personas\u00a0<a href=\"https:\/\/wir2022.wid.world\/\">m\u00e1s ricas y m\u00e1s pobres de M\u00e9xico<\/a>\u00a0tambi\u00e9n sigue en aumento, lo que convierte al pa\u00eds en uno de los m\u00e1s desiguales del mundo.\u00a0<a href=\"https:\/\/www.tandfonline.com\/doi\/full\/10.1080\/00220388.2021.1971649\">Algunas investigaciones<\/a>\u00a0muestran que el fortalecimiento de los sistemas educativos en M\u00e9xico \u2014<a href=\"https:\/\/openknowledge.worldbank.org\/bitstream\/handle\/10986\/18825\/WPS6935.pdf?sequence=1&amp;isAllowed=y\">y la reducci\u00f3n de la desigualdad<\/a>\u2014 podr\u00edan ayudar a frenar la delincuencia.<\/p>\n<p>Todos estos factores \u2014adem\u00e1s de que\u00a0<a href=\"https:\/\/www.cnbc.com\/2021\/06\/17\/the-us-has-spent-over-a-trillion-dollars-fighting-war-on-drugs.html\">las drogas il\u00edcitas que se consumen<\/a>\u00a0en Estados Unidos tienen que ser transportadas a lo largo de M\u00e9xico\u2014 forman una complicada red que habr\u00e1 que desentra\u00f1ar y abordar sistem\u00e1ticamente antes de que las reformas al sistema de justicia penal puedan contribuir por s\u00ed solas a hacer de M\u00e9xico un pa\u00eds m\u00e1s justo y m\u00e1s seguro.<\/p>\n<p>&nbsp;<\/p>\n<p>&nbsp;<\/p>\n<p>&nbsp;<\/p>\n<p>&nbsp;<\/p>\n","protected":false},"excerpt":{"rendered":"<p>&nbsp; &nbsp; The Conversation\u00a0 &nbsp; M\u00e9xico lleva d\u00e9cadas librando una batalla larga y sangrienta contra el tr\u00e1fico de drogas y la delincuencia. Sin embargo, la violencia en el pa\u00eds\u00a0sigue en aumento. En uno de los \u00faltimos incidentes de violencia de alto perfil, las fuerzas de seguridad mexicanas detuvieron a principios de enero de 2023 a\u00a0Ovidio&hellip;<\/p>\n","protected":false},"author":30,"featured_media":0,"comment_status":"open","ping_status":"open","sticky":false,"template":"","format":"standard","meta":{"wp_popup_display_lightbox":0,"wp_popup_suppress":"","wp_popup_trigger":"","wp_popup_trigger_amount":0,"wp_popup_disable_on_mobile":false},"categories":[2,29,22],"tags":[14698],"yoast_head":"<!-- This site is optimized with the Yoast SEO plugin v21.0 - https:\/\/yoast.com\/wordpress\/plugins\/seo\/ -->\n<title>- Pruebas Noticias IMER<\/title>\n<meta name=\"robots\" content=\"index, follow, max-snippet:-1, max-image-preview:large, max-video-preview:-1\" \/>\n<link rel=\"canonical\" href=\"https:\/\/noticias.imer.mx\/propuesta\/2023\/04\/11\/129657\/\" \/>\n<meta property=\"og:locale\" content=\"es_ES\" \/>\n<meta property=\"og:type\" content=\"article\" \/>\n<meta property=\"og:title\" content=\"- Pruebas Noticias IMER\" \/>\n<meta property=\"og:description\" content=\"&nbsp; &nbsp; The Conversation\u00a0 &nbsp; M\u00e9xico lleva d\u00e9cadas librando una batalla larga y sangrienta contra el tr\u00e1fico de drogas y la delincuencia. Sin embargo, la violencia en el pa\u00eds\u00a0sigue en aumento. En uno de los \u00faltimos incidentes de violencia de alto perfil, las fuerzas de seguridad mexicanas detuvieron a principios de enero de 2023 a\u00a0Ovidio&hellip;\" \/>\n<meta property=\"og:url\" content=\"https:\/\/noticias.imer.mx\/propuesta\/2023\/04\/11\/129657\/\" \/>\n<meta property=\"og:site_name\" content=\"Pruebas Noticias IMER\" \/>\n<meta property=\"article:published_time\" content=\"2023-04-11T20:14:02+00:00\" \/>\n<meta name=\"author\" content=\"serveradmin\" \/>\n<meta name=\"twitter:card\" content=\"summary_large_image\" \/>\n<meta name=\"twitter:label1\" content=\"Escrito por\" \/>\n\t<meta name=\"twitter:data1\" content=\"serveradmin\" \/>\n\t<meta name=\"twitter:label2\" content=\"Tiempo de lectura\" \/>\n\t<meta name=\"twitter:data2\" content=\"6 minutos\" \/>\n<script type=\"application\/ld+json\" class=\"yoast-schema-graph\">{\"@context\":\"https:\/\/schema.org\",\"@graph\":[{\"@type\":\"WebPage\",\"@id\":\"https:\/\/noticias.imer.mx\/propuesta\/2023\/04\/11\/129657\/\",\"url\":\"https:\/\/noticias.imer.mx\/propuesta\/2023\/04\/11\/129657\/\",\"name\":\"- Pruebas Noticias IMER\",\"isPartOf\":{\"@id\":\"https:\/\/noticias.imer.mx\/propuesta\/#website\"},\"datePublished\":\"2023-04-11T20:14:02+00:00\",\"dateModified\":\"2023-04-11T20:14:02+00:00\",\"author\":{\"@id\":\"https:\/\/noticias.imer.mx\/propuesta\/#\/schema\/person\/967c1f66b6217bbd12b628cc10f6e76d\"},\"inLanguage\":\"es\",\"potentialAction\":[{\"@type\":\"ReadAction\",\"target\":[\"https:\/\/noticias.imer.mx\/propuesta\/2023\/04\/11\/129657\/\"]}]},{\"@type\":\"WebSite\",\"@id\":\"https:\/\/noticias.imer.mx\/propuesta\/#website\",\"url\":\"https:\/\/noticias.imer.mx\/propuesta\/\",\"name\":\"Pruebas Noticias IMER\",\"description\":\"Otro sitio m\u00e1s de IMER Noticias\",\"potentialAction\":[{\"@type\":\"SearchAction\",\"target\":{\"@type\":\"EntryPoint\",\"urlTemplate\":\"https:\/\/noticias.imer.mx\/propuesta\/?s={search_term_string}\"},\"query-input\":\"required name=search_term_string\"}],\"inLanguage\":\"es\"},{\"@type\":\"Person\",\"@id\":\"https:\/\/noticias.imer.mx\/propuesta\/#\/schema\/person\/967c1f66b6217bbd12b628cc10f6e76d\",\"name\":\"serveradmin\",\"image\":{\"@type\":\"ImageObject\",\"inLanguage\":\"es\",\"@id\":\"https:\/\/noticias.imer.mx\/propuesta\/#\/schema\/person\/image\/\",\"url\":\"https:\/\/secure.gravatar.com\/avatar\/b7032212b076bde88e044d76d65f2c7b?s=96&d=mm&r=g\",\"contentUrl\":\"https:\/\/secure.gravatar.com\/avatar\/b7032212b076bde88e044d76d65f2c7b?s=96&d=mm&r=g\",\"caption\":\"serveradmin\"},\"url\":\"https:\/\/noticias.imer.mx\/propuesta\/author\/serveradmin\/\"}]}<\/script>\n<!-- \/ Yoast SEO plugin. -->","yoast_head_json":{"title":"- Pruebas Noticias IMER","robots":{"index":"index","follow":"follow","max-snippet":"max-snippet:-1","max-image-preview":"max-image-preview:large","max-video-preview":"max-video-preview:-1"},"canonical":"https:\/\/noticias.imer.mx\/propuesta\/2023\/04\/11\/129657\/","og_locale":"es_ES","og_type":"article","og_title":"- Pruebas Noticias IMER","og_description":"&nbsp; &nbsp; The Conversation\u00a0 &nbsp; M\u00e9xico lleva d\u00e9cadas librando una batalla larga y sangrienta contra el tr\u00e1fico de drogas y la delincuencia. Sin embargo, la violencia en el pa\u00eds\u00a0sigue en aumento. En uno de los \u00faltimos incidentes de violencia de alto perfil, las fuerzas de seguridad mexicanas detuvieron a principios de enero de 2023 a\u00a0Ovidio&hellip;","og_url":"https:\/\/noticias.imer.mx\/propuesta\/2023\/04\/11\/129657\/","og_site_name":"Pruebas Noticias IMER","article_published_time":"2023-04-11T20:14:02+00:00","author":"serveradmin","twitter_card":"summary_large_image","twitter_misc":{"Escrito por":"serveradmin","Tiempo de lectura":"6 minutos"},"schema":{"@context":"https:\/\/schema.org","@graph":[{"@type":"WebPage","@id":"https:\/\/noticias.imer.mx\/propuesta\/2023\/04\/11\/129657\/","url":"https:\/\/noticias.imer.mx\/propuesta\/2023\/04\/11\/129657\/","name":"- Pruebas Noticias IMER","isPartOf":{"@id":"https:\/\/noticias.imer.mx\/propuesta\/#website"},"datePublished":"2023-04-11T20:14:02+00:00","dateModified":"2023-04-11T20:14:02+00:00","author":{"@id":"https:\/\/noticias.imer.mx\/propuesta\/#\/schema\/person\/967c1f66b6217bbd12b628cc10f6e76d"},"inLanguage":"es","potentialAction":[{"@type":"ReadAction","target":["https:\/\/noticias.imer.mx\/propuesta\/2023\/04\/11\/129657\/"]}]},{"@type":"WebSite","@id":"https:\/\/noticias.imer.mx\/propuesta\/#website","url":"https:\/\/noticias.imer.mx\/propuesta\/","name":"Pruebas Noticias IMER","description":"Otro sitio m\u00e1s de IMER Noticias","potentialAction":[{"@type":"SearchAction","target":{"@type":"EntryPoint","urlTemplate":"https:\/\/noticias.imer.mx\/propuesta\/?s={search_term_string}"},"query-input":"required name=search_term_string"}],"inLanguage":"es"},{"@type":"Person","@id":"https:\/\/noticias.imer.mx\/propuesta\/#\/schema\/person\/967c1f66b6217bbd12b628cc10f6e76d","name":"serveradmin","image":{"@type":"ImageObject","inLanguage":"es","@id":"https:\/\/noticias.imer.mx\/propuesta\/#\/schema\/person\/image\/","url":"https:\/\/secure.gravatar.com\/avatar\/b7032212b076bde88e044d76d65f2c7b?s=96&d=mm&r=g","contentUrl":"https:\/\/secure.gravatar.com\/avatar\/b7032212b076bde88e044d76d65f2c7b?s=96&d=mm&r=g","caption":"serveradmin"},"url":"https:\/\/noticias.imer.mx\/propuesta\/author\/serveradmin\/"}]}},"_links":{"self":[{"href":"https:\/\/noticias.imer.mx\/propuesta\/wp-json\/wp\/v2\/posts\/129657"}],"collection":[{"href":"https:\/\/noticias.imer.mx\/propuesta\/wp-json\/wp\/v2\/posts"}],"about":[{"href":"https:\/\/noticias.imer.mx\/propuesta\/wp-json\/wp\/v2\/types\/post"}],"author":[{"embeddable":true,"href":"https:\/\/noticias.imer.mx\/propuesta\/wp-json\/wp\/v2\/users\/30"}],"replies":[{"embeddable":true,"href":"https:\/\/noticias.imer.mx\/propuesta\/wp-json\/wp\/v2\/comments?post=129657"}],"version-history":[{"count":1,"href":"https:\/\/noticias.imer.mx\/propuesta\/wp-json\/wp\/v2\/posts\/129657\/revisions"}],"predecessor-version":[{"id":130381,"href":"https:\/\/noticias.imer.mx\/propuesta\/wp-json\/wp\/v2\/posts\/129657\/revisions\/130381"}],"wp:attachment":[{"href":"https:\/\/noticias.imer.mx\/propuesta\/wp-json\/wp\/v2\/media?parent=129657"}],"wp:term":[{"taxonomy":"category","embeddable":true,"href":"https:\/\/noticias.imer.mx\/propuesta\/wp-json\/wp\/v2\/categories?post=129657"},{"taxonomy":"post_tag","embeddable":true,"href":"https:\/\/noticias.imer.mx\/propuesta\/wp-json\/wp\/v2\/tags?post=129657"}],"curies":[{"name":"wp","href":"https:\/\/api.w.org\/{rel}","templated":true}]}}