{"id":129042,"date":"2023-03-06T18:36:07","date_gmt":"2023-03-07T00:36:07","guid":{"rendered":"http:\/\/noticias.imer.mx\/?p=129042"},"modified":"2023-04-11T20:14:05","modified_gmt":"2023-04-11T20:14:05","slug":"enrique-florescano-el-historiador-de-la-cosmogonia-mesoamericana","status":"publish","type":"post","link":"https:\/\/noticias.imer.mx\/propuesta\/2023\/03\/06\/enrique-florescano-el-historiador-de-la-cosmogonia-mesoamericana\/","title":{"rendered":"Enrique Florescano: el historiador de la cosmogon\u00eda mesoamericana"},"content":{"rendered":"<p><em>Enrique Federico Florescano Mayet no s\u00f3lo era escritor e historiador. Era int\u00e9rprete de los mitos de otros tiempos, de las cosmogon\u00edas mesoamericanas. Dedic\u00f3 su vida a su investigaci\u00f3n, difusi\u00f3n y preservaci\u00f3n. Siempre consciente de la funci\u00f3n social de la historia.<\/em><\/p>\n<p><span style=\"font-weight: 400\"><div class=\"gap\" style=\"line-height: 10px; height: 10px;\"><\/div><\/span><\/p>\n<p><span style=\"font-weight: 400\"><\/p>\n<div class=\"hr-thin\"><\/div>\n<p><\/span><\/p>\n<p style=\"text-align: center\"><b>Mauricio Romero<\/b><\/p>\n<p><span style=\"font-weight: 400\"><\/p>\n<div class=\"hr-thin\"><\/div>\n<p><\/span><\/p>\n<p><span style=\"font-weight: 400\"><div class=\"gap\" style=\"line-height: 10px; height: 10px;\"><\/div><\/span><\/p>\n<p>&nbsp;<\/p>\n<blockquote><p><span style=\"color: #3d395a\">\u201cDesde tiempos antiguos, el historiador se ha pensado un deudor de su grupo social (\u2026) descubre el arte por el an\u00e1lisis que hace de las variadas t\u00e9cnicas de sus colegas.\u201d<\/span><\/p><\/blockquote>\n<p>&nbsp;<\/p>\n<p>Nacido en San Juan de Coscomatepec, Veracruz, el 8 de julio de 1937, estudi\u00f3 a la par <strong>Leyes<\/strong> e <strong>Historia<\/strong> en la <strong>Universidad Veracruzana.<\/strong> Posteriormente se convirti\u00f3 en maestro en Historia Universal por el <strong>Colegio de M\u00e9xico<\/strong>. Mientras que el doctorado lo obtuvo en la <strong>\u00c9cole Pratique des Hautes \u00c9tudes<\/strong> en <strong>Par\u00eds<\/strong>, <strong>Francia<\/strong>.<\/p>\n<p>&nbsp;<\/p>\n<p>El tambi\u00e9n estudioso del comercio del ma\u00edz en la \u00e9poca virreinal, fungi\u00f3 como investigador del <strong>Colegio de M\u00e9xico<\/strong>, catedr\u00e1tico de la <strong>UNAM<\/strong> y miembro del <strong>Sistema Nacional de Investigadores\u00a0<\/strong>(<strong>SNI<\/strong>)\u00a0y la <strong>Academia Mexicana de Historia<\/strong>.<\/p>\n<p>&nbsp;<\/p>\n<h4><span style=\"color: #308446\"><strong>\u00abEl robo del siglo\u00bb en el INAH<\/strong><\/span><\/h4>\n<p>&nbsp;<\/p>\n<p>Durante la gesti\u00f3n de <strong>Florescano<\/strong> como director del <strong>Instituto Nacional de Antropolog\u00eda e Historia<\/strong> (<strong>INAH<\/strong>) le toc\u00f3 lidiar con uno de los episodios m\u00e1s medi\u00e1ticos en la historia de la antropolog\u00eda mexicana: el llamado <strong>robo del siglo<\/strong>, ocurrido en la nochebuena de <strong>1985<\/strong>, cuando un par de j\u00f3venes hurtaron <strong>140 piezas<\/strong> del <strong>Museo Nacional de Antropolog\u00eda <\/strong>(<strong>MNA<\/strong>).<\/p>\n<p>&nbsp;<\/p>\n<p>El esc\u00e1ndalo trascendi\u00f3 las fronteras, se volvi\u00f3 noticia mundial, y la atenci\u00f3n se concentr\u00f3 en el entonces <strong>director del INAH<\/strong>, al ser el encargado de responder las cr\u00edticas p\u00fablicas por las deficientes medidas de seguridad.<\/p>\n<p>&nbsp;<\/p>\n<h4><span style=\"color: #308446\"><strong>El reconocimiento por su impacto en la cultura mexicana<\/strong><\/span><\/h4>\n<p>&nbsp;<\/p>\n<p>En reconocimiento a su trayectoria, el <strong>historiador<\/strong> recibi\u00f3 diversas distinciones, entre las que destacan:<\/p>\n<p>&nbsp;<\/p>\n<ul>\n<li>Premio Nacional de Ciencias Sociales.<\/li>\n<li>Premio Nacional de Ciencias y Artes en el \u00e1rea de Historia, Ciencias Sociales y Filosof\u00eda.<\/li>\n<li>Presea Oth\u00f3n de Mendiz\u00e1bal del Instituto Nacional de Antropolog\u00eda e Historia (INAH).<\/li>\n<li>Premio Alfonso Reyes del Colegio de M\u00e9xico.<\/li>\n<li>Doctorado honoris causa por la Universidad Michoacana de San Nicol\u00e1s de Hidalgo.<\/li>\n<\/ul>\n<p>&nbsp;<\/p>\n<p>El autor de obras cient\u00edficas como \u2018\u2019<strong>Memoria mexicana<\/strong>\u2019\u2019,\u2019\u2019<strong>El mito de Quetzalc\u00f3atl<\/strong>\u2019\u2019 o \u2018\u2019<strong>Dioses y h\u00e9roes del M\u00e9xico antiguo<\/strong>\u2019\u2019 insist\u00eda en su libro de 2012 \u2018\u2019<strong>La funci\u00f3n social de la Historia<\/strong>\u2019\u2019, que los estudios hist\u00f3ricos unen el pasado con el presente, raz\u00f3n por la cual el investigador sirve como puente entre realidades y tiempos dis\u00edmiles, pero que terminan conectados por la historia.<\/p>\n<p>&nbsp;<\/p>\n<blockquote><p><span style=\"color: #3d395a\">\u201cEl estudio de la Historia nos ha impuesto la carga (\u2026) y el conjunto de la especie humana.\u201d<\/span><\/p><\/blockquote>\n<p style=\"text-align: center\"><a href=\"http:\/\/noticias.imer.mx\/blog\/enrique-florescano-el-historiador-de-la-cosmogonia-mesoamericana\/enrique-florescano-muerte\/\" rel=\"attachment wp-att-129052\"><img decoding=\"async\" loading=\"lazy\" class=\"alignnone wp-image-129052\" src=\"http:\/\/noticias.imer.mx\/wp-content\/uploads\/2023\/03\/Enrique-Florescano-muerte.jpg\" alt=\"\" width=\"302\" height=\"443\" \/><\/a><\/p>\n<p style=\"text-align: center\">Descanse en paz <strong>Enrique Florezcano<\/strong>.<\/p>\n<p style=\"text-align: center\"><strong>1937 &#8211;<\/strong>\u00a0<strong>2023<\/strong><\/p>\n<p><span style=\"font-weight: 400\"><div class=\"gap\" style=\"line-height: 10px; height: 10px;\"><\/div><\/span><\/p>\n<p><span style=\"font-weight: 400\"><\/p>\n<div class=\"hr-thick\"><\/div>\n<p><\/span><\/p>\n<p><span style=\"font-weight: 400\"><div class=\"gap\" style=\"line-height: 10px; height: 10px;\"><\/div><\/span><\/p>\n<p><span style=\"font-weight: 400\"><span class=\"dt-highlight\" >Te recomendamos:<\/span><\/span><\/p>\n<blockquote class=\"wp-embedded-content\" data-secret=\"kvXP54WCGw\"><p><a href=\"https:\/\/noticias.imer.mx\/blog\/coyolxauhqui-el-descubrimiento-con-el-que-nace-la-arqueologia-urbana-en-cdmx\/\">Coyolxauhqui: el descubrimiento con el que nace la arqueolog\u00eda urbana en CDMX<\/a><\/p><\/blockquote>\n<p><iframe class=\"wp-embedded-content\" sandbox=\"allow-scripts\" security=\"restricted\" style=\"position: absolute; clip: rect(1px, 1px, 1px, 1px);\" title=\"\u00abCoyolxauhqui: el descubrimiento con el que nace la arqueolog\u00eda urbana en CDMX\u00bb \u2014 IMER Noticias\" src=\"https:\/\/noticias.imer.mx\/blog\/coyolxauhqui-el-descubrimiento-con-el-que-nace-la-arqueologia-urbana-en-cdmx\/embed\/#?secret=kvXP54WCGw\" data-secret=\"kvXP54WCGw\" width=\"600\" height=\"338\" frameborder=\"0\" marginwidth=\"0\" marginheight=\"0\" scrolling=\"no\"><\/iframe><\/p>\n","protected":false},"excerpt":{"rendered":"<p>Enrique Federico Florescano Mayet no s\u00f3lo era escritor e historiador. Era int\u00e9rprete de los mitos de otros tiempos, de las cosmogon\u00edas mesoamericanas. Dedic\u00f3 su vida a su investigaci\u00f3n, difusi\u00f3n y preservaci\u00f3n. Siempre consciente de la funci\u00f3n social de la historia.<\/p>\n","protected":false},"author":30,"featured_media":129045,"comment_status":"open","ping_status":"open","sticky":false,"template":"","format":"standard","meta":{"wp_popup_display_lightbox":0,"wp_popup_suppress":"","wp_popup_trigger":"","wp_popup_trigger_amount":0,"wp_popup_disable_on_mobile":false},"categories":[2,7,13],"tags":[418,1265,5151,5575,7308,7316,7592,10096,10141,10382,10673,12649,15143],"yoast_head":"<!-- This site is optimized with the Yoast SEO plugin v21.0 - https:\/\/yoast.com\/wordpress\/plugins\/seo\/ -->\n<title>Enrique Florescano: el historiador de la cosmogon\u00eda mesoamericana - Pruebas Noticias IMER<\/title>\n<meta name=\"description\" content=\"Falleci\u00f3 Enrique Florescano, fue escritor, historiador, e int\u00e9rprete de los mitos de otros tiempos y de las cosmogon\u00edas mesoamericanas.\" \/>\n<meta name=\"robots\" content=\"index, follow, max-snippet:-1, max-image-preview:large, max-video-preview:-1\" \/>\n<link rel=\"canonical\" href=\"https:\/\/noticias.imer.mx\/propuesta\/2023\/03\/06\/enrique-florescano-el-historiador-de-la-cosmogonia-mesoamericana\/\" \/>\n<meta property=\"og:locale\" content=\"es_ES\" \/>\n<meta property=\"og:type\" content=\"article\" \/>\n<meta property=\"og:title\" content=\"Enrique Florescano: el historiador de la cosmogon\u00eda mesoamericana - Pruebas Noticias IMER\" \/>\n<meta property=\"og:description\" content=\"Falleci\u00f3 Enrique Florescano, fue escritor, historiador, e int\u00e9rprete de los mitos de otros tiempos y de las cosmogon\u00edas mesoamericanas.\" \/>\n<meta property=\"og:url\" content=\"https:\/\/noticias.imer.mx\/propuesta\/2023\/03\/06\/enrique-florescano-el-historiador-de-la-cosmogonia-mesoamericana\/\" \/>\n<meta property=\"og:site_name\" content=\"Pruebas Noticias IMER\" \/>\n<meta property=\"article:published_time\" content=\"2023-03-07T00:36:07+00:00\" \/>\n<meta property=\"article:modified_time\" content=\"2023-04-11T20:14:05+00:00\" \/>\n<meta name=\"author\" content=\"serveradmin\" \/>\n<meta name=\"twitter:card\" content=\"summary_large_image\" \/>\n<meta name=\"twitter:label1\" content=\"Escrito por\" \/>\n\t<meta name=\"twitter:data1\" content=\"serveradmin\" \/>\n\t<meta name=\"twitter:label2\" content=\"Tiempo de lectura\" \/>\n\t<meta name=\"twitter:data2\" content=\"3 minutos\" \/>\n<script type=\"application\/ld+json\" class=\"yoast-schema-graph\">{\"@context\":\"https:\/\/schema.org\",\"@graph\":[{\"@type\":\"WebPage\",\"@id\":\"https:\/\/noticias.imer.mx\/propuesta\/2023\/03\/06\/enrique-florescano-el-historiador-de-la-cosmogonia-mesoamericana\/\",\"url\":\"https:\/\/noticias.imer.mx\/propuesta\/2023\/03\/06\/enrique-florescano-el-historiador-de-la-cosmogonia-mesoamericana\/\",\"name\":\"Enrique Florescano: el historiador de la cosmogon\u00eda mesoamericana - Pruebas Noticias IMER\",\"isPartOf\":{\"@id\":\"https:\/\/noticias.imer.mx\/propuesta\/#website\"},\"datePublished\":\"2023-03-07T00:36:07+00:00\",\"dateModified\":\"2023-04-11T20:14:05+00:00\",\"author\":{\"@id\":\"https:\/\/noticias.imer.mx\/propuesta\/#\/schema\/person\/967c1f66b6217bbd12b628cc10f6e76d\"},\"description\":\"Falleci\u00f3 Enrique Florescano, fue escritor, historiador, e int\u00e9rprete de los mitos de otros tiempos y de las cosmogon\u00edas mesoamericanas.\",\"breadcrumb\":{\"@id\":\"https:\/\/noticias.imer.mx\/propuesta\/2023\/03\/06\/enrique-florescano-el-historiador-de-la-cosmogonia-mesoamericana\/#breadcrumb\"},\"inLanguage\":\"es\",\"potentialAction\":[{\"@type\":\"ReadAction\",\"target\":[\"https:\/\/noticias.imer.mx\/propuesta\/2023\/03\/06\/enrique-florescano-el-historiador-de-la-cosmogonia-mesoamericana\/\"]}]},{\"@type\":\"BreadcrumbList\",\"@id\":\"https:\/\/noticias.imer.mx\/propuesta\/2023\/03\/06\/enrique-florescano-el-historiador-de-la-cosmogonia-mesoamericana\/#breadcrumb\",\"itemListElement\":[{\"@type\":\"ListItem\",\"position\":1,\"name\":\"Portada\",\"item\":\"https:\/\/noticias.imer.mx\/propuesta\/\"},{\"@type\":\"ListItem\",\"position\":2,\"name\":\"Enrique Florescano: el historiador de la cosmogon\u00eda mesoamericana\"}]},{\"@type\":\"WebSite\",\"@id\":\"https:\/\/noticias.imer.mx\/propuesta\/#website\",\"url\":\"https:\/\/noticias.imer.mx\/propuesta\/\",\"name\":\"Pruebas Noticias IMER\",\"description\":\"Otro sitio m\u00e1s de IMER Noticias\",\"potentialAction\":[{\"@type\":\"SearchAction\",\"target\":{\"@type\":\"EntryPoint\",\"urlTemplate\":\"https:\/\/noticias.imer.mx\/propuesta\/?s={search_term_string}\"},\"query-input\":\"required name=search_term_string\"}],\"inLanguage\":\"es\"},{\"@type\":\"Person\",\"@id\":\"https:\/\/noticias.imer.mx\/propuesta\/#\/schema\/person\/967c1f66b6217bbd12b628cc10f6e76d\",\"name\":\"serveradmin\",\"image\":{\"@type\":\"ImageObject\",\"inLanguage\":\"es\",\"@id\":\"https:\/\/noticias.imer.mx\/propuesta\/#\/schema\/person\/image\/\",\"url\":\"https:\/\/secure.gravatar.com\/avatar\/b7032212b076bde88e044d76d65f2c7b?s=96&d=mm&r=g\",\"contentUrl\":\"https:\/\/secure.gravatar.com\/avatar\/b7032212b076bde88e044d76d65f2c7b?s=96&d=mm&r=g\",\"caption\":\"serveradmin\"},\"url\":\"https:\/\/noticias.imer.mx\/propuesta\/author\/serveradmin\/\"}]}<\/script>\n<!-- \/ Yoast SEO plugin. -->","yoast_head_json":{"title":"Enrique Florescano: el historiador de la cosmogon\u00eda mesoamericana - Pruebas Noticias IMER","description":"Falleci\u00f3 Enrique Florescano, fue escritor, historiador, e int\u00e9rprete de los mitos de otros tiempos y de las cosmogon\u00edas mesoamericanas.","robots":{"index":"index","follow":"follow","max-snippet":"max-snippet:-1","max-image-preview":"max-image-preview:large","max-video-preview":"max-video-preview:-1"},"canonical":"https:\/\/noticias.imer.mx\/propuesta\/2023\/03\/06\/enrique-florescano-el-historiador-de-la-cosmogonia-mesoamericana\/","og_locale":"es_ES","og_type":"article","og_title":"Enrique Florescano: el historiador de la cosmogon\u00eda mesoamericana - Pruebas Noticias IMER","og_description":"Falleci\u00f3 Enrique Florescano, fue escritor, historiador, e int\u00e9rprete de los mitos de otros tiempos y de las cosmogon\u00edas mesoamericanas.","og_url":"https:\/\/noticias.imer.mx\/propuesta\/2023\/03\/06\/enrique-florescano-el-historiador-de-la-cosmogonia-mesoamericana\/","og_site_name":"Pruebas Noticias IMER","article_published_time":"2023-03-07T00:36:07+00:00","article_modified_time":"2023-04-11T20:14:05+00:00","author":"serveradmin","twitter_card":"summary_large_image","twitter_misc":{"Escrito por":"serveradmin","Tiempo de lectura":"3 minutos"},"schema":{"@context":"https:\/\/schema.org","@graph":[{"@type":"WebPage","@id":"https:\/\/noticias.imer.mx\/propuesta\/2023\/03\/06\/enrique-florescano-el-historiador-de-la-cosmogonia-mesoamericana\/","url":"https:\/\/noticias.imer.mx\/propuesta\/2023\/03\/06\/enrique-florescano-el-historiador-de-la-cosmogonia-mesoamericana\/","name":"Enrique Florescano: el historiador de la cosmogon\u00eda mesoamericana - Pruebas Noticias IMER","isPartOf":{"@id":"https:\/\/noticias.imer.mx\/propuesta\/#website"},"datePublished":"2023-03-07T00:36:07+00:00","dateModified":"2023-04-11T20:14:05+00:00","author":{"@id":"https:\/\/noticias.imer.mx\/propuesta\/#\/schema\/person\/967c1f66b6217bbd12b628cc10f6e76d"},"description":"Falleci\u00f3 Enrique Florescano, fue escritor, historiador, e int\u00e9rprete de los mitos de otros tiempos y de las cosmogon\u00edas mesoamericanas.","breadcrumb":{"@id":"https:\/\/noticias.imer.mx\/propuesta\/2023\/03\/06\/enrique-florescano-el-historiador-de-la-cosmogonia-mesoamericana\/#breadcrumb"},"inLanguage":"es","potentialAction":[{"@type":"ReadAction","target":["https:\/\/noticias.imer.mx\/propuesta\/2023\/03\/06\/enrique-florescano-el-historiador-de-la-cosmogonia-mesoamericana\/"]}]},{"@type":"BreadcrumbList","@id":"https:\/\/noticias.imer.mx\/propuesta\/2023\/03\/06\/enrique-florescano-el-historiador-de-la-cosmogonia-mesoamericana\/#breadcrumb","itemListElement":[{"@type":"ListItem","position":1,"name":"Portada","item":"https:\/\/noticias.imer.mx\/propuesta\/"},{"@type":"ListItem","position":2,"name":"Enrique Florescano: el historiador de la cosmogon\u00eda mesoamericana"}]},{"@type":"WebSite","@id":"https:\/\/noticias.imer.mx\/propuesta\/#website","url":"https:\/\/noticias.imer.mx\/propuesta\/","name":"Pruebas Noticias IMER","description":"Otro sitio m\u00e1s de IMER Noticias","potentialAction":[{"@type":"SearchAction","target":{"@type":"EntryPoint","urlTemplate":"https:\/\/noticias.imer.mx\/propuesta\/?s={search_term_string}"},"query-input":"required name=search_term_string"}],"inLanguage":"es"},{"@type":"Person","@id":"https:\/\/noticias.imer.mx\/propuesta\/#\/schema\/person\/967c1f66b6217bbd12b628cc10f6e76d","name":"serveradmin","image":{"@type":"ImageObject","inLanguage":"es","@id":"https:\/\/noticias.imer.mx\/propuesta\/#\/schema\/person\/image\/","url":"https:\/\/secure.gravatar.com\/avatar\/b7032212b076bde88e044d76d65f2c7b?s=96&d=mm&r=g","contentUrl":"https:\/\/secure.gravatar.com\/avatar\/b7032212b076bde88e044d76d65f2c7b?s=96&d=mm&r=g","caption":"serveradmin"},"url":"https:\/\/noticias.imer.mx\/propuesta\/author\/serveradmin\/"}]}},"_links":{"self":[{"href":"https:\/\/noticias.imer.mx\/propuesta\/wp-json\/wp\/v2\/posts\/129042"}],"collection":[{"href":"https:\/\/noticias.imer.mx\/propuesta\/wp-json\/wp\/v2\/posts"}],"about":[{"href":"https:\/\/noticias.imer.mx\/propuesta\/wp-json\/wp\/v2\/types\/post"}],"author":[{"embeddable":true,"href":"https:\/\/noticias.imer.mx\/propuesta\/wp-json\/wp\/v2\/users\/30"}],"replies":[{"embeddable":true,"href":"https:\/\/noticias.imer.mx\/propuesta\/wp-json\/wp\/v2\/comments?post=129042"}],"version-history":[{"count":1,"href":"https:\/\/noticias.imer.mx\/propuesta\/wp-json\/wp\/v2\/posts\/129042\/revisions"}],"predecessor-version":[{"id":130395,"href":"https:\/\/noticias.imer.mx\/propuesta\/wp-json\/wp\/v2\/posts\/129042\/revisions\/130395"}],"wp:featuredmedia":[{"embeddable":true,"href":"https:\/\/noticias.imer.mx\/propuesta\/wp-json\/"}],"wp:attachment":[{"href":"https:\/\/noticias.imer.mx\/propuesta\/wp-json\/wp\/v2\/media?parent=129042"}],"wp:term":[{"taxonomy":"category","embeddable":true,"href":"https:\/\/noticias.imer.mx\/propuesta\/wp-json\/wp\/v2\/categories?post=129042"},{"taxonomy":"post_tag","embeddable":true,"href":"https:\/\/noticias.imer.mx\/propuesta\/wp-json\/wp\/v2\/tags?post=129042"}],"curies":[{"name":"wp","href":"https:\/\/api.w.org\/{rel}","templated":true}]}}