{"id":128645,"date":"2023-02-28T20:01:20","date_gmt":"2023-03-01T02:01:20","guid":{"rendered":"http:\/\/noticias.imer.mx\/?p=128645"},"modified":"2023-04-11T20:14:08","modified_gmt":"2023-04-11T20:14:08","slug":"sedena-fgr-y-cndh-investigan-el-asesinato-de-jovenes-en-nuevo-laredo","status":"publish","type":"post","link":"https:\/\/noticias.imer.mx\/propuesta\/2023\/02\/28\/sedena-fgr-y-cndh-investigan-el-asesinato-de-jovenes-en-nuevo-laredo\/","title":{"rendered":"Sedena, FGR y CNDH investigan asesinato de j\u00f3venes en Nuevo Laredo"},"content":{"rendered":"<p><em>Las Secretar\u00eda de la Defensa Nacional (Sedena) investiga la versi\u00f3n que sus militares ofrecieron sobre la muerte de los cinco j\u00f3venes.<\/em><\/p>\n<p><span style=\"font-weight: 400\"><div class=\"gap\" style=\"line-height: 10px; height: 10px;\"><\/div><\/span><\/p>\n<p><span style=\"font-weight: 400\"><\/p>\n<div class=\"hr-thin\"><\/div>\n<p><\/span><\/p>\n<p style=\"text-align: center\"><b>Georgina Hern\u00e1ndez<\/b><\/p>\n<p><span style=\"font-weight: 400\"><\/p>\n<div class=\"hr-thin\"><\/div>\n<p><\/span><\/p>\n<p><span style=\"font-weight: 400\"><div class=\"gap\" style=\"line-height: 10px; height: 10px;\"><\/div><\/span><\/p>\n<p>La Secretar\u00eda de la Defensa Nacional investiga si los elementos del ej\u00e9rcito dispararon en contra de <strong>siete j\u00f3venes<\/strong> al escuchar un estruendo.<\/p>\n<p>&nbsp;<\/p>\n<p>De acuerdo con la versi\u00f3n de los militares, los hechos ocurrieron a las 4:50 de la ma\u00f1ana, cuando los uniformados realizaban reconocimientos en el \u00e1rea urbana en Nuevo Laredo, Tamaulipas, cuando escucharon balazos.<\/p>\n<p>&nbsp;<\/p>\n<p>Esto puso en alerta a los elementos federales quienes acudieron al lugar donde observaron una camioneta pick up sin placas, sin luces y con siete hombres a bordo.<\/p>\n<p>&nbsp;<\/p>\n<p>Los elementos del ej\u00e9rcito aceleraron de manera intempestiva y se impactaron contra un auto que estaba estacionado.<\/p>\n<p>&nbsp;<\/p>\n<p>Tras el choque, los <a href=\"https:\/\/www.gob.mx\/sedena\/prensa\/sedena-informa-sobre-sucesos-en-nuevo-laredo-tamaulipas\">militares<\/a> escucharon un estruendo y reaccionaron con disparos. Sin embargo, la Fiscal\u00eda General de la Rep\u00fablica, la Comisi\u00f3n Nacional de Derechos Humanos y la Sedena ya investigan la versi\u00f3n.<\/p>\n<p>&nbsp;<\/p>\n<p>Despu\u00e9s del supuesto ataque, cinco j\u00f3venes murieron y dos m\u00e1s resultaron heridos.<\/p>\n<p>&nbsp;<\/p>\n<blockquote class=\"twitter-tweet\" data-width=\"550\" data-dnt=\"true\">\n<p lang=\"es\" dir=\"ltr\"><a href=\"https:\/\/twitter.com\/hashtag\/Comunicado?src=hash&amp;ref_src=twsrc%5Etfw\">#Comunicado<\/a>. <a href=\"https:\/\/twitter.com\/SEDENAmx?ref_src=twsrc%5Etfw\">@SEDENAmx<\/a> informa sobre sucesos en Nuevo Laredo, Tamaulipas.<a href=\"https:\/\/t.co\/qJJsdCxFXH\">https:\/\/t.co\/qJJsdCxFXH<\/a> <a href=\"https:\/\/t.co\/0q7vGXoHW9\">pic.twitter.com\/0q7vGXoHW9<\/a><\/p>\n<p>&mdash; @SEDENAmx (@SEDENAmx) <a href=\"https:\/\/twitter.com\/SEDENAmx\/status\/1630704146612404224?ref_src=twsrc%5Etfw\">February 28, 2023<\/a><\/p><\/blockquote>\n<p><script async src=\"https:\/\/platform.twitter.com\/widgets.js\" charset=\"utf-8\"><\/script><\/p>\n<p>&nbsp;<\/p>\n<h4><span style=\"color: #308446\"><strong>\u00bfQu\u00e9 ha dicho la CNDH?<\/strong><\/span><\/h4>\n<p>&nbsp;<\/p>\n<p>La <strong>Comisi\u00f3n Nacional de los Derechos Humanos<\/strong> inici\u00f3 una queja de oficio por los acontecimientos del pasado domingo. Adem\u00e1s, estableci\u00f3 una comunicaci\u00f3n con las familias de las <a href=\"https:\/\/noticias.imer.mx\/blog\/golpes-contra-el-crimen-organizado-superan-un-billon-de-pesos-sedena\/\">v\u00edctimas<\/a> para brindar el acompa\u00f1amiento necesario y la asesor\u00eda jur\u00eddica que requieran.<\/p>\n<p>&nbsp;<\/p>\n<p>La CNDH aprovech\u00f3 la ocasi\u00f3n para hacer un llamado a las asociaciones civiles, activistas y medios de comunicaci\u00f3n a evitar la distribuci\u00f3n de desinformaci\u00f3n con la difusi\u00f3n de datos no verificados y de versiones extraoficiales.<\/p>\n<p>&nbsp;<\/p>\n<blockquote class=\"twitter-tweet\" data-width=\"550\" data-dnt=\"true\">\n<p lang=\"es\" dir=\"ltr\">El propio d\u00eda de los hechos iniciamos queja de oficio por presuntas violaciones a <a href=\"https:\/\/twitter.com\/hashtag\/DerechosHumanos?src=hash&amp;ref_src=twsrc%5Etfw\">#DerechosHumanos<\/a> de seis j\u00f3venes agredidos por elementos <a href=\"https:\/\/twitter.com\/hashtag\/Militares?src=hash&amp;ref_src=twsrc%5Etfw\">#Militares<\/a> en <a href=\"https:\/\/twitter.com\/hashtag\/NuevoLaredo?src=hash&amp;ref_src=twsrc%5Etfw\">#NuevoLaredo<\/a>, <a href=\"https:\/\/twitter.com\/hashtag\/Tamaulipas?src=hash&amp;ref_src=twsrc%5Etfw\">#Tamaulipas<\/a>.<a href=\"https:\/\/twitter.com\/hashtag\/DefendemosAlPueblo?src=hash&amp;ref_src=twsrc%5Etfw\">#DefendemosAlPueblo<\/a> <a href=\"https:\/\/t.co\/1JpazQTBb7\">pic.twitter.com\/1JpazQTBb7<\/a><\/p>\n<p>&mdash; CNDH en M\u00e9xico (@CNDH) <a href=\"https:\/\/twitter.com\/CNDH\/status\/1630569043064127488?ref_src=twsrc%5Etfw\">February 28, 2023<\/a><\/p><\/blockquote>\n<p><script async src=\"https:\/\/platform.twitter.com\/widgets.js\" charset=\"utf-8\"><\/script><\/p>\n<p>&nbsp;<\/p>\n<p><span style=\"font-weight: 400\"><div class=\"gap\" style=\"line-height: 10px; height: 10px;\"><\/div><\/span><\/p>\n<p><span style=\"font-weight: 400\"><\/p>\n<div class=\"hr-thick\"><\/div>\n<p><\/span><\/p>\n<p><span style=\"font-weight: 400\"><div class=\"gap\" style=\"line-height: 10px; height: 10px;\"><\/div><\/span><\/p>\n<p><span style=\"font-weight: 400\"><span class=\"dt-highlight\" >Te recomendamos:<\/span><\/span><\/p>\n<blockquote class=\"wp-embedded-content\" data-secret=\"HG3jV06Nwf\"><p><a href=\"https:\/\/noticias.imer.mx\/blog\/coronel-jose-isidro-grimaldo-desaparecido-jalisco-sedena\/\">Coronel Jos\u00e9 Isidro Grimaldo, desaparecido en Jalisco, &#8220;pudiera ya no tener vida&#8221;: Sedena<\/a><\/p><\/blockquote>\n<p><iframe class=\"wp-embedded-content\" sandbox=\"allow-scripts\" security=\"restricted\" style=\"position: absolute; clip: rect(1px, 1px, 1px, 1px);\" title=\"\u00abCoronel Jos\u00e9 Isidro Grimaldo, desaparecido en Jalisco, &#8220;pudiera ya no tener vida&#8221;: Sedena\u00bb \u2014 IMER Noticias\" src=\"https:\/\/noticias.imer.mx\/blog\/coronel-jose-isidro-grimaldo-desaparecido-jalisco-sedena\/embed\/#?secret=HG3jV06Nwf\" data-secret=\"HG3jV06Nwf\" width=\"600\" height=\"338\" frameborder=\"0\" marginwidth=\"0\" marginheight=\"0\" scrolling=\"no\"><\/iframe><\/p>\n","protected":false},"excerpt":{"rendered":"<p>Las Secretar\u00eda de la Defensa Nacional (Sedena) investiga la versi\u00f3n que sus militares ofrecieron sobre la muerte de los cinco j\u00f3venes.<\/p>\n","protected":false},"author":30,"featured_media":115118,"comment_status":"open","ping_status":"open","sticky":false,"template":"","format":"standard","meta":{"wp_popup_display_lightbox":0,"wp_popup_suppress":"","wp_popup_trigger":"","wp_popup_trigger_amount":0,"wp_popup_disable_on_mobile":false},"categories":[2,13],"tags":[1515,10288,11061,13776,14452],"yoast_head":"<!-- This site is optimized with the Yoast SEO plugin v21.0 - https:\/\/yoast.com\/wordpress\/plugins\/seo\/ -->\n<title>Sedena, FGR y CNDH investigan asesinato de j\u00f3venes en Nuevo Laredo - Pruebas Noticias IMER<\/title>\n<meta name=\"description\" content=\"El fin de semana militares de Sedena abrieron fuego contra j\u00f3venes que iban abordo de una camioneta pick up en Nuevo Laredo, Tamaulipas.\" \/>\n<meta name=\"robots\" content=\"index, follow, max-snippet:-1, max-image-preview:large, max-video-preview:-1\" \/>\n<link rel=\"canonical\" href=\"https:\/\/noticias.imer.mx\/propuesta\/2023\/02\/28\/sedena-fgr-y-cndh-investigan-el-asesinato-de-jovenes-en-nuevo-laredo\/\" \/>\n<meta property=\"og:locale\" content=\"es_ES\" \/>\n<meta property=\"og:type\" content=\"article\" \/>\n<meta property=\"og:title\" content=\"Sedena, FGR y CNDH investigan asesinato de j\u00f3venes en Nuevo Laredo - Pruebas Noticias IMER\" \/>\n<meta property=\"og:description\" content=\"El fin de semana militares de Sedena abrieron fuego contra j\u00f3venes que iban abordo de una camioneta pick up en Nuevo Laredo, Tamaulipas.\" \/>\n<meta property=\"og:url\" content=\"https:\/\/noticias.imer.mx\/propuesta\/2023\/02\/28\/sedena-fgr-y-cndh-investigan-el-asesinato-de-jovenes-en-nuevo-laredo\/\" \/>\n<meta property=\"og:site_name\" content=\"Pruebas Noticias IMER\" \/>\n<meta property=\"article:published_time\" content=\"2023-03-01T02:01:20+00:00\" \/>\n<meta property=\"article:modified_time\" content=\"2023-04-11T20:14:08+00:00\" \/>\n<meta name=\"author\" content=\"serveradmin\" \/>\n<meta name=\"twitter:card\" content=\"summary_large_image\" \/>\n<meta name=\"twitter:label1\" content=\"Escrito por\" \/>\n\t<meta name=\"twitter:data1\" content=\"serveradmin\" \/>\n\t<meta name=\"twitter:label2\" content=\"Tiempo de lectura\" \/>\n\t<meta name=\"twitter:data2\" content=\"2 minutos\" \/>\n<script type=\"application\/ld+json\" class=\"yoast-schema-graph\">{\"@context\":\"https:\/\/schema.org\",\"@graph\":[{\"@type\":\"WebPage\",\"@id\":\"https:\/\/noticias.imer.mx\/propuesta\/2023\/02\/28\/sedena-fgr-y-cndh-investigan-el-asesinato-de-jovenes-en-nuevo-laredo\/\",\"url\":\"https:\/\/noticias.imer.mx\/propuesta\/2023\/02\/28\/sedena-fgr-y-cndh-investigan-el-asesinato-de-jovenes-en-nuevo-laredo\/\",\"name\":\"Sedena, FGR y CNDH investigan asesinato de j\u00f3venes en Nuevo Laredo - Pruebas Noticias IMER\",\"isPartOf\":{\"@id\":\"https:\/\/noticias.imer.mx\/propuesta\/#website\"},\"datePublished\":\"2023-03-01T02:01:20+00:00\",\"dateModified\":\"2023-04-11T20:14:08+00:00\",\"author\":{\"@id\":\"https:\/\/noticias.imer.mx\/propuesta\/#\/schema\/person\/967c1f66b6217bbd12b628cc10f6e76d\"},\"description\":\"El fin de semana militares de Sedena abrieron fuego contra j\u00f3venes que iban abordo de una camioneta pick up en Nuevo Laredo, Tamaulipas.\",\"breadcrumb\":{\"@id\":\"https:\/\/noticias.imer.mx\/propuesta\/2023\/02\/28\/sedena-fgr-y-cndh-investigan-el-asesinato-de-jovenes-en-nuevo-laredo\/#breadcrumb\"},\"inLanguage\":\"es\",\"potentialAction\":[{\"@type\":\"ReadAction\",\"target\":[\"https:\/\/noticias.imer.mx\/propuesta\/2023\/02\/28\/sedena-fgr-y-cndh-investigan-el-asesinato-de-jovenes-en-nuevo-laredo\/\"]}]},{\"@type\":\"BreadcrumbList\",\"@id\":\"https:\/\/noticias.imer.mx\/propuesta\/2023\/02\/28\/sedena-fgr-y-cndh-investigan-el-asesinato-de-jovenes-en-nuevo-laredo\/#breadcrumb\",\"itemListElement\":[{\"@type\":\"ListItem\",\"position\":1,\"name\":\"Portada\",\"item\":\"https:\/\/noticias.imer.mx\/propuesta\/\"},{\"@type\":\"ListItem\",\"position\":2,\"name\":\"Sedena, FGR y CNDH investigan asesinato de j\u00f3venes en Nuevo Laredo\"}]},{\"@type\":\"WebSite\",\"@id\":\"https:\/\/noticias.imer.mx\/propuesta\/#website\",\"url\":\"https:\/\/noticias.imer.mx\/propuesta\/\",\"name\":\"Pruebas Noticias IMER\",\"description\":\"Otro sitio m\u00e1s de IMER Noticias\",\"potentialAction\":[{\"@type\":\"SearchAction\",\"target\":{\"@type\":\"EntryPoint\",\"urlTemplate\":\"https:\/\/noticias.imer.mx\/propuesta\/?s={search_term_string}\"},\"query-input\":\"required name=search_term_string\"}],\"inLanguage\":\"es\"},{\"@type\":\"Person\",\"@id\":\"https:\/\/noticias.imer.mx\/propuesta\/#\/schema\/person\/967c1f66b6217bbd12b628cc10f6e76d\",\"name\":\"serveradmin\",\"image\":{\"@type\":\"ImageObject\",\"inLanguage\":\"es\",\"@id\":\"https:\/\/noticias.imer.mx\/propuesta\/#\/schema\/person\/image\/\",\"url\":\"https:\/\/secure.gravatar.com\/avatar\/b7032212b076bde88e044d76d65f2c7b?s=96&d=mm&r=g\",\"contentUrl\":\"https:\/\/secure.gravatar.com\/avatar\/b7032212b076bde88e044d76d65f2c7b?s=96&d=mm&r=g\",\"caption\":\"serveradmin\"},\"url\":\"https:\/\/noticias.imer.mx\/propuesta\/author\/serveradmin\/\"}]}<\/script>\n<!-- \/ Yoast SEO plugin. -->","yoast_head_json":{"title":"Sedena, FGR y CNDH investigan asesinato de j\u00f3venes en Nuevo Laredo - Pruebas Noticias IMER","description":"El fin de semana militares de Sedena abrieron fuego contra j\u00f3venes que iban abordo de una camioneta pick up en Nuevo Laredo, Tamaulipas.","robots":{"index":"index","follow":"follow","max-snippet":"max-snippet:-1","max-image-preview":"max-image-preview:large","max-video-preview":"max-video-preview:-1"},"canonical":"https:\/\/noticias.imer.mx\/propuesta\/2023\/02\/28\/sedena-fgr-y-cndh-investigan-el-asesinato-de-jovenes-en-nuevo-laredo\/","og_locale":"es_ES","og_type":"article","og_title":"Sedena, FGR y CNDH investigan asesinato de j\u00f3venes en Nuevo Laredo - Pruebas Noticias IMER","og_description":"El fin de semana militares de Sedena abrieron fuego contra j\u00f3venes que iban abordo de una camioneta pick up en Nuevo Laredo, Tamaulipas.","og_url":"https:\/\/noticias.imer.mx\/propuesta\/2023\/02\/28\/sedena-fgr-y-cndh-investigan-el-asesinato-de-jovenes-en-nuevo-laredo\/","og_site_name":"Pruebas Noticias IMER","article_published_time":"2023-03-01T02:01:20+00:00","article_modified_time":"2023-04-11T20:14:08+00:00","author":"serveradmin","twitter_card":"summary_large_image","twitter_misc":{"Escrito por":"serveradmin","Tiempo de lectura":"2 minutos"},"schema":{"@context":"https:\/\/schema.org","@graph":[{"@type":"WebPage","@id":"https:\/\/noticias.imer.mx\/propuesta\/2023\/02\/28\/sedena-fgr-y-cndh-investigan-el-asesinato-de-jovenes-en-nuevo-laredo\/","url":"https:\/\/noticias.imer.mx\/propuesta\/2023\/02\/28\/sedena-fgr-y-cndh-investigan-el-asesinato-de-jovenes-en-nuevo-laredo\/","name":"Sedena, FGR y CNDH investigan asesinato de j\u00f3venes en Nuevo Laredo - Pruebas Noticias IMER","isPartOf":{"@id":"https:\/\/noticias.imer.mx\/propuesta\/#website"},"datePublished":"2023-03-01T02:01:20+00:00","dateModified":"2023-04-11T20:14:08+00:00","author":{"@id":"https:\/\/noticias.imer.mx\/propuesta\/#\/schema\/person\/967c1f66b6217bbd12b628cc10f6e76d"},"description":"El fin de semana militares de Sedena abrieron fuego contra j\u00f3venes que iban abordo de una camioneta pick up en Nuevo Laredo, Tamaulipas.","breadcrumb":{"@id":"https:\/\/noticias.imer.mx\/propuesta\/2023\/02\/28\/sedena-fgr-y-cndh-investigan-el-asesinato-de-jovenes-en-nuevo-laredo\/#breadcrumb"},"inLanguage":"es","potentialAction":[{"@type":"ReadAction","target":["https:\/\/noticias.imer.mx\/propuesta\/2023\/02\/28\/sedena-fgr-y-cndh-investigan-el-asesinato-de-jovenes-en-nuevo-laredo\/"]}]},{"@type":"BreadcrumbList","@id":"https:\/\/noticias.imer.mx\/propuesta\/2023\/02\/28\/sedena-fgr-y-cndh-investigan-el-asesinato-de-jovenes-en-nuevo-laredo\/#breadcrumb","itemListElement":[{"@type":"ListItem","position":1,"name":"Portada","item":"https:\/\/noticias.imer.mx\/propuesta\/"},{"@type":"ListItem","position":2,"name":"Sedena, FGR y CNDH investigan asesinato de j\u00f3venes en Nuevo Laredo"}]},{"@type":"WebSite","@id":"https:\/\/noticias.imer.mx\/propuesta\/#website","url":"https:\/\/noticias.imer.mx\/propuesta\/","name":"Pruebas Noticias IMER","description":"Otro sitio m\u00e1s de IMER Noticias","potentialAction":[{"@type":"SearchAction","target":{"@type":"EntryPoint","urlTemplate":"https:\/\/noticias.imer.mx\/propuesta\/?s={search_term_string}"},"query-input":"required name=search_term_string"}],"inLanguage":"es"},{"@type":"Person","@id":"https:\/\/noticias.imer.mx\/propuesta\/#\/schema\/person\/967c1f66b6217bbd12b628cc10f6e76d","name":"serveradmin","image":{"@type":"ImageObject","inLanguage":"es","@id":"https:\/\/noticias.imer.mx\/propuesta\/#\/schema\/person\/image\/","url":"https:\/\/secure.gravatar.com\/avatar\/b7032212b076bde88e044d76d65f2c7b?s=96&d=mm&r=g","contentUrl":"https:\/\/secure.gravatar.com\/avatar\/b7032212b076bde88e044d76d65f2c7b?s=96&d=mm&r=g","caption":"serveradmin"},"url":"https:\/\/noticias.imer.mx\/propuesta\/author\/serveradmin\/"}]}},"_links":{"self":[{"href":"https:\/\/noticias.imer.mx\/propuesta\/wp-json\/wp\/v2\/posts\/128645"}],"collection":[{"href":"https:\/\/noticias.imer.mx\/propuesta\/wp-json\/wp\/v2\/posts"}],"about":[{"href":"https:\/\/noticias.imer.mx\/propuesta\/wp-json\/wp\/v2\/types\/post"}],"author":[{"embeddable":true,"href":"https:\/\/noticias.imer.mx\/propuesta\/wp-json\/wp\/v2\/users\/30"}],"replies":[{"embeddable":true,"href":"https:\/\/noticias.imer.mx\/propuesta\/wp-json\/wp\/v2\/comments?post=128645"}],"version-history":[{"count":1,"href":"https:\/\/noticias.imer.mx\/propuesta\/wp-json\/wp\/v2\/posts\/128645\/revisions"}],"predecessor-version":[{"id":130461,"href":"https:\/\/noticias.imer.mx\/propuesta\/wp-json\/wp\/v2\/posts\/128645\/revisions\/130461"}],"wp:featuredmedia":[{"embeddable":true,"href":"https:\/\/noticias.imer.mx\/propuesta\/wp-json\/"}],"wp:attachment":[{"href":"https:\/\/noticias.imer.mx\/propuesta\/wp-json\/wp\/v2\/media?parent=128645"}],"wp:term":[{"taxonomy":"category","embeddable":true,"href":"https:\/\/noticias.imer.mx\/propuesta\/wp-json\/wp\/v2\/categories?post=128645"},{"taxonomy":"post_tag","embeddable":true,"href":"https:\/\/noticias.imer.mx\/propuesta\/wp-json\/wp\/v2\/tags?post=128645"}],"curies":[{"name":"wp","href":"https:\/\/api.w.org\/{rel}","templated":true}]}}