{"id":128617,"date":"2023-02-28T14:31:32","date_gmt":"2023-02-28T20:31:32","guid":{"rendered":"http:\/\/noticias.imer.mx\/?p=128617"},"modified":"2023-04-11T20:14:09","modified_gmt":"2023-04-11T20:14:09","slug":"secuestro-asesinato-de-martha-claudia-nuevo-laredo","status":"publish","type":"post","link":"https:\/\/noticias.imer.mx\/propuesta\/2023\/02\/28\/secuestro-asesinato-de-martha-claudia-nuevo-laredo\/","title":{"rendered":"\u00bfQu\u00e9 se sabe del secuestro y asesinato de Martha y Claudia en Nuevo Laredo?"},"content":{"rendered":"<p><em>La Fiscal\u00eda del estado norte\u00f1o ya investiga el asesinato de Martha y Claudia como feminicidio, la primera estaba embarazada.<\/em><\/p>\n<p>&nbsp;<\/p>\n<p><span style=\"font-weight: 400\"><div class=\"gap\" style=\"line-height: 10px; height: 10px;\"><\/div><\/span><\/p>\n<p><span style=\"font-weight: 400\"><\/p>\n<div class=\"hr-thin\"><\/div>\n<p><\/span><\/p>\n<p style=\"text-align: center\"><b>IMER Noticias<\/b><\/p>\n<p><span style=\"font-weight: 400\"><\/p>\n<div class=\"hr-thin\"><\/div>\n<p><\/span><\/p>\n<p><span style=\"font-weight: 400\"><div class=\"gap\" style=\"line-height: 10px; height: 10px;\"><\/div><\/span><\/p>\n<p>&nbsp;<\/p>\n<p><span style=\"font-weight: 400\">La <strong>Fiscal\u00eda de Nuevo Le\u00f3n<\/strong> inform\u00f3 que fue aprehendido el presunto asesino de Martha y <strong>Claudia<\/strong>, quienes desaparecieron en<strong> Nuevo Laredo<\/strong> a finales del a\u00f1o pasado, la autoridad local investiga el caso como feminicidio, no obstante, a casi tres meses del plagio, \u00bfqu\u00e9 se sabe del caso?<\/span><\/p>\n<p>&nbsp;<\/p>\n<p><span style=\"font-weight: 400\">De acuerdo con la fiscal\u00eda del estado norte\u00f1o, Martha y<strong> Claudia<\/strong> fueron localizadas el 30 de noviembre de 2022, en un inmueble tipo bodega en obra gris ubicado en la<strong> Calle Paso Cucharas, colonia Nuevo Progreso, en Escobedo<\/strong>, mismo municipio donde fue hallado el cuerpo de<strong> Debhani Escobar<\/strong> quien fue encontrada muerta en una la cisterna del motel <strong>Nueva Castilla<\/strong>.\u00a0<\/span><\/p>\n<p>&nbsp;<\/p>\n<p><span style=\"font-weight: 400\">Las autoridades confirmaron que una de las v\u00edctimas, Martha, estaba embarazada al momento de ser secuestrada y que encontraron evidencia de que fue torturada al igual que <strong>Claudia<\/strong>.<\/span><\/p>\n<p>&nbsp;<\/p>\n<blockquote class=\"twitter-tweet\" data-width=\"550\" data-dnt=\"true\">\n<p lang=\"es\" dir=\"ltr\">La @Fiscal\u00edaNL present\u00f3 en audiencia datos de prueba suficientes para que un Juez de Control vinculara a proceso a un imputado por el Secuestro agravado de dos mujeres, una de ellas embarazada, las cuales fueron localizadas sin vida en noviembre de 2022, en Escobedo, N.L. <a href=\"https:\/\/t.co\/WyiEO9a6nT\">pic.twitter.com\/WyiEO9a6nT<\/a><\/p>\n<p>&mdash; Fiscal\u00eda Nuevo Le\u00f3n (@FiscaliaNL) <a href=\"https:\/\/twitter.com\/FiscaliaNL\/status\/1630258988397756418?ref_src=twsrc%5Etfw\">February 27, 2023<\/a><\/p><\/blockquote>\n<p><script async src=\"https:\/\/platform.twitter.com\/widgets.js\" charset=\"utf-8\"><\/script><\/p>\n<p>&nbsp;<\/p>\n<p><span style=\"font-weight: 400\">El imputado, Luis Alejandro \u00abN\u00bb, de 40 a\u00f1os de edad es acusado de delito de secuestro agravado y la Fiscal\u00eda de Nuevo Le\u00f3n tambi\u00e9n lo investiga por el feminicidio de las j\u00f3venes.\u00a0<\/span><\/p>\n<p>&nbsp;<\/p>\n<p><span style=\"font-weight: 400\">El presunto feminicida, de acuerdo con informaci\u00f3n las autoridades locales, lo acreditan por este posible delito y solicitaron su vinculaci\u00f3n a proceso.<\/span><\/p>\n<p>&nbsp;<\/p>\n<p><span style=\"font-weight: 400\">Por otra parte, un juez de Nuevo Le\u00f3n El Juez estim\u00f3 que hay suficientes los motivos expuestos para dictar a Luis Alejandro \u201cN\u201d la medida cautelar de prisi\u00f3n preventiva oficiosa y fij\u00f3 un mes de plazo para cierre de investigaci\u00f3n.<\/span><\/p>\n<p>&nbsp;<\/p>\n<h4><span style=\"font-weight: 400;color: #308446\">Los antecedentes de la desaparici\u00f3n de Martha y Claudia<\/span><\/h4>\n<p>&nbsp;<\/p>\n<p><span style=\"font-weight: 400\">El 25 de febrero de 2023, agentes adscritos a la Subdirecci\u00f3n de Investigaci\u00f3n de Homicidios de la Agencia Estatal de Investigaciones cumplieron la orden\u00a0 de aprensi\u00f3n en contra del presunto asesino y este fue detenido en Calles de la colonia Parque Industrial, en Escobedo. <\/span><span style=\"font-weight: 400\">Al momento se encuentra recluso en un Centro de Reinserci\u00f3n Social del Estado.<\/span><\/p>\n<p>&nbsp;<\/p>\n<p><span style=\"font-weight: 400\">La fiscal\u00eda de Nuevo Le\u00f3n lo encuentra presunto responsable por la privaci\u00f3n de la libertad Martha de 19 a\u00f1os y<strong> Claudia<\/strong> de 34 a\u00f1os, siendo localizadas el d\u00eda 30 de noviembre de 2022, en un inmueble tipo bodega en obra gris.<\/span><\/p>\n<p>&nbsp;<\/p>\n<p><span style=\"font-weight: 400\">Por otra parte, la Fiscal\u00eda de Nuevo Le\u00f3n agreg\u00f3 que al momento de su arresto, el 25 de febrero, tambi\u00e9n fueron aprehendidos <strong>V\u00edctor Alexis \u201cN\u201d, Ismael \u201cN\u201d y Edwin Iv\u00e1n \u201cN\u201d<a href=\"https:\/\/twitter.com\/FiscaliaNL\/status\/1630258988397756418\">.<\/a><\/strong><\/span><\/p>\n<p>&nbsp;<\/p>\n<p><span style=\"font-weight: 400\">Estos, de acuerdo con la fiscal\u00eda, quienes portaban armas de fuego, privaron de su libertad a las v\u00edctimas, a quienes sacaron de un domicilio ubicado en la colonia Topo Grande en Escobedo, \u201csubi\u00e9ndolas con violencia a un veh\u00edculo, el imputado se queda en el domicilio mientras que los otros tres masculinos ya detenidos trasladaron a las v\u00edctimas al lugar ubicado en la calle <strong>Paso Cucharas en la colonia Nuevo Progreso en Escobedo<\/strong>\u201d<a href=\"https:\/\/noticias.imer.mx\/\">.<\/a><\/span><\/p>\n<p>&nbsp;<\/p>\n<p><span style=\"font-weight: 400\"><div class=\"gap\" style=\"line-height: 10px; height: 10px;\"><\/div><\/span><\/p>\n<p><span style=\"font-weight: 400\"><\/p>\n<div class=\"hr-thick\"><\/div>\n<p><\/span><\/p>\n<p><span style=\"font-weight: 400\"><div class=\"gap\" style=\"line-height: 10px; height: 10px;\"><\/div><\/span><\/p>\n<p><span style=\"font-weight: 400\"><span class=\"dt-highlight\" >Te recomendamos:<\/span><\/span><\/p>\n<h3 class=\"entry-title\"><a title=\"Tesla se queda en Monterrey: AMLO\" href=\"https:\/\/noticias.imer.mx\/blog\/tesla-se-queda-en-monterrey-amlo\/\" rel=\"bookmark\">Tesla se queda en Monterrey: AMLO<\/a><\/h3>\n","protected":false},"excerpt":{"rendered":"<p>La Fiscal\u00eda del estado norte\u00f1o ya investiga el asesinato de Martha y Claudia como feminicidio, la primera estaba embarazada.<\/p>\n","protected":false},"author":30,"featured_media":128623,"comment_status":"open","ping_status":"open","sticky":false,"template":"","format":"standard","meta":{"wp_popup_display_lightbox":0,"wp_popup_suppress":"","wp_popup_trigger":"","wp_popup_trigger_amount":0,"wp_popup_disable_on_mobile":false},"categories":[2,13],"tags":[2619,6177,6392,11062],"yoast_head":"<!-- This site is optimized with the Yoast SEO plugin v21.0 - https:\/\/yoast.com\/wordpress\/plugins\/seo\/ -->\n<title>\u00bfQu\u00e9 se sabe del secuestro y asesinato de Martha y Claudia en Nuevo Laredo?<\/title>\n<meta name=\"description\" content=\"La Fiscal\u00eda del estado norte\u00f1o ya investiga el asesinato de Martha y Claudia como feminicidio, la primera estaba embarazada-\" \/>\n<meta name=\"robots\" content=\"index, follow, max-snippet:-1, max-image-preview:large, max-video-preview:-1\" \/>\n<link rel=\"canonical\" href=\"https:\/\/noticias.imer.mx\/propuesta\/2023\/02\/28\/secuestro-asesinato-de-martha-claudia-nuevo-laredo\/\" \/>\n<meta property=\"og:locale\" content=\"es_ES\" \/>\n<meta property=\"og:type\" content=\"article\" \/>\n<meta property=\"og:title\" content=\"\u00bfQu\u00e9 se sabe del secuestro y asesinato de Martha y Claudia en Nuevo Laredo?\" \/>\n<meta property=\"og:description\" content=\"La Fiscal\u00eda del estado norte\u00f1o ya investiga el asesinato de Martha y Claudia como feminicidio, la primera estaba embarazada-\" \/>\n<meta property=\"og:url\" content=\"https:\/\/noticias.imer.mx\/propuesta\/2023\/02\/28\/secuestro-asesinato-de-martha-claudia-nuevo-laredo\/\" \/>\n<meta property=\"og:site_name\" content=\"Pruebas Noticias IMER\" \/>\n<meta property=\"article:published_time\" content=\"2023-02-28T20:31:32+00:00\" \/>\n<meta property=\"article:modified_time\" content=\"2023-04-11T20:14:09+00:00\" \/>\n<meta name=\"author\" content=\"serveradmin\" \/>\n<meta name=\"twitter:card\" content=\"summary_large_image\" \/>\n<meta name=\"twitter:label1\" content=\"Escrito por\" \/>\n\t<meta name=\"twitter:data1\" content=\"serveradmin\" \/>\n\t<meta name=\"twitter:label2\" content=\"Tiempo de lectura\" \/>\n\t<meta name=\"twitter:data2\" content=\"3 minutos\" \/>\n<script type=\"application\/ld+json\" class=\"yoast-schema-graph\">{\"@context\":\"https:\/\/schema.org\",\"@graph\":[{\"@type\":\"WebPage\",\"@id\":\"https:\/\/noticias.imer.mx\/propuesta\/2023\/02\/28\/secuestro-asesinato-de-martha-claudia-nuevo-laredo\/\",\"url\":\"https:\/\/noticias.imer.mx\/propuesta\/2023\/02\/28\/secuestro-asesinato-de-martha-claudia-nuevo-laredo\/\",\"name\":\"\u00bfQu\u00e9 se sabe del secuestro y asesinato de Martha y Claudia en Nuevo Laredo?\",\"isPartOf\":{\"@id\":\"https:\/\/noticias.imer.mx\/propuesta\/#website\"},\"datePublished\":\"2023-02-28T20:31:32+00:00\",\"dateModified\":\"2023-04-11T20:14:09+00:00\",\"author\":{\"@id\":\"https:\/\/noticias.imer.mx\/propuesta\/#\/schema\/person\/967c1f66b6217bbd12b628cc10f6e76d\"},\"description\":\"La Fiscal\u00eda del estado norte\u00f1o ya investiga el asesinato de Martha y Claudia como feminicidio, la primera estaba embarazada-\",\"breadcrumb\":{\"@id\":\"https:\/\/noticias.imer.mx\/propuesta\/2023\/02\/28\/secuestro-asesinato-de-martha-claudia-nuevo-laredo\/#breadcrumb\"},\"inLanguage\":\"es\",\"potentialAction\":[{\"@type\":\"ReadAction\",\"target\":[\"https:\/\/noticias.imer.mx\/propuesta\/2023\/02\/28\/secuestro-asesinato-de-martha-claudia-nuevo-laredo\/\"]}]},{\"@type\":\"BreadcrumbList\",\"@id\":\"https:\/\/noticias.imer.mx\/propuesta\/2023\/02\/28\/secuestro-asesinato-de-martha-claudia-nuevo-laredo\/#breadcrumb\",\"itemListElement\":[{\"@type\":\"ListItem\",\"position\":1,\"name\":\"Portada\",\"item\":\"https:\/\/noticias.imer.mx\/propuesta\/\"},{\"@type\":\"ListItem\",\"position\":2,\"name\":\"\u00bfQu\u00e9 se sabe del secuestro y asesinato de Martha y Claudia en Nuevo Laredo?\"}]},{\"@type\":\"WebSite\",\"@id\":\"https:\/\/noticias.imer.mx\/propuesta\/#website\",\"url\":\"https:\/\/noticias.imer.mx\/propuesta\/\",\"name\":\"Pruebas Noticias IMER\",\"description\":\"Otro sitio m\u00e1s de IMER Noticias\",\"potentialAction\":[{\"@type\":\"SearchAction\",\"target\":{\"@type\":\"EntryPoint\",\"urlTemplate\":\"https:\/\/noticias.imer.mx\/propuesta\/?s={search_term_string}\"},\"query-input\":\"required name=search_term_string\"}],\"inLanguage\":\"es\"},{\"@type\":\"Person\",\"@id\":\"https:\/\/noticias.imer.mx\/propuesta\/#\/schema\/person\/967c1f66b6217bbd12b628cc10f6e76d\",\"name\":\"serveradmin\",\"image\":{\"@type\":\"ImageObject\",\"inLanguage\":\"es\",\"@id\":\"https:\/\/noticias.imer.mx\/propuesta\/#\/schema\/person\/image\/\",\"url\":\"https:\/\/secure.gravatar.com\/avatar\/b7032212b076bde88e044d76d65f2c7b?s=96&d=mm&r=g\",\"contentUrl\":\"https:\/\/secure.gravatar.com\/avatar\/b7032212b076bde88e044d76d65f2c7b?s=96&d=mm&r=g\",\"caption\":\"serveradmin\"},\"url\":\"https:\/\/noticias.imer.mx\/propuesta\/author\/serveradmin\/\"}]}<\/script>\n<!-- \/ Yoast SEO plugin. -->","yoast_head_json":{"title":"\u00bfQu\u00e9 se sabe del secuestro y asesinato de Martha y Claudia en Nuevo Laredo?","description":"La Fiscal\u00eda del estado norte\u00f1o ya investiga el asesinato de Martha y Claudia como feminicidio, la primera estaba embarazada-","robots":{"index":"index","follow":"follow","max-snippet":"max-snippet:-1","max-image-preview":"max-image-preview:large","max-video-preview":"max-video-preview:-1"},"canonical":"https:\/\/noticias.imer.mx\/propuesta\/2023\/02\/28\/secuestro-asesinato-de-martha-claudia-nuevo-laredo\/","og_locale":"es_ES","og_type":"article","og_title":"\u00bfQu\u00e9 se sabe del secuestro y asesinato de Martha y Claudia en Nuevo Laredo?","og_description":"La Fiscal\u00eda del estado norte\u00f1o ya investiga el asesinato de Martha y Claudia como feminicidio, la primera estaba embarazada-","og_url":"https:\/\/noticias.imer.mx\/propuesta\/2023\/02\/28\/secuestro-asesinato-de-martha-claudia-nuevo-laredo\/","og_site_name":"Pruebas Noticias IMER","article_published_time":"2023-02-28T20:31:32+00:00","article_modified_time":"2023-04-11T20:14:09+00:00","author":"serveradmin","twitter_card":"summary_large_image","twitter_misc":{"Escrito por":"serveradmin","Tiempo de lectura":"3 minutos"},"schema":{"@context":"https:\/\/schema.org","@graph":[{"@type":"WebPage","@id":"https:\/\/noticias.imer.mx\/propuesta\/2023\/02\/28\/secuestro-asesinato-de-martha-claudia-nuevo-laredo\/","url":"https:\/\/noticias.imer.mx\/propuesta\/2023\/02\/28\/secuestro-asesinato-de-martha-claudia-nuevo-laredo\/","name":"\u00bfQu\u00e9 se sabe del secuestro y asesinato de Martha y Claudia en Nuevo Laredo?","isPartOf":{"@id":"https:\/\/noticias.imer.mx\/propuesta\/#website"},"datePublished":"2023-02-28T20:31:32+00:00","dateModified":"2023-04-11T20:14:09+00:00","author":{"@id":"https:\/\/noticias.imer.mx\/propuesta\/#\/schema\/person\/967c1f66b6217bbd12b628cc10f6e76d"},"description":"La Fiscal\u00eda del estado norte\u00f1o ya investiga el asesinato de Martha y Claudia como feminicidio, la primera estaba embarazada-","breadcrumb":{"@id":"https:\/\/noticias.imer.mx\/propuesta\/2023\/02\/28\/secuestro-asesinato-de-martha-claudia-nuevo-laredo\/#breadcrumb"},"inLanguage":"es","potentialAction":[{"@type":"ReadAction","target":["https:\/\/noticias.imer.mx\/propuesta\/2023\/02\/28\/secuestro-asesinato-de-martha-claudia-nuevo-laredo\/"]}]},{"@type":"BreadcrumbList","@id":"https:\/\/noticias.imer.mx\/propuesta\/2023\/02\/28\/secuestro-asesinato-de-martha-claudia-nuevo-laredo\/#breadcrumb","itemListElement":[{"@type":"ListItem","position":1,"name":"Portada","item":"https:\/\/noticias.imer.mx\/propuesta\/"},{"@type":"ListItem","position":2,"name":"\u00bfQu\u00e9 se sabe del secuestro y asesinato de Martha y Claudia en Nuevo Laredo?"}]},{"@type":"WebSite","@id":"https:\/\/noticias.imer.mx\/propuesta\/#website","url":"https:\/\/noticias.imer.mx\/propuesta\/","name":"Pruebas Noticias IMER","description":"Otro sitio m\u00e1s de IMER Noticias","potentialAction":[{"@type":"SearchAction","target":{"@type":"EntryPoint","urlTemplate":"https:\/\/noticias.imer.mx\/propuesta\/?s={search_term_string}"},"query-input":"required name=search_term_string"}],"inLanguage":"es"},{"@type":"Person","@id":"https:\/\/noticias.imer.mx\/propuesta\/#\/schema\/person\/967c1f66b6217bbd12b628cc10f6e76d","name":"serveradmin","image":{"@type":"ImageObject","inLanguage":"es","@id":"https:\/\/noticias.imer.mx\/propuesta\/#\/schema\/person\/image\/","url":"https:\/\/secure.gravatar.com\/avatar\/b7032212b076bde88e044d76d65f2c7b?s=96&d=mm&r=g","contentUrl":"https:\/\/secure.gravatar.com\/avatar\/b7032212b076bde88e044d76d65f2c7b?s=96&d=mm&r=g","caption":"serveradmin"},"url":"https:\/\/noticias.imer.mx\/propuesta\/author\/serveradmin\/"}]}},"_links":{"self":[{"href":"https:\/\/noticias.imer.mx\/propuesta\/wp-json\/wp\/v2\/posts\/128617"}],"collection":[{"href":"https:\/\/noticias.imer.mx\/propuesta\/wp-json\/wp\/v2\/posts"}],"about":[{"href":"https:\/\/noticias.imer.mx\/propuesta\/wp-json\/wp\/v2\/types\/post"}],"author":[{"embeddable":true,"href":"https:\/\/noticias.imer.mx\/propuesta\/wp-json\/wp\/v2\/users\/30"}],"replies":[{"embeddable":true,"href":"https:\/\/noticias.imer.mx\/propuesta\/wp-json\/wp\/v2\/comments?post=128617"}],"version-history":[{"count":1,"href":"https:\/\/noticias.imer.mx\/propuesta\/wp-json\/wp\/v2\/posts\/128617\/revisions"}],"predecessor-version":[{"id":130466,"href":"https:\/\/noticias.imer.mx\/propuesta\/wp-json\/wp\/v2\/posts\/128617\/revisions\/130466"}],"wp:featuredmedia":[{"embeddable":true,"href":"https:\/\/noticias.imer.mx\/propuesta\/wp-json\/"}],"wp:attachment":[{"href":"https:\/\/noticias.imer.mx\/propuesta\/wp-json\/wp\/v2\/media?parent=128617"}],"wp:term":[{"taxonomy":"category","embeddable":true,"href":"https:\/\/noticias.imer.mx\/propuesta\/wp-json\/wp\/v2\/categories?post=128617"},{"taxonomy":"post_tag","embeddable":true,"href":"https:\/\/noticias.imer.mx\/propuesta\/wp-json\/wp\/v2\/tags?post=128617"}],"curies":[{"name":"wp","href":"https:\/\/api.w.org\/{rel}","templated":true}]}}