{"id":128523,"date":"2023-02-27T15:32:42","date_gmt":"2023-02-27T21:32:42","guid":{"rendered":"http:\/\/noticias.imer.mx\/?p=128523"},"modified":"2023-04-11T20:14:09","modified_gmt":"2023-04-11T20:14:09","slug":"eeuu-quiere-a-ovidio-guzman-solicita-su-extradicion","status":"publish","type":"post","link":"https:\/\/noticias.imer.mx\/propuesta\/2023\/02\/27\/eeuu-quiere-a-ovidio-guzman-solicita-su-extradicion\/","title":{"rendered":"EEUU quiere a Ovidio Guzm\u00e1n; solicita su extradici\u00f3n"},"content":{"rendered":"<p><em>Mediante una carta, las autoridades presentaron su solicitud de extradici\u00f3n a la Fiscal\u00eda General de la Rep\u00fablica.<\/em><\/p>\n<p><span style=\"font-weight: 400\"><div class=\"gap\" style=\"line-height: 10px; height: 10px;\"><\/div><\/span><\/p>\n<p><span style=\"font-weight: 400\"><\/p>\n<div class=\"hr-thin\"><\/div>\n<p><\/span><\/p>\n<p style=\"text-align: center\"><b>IMER Noticias<\/b><\/p>\n<p><span style=\"font-weight: 400\"><\/p>\n<div class=\"hr-thin\"><\/div>\n<p><\/span><\/p>\n<p><span style=\"font-weight: 400\"><div class=\"gap\" style=\"line-height: 10px; height: 10px;\"><\/div><\/span><\/p>\n<p><a href=\"https:\/\/www.usa.gov\/espanol\/agencias-federales\/departamento-de-justicia\"><strong>Estados Unidos<\/strong><\/a> quiere que <strong>Ovidio Guzm\u00e1n<\/strong>, hijo de Joaqu\u00edn \u201cEl chapo\u201d, enfrente la justicia de su pa\u00eds por conspirar para importar y distribuir droga.<\/p>\n<p>&nbsp;<\/p>\n<p>Para ello, versiones period\u00edsticas aseguran que las autoridades enviaron la solicitud de extradici\u00f3n a la <strong>Fiscal\u00eda General de la Rep\u00fablica<\/strong> a trav\u00e9s de una carta donde justifican la petici\u00f3n.<\/p>\n<p>&nbsp;<\/p>\n<p>Por ahora, la FGR ni la <strong>Secretar\u00eda de Relaciones Exteriores<\/strong> se han pronunciado al respecto.<\/p>\n<p>&nbsp;<\/p>\n<p><strong>Estados Unidos<\/strong> ten\u00eda hasta el 5 de marzo para solicitar su <strong>extradici\u00f3n,<\/strong> luego de que un juez federal en e<strong>l Estado de M\u00e9xico<\/strong> fij\u00f3 como plazo<a href=\"https:\/\/noticias.imer.mx\/blog\/juez-frena-extradicion-de-ovidio-guzman-a-eeuu-hasta-que-se-resuelva-amparo\/\"> esta fecha.<\/a><\/p>\n<p>&nbsp;<\/p>\n<p>Actualmente, <strong>Ovidio Guzm\u00e1n<\/strong> se encuentra en el Centro Federal de Readaptaci\u00f3n Social N\u00famero 1, conocido como<strong> Altiplano<\/strong>, en Almoloya de Ju\u00e1rez, <a href=\"https:\/\/noticias.imer.mx\/blog\/captura-de-ovidio-guzman-este-es-el-saldo-actualizado\/\">Estado de M\u00e9xico.<\/a><\/p>\n<p>&nbsp;<\/p>\n<blockquote class=\"twitter-tweet\" data-width=\"550\" data-dnt=\"true\">\n<p lang=\"es\" dir=\"ltr\">\ud83d\udd34 <a href=\"https:\/\/twitter.com\/hashtag\/%C3%9AltimaHora?src=hash&amp;ref_src=twsrc%5Etfw\">#\u00daltimaHora<\/a> || El gobierno de Estados Unidos formaliz\u00f3 la solicitud de extradici\u00f3n de Ovidio Guzm\u00e1n, hijo de Joaqu\u00edn \u201cEl Chapo\u201d Guzm\u00e1n. <a href=\"https:\/\/t.co\/nW8KIhP1uU\">pic.twitter.com\/nW8KIhP1uU<\/a><\/p>\n<p>&mdash; IMER Noticias (@IMER_Noticias) <a href=\"https:\/\/twitter.com\/IMER_Noticias\/status\/1630310454009397248?ref_src=twsrc%5Etfw\">February 27, 2023<\/a><\/p><\/blockquote>\n<p><script async src=\"https:\/\/platform.twitter.com\/widgets.js\" charset=\"utf-8\"><\/script><\/p>\n<p>&nbsp;<\/p>\n<p><span style=\"font-weight: 400\"><div class=\"gap\" style=\"line-height: 10px; height: 10px;\"><\/div><\/span><\/p>\n<p><span style=\"font-weight: 400\"><\/p>\n<div class=\"hr-thick\"><\/div>\n<p><\/span><\/p>\n<p><span style=\"font-weight: 400\"><div class=\"gap\" style=\"line-height: 10px; height: 10px;\"><\/div><\/span><\/p>\n<p><span style=\"font-weight: 400\"><span class=\"dt-highlight\" >Te recomendamos:<\/span><\/span><\/p>\n<blockquote class=\"wp-embedded-content\" data-secret=\"rkRgRz7bay\"><p><a href=\"https:\/\/noticias.imer.mx\/blog\/jesus-maria-y-las-secuelas-del-operativo-para-detener-a-ovidio-guzman\/\">Jes\u00fas Mar\u00eda y las secuelas del operativo para detener a Ovidio Guzm\u00e1n<\/a><\/p><\/blockquote>\n<p><iframe class=\"wp-embedded-content\" sandbox=\"allow-scripts\" security=\"restricted\" style=\"position: absolute; clip: rect(1px, 1px, 1px, 1px);\" title=\"\u00abJes\u00fas Mar\u00eda y las secuelas del operativo para detener a Ovidio Guzm\u00e1n\u00bb \u2014 IMER Noticias\" src=\"https:\/\/noticias.imer.mx\/blog\/jesus-maria-y-las-secuelas-del-operativo-para-detener-a-ovidio-guzman\/embed\/#?secret=rkRgRz7bay\" data-secret=\"rkRgRz7bay\" width=\"600\" height=\"338\" frameborder=\"0\" marginwidth=\"0\" marginheight=\"0\" scrolling=\"no\"><\/iframe><\/p>\n","protected":false},"excerpt":{"rendered":"<p>Mediante una carta, las autoridades presentaron su solicitud de extradici\u00f3n a la Fiscal\u00eda General de la Rep\u00fablica.<\/p>\n","protected":false},"author":30,"featured_media":126088,"comment_status":"open","ping_status":"open","sticky":false,"template":"","format":"standard","meta":{"wp_popup_display_lightbox":0,"wp_popup_suppress":"","wp_popup_trigger":"","wp_popup_trigger_amount":0,"wp_popup_disable_on_mobile":false},"categories":[2,13],"tags":[5085,6002,6291,11390,14289],"yoast_head":"<!-- This site is optimized with the Yoast SEO plugin v21.0 - https:\/\/yoast.com\/wordpress\/plugins\/seo\/ -->\n<title>EEUU quiere a Ovidio Guzm\u00e1n; solicita su extradici\u00f3n - Pruebas Noticias IMER<\/title>\n<meta name=\"description\" content=\"Mediante una carta, las autoridades de Estados Unidos presentaron su solicitud de extradici\u00f3n a la Fiscal\u00eda General de la Rep\u00fablica.\" \/>\n<meta name=\"robots\" content=\"index, follow, max-snippet:-1, max-image-preview:large, max-video-preview:-1\" \/>\n<link rel=\"canonical\" href=\"https:\/\/noticias.imer.mx\/propuesta\/2023\/02\/27\/eeuu-quiere-a-ovidio-guzman-solicita-su-extradicion\/\" \/>\n<meta property=\"og:locale\" content=\"es_ES\" \/>\n<meta property=\"og:type\" content=\"article\" \/>\n<meta property=\"og:title\" content=\"EEUU quiere a Ovidio Guzm\u00e1n; solicita su extradici\u00f3n - Pruebas Noticias IMER\" \/>\n<meta property=\"og:description\" content=\"Mediante una carta, las autoridades de Estados Unidos presentaron su solicitud de extradici\u00f3n a la Fiscal\u00eda General de la Rep\u00fablica.\" \/>\n<meta property=\"og:url\" content=\"https:\/\/noticias.imer.mx\/propuesta\/2023\/02\/27\/eeuu-quiere-a-ovidio-guzman-solicita-su-extradicion\/\" \/>\n<meta property=\"og:site_name\" content=\"Pruebas Noticias IMER\" \/>\n<meta property=\"article:published_time\" content=\"2023-02-27T21:32:42+00:00\" \/>\n<meta property=\"article:modified_time\" content=\"2023-04-11T20:14:09+00:00\" \/>\n<meta name=\"author\" content=\"serveradmin\" \/>\n<meta name=\"twitter:card\" content=\"summary_large_image\" \/>\n<meta name=\"twitter:label1\" content=\"Escrito por\" \/>\n\t<meta name=\"twitter:data1\" content=\"serveradmin\" \/>\n\t<meta name=\"twitter:label2\" content=\"Tiempo de lectura\" \/>\n\t<meta name=\"twitter:data2\" content=\"1 minuto\" \/>\n<script type=\"application\/ld+json\" class=\"yoast-schema-graph\">{\"@context\":\"https:\/\/schema.org\",\"@graph\":[{\"@type\":\"WebPage\",\"@id\":\"https:\/\/noticias.imer.mx\/propuesta\/2023\/02\/27\/eeuu-quiere-a-ovidio-guzman-solicita-su-extradicion\/\",\"url\":\"https:\/\/noticias.imer.mx\/propuesta\/2023\/02\/27\/eeuu-quiere-a-ovidio-guzman-solicita-su-extradicion\/\",\"name\":\"EEUU quiere a Ovidio Guzm\u00e1n; solicita su extradici\u00f3n - Pruebas Noticias IMER\",\"isPartOf\":{\"@id\":\"https:\/\/noticias.imer.mx\/propuesta\/#website\"},\"datePublished\":\"2023-02-27T21:32:42+00:00\",\"dateModified\":\"2023-04-11T20:14:09+00:00\",\"author\":{\"@id\":\"https:\/\/noticias.imer.mx\/propuesta\/#\/schema\/person\/967c1f66b6217bbd12b628cc10f6e76d\"},\"description\":\"Mediante una carta, las autoridades de Estados Unidos presentaron su solicitud de extradici\u00f3n a la Fiscal\u00eda General de la Rep\u00fablica.\",\"breadcrumb\":{\"@id\":\"https:\/\/noticias.imer.mx\/propuesta\/2023\/02\/27\/eeuu-quiere-a-ovidio-guzman-solicita-su-extradicion\/#breadcrumb\"},\"inLanguage\":\"es\",\"potentialAction\":[{\"@type\":\"ReadAction\",\"target\":[\"https:\/\/noticias.imer.mx\/propuesta\/2023\/02\/27\/eeuu-quiere-a-ovidio-guzman-solicita-su-extradicion\/\"]}]},{\"@type\":\"BreadcrumbList\",\"@id\":\"https:\/\/noticias.imer.mx\/propuesta\/2023\/02\/27\/eeuu-quiere-a-ovidio-guzman-solicita-su-extradicion\/#breadcrumb\",\"itemListElement\":[{\"@type\":\"ListItem\",\"position\":1,\"name\":\"Portada\",\"item\":\"https:\/\/noticias.imer.mx\/propuesta\/\"},{\"@type\":\"ListItem\",\"position\":2,\"name\":\"EEUU quiere a Ovidio Guzm\u00e1n; solicita su extradici\u00f3n\"}]},{\"@type\":\"WebSite\",\"@id\":\"https:\/\/noticias.imer.mx\/propuesta\/#website\",\"url\":\"https:\/\/noticias.imer.mx\/propuesta\/\",\"name\":\"Pruebas Noticias IMER\",\"description\":\"Otro sitio m\u00e1s de IMER Noticias\",\"potentialAction\":[{\"@type\":\"SearchAction\",\"target\":{\"@type\":\"EntryPoint\",\"urlTemplate\":\"https:\/\/noticias.imer.mx\/propuesta\/?s={search_term_string}\"},\"query-input\":\"required name=search_term_string\"}],\"inLanguage\":\"es\"},{\"@type\":\"Person\",\"@id\":\"https:\/\/noticias.imer.mx\/propuesta\/#\/schema\/person\/967c1f66b6217bbd12b628cc10f6e76d\",\"name\":\"serveradmin\",\"image\":{\"@type\":\"ImageObject\",\"inLanguage\":\"es\",\"@id\":\"https:\/\/noticias.imer.mx\/propuesta\/#\/schema\/person\/image\/\",\"url\":\"https:\/\/secure.gravatar.com\/avatar\/b7032212b076bde88e044d76d65f2c7b?s=96&d=mm&r=g\",\"contentUrl\":\"https:\/\/secure.gravatar.com\/avatar\/b7032212b076bde88e044d76d65f2c7b?s=96&d=mm&r=g\",\"caption\":\"serveradmin\"},\"url\":\"https:\/\/noticias.imer.mx\/propuesta\/author\/serveradmin\/\"}]}<\/script>\n<!-- \/ Yoast SEO plugin. -->","yoast_head_json":{"title":"EEUU quiere a Ovidio Guzm\u00e1n; solicita su extradici\u00f3n - Pruebas Noticias IMER","description":"Mediante una carta, las autoridades de Estados Unidos presentaron su solicitud de extradici\u00f3n a la Fiscal\u00eda General de la Rep\u00fablica.","robots":{"index":"index","follow":"follow","max-snippet":"max-snippet:-1","max-image-preview":"max-image-preview:large","max-video-preview":"max-video-preview:-1"},"canonical":"https:\/\/noticias.imer.mx\/propuesta\/2023\/02\/27\/eeuu-quiere-a-ovidio-guzman-solicita-su-extradicion\/","og_locale":"es_ES","og_type":"article","og_title":"EEUU quiere a Ovidio Guzm\u00e1n; solicita su extradici\u00f3n - Pruebas Noticias IMER","og_description":"Mediante una carta, las autoridades de Estados Unidos presentaron su solicitud de extradici\u00f3n a la Fiscal\u00eda General de la Rep\u00fablica.","og_url":"https:\/\/noticias.imer.mx\/propuesta\/2023\/02\/27\/eeuu-quiere-a-ovidio-guzman-solicita-su-extradicion\/","og_site_name":"Pruebas Noticias IMER","article_published_time":"2023-02-27T21:32:42+00:00","article_modified_time":"2023-04-11T20:14:09+00:00","author":"serveradmin","twitter_card":"summary_large_image","twitter_misc":{"Escrito por":"serveradmin","Tiempo de lectura":"1 minuto"},"schema":{"@context":"https:\/\/schema.org","@graph":[{"@type":"WebPage","@id":"https:\/\/noticias.imer.mx\/propuesta\/2023\/02\/27\/eeuu-quiere-a-ovidio-guzman-solicita-su-extradicion\/","url":"https:\/\/noticias.imer.mx\/propuesta\/2023\/02\/27\/eeuu-quiere-a-ovidio-guzman-solicita-su-extradicion\/","name":"EEUU quiere a Ovidio Guzm\u00e1n; solicita su extradici\u00f3n - Pruebas Noticias IMER","isPartOf":{"@id":"https:\/\/noticias.imer.mx\/propuesta\/#website"},"datePublished":"2023-02-27T21:32:42+00:00","dateModified":"2023-04-11T20:14:09+00:00","author":{"@id":"https:\/\/noticias.imer.mx\/propuesta\/#\/schema\/person\/967c1f66b6217bbd12b628cc10f6e76d"},"description":"Mediante una carta, las autoridades de Estados Unidos presentaron su solicitud de extradici\u00f3n a la Fiscal\u00eda General de la Rep\u00fablica.","breadcrumb":{"@id":"https:\/\/noticias.imer.mx\/propuesta\/2023\/02\/27\/eeuu-quiere-a-ovidio-guzman-solicita-su-extradicion\/#breadcrumb"},"inLanguage":"es","potentialAction":[{"@type":"ReadAction","target":["https:\/\/noticias.imer.mx\/propuesta\/2023\/02\/27\/eeuu-quiere-a-ovidio-guzman-solicita-su-extradicion\/"]}]},{"@type":"BreadcrumbList","@id":"https:\/\/noticias.imer.mx\/propuesta\/2023\/02\/27\/eeuu-quiere-a-ovidio-guzman-solicita-su-extradicion\/#breadcrumb","itemListElement":[{"@type":"ListItem","position":1,"name":"Portada","item":"https:\/\/noticias.imer.mx\/propuesta\/"},{"@type":"ListItem","position":2,"name":"EEUU quiere a Ovidio Guzm\u00e1n; solicita su extradici\u00f3n"}]},{"@type":"WebSite","@id":"https:\/\/noticias.imer.mx\/propuesta\/#website","url":"https:\/\/noticias.imer.mx\/propuesta\/","name":"Pruebas Noticias IMER","description":"Otro sitio m\u00e1s de IMER Noticias","potentialAction":[{"@type":"SearchAction","target":{"@type":"EntryPoint","urlTemplate":"https:\/\/noticias.imer.mx\/propuesta\/?s={search_term_string}"},"query-input":"required name=search_term_string"}],"inLanguage":"es"},{"@type":"Person","@id":"https:\/\/noticias.imer.mx\/propuesta\/#\/schema\/person\/967c1f66b6217bbd12b628cc10f6e76d","name":"serveradmin","image":{"@type":"ImageObject","inLanguage":"es","@id":"https:\/\/noticias.imer.mx\/propuesta\/#\/schema\/person\/image\/","url":"https:\/\/secure.gravatar.com\/avatar\/b7032212b076bde88e044d76d65f2c7b?s=96&d=mm&r=g","contentUrl":"https:\/\/secure.gravatar.com\/avatar\/b7032212b076bde88e044d76d65f2c7b?s=96&d=mm&r=g","caption":"serveradmin"},"url":"https:\/\/noticias.imer.mx\/propuesta\/author\/serveradmin\/"}]}},"_links":{"self":[{"href":"https:\/\/noticias.imer.mx\/propuesta\/wp-json\/wp\/v2\/posts\/128523"}],"collection":[{"href":"https:\/\/noticias.imer.mx\/propuesta\/wp-json\/wp\/v2\/posts"}],"about":[{"href":"https:\/\/noticias.imer.mx\/propuesta\/wp-json\/wp\/v2\/types\/post"}],"author":[{"embeddable":true,"href":"https:\/\/noticias.imer.mx\/propuesta\/wp-json\/wp\/v2\/users\/30"}],"replies":[{"embeddable":true,"href":"https:\/\/noticias.imer.mx\/propuesta\/wp-json\/wp\/v2\/comments?post=128523"}],"version-history":[{"count":1,"href":"https:\/\/noticias.imer.mx\/propuesta\/wp-json\/wp\/v2\/posts\/128523\/revisions"}],"predecessor-version":[{"id":130481,"href":"https:\/\/noticias.imer.mx\/propuesta\/wp-json\/wp\/v2\/posts\/128523\/revisions\/130481"}],"wp:featuredmedia":[{"embeddable":true,"href":"https:\/\/noticias.imer.mx\/propuesta\/wp-json\/"}],"wp:attachment":[{"href":"https:\/\/noticias.imer.mx\/propuesta\/wp-json\/wp\/v2\/media?parent=128523"}],"wp:term":[{"taxonomy":"category","embeddable":true,"href":"https:\/\/noticias.imer.mx\/propuesta\/wp-json\/wp\/v2\/categories?post=128523"},{"taxonomy":"post_tag","embeddable":true,"href":"https:\/\/noticias.imer.mx\/propuesta\/wp-json\/wp\/v2\/tags?post=128523"}],"curies":[{"name":"wp","href":"https:\/\/api.w.org\/{rel}","templated":true}]}}