{"id":128515,"date":"2023-02-27T14:35:31","date_gmt":"2023-02-27T20:35:31","guid":{"rendered":"http:\/\/noticias.imer.mx\/?p=128515"},"modified":"2023-04-11T20:14:09","modified_gmt":"2023-04-11T20:14:10","slug":"delgado-pedira-ine-eliminar-registro-pan-garcia-luna","status":"publish","type":"post","link":"https:\/\/noticias.imer.mx\/propuesta\/2023\/02\/27\/delgado-pedira-ine-eliminar-registro-pan-garcia-luna\/","title":{"rendered":"Delgado pedir\u00e1 al INE eliminar registro PAN por caso Garc\u00eda Luna"},"content":{"rendered":"<p><em>\u00abEn los hechos act\u00faa como un grupo criminal, m\u00e1s que como un partido\u201d, dijo Mario Delgado en conferencia de prensa.<\/em><\/p>\n<p>&nbsp;<\/p>\n<p><span style=\"font-weight: 400\"><div class=\"gap\" style=\"line-height: 10px; height: 10px;\"><\/div><\/span><\/p>\n<p><span style=\"font-weight: 400\"><\/p>\n<div class=\"hr-thin\"><\/div>\n<p><\/span><\/p>\n<p style=\"text-align: center\"><b>IMER Noticias<\/b><\/p>\n<p><span style=\"font-weight: 400\"><\/p>\n<div class=\"hr-thin\"><\/div>\n<p><\/span><\/p>\n<p><span style=\"font-weight: 400\"><div class=\"gap\" style=\"line-height: 10px; height: 10px;\"><\/div><\/span><\/p>\n<p>&nbsp;<\/p>\n<p><span style=\"font-weight: 400\">El dirigente <strong>Nacional de Morena, Mario Delgado<\/strong>, anunci\u00f3 este lunes que a las 16:00 horas asistir\u00e1 al<strong> Instituto Nacional Electoral (INE)<\/strong> junto con integrantes del partido para pedirle al organismo que elimine el registro del<strong> Partido Acci\u00f3n Nacional<\/strong> (PAN) por supuesta colusi\u00f3n en el exsecretario de<strong> Seguridad de M\u00e9xico, Genaro Garc\u00eda Luna<\/strong> y los crimines por los que se le declar\u00f3 culpable en <strong>Estados Unidos<\/strong>.<\/span><\/p>\n<p>&nbsp;<\/p>\n<p><span style=\"font-weight: 400\">\u201c\u00bfQu\u00e9 vamos a pedirle al<strong> INE?<\/strong> Que le quite el registro del<strong> Partido Acci\u00f3n Nacional<\/strong>, porque en los hechos act\u00faa como un grupo criminal, m\u00e1s que como un partido\u201d, dijo <strong>Mario Delgado<\/strong> en conferencia de prensa.<\/span><\/p>\n<p>&nbsp;<\/p>\n<p><span style=\"font-weight: 400\">\u201cTraicionaron a las instituciones del Estado mexicano, porque involucraron al Ej\u00e9rcito, involucraron a la Marina, involucraron tambi\u00e9n a muchos polic\u00edas que no deseaban formar parte de esta guerra\u201d, agreg\u00f3.<\/span><\/p>\n<p>&nbsp;<\/p>\n<blockquote class=\"twitter-tweet\" data-width=\"550\" data-dnt=\"true\">\n<p lang=\"es\" dir=\"ltr\">Le vamos a solicitar al INE que le quite el registro al <a href=\"https:\/\/twitter.com\/hashtag\/PAN?src=hash&amp;ref_src=twsrc%5Etfw\">#PAN<\/a> porque est\u00e1 comprobado que es una organizaci\u00f3n criminal mas que pol\u00edtica, y una organizaci\u00f3n criminal no puede seguir aspirando a participar en pol\u00edtica. \u00a1Nunca m\u00e1s gobiernos criminales, corruptos o asesinos! <a href=\"https:\/\/t.co\/WxPU9pW6l2\">pic.twitter.com\/WxPU9pW6l2<\/a><\/p>\n<p>&mdash; Mario Delgado (@mario_delgado) <a href=\"https:\/\/twitter.com\/mario_delgado\/status\/1628194796614602753?ref_src=twsrc%5Etfw\">February 22, 2023<\/a><\/p><\/blockquote>\n<p><script async src=\"https:\/\/platform.twitter.com\/widgets.js\" charset=\"utf-8\"><\/script><\/p>\n<p>&nbsp;<\/p>\n<p>&nbsp;<\/p>\n<h4><span style=\"color: #308446\">\u00bfEl INE tiene facultad para investigar al PAN por caso de Garc\u00eda Luna?<\/span><\/h4>\n<p>&nbsp;<\/p>\n<p><span style=\"font-weight: 400\">El dirigente Nacional de Morena dijo que \u201cse le hac\u00eda raro que d\u00edas despu\u00e9s de que a Genaro Garc\u00eda se le declarara culpable por delitos relacionados al narcotr\u00e1fico, la bancada blanquiazul no se pronunciara al respecto.<\/span><\/p>\n<p>&nbsp;<\/p>\n<p><span style=\"font-weight: 400\">\u201cResult\u00f3 muy raro que, despu\u00e9s de la sentencia, pues el PAN hizo mutis por casi tres d\u00edas, no sab\u00edan c\u00f3mo reaccionar, y despu\u00e9s, como que alguien les da el pitazo y salen a deslindarse de Garc\u00eda Luna con el argumento de que nunca estuvo afiliado al PAN. Es lo de menos si Garc\u00eda Luna estuvo afiliado o no al PAN\u201d, dijo<strong> Delgado<\/strong>.<\/span><\/p>\n<p>&nbsp;<\/p>\n<p><span style=\"font-weight: 400\">\u201cPor otra parte, tambi\u00e9n descalific\u00f3 la sesi\u00f3n panista anterior a Calder\u00f3n y dijo que \u201cel<strong> PAN<\/strong> fue el partido que sostuvo esa pol\u00edtica criminal encabezada por Felipe Calder\u00f3n. Y no solo eso, el origen de Garc\u00eda Luna es con Vicente Fox, que casualmente al inicio de su administraci\u00f3n se le escapa el \u2018Chapo\u2019 Guzm\u00e1n<a href=\"https:\/\/noticias.imer.mx\/\">.\u00a0<\/a><\/span><\/p>\n<p>&nbsp;<\/p>\n<p><span style=\"font-weight: 400\">Sin embargo, al ser cuestionado por la prensa sobre las facultades del<strong> INE<\/strong>, admiti\u00f3 que el organismo no puede retirar el registro de partido sin una investigaci\u00f3n que es facultad de la <strong>Fiscal\u00eda General de la Rep\u00fablica<\/strong> (<strong>FGR<\/strong>)<a href=\"https:\/\/twitter.com\/mario_delgado\/status\/1628194796614602753\">.<\/a><\/span><\/p>\n<p>&nbsp;<\/p>\n<p><span style=\"font-weight: 400\"><div class=\"gap\" style=\"line-height: 10px; height: 10px;\"><\/div><\/span><\/p>\n<p><span style=\"font-weight: 400\"><\/p>\n<div class=\"hr-thick\"><\/div>\n<p><\/span><\/p>\n<p><span style=\"font-weight: 400\"><div class=\"gap\" style=\"line-height: 10px; height: 10px;\"><\/div><\/span><\/p>\n<p><span style=\"font-weight: 400\"><span class=\"dt-highlight\" >Te recomendamos:<\/span><\/span><\/p>\n<h3 class=\"entry-title\"><a title=\"Opositores que marcharon a favor del INE defendieron fraudes electorales: AMLO\" href=\"https:\/\/noticias.imer.mx\/blog\/opositores-que-marcharon-a-favor-del-ine-defendieron-fraudes-electorales-amlo\/\" rel=\"bookmark\">Opositores que marcharon a favor del INE defendieron fraudes electorales: AMLO<\/a><\/h3>\n","protected":false},"excerpt":{"rendered":"<p>\u00abEn los hechos act\u00faa como un grupo criminal, m\u00e1s que como un partido\u201d, dijo Mario Delgado en conferencia de prensa.<\/p>\n","protected":false},"author":30,"featured_media":128517,"comment_status":"open","ping_status":"open","sticky":false,"template":"","format":"standard","meta":{"wp_popup_display_lightbox":0,"wp_popup_suppress":"","wp_popup_trigger":"","wp_popup_trigger_amount":0,"wp_popup_disable_on_mobile":false},"categories":[2,33,13],"tags":[6291,7675,9755,10472,11496],"yoast_head":"<!-- This site is optimized with the Yoast SEO plugin v21.0 - https:\/\/yoast.com\/wordpress\/plugins\/seo\/ -->\n<title>Delgado pedir\u00e1 al INE eliminar registro PAN por caso Garc\u00eda Luna<\/title>\n<meta name=\"description\" content=\"&quot;En los hechos, el PAN act\u00faa como un grupo criminal, m\u00e1s que como un partido\u201d, dijo Mario Delgado en conferencia de prensa.\" \/>\n<meta name=\"robots\" content=\"index, follow, max-snippet:-1, max-image-preview:large, max-video-preview:-1\" \/>\n<link rel=\"canonical\" href=\"https:\/\/noticias.imer.mx\/propuesta\/2023\/02\/27\/delgado-pedira-ine-eliminar-registro-pan-garcia-luna\/\" \/>\n<meta property=\"og:locale\" content=\"es_ES\" \/>\n<meta property=\"og:type\" content=\"article\" \/>\n<meta property=\"og:title\" content=\"Delgado pedir\u00e1 al INE eliminar registro PAN por caso Garc\u00eda Luna\" \/>\n<meta property=\"og:description\" content=\"&quot;En los hechos, el PAN act\u00faa como un grupo criminal, m\u00e1s que como un partido\u201d, dijo Mario Delgado en conferencia de prensa.\" \/>\n<meta property=\"og:url\" content=\"https:\/\/noticias.imer.mx\/propuesta\/2023\/02\/27\/delgado-pedira-ine-eliminar-registro-pan-garcia-luna\/\" \/>\n<meta property=\"og:site_name\" content=\"Pruebas Noticias IMER\" \/>\n<meta property=\"article:published_time\" content=\"2023-02-27T20:35:31+00:00\" \/>\n<meta property=\"article:modified_time\" content=\"2023-04-11T20:14:10+00:00\" \/>\n<meta name=\"author\" content=\"serveradmin\" \/>\n<meta name=\"twitter:card\" content=\"summary_large_image\" \/>\n<meta name=\"twitter:label1\" content=\"Escrito por\" \/>\n\t<meta name=\"twitter:data1\" content=\"serveradmin\" \/>\n\t<meta name=\"twitter:label2\" content=\"Tiempo de lectura\" \/>\n\t<meta name=\"twitter:data2\" content=\"2 minutos\" \/>\n<script type=\"application\/ld+json\" class=\"yoast-schema-graph\">{\"@context\":\"https:\/\/schema.org\",\"@graph\":[{\"@type\":\"WebPage\",\"@id\":\"https:\/\/noticias.imer.mx\/propuesta\/2023\/02\/27\/delgado-pedira-ine-eliminar-registro-pan-garcia-luna\/\",\"url\":\"https:\/\/noticias.imer.mx\/propuesta\/2023\/02\/27\/delgado-pedira-ine-eliminar-registro-pan-garcia-luna\/\",\"name\":\"Delgado pedir\u00e1 al INE eliminar registro PAN por caso Garc\u00eda Luna\",\"isPartOf\":{\"@id\":\"https:\/\/noticias.imer.mx\/propuesta\/#website\"},\"datePublished\":\"2023-02-27T20:35:31+00:00\",\"dateModified\":\"2023-04-11T20:14:10+00:00\",\"author\":{\"@id\":\"https:\/\/noticias.imer.mx\/propuesta\/#\/schema\/person\/967c1f66b6217bbd12b628cc10f6e76d\"},\"description\":\"\\\"En los hechos, el PAN act\u00faa como un grupo criminal, m\u00e1s que como un partido\u201d, dijo Mario Delgado en conferencia de prensa.\",\"breadcrumb\":{\"@id\":\"https:\/\/noticias.imer.mx\/propuesta\/2023\/02\/27\/delgado-pedira-ine-eliminar-registro-pan-garcia-luna\/#breadcrumb\"},\"inLanguage\":\"es\",\"potentialAction\":[{\"@type\":\"ReadAction\",\"target\":[\"https:\/\/noticias.imer.mx\/propuesta\/2023\/02\/27\/delgado-pedira-ine-eliminar-registro-pan-garcia-luna\/\"]}]},{\"@type\":\"BreadcrumbList\",\"@id\":\"https:\/\/noticias.imer.mx\/propuesta\/2023\/02\/27\/delgado-pedira-ine-eliminar-registro-pan-garcia-luna\/#breadcrumb\",\"itemListElement\":[{\"@type\":\"ListItem\",\"position\":1,\"name\":\"Portada\",\"item\":\"https:\/\/noticias.imer.mx\/propuesta\/\"},{\"@type\":\"ListItem\",\"position\":2,\"name\":\"Delgado pedir\u00e1 al INE eliminar registro PAN por caso Garc\u00eda Luna\"}]},{\"@type\":\"WebSite\",\"@id\":\"https:\/\/noticias.imer.mx\/propuesta\/#website\",\"url\":\"https:\/\/noticias.imer.mx\/propuesta\/\",\"name\":\"Pruebas Noticias IMER\",\"description\":\"Otro sitio m\u00e1s de IMER Noticias\",\"potentialAction\":[{\"@type\":\"SearchAction\",\"target\":{\"@type\":\"EntryPoint\",\"urlTemplate\":\"https:\/\/noticias.imer.mx\/propuesta\/?s={search_term_string}\"},\"query-input\":\"required name=search_term_string\"}],\"inLanguage\":\"es\"},{\"@type\":\"Person\",\"@id\":\"https:\/\/noticias.imer.mx\/propuesta\/#\/schema\/person\/967c1f66b6217bbd12b628cc10f6e76d\",\"name\":\"serveradmin\",\"image\":{\"@type\":\"ImageObject\",\"inLanguage\":\"es\",\"@id\":\"https:\/\/noticias.imer.mx\/propuesta\/#\/schema\/person\/image\/\",\"url\":\"https:\/\/secure.gravatar.com\/avatar\/b7032212b076bde88e044d76d65f2c7b?s=96&d=mm&r=g\",\"contentUrl\":\"https:\/\/secure.gravatar.com\/avatar\/b7032212b076bde88e044d76d65f2c7b?s=96&d=mm&r=g\",\"caption\":\"serveradmin\"},\"url\":\"https:\/\/noticias.imer.mx\/propuesta\/author\/serveradmin\/\"}]}<\/script>\n<!-- \/ Yoast SEO plugin. -->","yoast_head_json":{"title":"Delgado pedir\u00e1 al INE eliminar registro PAN por caso Garc\u00eda Luna","description":"\"En los hechos, el PAN act\u00faa como un grupo criminal, m\u00e1s que como un partido\u201d, dijo Mario Delgado en conferencia de prensa.","robots":{"index":"index","follow":"follow","max-snippet":"max-snippet:-1","max-image-preview":"max-image-preview:large","max-video-preview":"max-video-preview:-1"},"canonical":"https:\/\/noticias.imer.mx\/propuesta\/2023\/02\/27\/delgado-pedira-ine-eliminar-registro-pan-garcia-luna\/","og_locale":"es_ES","og_type":"article","og_title":"Delgado pedir\u00e1 al INE eliminar registro PAN por caso Garc\u00eda Luna","og_description":"\"En los hechos, el PAN act\u00faa como un grupo criminal, m\u00e1s que como un partido\u201d, dijo Mario Delgado en conferencia de prensa.","og_url":"https:\/\/noticias.imer.mx\/propuesta\/2023\/02\/27\/delgado-pedira-ine-eliminar-registro-pan-garcia-luna\/","og_site_name":"Pruebas Noticias IMER","article_published_time":"2023-02-27T20:35:31+00:00","article_modified_time":"2023-04-11T20:14:10+00:00","author":"serveradmin","twitter_card":"summary_large_image","twitter_misc":{"Escrito por":"serveradmin","Tiempo de lectura":"2 minutos"},"schema":{"@context":"https:\/\/schema.org","@graph":[{"@type":"WebPage","@id":"https:\/\/noticias.imer.mx\/propuesta\/2023\/02\/27\/delgado-pedira-ine-eliminar-registro-pan-garcia-luna\/","url":"https:\/\/noticias.imer.mx\/propuesta\/2023\/02\/27\/delgado-pedira-ine-eliminar-registro-pan-garcia-luna\/","name":"Delgado pedir\u00e1 al INE eliminar registro PAN por caso Garc\u00eda Luna","isPartOf":{"@id":"https:\/\/noticias.imer.mx\/propuesta\/#website"},"datePublished":"2023-02-27T20:35:31+00:00","dateModified":"2023-04-11T20:14:10+00:00","author":{"@id":"https:\/\/noticias.imer.mx\/propuesta\/#\/schema\/person\/967c1f66b6217bbd12b628cc10f6e76d"},"description":"\"En los hechos, el PAN act\u00faa como un grupo criminal, m\u00e1s que como un partido\u201d, dijo Mario Delgado en conferencia de prensa.","breadcrumb":{"@id":"https:\/\/noticias.imer.mx\/propuesta\/2023\/02\/27\/delgado-pedira-ine-eliminar-registro-pan-garcia-luna\/#breadcrumb"},"inLanguage":"es","potentialAction":[{"@type":"ReadAction","target":["https:\/\/noticias.imer.mx\/propuesta\/2023\/02\/27\/delgado-pedira-ine-eliminar-registro-pan-garcia-luna\/"]}]},{"@type":"BreadcrumbList","@id":"https:\/\/noticias.imer.mx\/propuesta\/2023\/02\/27\/delgado-pedira-ine-eliminar-registro-pan-garcia-luna\/#breadcrumb","itemListElement":[{"@type":"ListItem","position":1,"name":"Portada","item":"https:\/\/noticias.imer.mx\/propuesta\/"},{"@type":"ListItem","position":2,"name":"Delgado pedir\u00e1 al INE eliminar registro PAN por caso Garc\u00eda Luna"}]},{"@type":"WebSite","@id":"https:\/\/noticias.imer.mx\/propuesta\/#website","url":"https:\/\/noticias.imer.mx\/propuesta\/","name":"Pruebas Noticias IMER","description":"Otro sitio m\u00e1s de IMER Noticias","potentialAction":[{"@type":"SearchAction","target":{"@type":"EntryPoint","urlTemplate":"https:\/\/noticias.imer.mx\/propuesta\/?s={search_term_string}"},"query-input":"required name=search_term_string"}],"inLanguage":"es"},{"@type":"Person","@id":"https:\/\/noticias.imer.mx\/propuesta\/#\/schema\/person\/967c1f66b6217bbd12b628cc10f6e76d","name":"serveradmin","image":{"@type":"ImageObject","inLanguage":"es","@id":"https:\/\/noticias.imer.mx\/propuesta\/#\/schema\/person\/image\/","url":"https:\/\/secure.gravatar.com\/avatar\/b7032212b076bde88e044d76d65f2c7b?s=96&d=mm&r=g","contentUrl":"https:\/\/secure.gravatar.com\/avatar\/b7032212b076bde88e044d76d65f2c7b?s=96&d=mm&r=g","caption":"serveradmin"},"url":"https:\/\/noticias.imer.mx\/propuesta\/author\/serveradmin\/"}]}},"_links":{"self":[{"href":"https:\/\/noticias.imer.mx\/propuesta\/wp-json\/wp\/v2\/posts\/128515"}],"collection":[{"href":"https:\/\/noticias.imer.mx\/propuesta\/wp-json\/wp\/v2\/posts"}],"about":[{"href":"https:\/\/noticias.imer.mx\/propuesta\/wp-json\/wp\/v2\/types\/post"}],"author":[{"embeddable":true,"href":"https:\/\/noticias.imer.mx\/propuesta\/wp-json\/wp\/v2\/users\/30"}],"replies":[{"embeddable":true,"href":"https:\/\/noticias.imer.mx\/propuesta\/wp-json\/wp\/v2\/comments?post=128515"}],"version-history":[{"count":1,"href":"https:\/\/noticias.imer.mx\/propuesta\/wp-json\/wp\/v2\/posts\/128515\/revisions"}],"predecessor-version":[{"id":130483,"href":"https:\/\/noticias.imer.mx\/propuesta\/wp-json\/wp\/v2\/posts\/128515\/revisions\/130483"}],"wp:featuredmedia":[{"embeddable":true,"href":"https:\/\/noticias.imer.mx\/propuesta\/wp-json\/"}],"wp:attachment":[{"href":"https:\/\/noticias.imer.mx\/propuesta\/wp-json\/wp\/v2\/media?parent=128515"}],"wp:term":[{"taxonomy":"category","embeddable":true,"href":"https:\/\/noticias.imer.mx\/propuesta\/wp-json\/wp\/v2\/categories?post=128515"},{"taxonomy":"post_tag","embeddable":true,"href":"https:\/\/noticias.imer.mx\/propuesta\/wp-json\/wp\/v2\/tags?post=128515"}],"curies":[{"name":"wp","href":"https:\/\/api.w.org\/{rel}","templated":true}]}}