{"id":128146,"date":"2023-02-21T20:38:56","date_gmt":"2023-02-22T02:38:56","guid":{"rendered":"http:\/\/noticias.imer.mx\/?p=128146"},"modified":"2023-04-11T20:14:12","modified_gmt":"2023-04-11T20:14:12","slug":"banobras-ha-invertido-486-mil-mdp-en-mega-proyectos-de-la-4t","status":"publish","type":"post","link":"https:\/\/noticias.imer.mx\/propuesta\/2023\/02\/21\/banobras-ha-invertido-486-mil-mdp-en-mega-proyectos-de-la-4t\/","title":{"rendered":"Banobras ha invertido 486 mil mdp en mega proyectos de la 4T"},"content":{"rendered":"<p><em>El 34 por ciento de los cr\u00e9ditos de Banobras han sido destinados a la zona sur del pa\u00eds, as\u00ed lo asegur\u00f3 su director general, Jorge Mendoza.<\/em><\/p>\n<p><span style=\"font-weight: 400\"><div class=\"gap\" style=\"line-height: 10px; height: 10px;\"><\/div><\/span><\/p>\n<p><span style=\"font-weight: 400\"><\/p>\n<div class=\"hr-thin\"><\/div>\n<p><\/span><\/p>\n<p style=\"text-align: center\"><b>Perla Miranda<\/b><\/p>\n<p><span style=\"font-weight: 400\"><\/p>\n<div class=\"hr-thin\"><\/div>\n<p><\/span><\/p>\n<p><span style=\"font-weight: 400\"><div class=\"gap\" style=\"line-height: 10px; height: 10px;\"><\/div><\/span><\/p>\n<p>El <strong>Banco Nacional de Obras y Servicios P\u00fablicos<\/strong> (Banobras) ha distribuido m\u00e1s de 486 mil millones de pesos en los proyectos de <strong>infraestructura del gobierno federal<\/strong>.<\/p>\n<p>&nbsp;<\/p>\n<p>Durante la ceremonia por su 90 aniversario, su titular <strong>Jorge Mendoza<\/strong> destac\u00f3 que se encuentra entre las cinco principales instituciones financieras de M\u00e9xico. Sin embargo, celebr\u00f3 que recuper\u00f3 la visi\u00f3n social con la que fue creado al financiar obras con un <strong>impacto positivo<\/strong> en los mexicanos.<\/p>\n<p>&nbsp;<\/p>\n<p>De 2018 a la fecha, <strong>Banobras<\/strong> ha reportado un crecimiento de 26 por ciento de su cartera de cr\u00e9dito, y ha financiado proyectos prioritarios para el <strong>gobierno<\/strong> actual como:<\/p>\n<p>&nbsp;<\/p>\n<ul>\n<li>El <a href=\"https:\/\/noticias.imer.mx\/blog\/tren-maya-transportara-alimentos-a-zonas-alejadas-en-quintana-roo\/\">Tren Maya.<\/a><\/li>\n<li>El Tren Interurbano M\u00e9xico \u2013 Toluca.<\/li>\n<li>La ampliaci\u00f3n del Tren Suburbano Lecher\u00eda \u2013 AIFA.<\/li>\n<\/ul>\n<p>&nbsp;<\/p>\n<p>Adem\u00e1s, tres cada diez cr\u00e9ditos han estado enfocados en el sur \u2013 sureste de M\u00e9xico a proyecto de energ\u00eda el\u00e9ctrica, carreteras y transporte.<\/p>\n<p>&nbsp;<\/p>\n<blockquote><p>\u00abDurante estos cuatro a\u00f1os hemos logrado distribuir cr\u00e9ditos por m\u00e1s de 486 mil millones de pesos, lo m\u00e1s importante es que 34.4% de estos cr\u00e9ditos se dirigi\u00f3 a la zona sur &#8211; sureste del pa\u00eds. En Banobras tenemos un esfuerzo para poder apoyar tambi\u00e9n a los estados y municipios que son nuestros clientes principales.<\/p>\n<p>&nbsp;<\/p>\n<p>Ahora, Banobras tambi\u00e9n se ha convertido en la principal herramienta financiera del gobierno mexicano. Hemos retomado la visi\u00f3n social del banco, algo que se perdi\u00f3 en algunos momentos en estos 90 a\u00f1os y hoy en d\u00eda todos podemos ser testigos que todos los recursos de Banobras que se han utilizado son para mejorar la calidad de vida de todas y todos los mexicanos, para los que m\u00e1s lo necesitan, en donde m\u00e1s se necesita\u00bb.<\/p><\/blockquote>\n<p>&nbsp;<\/p>\n<blockquote class=\"twitter-tweet\" data-width=\"550\" data-dnt=\"true\">\n<p lang=\"es\" dir=\"ltr\">Con el apoyo de <a href=\"https:\/\/twitter.com\/Banobras_mx?ref_src=twsrc%5Etfw\">@Banobras_mx<\/a> hemos podido financiar grandes obras p\u00fablicas para la Ciudad de M\u00e9xico como el Cableb\u00fas, as\u00ed como para la compra de nuevos Trolebuses y unidades para la RTP. <\/p>\n<p>Celebramos el 90 Anv. de esta gran instituci\u00f3n y el trabajo de su Dir. Gral <a href=\"https:\/\/twitter.com\/jorgemendozas?ref_src=twsrc%5Etfw\">@jorgemendozas<\/a>. <a href=\"https:\/\/t.co\/IXjK18pYOF\">pic.twitter.com\/IXjK18pYOF<\/a><\/p>\n<p>&mdash; Dra. Claudia Sheinbaum (@Claudiashein) <a href=\"https:\/\/twitter.com\/Claudiashein\/status\/1628151024820125696?ref_src=twsrc%5Etfw\">February 21, 2023<\/a><\/p><\/blockquote>\n<p><script async src=\"https:\/\/platform.twitter.com\/widgets.js\" charset=\"utf-8\"><\/script><\/p>\n<p>&nbsp;<\/p>\n<h4><span style=\"color: #308446\"><strong>Otros beneficios de Banobras<\/strong><\/span><\/h4>\n<p>&nbsp;<\/p>\n<p>El secretario de Hacienda y Cr\u00e9dito P\u00fablico, <strong>Rogelio Ram\u00edrez de la O<\/strong>, resalt\u00f3 que, en la actualidad, Banobras es un catalizador que permite cumplir con las metas nacionales del <a href=\"https:\/\/www.planeandojuntos.gob.mx\/#:~:text=El%20Plan%20Nacional%20de%20Desarrollo,estrategias%20prioritarias%20durante%20el%20sexenio.\"><em>Plan Nacional de Desarrollo.<\/em><\/a><\/p>\n<p>&nbsp;<\/p>\n<p>Adem\u00e1s, contribuye a que los gobiernos aprovechen los beneficios de la relocalizaci\u00f3n y la reindustrializaci\u00f3n.<\/p>\n<p>&nbsp;<\/p>\n<blockquote><p>\u00abDesde el gobierno y la banca de desarrollo, la visi\u00f3n es aprovechar estas circunstancias cuyo \u00e9xito tendr\u00e1 un impacto en M\u00e9xico en estos procesos por venir de relocalizaci\u00f3n, reindustrializaci\u00f3n y esto va a depender de que lo hagamos todos en conjunto como sector p\u00fablico.<\/p>\n<p>&nbsp;<\/p>\n<p>As\u00ed como con la participaci\u00f3n del sector privado, compartiendo esta visi\u00f3n, que los pasos que se den deben continuar impulsando los servicios que se ofrecen por parte de los gobiernos estatales y municipales buscamos lograr que un mayor n\u00famero de habitantes se beneficien con los productos y servicios financieros que ofrece la banca de desarrollo\u00bb.<\/p>\n<p>&nbsp;<\/p><\/blockquote>\n<p>&nbsp;<\/p>\n<p><iframe loading=\"lazy\" title=\"90 Aniversario del Banco Nacional de Obras y Servicios P\u00fablicos\" width=\"1200\" height=\"675\" src=\"https:\/\/www.youtube.com\/embed\/dYKfRIG9KJw?feature=oembed\" frameborder=\"0\" allow=\"accelerometer; autoplay; clipboard-write; encrypted-media; gyroscope; picture-in-picture; web-share\" allowfullscreen><\/iframe><\/p>\n<p>&nbsp;<\/p>\n<p><span style=\"font-weight: 400\"><div class=\"gap\" style=\"line-height: 10px; height: 10px;\"><\/div><\/span><\/p>\n<p><span style=\"font-weight: 400\"><\/p>\n<div class=\"hr-thick\"><\/div>\n<p><\/span><\/p>\n<p><span style=\"font-weight: 400\"><div class=\"gap\" style=\"line-height: 10px; height: 10px;\"><\/div><\/span><\/p>\n<p><span style=\"font-weight: 400\"><span class=\"dt-highlight\" >Te recomendamos:<\/span><\/span><\/p>\n<blockquote class=\"wp-embedded-content\" data-secret=\"P7JFA8to1Y\"><p><a href=\"https:\/\/noticias.imer.mx\/blog\/tren-maya-transportara-alimentos-a-zonas-alejadas-en-quintana-roo\/\">Tren Maya transportar\u00e1 alimentos a zonas alejadas en Quintana Roo<\/a><\/p><\/blockquote>\n<p><iframe class=\"wp-embedded-content\" sandbox=\"allow-scripts\" security=\"restricted\" style=\"position: absolute; clip: rect(1px, 1px, 1px, 1px);\" title=\"\u00abTren Maya transportar\u00e1 alimentos a zonas alejadas en Quintana Roo\u00bb \u2014 IMER Noticias\" src=\"https:\/\/noticias.imer.mx\/blog\/tren-maya-transportara-alimentos-a-zonas-alejadas-en-quintana-roo\/embed\/#?secret=P7JFA8to1Y\" data-secret=\"P7JFA8to1Y\" width=\"600\" height=\"338\" frameborder=\"0\" marginwidth=\"0\" marginheight=\"0\" scrolling=\"no\"><\/iframe><\/p>\n","protected":false},"excerpt":{"rendered":"<p>El 34 por ciento de los cr\u00e9ditos de Banobras han sido destinados a la zona sur del pa\u00eds, as\u00ed lo asegur\u00f3 su director general, Jorge Mendoza.<\/p>\n","protected":false},"author":30,"featured_media":128147,"comment_status":"open","ping_status":"open","sticky":false,"template":"","format":"standard","meta":{"wp_popup_display_lightbox":0,"wp_popup_suppress":"","wp_popup_trigger":"","wp_popup_trigger_amount":0,"wp_popup_disable_on_mobile":false},"categories":[2,31,13],"tags":[267,1837,10006,14994],"yoast_head":"<!-- This site is optimized with the Yoast SEO plugin v21.0 - https:\/\/yoast.com\/wordpress\/plugins\/seo\/ -->\n<title>Banobras ha invertido 486 mil mdp en mega proyectos de la 4T - Pruebas Noticias IMER<\/title>\n<meta name=\"description\" content=\"El 34 por ciento de los cr\u00e9ditos de Banobras han sido destinados a la zona sur del pa\u00eds, as\u00ed lo asegur\u00f3 su director general, Jorge Mendoza.\" \/>\n<meta name=\"robots\" content=\"index, follow, max-snippet:-1, max-image-preview:large, max-video-preview:-1\" \/>\n<link rel=\"canonical\" href=\"https:\/\/noticias.imer.mx\/propuesta\/2023\/02\/21\/banobras-ha-invertido-486-mil-mdp-en-mega-proyectos-de-la-4t\/\" \/>\n<meta property=\"og:locale\" content=\"es_ES\" \/>\n<meta property=\"og:type\" content=\"article\" \/>\n<meta property=\"og:title\" content=\"Banobras ha invertido 486 mil mdp en mega proyectos de la 4T - Pruebas Noticias IMER\" \/>\n<meta property=\"og:description\" content=\"El 34 por ciento de los cr\u00e9ditos de Banobras han sido destinados a la zona sur del pa\u00eds, as\u00ed lo asegur\u00f3 su director general, Jorge Mendoza.\" \/>\n<meta property=\"og:url\" content=\"https:\/\/noticias.imer.mx\/propuesta\/2023\/02\/21\/banobras-ha-invertido-486-mil-mdp-en-mega-proyectos-de-la-4t\/\" \/>\n<meta property=\"og:site_name\" content=\"Pruebas Noticias IMER\" \/>\n<meta property=\"article:published_time\" content=\"2023-02-22T02:38:56+00:00\" \/>\n<meta property=\"article:modified_time\" content=\"2023-04-11T20:14:12+00:00\" \/>\n<meta name=\"author\" content=\"serveradmin\" \/>\n<meta name=\"twitter:card\" content=\"summary_large_image\" \/>\n<meta name=\"twitter:label1\" content=\"Escrito por\" \/>\n\t<meta name=\"twitter:data1\" content=\"serveradmin\" \/>\n\t<meta name=\"twitter:label2\" content=\"Tiempo de lectura\" \/>\n\t<meta name=\"twitter:data2\" content=\"3 minutos\" \/>\n<script type=\"application\/ld+json\" class=\"yoast-schema-graph\">{\"@context\":\"https:\/\/schema.org\",\"@graph\":[{\"@type\":\"WebPage\",\"@id\":\"https:\/\/noticias.imer.mx\/propuesta\/2023\/02\/21\/banobras-ha-invertido-486-mil-mdp-en-mega-proyectos-de-la-4t\/\",\"url\":\"https:\/\/noticias.imer.mx\/propuesta\/2023\/02\/21\/banobras-ha-invertido-486-mil-mdp-en-mega-proyectos-de-la-4t\/\",\"name\":\"Banobras ha invertido 486 mil mdp en mega proyectos de la 4T - Pruebas Noticias IMER\",\"isPartOf\":{\"@id\":\"https:\/\/noticias.imer.mx\/propuesta\/#website\"},\"datePublished\":\"2023-02-22T02:38:56+00:00\",\"dateModified\":\"2023-04-11T20:14:12+00:00\",\"author\":{\"@id\":\"https:\/\/noticias.imer.mx\/propuesta\/#\/schema\/person\/967c1f66b6217bbd12b628cc10f6e76d\"},\"description\":\"El 34 por ciento de los cr\u00e9ditos de Banobras han sido destinados a la zona sur del pa\u00eds, as\u00ed lo asegur\u00f3 su director general, Jorge Mendoza.\",\"breadcrumb\":{\"@id\":\"https:\/\/noticias.imer.mx\/propuesta\/2023\/02\/21\/banobras-ha-invertido-486-mil-mdp-en-mega-proyectos-de-la-4t\/#breadcrumb\"},\"inLanguage\":\"es\",\"potentialAction\":[{\"@type\":\"ReadAction\",\"target\":[\"https:\/\/noticias.imer.mx\/propuesta\/2023\/02\/21\/banobras-ha-invertido-486-mil-mdp-en-mega-proyectos-de-la-4t\/\"]}]},{\"@type\":\"BreadcrumbList\",\"@id\":\"https:\/\/noticias.imer.mx\/propuesta\/2023\/02\/21\/banobras-ha-invertido-486-mil-mdp-en-mega-proyectos-de-la-4t\/#breadcrumb\",\"itemListElement\":[{\"@type\":\"ListItem\",\"position\":1,\"name\":\"Portada\",\"item\":\"https:\/\/noticias.imer.mx\/propuesta\/\"},{\"@type\":\"ListItem\",\"position\":2,\"name\":\"Banobras ha invertido 486 mil mdp en mega proyectos de la 4T\"}]},{\"@type\":\"WebSite\",\"@id\":\"https:\/\/noticias.imer.mx\/propuesta\/#website\",\"url\":\"https:\/\/noticias.imer.mx\/propuesta\/\",\"name\":\"Pruebas Noticias IMER\",\"description\":\"Otro sitio m\u00e1s de IMER Noticias\",\"potentialAction\":[{\"@type\":\"SearchAction\",\"target\":{\"@type\":\"EntryPoint\",\"urlTemplate\":\"https:\/\/noticias.imer.mx\/propuesta\/?s={search_term_string}\"},\"query-input\":\"required name=search_term_string\"}],\"inLanguage\":\"es\"},{\"@type\":\"Person\",\"@id\":\"https:\/\/noticias.imer.mx\/propuesta\/#\/schema\/person\/967c1f66b6217bbd12b628cc10f6e76d\",\"name\":\"serveradmin\",\"image\":{\"@type\":\"ImageObject\",\"inLanguage\":\"es\",\"@id\":\"https:\/\/noticias.imer.mx\/propuesta\/#\/schema\/person\/image\/\",\"url\":\"https:\/\/secure.gravatar.com\/avatar\/b7032212b076bde88e044d76d65f2c7b?s=96&d=mm&r=g\",\"contentUrl\":\"https:\/\/secure.gravatar.com\/avatar\/b7032212b076bde88e044d76d65f2c7b?s=96&d=mm&r=g\",\"caption\":\"serveradmin\"},\"url\":\"https:\/\/noticias.imer.mx\/propuesta\/author\/serveradmin\/\"}]}<\/script>\n<!-- \/ Yoast SEO plugin. -->","yoast_head_json":{"title":"Banobras ha invertido 486 mil mdp en mega proyectos de la 4T - Pruebas Noticias IMER","description":"El 34 por ciento de los cr\u00e9ditos de Banobras han sido destinados a la zona sur del pa\u00eds, as\u00ed lo asegur\u00f3 su director general, Jorge Mendoza.","robots":{"index":"index","follow":"follow","max-snippet":"max-snippet:-1","max-image-preview":"max-image-preview:large","max-video-preview":"max-video-preview:-1"},"canonical":"https:\/\/noticias.imer.mx\/propuesta\/2023\/02\/21\/banobras-ha-invertido-486-mil-mdp-en-mega-proyectos-de-la-4t\/","og_locale":"es_ES","og_type":"article","og_title":"Banobras ha invertido 486 mil mdp en mega proyectos de la 4T - Pruebas Noticias IMER","og_description":"El 34 por ciento de los cr\u00e9ditos de Banobras han sido destinados a la zona sur del pa\u00eds, as\u00ed lo asegur\u00f3 su director general, Jorge Mendoza.","og_url":"https:\/\/noticias.imer.mx\/propuesta\/2023\/02\/21\/banobras-ha-invertido-486-mil-mdp-en-mega-proyectos-de-la-4t\/","og_site_name":"Pruebas Noticias IMER","article_published_time":"2023-02-22T02:38:56+00:00","article_modified_time":"2023-04-11T20:14:12+00:00","author":"serveradmin","twitter_card":"summary_large_image","twitter_misc":{"Escrito por":"serveradmin","Tiempo de lectura":"3 minutos"},"schema":{"@context":"https:\/\/schema.org","@graph":[{"@type":"WebPage","@id":"https:\/\/noticias.imer.mx\/propuesta\/2023\/02\/21\/banobras-ha-invertido-486-mil-mdp-en-mega-proyectos-de-la-4t\/","url":"https:\/\/noticias.imer.mx\/propuesta\/2023\/02\/21\/banobras-ha-invertido-486-mil-mdp-en-mega-proyectos-de-la-4t\/","name":"Banobras ha invertido 486 mil mdp en mega proyectos de la 4T - Pruebas Noticias IMER","isPartOf":{"@id":"https:\/\/noticias.imer.mx\/propuesta\/#website"},"datePublished":"2023-02-22T02:38:56+00:00","dateModified":"2023-04-11T20:14:12+00:00","author":{"@id":"https:\/\/noticias.imer.mx\/propuesta\/#\/schema\/person\/967c1f66b6217bbd12b628cc10f6e76d"},"description":"El 34 por ciento de los cr\u00e9ditos de Banobras han sido destinados a la zona sur del pa\u00eds, as\u00ed lo asegur\u00f3 su director general, Jorge Mendoza.","breadcrumb":{"@id":"https:\/\/noticias.imer.mx\/propuesta\/2023\/02\/21\/banobras-ha-invertido-486-mil-mdp-en-mega-proyectos-de-la-4t\/#breadcrumb"},"inLanguage":"es","potentialAction":[{"@type":"ReadAction","target":["https:\/\/noticias.imer.mx\/propuesta\/2023\/02\/21\/banobras-ha-invertido-486-mil-mdp-en-mega-proyectos-de-la-4t\/"]}]},{"@type":"BreadcrumbList","@id":"https:\/\/noticias.imer.mx\/propuesta\/2023\/02\/21\/banobras-ha-invertido-486-mil-mdp-en-mega-proyectos-de-la-4t\/#breadcrumb","itemListElement":[{"@type":"ListItem","position":1,"name":"Portada","item":"https:\/\/noticias.imer.mx\/propuesta\/"},{"@type":"ListItem","position":2,"name":"Banobras ha invertido 486 mil mdp en mega proyectos de la 4T"}]},{"@type":"WebSite","@id":"https:\/\/noticias.imer.mx\/propuesta\/#website","url":"https:\/\/noticias.imer.mx\/propuesta\/","name":"Pruebas Noticias IMER","description":"Otro sitio m\u00e1s de IMER Noticias","potentialAction":[{"@type":"SearchAction","target":{"@type":"EntryPoint","urlTemplate":"https:\/\/noticias.imer.mx\/propuesta\/?s={search_term_string}"},"query-input":"required name=search_term_string"}],"inLanguage":"es"},{"@type":"Person","@id":"https:\/\/noticias.imer.mx\/propuesta\/#\/schema\/person\/967c1f66b6217bbd12b628cc10f6e76d","name":"serveradmin","image":{"@type":"ImageObject","inLanguage":"es","@id":"https:\/\/noticias.imer.mx\/propuesta\/#\/schema\/person\/image\/","url":"https:\/\/secure.gravatar.com\/avatar\/b7032212b076bde88e044d76d65f2c7b?s=96&d=mm&r=g","contentUrl":"https:\/\/secure.gravatar.com\/avatar\/b7032212b076bde88e044d76d65f2c7b?s=96&d=mm&r=g","caption":"serveradmin"},"url":"https:\/\/noticias.imer.mx\/propuesta\/author\/serveradmin\/"}]}},"_links":{"self":[{"href":"https:\/\/noticias.imer.mx\/propuesta\/wp-json\/wp\/v2\/posts\/128146"}],"collection":[{"href":"https:\/\/noticias.imer.mx\/propuesta\/wp-json\/wp\/v2\/posts"}],"about":[{"href":"https:\/\/noticias.imer.mx\/propuesta\/wp-json\/wp\/v2\/types\/post"}],"author":[{"embeddable":true,"href":"https:\/\/noticias.imer.mx\/propuesta\/wp-json\/wp\/v2\/users\/30"}],"replies":[{"embeddable":true,"href":"https:\/\/noticias.imer.mx\/propuesta\/wp-json\/wp\/v2\/comments?post=128146"}],"version-history":[{"count":1,"href":"https:\/\/noticias.imer.mx\/propuesta\/wp-json\/wp\/v2\/posts\/128146\/revisions"}],"predecessor-version":[{"id":130540,"href":"https:\/\/noticias.imer.mx\/propuesta\/wp-json\/wp\/v2\/posts\/128146\/revisions\/130540"}],"wp:featuredmedia":[{"embeddable":true,"href":"https:\/\/noticias.imer.mx\/propuesta\/wp-json\/"}],"wp:attachment":[{"href":"https:\/\/noticias.imer.mx\/propuesta\/wp-json\/wp\/v2\/media?parent=128146"}],"wp:term":[{"taxonomy":"category","embeddable":true,"href":"https:\/\/noticias.imer.mx\/propuesta\/wp-json\/wp\/v2\/categories?post=128146"},{"taxonomy":"post_tag","embeddable":true,"href":"https:\/\/noticias.imer.mx\/propuesta\/wp-json\/wp\/v2\/tags?post=128146"}],"curies":[{"name":"wp","href":"https:\/\/api.w.org\/{rel}","templated":true}]}}