{"id":128123,"date":"2023-02-21T19:20:26","date_gmt":"2023-02-22T01:20:26","guid":{"rendered":"http:\/\/noticias.imer.mx\/?p=128123"},"modified":"2023-04-11T20:14:12","modified_gmt":"2023-04-11T20:14:12","slug":"estos-son-los-estados-que-pelean-por-la-planta-de-tesla-en-mexico","status":"publish","type":"post","link":"https:\/\/noticias.imer.mx\/propuesta\/2023\/02\/21\/estos-son-los-estados-que-pelean-por-la-planta-de-tesla-en-mexico\/","title":{"rendered":"Estos son los estados que pelean por la planta de Tesla en M\u00e9xico"},"content":{"rendered":"<p><em>Hidalgo, Michoac\u00e1n, Nuevo Le\u00f3n, Estado de M\u00e9xico, Tamaulipas, Guanajuato, San Luis Potos\u00ed, Veracruz, Durango y Chihuahua son los estados que quieren a Tesla. \u00bfQu\u00e9 ofrecen?<\/em><\/p>\n<p><span style=\"font-weight: 400\"><div class=\"gap\" style=\"line-height: 10px; height: 10px;\"><\/div><\/span><\/p>\n<p><span style=\"font-weight: 400\"><\/p>\n<div class=\"hr-thin\"><\/div>\n<p><\/span><\/p>\n<p style=\"text-align: center\"><b>Fabi\u00e1n Vega<\/b><\/p>\n<p><span style=\"font-weight: 400\"><\/p>\n<div class=\"hr-thin\"><\/div>\n<p><\/span><\/p>\n<p><span style=\"font-weight: 400\"><div class=\"gap\" style=\"line-height: 10px; height: 10px;\"><\/div><\/span><\/p>\n<p>&nbsp;<\/p>\n<p>Tras el anuncio de <strong>Tesla<\/strong> de invertir con su planta de <strong>autom\u00f3viles<\/strong> en <strong>M\u00e9xico<\/strong>,\u00a0<strong>L\u00f3pez Obrador<\/strong> llam\u00f3 a dirigir el crecimiento econ\u00f3mico hacia zonas que cuenten con el agua suficiente para las nuevas inversiones.<\/p>\n<p>&nbsp;<\/p>\n<p>Ante la escasez del vital l\u00edquido que sigue enfrentando <strong>Nuevo Le\u00f3n<\/strong>, el presidente anticip\u00f3 que las<a href=\"https:\/\/noticias.imer.mx\/blog\/banobras-ha-invertido-486-mil-mdp-en-mega-proyectos-de-la-4t\/\"> obras<\/a> que se realizan en el estado solo garantizan agua para un periodo de cinco a\u00f1os m\u00e1s.<\/p>\n<p>&nbsp;<\/p>\n<p>En conferencia de prensa el mandatario sugiri\u00f3 a <strong>Hidalgo<\/strong> y al <strong>sureste<\/strong> <strong>mexicano<\/strong> como posibles candidatos. Por concentrar m\u00e1s del 70 por ciento del l\u00edquido en el pa\u00eds.<\/p>\n<p>&nbsp;<\/p>\n<blockquote><p><span style=\"color: #3d395a\">\u201cQue se oriente el crecimiento hacia las costas, sobre todo del Golfo, porque se tiene el agua\u201d.<\/span><\/p><\/blockquote>\n<p>&nbsp;<\/p>\n<p>AMLO record\u00f3 que M\u00e9xico se encuentra en los primeros lugares en atracci\u00f3n de inversi\u00f3n extranjera y para la creaci\u00f3n de empresas.<\/p>\n<p>&nbsp;<\/p>\n<blockquote><p><span style=\"color: #3d395a\">\u201cEst\u00e1 estudiado, analizado y M\u00e9xico tiene mucho potencial para que se siga desarrollando la industria en nuestro pa\u00eds\u201d.<\/span><\/p><\/blockquote>\n<p>&nbsp;<\/p>\n<p>El mandatario pidi\u00f3 no actuar de forma irresponsable y contemplar todos los recursos disponibles.<\/p>\n<p><strong>\u00a0<\/strong><\/p>\n<h4><span style=\"color: #308446\"><strong>NL cuenta con la mano de obra: Secretar\u00eda de Trabajo del estado<\/strong><\/span><\/h4>\n<p>&nbsp;<\/p>\n<p>Federico Rojas Veloquio, secretario de Trabajo en Nuevo Le\u00f3n, expres\u00f3 su confianza para instalar a <a href=\"https:\/\/www.tesla.com\/es_mx\">Tesla en el estado<\/a>. Por contar con mano de obra, \u201cpaz laboral\u201d y el bienestar de los trabajadores a trav\u00e9s de los sindicatos estatales.<\/p>\n<p>&nbsp;<\/p>\n<p>En conferencia de prensa, afirm\u00f3 que el estado cuenta con las condiciones para la instalaci\u00f3n de la planta de Elon Musk.<\/p>\n<p>&nbsp;<\/p>\n<blockquote><p><span style=\"color: #3d395a\">\u201cLos inversionistas saben que en Nuevo Le\u00f3n tienen la mano de obra calificada, tienen las condiciones de trabajo y pues la paz laboral. Que tambi\u00e9n les da la garant\u00eda de que sus centros de trabajo, sus empresas van a tener siempre una posibilidad de estar produciendo con orden. Nosotros vigilando el cumplimento de los derechos laborales\u201d.<\/span><\/p><\/blockquote>\n<p>&nbsp;<\/p>\n<h4><span style=\"color: #308446\"><strong>No importa si es norte, centro o sur, importa que venga: Concamin<\/strong><\/span><\/h4>\n<p><strong>\u00a0<\/strong><\/p>\n<p>Por su parte, Jos\u00e9 Abugaber Andonie, presidente de la Confederaci\u00f3n de C\u00e1maras Industriales de M\u00e9xico (Concamin) dijo que las declaraciones del presidente no influyen, ya que la compa\u00f1\u00eda ser\u00e1 la que decida lo mejor para ella.<\/p>\n<p>&nbsp;<\/p>\n<blockquote><p><span style=\"color: #3d395a\">\u201cYo estoy seguro que, si Tesla ya tiene decidido venir a M\u00e9xico, pasen las disputas que pasen entre ambos gobiernos, va venir, eso est\u00e1 muy claro\u201d.<\/span><\/p><\/blockquote>\n<p>&nbsp;<\/p>\n<p>Sin embargo, Abugaber tambi\u00e9n se\u00f1al\u00f3 a otros estados como posibles candidatos para la industria automotriz: <strong>Guanajuato<\/strong>, <strong>Aguascalientes<\/strong> y <strong>Quer\u00e9taro<\/strong>.<\/p>\n<p>&nbsp;<\/p>\n<p>\u201cNo se trata de competir entre estados, se trata de que se quede Tesla\u201d, puntualiz\u00f3.<\/p>\n<p>&nbsp;<\/p>\n<h4><strong><span style=\"color: #308446\">Chihuahua se suma a la \u00abpelea\u00bb por Tesla<\/span><\/strong><\/h4>\n<p>&nbsp;<\/p>\n<p>La gobernadora de Chihuahua, Mar\u00eda Eugenia Campos expres\u00f3 su inter\u00e9s en que el estado se quede con la planta de Tesla. Indic\u00f3 que ya se encuentran realizando gestiones.<\/p>\n<p>&nbsp;<\/p>\n<blockquote><p><span style=\"color: #3d395a\">\u00abYo quiero decirles que apenas inici\u00f3 la gesti\u00f3n y la gesti\u00f3n es muy importante que se considere el Estado de Chihuahua, Chihuahua Capital \u00bfPor qu\u00e9? Porque aqu\u00ed tenemos un super\u00e1vit de energ\u00eda el\u00e9ctrica que pues llena las condiciones que necesita Tesla para instalarse aqu\u00ed\u00bb.<\/span><\/p><\/blockquote>\n<p>&nbsp;<\/p>\n<p>&nbsp;<\/p>\n<p><span style=\"font-weight: 400\"><div class=\"gap\" style=\"line-height: 10px; height: 10px;\"><\/div><\/span><\/p>\n<p><span style=\"font-weight: 400\"><\/p>\n<div class=\"hr-thick\"><\/div>\n<p><\/span><\/p>\n<p><span style=\"font-weight: 400\"><div class=\"gap\" style=\"line-height: 10px; height: 10px;\"><\/div><\/span><\/p>\n<p><span style=\"font-weight: 400\"><span class=\"dt-highlight\" >Te recomendamos:<\/span><\/span><\/p>\n<blockquote class=\"wp-embedded-content\" data-secret=\"ck4iGd5Can\"><p><a href=\"https:\/\/noticias.imer.mx\/blog\/proxima-meta-del-plan-energetico-de-la-4t-detonar-el-sureste\/\">Pr\u00f3xima meta del plan energ\u00e9tico de la 4T: detonar el sureste<\/a><\/p><\/blockquote>\n<p><iframe class=\"wp-embedded-content\" sandbox=\"allow-scripts\" security=\"restricted\" style=\"position: absolute; clip: rect(1px, 1px, 1px, 1px);\" title=\"\u00abPr\u00f3xima meta del plan energ\u00e9tico de la 4T: detonar el sureste\u00bb \u2014 IMER Noticias\" src=\"https:\/\/noticias.imer.mx\/blog\/proxima-meta-del-plan-energetico-de-la-4t-detonar-el-sureste\/embed\/#?secret=ck4iGd5Can\" data-secret=\"ck4iGd5Can\" width=\"600\" height=\"338\" frameborder=\"0\" marginwidth=\"0\" marginheight=\"0\" scrolling=\"no\"><\/iframe><\/p>\n","protected":false},"excerpt":{"rendered":"<p>Hidalgo, Michoac\u00e1n, Nuevo Le\u00f3n, Estado de M\u00e9xico, Tamaulipas, Guanajuato, San Luis Potos\u00ed, Veracruz, Durango y Chihuahua pelean por Tesla.<\/p>\n","protected":false},"author":30,"featured_media":128124,"comment_status":"open","ping_status":"open","sticky":false,"template":"","format":"standard","meta":{"wp_popup_display_lightbox":0,"wp_popup_suppress":"","wp_popup_trigger":"","wp_popup_trigger_amount":0,"wp_popup_disable_on_mobile":false},"categories":[2,29,13],"tags":[1042,5345,7664,10141,11062,14678],"yoast_head":"<!-- This site is optimized with the Yoast SEO plugin v21.0 - https:\/\/yoast.com\/wordpress\/plugins\/seo\/ -->\n<title>Estos son los estados que pelean por la planta de Tesla en M\u00e9xico - Pruebas Noticias IMER<\/title>\n<meta name=\"description\" content=\"Hidalgo, Michoac\u00e1n, Nuevo Le\u00f3n, Estado de M\u00e9xico, Tamaulipas, Guanajuato, San Luis Potos\u00ed, Veracruz, Durango y Chihuahua pelean por Tesla.\" \/>\n<meta name=\"robots\" content=\"index, follow, max-snippet:-1, max-image-preview:large, max-video-preview:-1\" \/>\n<link rel=\"canonical\" href=\"https:\/\/noticias.imer.mx\/propuesta\/2023\/02\/21\/estos-son-los-estados-que-pelean-por-la-planta-de-tesla-en-mexico\/\" \/>\n<meta property=\"og:locale\" content=\"es_ES\" \/>\n<meta property=\"og:type\" content=\"article\" \/>\n<meta property=\"og:title\" content=\"Estos son los estados que pelean por la planta de Tesla en M\u00e9xico - Pruebas Noticias IMER\" \/>\n<meta property=\"og:description\" content=\"Hidalgo, Michoac\u00e1n, Nuevo Le\u00f3n, Estado de M\u00e9xico, Tamaulipas, Guanajuato, San Luis Potos\u00ed, Veracruz, Durango y Chihuahua pelean por Tesla.\" \/>\n<meta property=\"og:url\" content=\"https:\/\/noticias.imer.mx\/propuesta\/2023\/02\/21\/estos-son-los-estados-que-pelean-por-la-planta-de-tesla-en-mexico\/\" \/>\n<meta property=\"og:site_name\" content=\"Pruebas Noticias IMER\" \/>\n<meta property=\"article:published_time\" content=\"2023-02-22T01:20:26+00:00\" \/>\n<meta property=\"article:modified_time\" content=\"2023-04-11T20:14:12+00:00\" \/>\n<meta name=\"author\" content=\"serveradmin\" \/>\n<meta name=\"twitter:card\" content=\"summary_large_image\" \/>\n<meta name=\"twitter:label1\" content=\"Escrito por\" \/>\n\t<meta name=\"twitter:data1\" content=\"serveradmin\" \/>\n\t<meta name=\"twitter:label2\" content=\"Tiempo de lectura\" \/>\n\t<meta name=\"twitter:data2\" content=\"3 minutos\" \/>\n<script type=\"application\/ld+json\" class=\"yoast-schema-graph\">{\"@context\":\"https:\/\/schema.org\",\"@graph\":[{\"@type\":\"WebPage\",\"@id\":\"https:\/\/noticias.imer.mx\/propuesta\/2023\/02\/21\/estos-son-los-estados-que-pelean-por-la-planta-de-tesla-en-mexico\/\",\"url\":\"https:\/\/noticias.imer.mx\/propuesta\/2023\/02\/21\/estos-son-los-estados-que-pelean-por-la-planta-de-tesla-en-mexico\/\",\"name\":\"Estos son los estados que pelean por la planta de Tesla en M\u00e9xico - Pruebas Noticias IMER\",\"isPartOf\":{\"@id\":\"https:\/\/noticias.imer.mx\/propuesta\/#website\"},\"datePublished\":\"2023-02-22T01:20:26+00:00\",\"dateModified\":\"2023-04-11T20:14:12+00:00\",\"author\":{\"@id\":\"https:\/\/noticias.imer.mx\/propuesta\/#\/schema\/person\/967c1f66b6217bbd12b628cc10f6e76d\"},\"description\":\"Hidalgo, Michoac\u00e1n, Nuevo Le\u00f3n, Estado de M\u00e9xico, Tamaulipas, Guanajuato, San Luis Potos\u00ed, Veracruz, Durango y Chihuahua pelean por Tesla.\",\"breadcrumb\":{\"@id\":\"https:\/\/noticias.imer.mx\/propuesta\/2023\/02\/21\/estos-son-los-estados-que-pelean-por-la-planta-de-tesla-en-mexico\/#breadcrumb\"},\"inLanguage\":\"es\",\"potentialAction\":[{\"@type\":\"ReadAction\",\"target\":[\"https:\/\/noticias.imer.mx\/propuesta\/2023\/02\/21\/estos-son-los-estados-que-pelean-por-la-planta-de-tesla-en-mexico\/\"]}]},{\"@type\":\"BreadcrumbList\",\"@id\":\"https:\/\/noticias.imer.mx\/propuesta\/2023\/02\/21\/estos-son-los-estados-que-pelean-por-la-planta-de-tesla-en-mexico\/#breadcrumb\",\"itemListElement\":[{\"@type\":\"ListItem\",\"position\":1,\"name\":\"Portada\",\"item\":\"https:\/\/noticias.imer.mx\/propuesta\/\"},{\"@type\":\"ListItem\",\"position\":2,\"name\":\"Estos son los estados que pelean por la planta de Tesla en M\u00e9xico\"}]},{\"@type\":\"WebSite\",\"@id\":\"https:\/\/noticias.imer.mx\/propuesta\/#website\",\"url\":\"https:\/\/noticias.imer.mx\/propuesta\/\",\"name\":\"Pruebas Noticias IMER\",\"description\":\"Otro sitio m\u00e1s de IMER Noticias\",\"potentialAction\":[{\"@type\":\"SearchAction\",\"target\":{\"@type\":\"EntryPoint\",\"urlTemplate\":\"https:\/\/noticias.imer.mx\/propuesta\/?s={search_term_string}\"},\"query-input\":\"required name=search_term_string\"}],\"inLanguage\":\"es\"},{\"@type\":\"Person\",\"@id\":\"https:\/\/noticias.imer.mx\/propuesta\/#\/schema\/person\/967c1f66b6217bbd12b628cc10f6e76d\",\"name\":\"serveradmin\",\"image\":{\"@type\":\"ImageObject\",\"inLanguage\":\"es\",\"@id\":\"https:\/\/noticias.imer.mx\/propuesta\/#\/schema\/person\/image\/\",\"url\":\"https:\/\/secure.gravatar.com\/avatar\/b7032212b076bde88e044d76d65f2c7b?s=96&d=mm&r=g\",\"contentUrl\":\"https:\/\/secure.gravatar.com\/avatar\/b7032212b076bde88e044d76d65f2c7b?s=96&d=mm&r=g\",\"caption\":\"serveradmin\"},\"url\":\"https:\/\/noticias.imer.mx\/propuesta\/author\/serveradmin\/\"}]}<\/script>\n<!-- \/ Yoast SEO plugin. -->","yoast_head_json":{"title":"Estos son los estados que pelean por la planta de Tesla en M\u00e9xico - Pruebas Noticias IMER","description":"Hidalgo, Michoac\u00e1n, Nuevo Le\u00f3n, Estado de M\u00e9xico, Tamaulipas, Guanajuato, San Luis Potos\u00ed, Veracruz, Durango y Chihuahua pelean por Tesla.","robots":{"index":"index","follow":"follow","max-snippet":"max-snippet:-1","max-image-preview":"max-image-preview:large","max-video-preview":"max-video-preview:-1"},"canonical":"https:\/\/noticias.imer.mx\/propuesta\/2023\/02\/21\/estos-son-los-estados-que-pelean-por-la-planta-de-tesla-en-mexico\/","og_locale":"es_ES","og_type":"article","og_title":"Estos son los estados que pelean por la planta de Tesla en M\u00e9xico - Pruebas Noticias IMER","og_description":"Hidalgo, Michoac\u00e1n, Nuevo Le\u00f3n, Estado de M\u00e9xico, Tamaulipas, Guanajuato, San Luis Potos\u00ed, Veracruz, Durango y Chihuahua pelean por Tesla.","og_url":"https:\/\/noticias.imer.mx\/propuesta\/2023\/02\/21\/estos-son-los-estados-que-pelean-por-la-planta-de-tesla-en-mexico\/","og_site_name":"Pruebas Noticias IMER","article_published_time":"2023-02-22T01:20:26+00:00","article_modified_time":"2023-04-11T20:14:12+00:00","author":"serveradmin","twitter_card":"summary_large_image","twitter_misc":{"Escrito por":"serveradmin","Tiempo de lectura":"3 minutos"},"schema":{"@context":"https:\/\/schema.org","@graph":[{"@type":"WebPage","@id":"https:\/\/noticias.imer.mx\/propuesta\/2023\/02\/21\/estos-son-los-estados-que-pelean-por-la-planta-de-tesla-en-mexico\/","url":"https:\/\/noticias.imer.mx\/propuesta\/2023\/02\/21\/estos-son-los-estados-que-pelean-por-la-planta-de-tesla-en-mexico\/","name":"Estos son los estados que pelean por la planta de Tesla en M\u00e9xico - Pruebas Noticias IMER","isPartOf":{"@id":"https:\/\/noticias.imer.mx\/propuesta\/#website"},"datePublished":"2023-02-22T01:20:26+00:00","dateModified":"2023-04-11T20:14:12+00:00","author":{"@id":"https:\/\/noticias.imer.mx\/propuesta\/#\/schema\/person\/967c1f66b6217bbd12b628cc10f6e76d"},"description":"Hidalgo, Michoac\u00e1n, Nuevo Le\u00f3n, Estado de M\u00e9xico, Tamaulipas, Guanajuato, San Luis Potos\u00ed, Veracruz, Durango y Chihuahua pelean por Tesla.","breadcrumb":{"@id":"https:\/\/noticias.imer.mx\/propuesta\/2023\/02\/21\/estos-son-los-estados-que-pelean-por-la-planta-de-tesla-en-mexico\/#breadcrumb"},"inLanguage":"es","potentialAction":[{"@type":"ReadAction","target":["https:\/\/noticias.imer.mx\/propuesta\/2023\/02\/21\/estos-son-los-estados-que-pelean-por-la-planta-de-tesla-en-mexico\/"]}]},{"@type":"BreadcrumbList","@id":"https:\/\/noticias.imer.mx\/propuesta\/2023\/02\/21\/estos-son-los-estados-que-pelean-por-la-planta-de-tesla-en-mexico\/#breadcrumb","itemListElement":[{"@type":"ListItem","position":1,"name":"Portada","item":"https:\/\/noticias.imer.mx\/propuesta\/"},{"@type":"ListItem","position":2,"name":"Estos son los estados que pelean por la planta de Tesla en M\u00e9xico"}]},{"@type":"WebSite","@id":"https:\/\/noticias.imer.mx\/propuesta\/#website","url":"https:\/\/noticias.imer.mx\/propuesta\/","name":"Pruebas Noticias IMER","description":"Otro sitio m\u00e1s de IMER Noticias","potentialAction":[{"@type":"SearchAction","target":{"@type":"EntryPoint","urlTemplate":"https:\/\/noticias.imer.mx\/propuesta\/?s={search_term_string}"},"query-input":"required name=search_term_string"}],"inLanguage":"es"},{"@type":"Person","@id":"https:\/\/noticias.imer.mx\/propuesta\/#\/schema\/person\/967c1f66b6217bbd12b628cc10f6e76d","name":"serveradmin","image":{"@type":"ImageObject","inLanguage":"es","@id":"https:\/\/noticias.imer.mx\/propuesta\/#\/schema\/person\/image\/","url":"https:\/\/secure.gravatar.com\/avatar\/b7032212b076bde88e044d76d65f2c7b?s=96&d=mm&r=g","contentUrl":"https:\/\/secure.gravatar.com\/avatar\/b7032212b076bde88e044d76d65f2c7b?s=96&d=mm&r=g","caption":"serveradmin"},"url":"https:\/\/noticias.imer.mx\/propuesta\/author\/serveradmin\/"}]}},"_links":{"self":[{"href":"https:\/\/noticias.imer.mx\/propuesta\/wp-json\/wp\/v2\/posts\/128123"}],"collection":[{"href":"https:\/\/noticias.imer.mx\/propuesta\/wp-json\/wp\/v2\/posts"}],"about":[{"href":"https:\/\/noticias.imer.mx\/propuesta\/wp-json\/wp\/v2\/types\/post"}],"author":[{"embeddable":true,"href":"https:\/\/noticias.imer.mx\/propuesta\/wp-json\/wp\/v2\/users\/30"}],"replies":[{"embeddable":true,"href":"https:\/\/noticias.imer.mx\/propuesta\/wp-json\/wp\/v2\/comments?post=128123"}],"version-history":[{"count":1,"href":"https:\/\/noticias.imer.mx\/propuesta\/wp-json\/wp\/v2\/posts\/128123\/revisions"}],"predecessor-version":[{"id":130541,"href":"https:\/\/noticias.imer.mx\/propuesta\/wp-json\/wp\/v2\/posts\/128123\/revisions\/130541"}],"wp:featuredmedia":[{"embeddable":true,"href":"https:\/\/noticias.imer.mx\/propuesta\/wp-json\/"}],"wp:attachment":[{"href":"https:\/\/noticias.imer.mx\/propuesta\/wp-json\/wp\/v2\/media?parent=128123"}],"wp:term":[{"taxonomy":"category","embeddable":true,"href":"https:\/\/noticias.imer.mx\/propuesta\/wp-json\/wp\/v2\/categories?post=128123"},{"taxonomy":"post_tag","embeddable":true,"href":"https:\/\/noticias.imer.mx\/propuesta\/wp-json\/wp\/v2\/tags?post=128123"}],"curies":[{"name":"wp","href":"https:\/\/api.w.org\/{rel}","templated":true}]}}