{"id":128081,"date":"2023-02-21T13:38:36","date_gmt":"2023-02-21T19:38:36","guid":{"rendered":"http:\/\/noticias.imer.mx\/?p=128081"},"modified":"2023-04-11T20:14:13","modified_gmt":"2023-04-11T20:14:13","slug":"este-es-el-esquema-de-corrupcion-que-amlo-quiere-que-retomen-contra-garcia-luna","status":"publish","type":"post","link":"https:\/\/noticias.imer.mx\/propuesta\/2023\/02\/21\/este-es-el-esquema-de-corrupcion-que-amlo-quiere-que-retomen-contra-garcia-luna\/","title":{"rendered":"Este es el esquema de corrupci\u00f3n que AMLO quiere que retomen contra Garc\u00eda Luna"},"content":{"rendered":"<p><em>El presidente lament\u00f3 que los fiscales de Estados Unidos no consideraran la denuncia presentada por M\u00e9xico sobre la presunta red de corrupci\u00f3n que encabezaba el exfuncionario.<\/em><\/p>\n<p>&nbsp;<\/p>\n<div class=\"hr-thin\"><\/div>\n<div class=\"gap\" style=\"line-height: 10px; height: 10px;\"><\/div>\n<p style=\"text-align: center\"><strong>IMER Noticias<\/strong><\/p>\n<div class=\"gap\" style=\"line-height: 10px; height: 10px;\"><\/div>\n<div class=\"hr-thin\"><\/div>\n<p>&nbsp;<\/p>\n<p>El presidente <strong>Andr\u00e9s Manuel L\u00f3pez Obrador<\/strong> reproch\u00f3 a los fiscales de Estados Unidos por su actuaci\u00f3n en el juicio contra el exsecretario de Seguridad P\u00fablica, <a href=\"https:\/\/noticias.imer.mx\/blog\/jurado-decidira-futuro-de-garcia-luna-culpable-o-inocente\/\"><strong>Genaro Garc\u00eda Luna<\/strong><\/a>, al se\u00f1alar que no consideraron la denuncia presentada por M\u00e9xico sobre la <strong>red de corrupci\u00f3n<\/strong> en la que estaba involucrado el exfuncionario.<\/p>\n<p>&nbsp;<\/p>\n<p>L\u00f3pez Obrador critic\u00f3 que la fiscal\u00eda no haya tomado en cuenta la <strong>demanda <\/strong>que present\u00f3 la Unidad de Inteligencia Financiera en su contra, desde el 21 de septiembre de 2021 ante un tribunal de Florida, sobre una red de lavado de dinero que implic\u00f3 una afectaci\u00f3n al erario mexicano por <strong>m\u00e1s de 745 millones de d\u00f3lares<\/strong>.<\/p>\n<p>&nbsp;<\/p>\n<p>Adem\u00e1s, confirm\u00f3 que habr\u00e1 investigaciones en M\u00e9xico contra Garc\u00eda Luna a partir de las declaraciones emitidas durante el juicio.<\/p>\n<p>&nbsp;<\/p>\n<p>&nbsp;<\/p>\n<h4><span style=\"color: #308446\"><strong>La trama de corrupci\u00f3n de Garc\u00eda Luna<\/strong><\/span><\/h4>\n<p>&nbsp;<\/p>\n<p>De acuerdo con un informe de la <strong>Unidad de Inteligencia Financiera<\/strong>, durante m\u00e1s de 20 a\u00f1os como funcionario p\u00fablico, Genaro Garc\u00eda Luna obtuvo 40 contratos con diversos \u00f3rganos de seguridad p\u00fablica en M\u00e9xico, a trav\u00e9s de un conglomerado empresarial familiar.<\/p>\n<p>&nbsp;<\/p>\n<p>En total, habr\u00edan participado 44 empresas para realizar las contrataciones il\u00edcitas y transferir los recursos al extranjero.<\/p>\n<p>&nbsp;<\/p>\n<p>La UIF se\u00f1ala a <strong>Linda Cristina Pereyra<\/strong>, esposa de Genaro Garc\u00eda Luna, como participante principal de esa red de \u201c<strong>corrupci\u00f3n, delincuencia organizada y lavado de dinero<\/strong>\u201d.<\/p>\n<p>&nbsp;<\/p>\n<p>Otras personas mencionadas como c\u00f3mplices son Mauricio Samuel Weinberg L\u00f3pez, Jonathan Alexis Weinberg Pinto, Sylvia Donna Pinto de Weinberg, Natan Wancier Taub, Jos\u00e9 Francisco Niembro Gonz\u00e1lez y Martha Virginia Nieto Guerrero de Niembro.<\/p>\n<p>&nbsp;<\/p>\n<p>&nbsp;<\/p>\n<span class=\"dt-highlight\" >Te recomendamos:<\/span>\n<blockquote class=\"wp-embedded-content\" data-secret=\"U2XZ8GsTr6\"><p><a href=\"https:\/\/noticias.imer.mx\/blog\/amlo-pide-a-calderon-justificar-guerra-contra-el-narco\/\">AMLO pide a Calder\u00f3n justificar guerra contra el narco<\/a><\/p><\/blockquote>\n<p><iframe class=\"wp-embedded-content\" sandbox=\"allow-scripts\" security=\"restricted\" style=\"position: absolute; clip: rect(1px, 1px, 1px, 1px);\" title=\"\u00abAMLO pide a Calder\u00f3n justificar guerra contra el narco\u00bb \u2014 IMER Noticias\" src=\"https:\/\/noticias.imer.mx\/blog\/amlo-pide-a-calderon-justificar-guerra-contra-el-narco\/embed\/#?secret=U2XZ8GsTr6\" data-secret=\"U2XZ8GsTr6\" width=\"600\" height=\"338\" frameborder=\"0\" marginwidth=\"0\" marginheight=\"0\" scrolling=\"no\"><\/iframe><\/p>\n<p>&nbsp;<\/p>\n<div class=\"hr-thin\"><\/div>\n","protected":false},"excerpt":{"rendered":"<p>El presidente lament\u00f3 que los fiscales de Estados Unidos no consideraran la denuncia presentada por M\u00e9xico sobre la presunta red de corrupci\u00f3n que encabezaba el exfuncionario.<\/p>\n","protected":false},"author":30,"featured_media":128082,"comment_status":"open","ping_status":"open","sticky":false,"template":"","format":"standard","meta":{"wp_popup_display_lightbox":0,"wp_popup_suppress":"","wp_popup_trigger":"","wp_popup_trigger_amount":0,"wp_popup_disable_on_mobile":false},"categories":[2,33,13],"tags":[1042,5809,6785,8480,9237,12884],"yoast_head":"<!-- This site is optimized with the Yoast SEO plugin v21.0 - https:\/\/yoast.com\/wordpress\/plugins\/seo\/ -->\n<title>Este es el esquema de corrupci\u00f3n que AMLO quiere que retomen contra Garc\u00eda Luna - Pruebas Noticias IMER<\/title>\n<meta name=\"description\" content=\"El presidente lament\u00f3 que los fiscales de Estados Unidos no consideraran la denuncia presentada por M\u00e9xico sobre la red de corrupci\u00f3n que encabezaba el exfuncionario.\" \/>\n<meta name=\"robots\" content=\"index, follow, max-snippet:-1, max-image-preview:large, max-video-preview:-1\" \/>\n<link rel=\"canonical\" href=\"https:\/\/noticias.imer.mx\/propuesta\/2023\/02\/21\/este-es-el-esquema-de-corrupcion-que-amlo-quiere-que-retomen-contra-garcia-luna\/\" \/>\n<meta property=\"og:locale\" content=\"es_ES\" \/>\n<meta property=\"og:type\" content=\"article\" \/>\n<meta property=\"og:title\" content=\"Este es el esquema de corrupci\u00f3n que AMLO quiere que retomen contra Garc\u00eda Luna - Pruebas Noticias IMER\" \/>\n<meta property=\"og:description\" content=\"El presidente lament\u00f3 que los fiscales de Estados Unidos no consideraran la denuncia presentada por M\u00e9xico sobre la red de corrupci\u00f3n que encabezaba el exfuncionario.\" \/>\n<meta property=\"og:url\" content=\"https:\/\/noticias.imer.mx\/propuesta\/2023\/02\/21\/este-es-el-esquema-de-corrupcion-que-amlo-quiere-que-retomen-contra-garcia-luna\/\" \/>\n<meta property=\"og:site_name\" content=\"Pruebas Noticias IMER\" \/>\n<meta property=\"article:published_time\" content=\"2023-02-21T19:38:36+00:00\" \/>\n<meta property=\"article:modified_time\" content=\"2023-04-11T20:14:13+00:00\" \/>\n<meta name=\"author\" content=\"serveradmin\" \/>\n<meta name=\"twitter:card\" content=\"summary_large_image\" \/>\n<meta name=\"twitter:label1\" content=\"Escrito por\" \/>\n\t<meta name=\"twitter:data1\" content=\"serveradmin\" \/>\n\t<meta name=\"twitter:label2\" content=\"Tiempo de lectura\" \/>\n\t<meta name=\"twitter:data2\" content=\"2 minutos\" \/>\n<script type=\"application\/ld+json\" class=\"yoast-schema-graph\">{\"@context\":\"https:\/\/schema.org\",\"@graph\":[{\"@type\":\"WebPage\",\"@id\":\"https:\/\/noticias.imer.mx\/propuesta\/2023\/02\/21\/este-es-el-esquema-de-corrupcion-que-amlo-quiere-que-retomen-contra-garcia-luna\/\",\"url\":\"https:\/\/noticias.imer.mx\/propuesta\/2023\/02\/21\/este-es-el-esquema-de-corrupcion-que-amlo-quiere-que-retomen-contra-garcia-luna\/\",\"name\":\"Este es el esquema de corrupci\u00f3n que AMLO quiere que retomen contra Garc\u00eda Luna - Pruebas Noticias IMER\",\"isPartOf\":{\"@id\":\"https:\/\/noticias.imer.mx\/propuesta\/#website\"},\"datePublished\":\"2023-02-21T19:38:36+00:00\",\"dateModified\":\"2023-04-11T20:14:13+00:00\",\"author\":{\"@id\":\"https:\/\/noticias.imer.mx\/propuesta\/#\/schema\/person\/967c1f66b6217bbd12b628cc10f6e76d\"},\"description\":\"El presidente lament\u00f3 que los fiscales de Estados Unidos no consideraran la denuncia presentada por M\u00e9xico sobre la red de corrupci\u00f3n que encabezaba el exfuncionario.\",\"breadcrumb\":{\"@id\":\"https:\/\/noticias.imer.mx\/propuesta\/2023\/02\/21\/este-es-el-esquema-de-corrupcion-que-amlo-quiere-que-retomen-contra-garcia-luna\/#breadcrumb\"},\"inLanguage\":\"es\",\"potentialAction\":[{\"@type\":\"ReadAction\",\"target\":[\"https:\/\/noticias.imer.mx\/propuesta\/2023\/02\/21\/este-es-el-esquema-de-corrupcion-que-amlo-quiere-que-retomen-contra-garcia-luna\/\"]}]},{\"@type\":\"BreadcrumbList\",\"@id\":\"https:\/\/noticias.imer.mx\/propuesta\/2023\/02\/21\/este-es-el-esquema-de-corrupcion-que-amlo-quiere-que-retomen-contra-garcia-luna\/#breadcrumb\",\"itemListElement\":[{\"@type\":\"ListItem\",\"position\":1,\"name\":\"Portada\",\"item\":\"https:\/\/noticias.imer.mx\/propuesta\/\"},{\"@type\":\"ListItem\",\"position\":2,\"name\":\"Este es el esquema de corrupci\u00f3n que AMLO quiere que retomen contra Garc\u00eda Luna\"}]},{\"@type\":\"WebSite\",\"@id\":\"https:\/\/noticias.imer.mx\/propuesta\/#website\",\"url\":\"https:\/\/noticias.imer.mx\/propuesta\/\",\"name\":\"Pruebas Noticias IMER\",\"description\":\"Otro sitio m\u00e1s de IMER Noticias\",\"potentialAction\":[{\"@type\":\"SearchAction\",\"target\":{\"@type\":\"EntryPoint\",\"urlTemplate\":\"https:\/\/noticias.imer.mx\/propuesta\/?s={search_term_string}\"},\"query-input\":\"required name=search_term_string\"}],\"inLanguage\":\"es\"},{\"@type\":\"Person\",\"@id\":\"https:\/\/noticias.imer.mx\/propuesta\/#\/schema\/person\/967c1f66b6217bbd12b628cc10f6e76d\",\"name\":\"serveradmin\",\"image\":{\"@type\":\"ImageObject\",\"inLanguage\":\"es\",\"@id\":\"https:\/\/noticias.imer.mx\/propuesta\/#\/schema\/person\/image\/\",\"url\":\"https:\/\/secure.gravatar.com\/avatar\/b7032212b076bde88e044d76d65f2c7b?s=96&d=mm&r=g\",\"contentUrl\":\"https:\/\/secure.gravatar.com\/avatar\/b7032212b076bde88e044d76d65f2c7b?s=96&d=mm&r=g\",\"caption\":\"serveradmin\"},\"url\":\"https:\/\/noticias.imer.mx\/propuesta\/author\/serveradmin\/\"}]}<\/script>\n<!-- \/ Yoast SEO plugin. -->","yoast_head_json":{"title":"Este es el esquema de corrupci\u00f3n que AMLO quiere que retomen contra Garc\u00eda Luna - Pruebas Noticias IMER","description":"El presidente lament\u00f3 que los fiscales de Estados Unidos no consideraran la denuncia presentada por M\u00e9xico sobre la red de corrupci\u00f3n que encabezaba el exfuncionario.","robots":{"index":"index","follow":"follow","max-snippet":"max-snippet:-1","max-image-preview":"max-image-preview:large","max-video-preview":"max-video-preview:-1"},"canonical":"https:\/\/noticias.imer.mx\/propuesta\/2023\/02\/21\/este-es-el-esquema-de-corrupcion-que-amlo-quiere-que-retomen-contra-garcia-luna\/","og_locale":"es_ES","og_type":"article","og_title":"Este es el esquema de corrupci\u00f3n que AMLO quiere que retomen contra Garc\u00eda Luna - Pruebas Noticias IMER","og_description":"El presidente lament\u00f3 que los fiscales de Estados Unidos no consideraran la denuncia presentada por M\u00e9xico sobre la red de corrupci\u00f3n que encabezaba el exfuncionario.","og_url":"https:\/\/noticias.imer.mx\/propuesta\/2023\/02\/21\/este-es-el-esquema-de-corrupcion-que-amlo-quiere-que-retomen-contra-garcia-luna\/","og_site_name":"Pruebas Noticias IMER","article_published_time":"2023-02-21T19:38:36+00:00","article_modified_time":"2023-04-11T20:14:13+00:00","author":"serveradmin","twitter_card":"summary_large_image","twitter_misc":{"Escrito por":"serveradmin","Tiempo de lectura":"2 minutos"},"schema":{"@context":"https:\/\/schema.org","@graph":[{"@type":"WebPage","@id":"https:\/\/noticias.imer.mx\/propuesta\/2023\/02\/21\/este-es-el-esquema-de-corrupcion-que-amlo-quiere-que-retomen-contra-garcia-luna\/","url":"https:\/\/noticias.imer.mx\/propuesta\/2023\/02\/21\/este-es-el-esquema-de-corrupcion-que-amlo-quiere-que-retomen-contra-garcia-luna\/","name":"Este es el esquema de corrupci\u00f3n que AMLO quiere que retomen contra Garc\u00eda Luna - Pruebas Noticias IMER","isPartOf":{"@id":"https:\/\/noticias.imer.mx\/propuesta\/#website"},"datePublished":"2023-02-21T19:38:36+00:00","dateModified":"2023-04-11T20:14:13+00:00","author":{"@id":"https:\/\/noticias.imer.mx\/propuesta\/#\/schema\/person\/967c1f66b6217bbd12b628cc10f6e76d"},"description":"El presidente lament\u00f3 que los fiscales de Estados Unidos no consideraran la denuncia presentada por M\u00e9xico sobre la red de corrupci\u00f3n que encabezaba el exfuncionario.","breadcrumb":{"@id":"https:\/\/noticias.imer.mx\/propuesta\/2023\/02\/21\/este-es-el-esquema-de-corrupcion-que-amlo-quiere-que-retomen-contra-garcia-luna\/#breadcrumb"},"inLanguage":"es","potentialAction":[{"@type":"ReadAction","target":["https:\/\/noticias.imer.mx\/propuesta\/2023\/02\/21\/este-es-el-esquema-de-corrupcion-que-amlo-quiere-que-retomen-contra-garcia-luna\/"]}]},{"@type":"BreadcrumbList","@id":"https:\/\/noticias.imer.mx\/propuesta\/2023\/02\/21\/este-es-el-esquema-de-corrupcion-que-amlo-quiere-que-retomen-contra-garcia-luna\/#breadcrumb","itemListElement":[{"@type":"ListItem","position":1,"name":"Portada","item":"https:\/\/noticias.imer.mx\/propuesta\/"},{"@type":"ListItem","position":2,"name":"Este es el esquema de corrupci\u00f3n que AMLO quiere que retomen contra Garc\u00eda Luna"}]},{"@type":"WebSite","@id":"https:\/\/noticias.imer.mx\/propuesta\/#website","url":"https:\/\/noticias.imer.mx\/propuesta\/","name":"Pruebas Noticias IMER","description":"Otro sitio m\u00e1s de IMER Noticias","potentialAction":[{"@type":"SearchAction","target":{"@type":"EntryPoint","urlTemplate":"https:\/\/noticias.imer.mx\/propuesta\/?s={search_term_string}"},"query-input":"required name=search_term_string"}],"inLanguage":"es"},{"@type":"Person","@id":"https:\/\/noticias.imer.mx\/propuesta\/#\/schema\/person\/967c1f66b6217bbd12b628cc10f6e76d","name":"serveradmin","image":{"@type":"ImageObject","inLanguage":"es","@id":"https:\/\/noticias.imer.mx\/propuesta\/#\/schema\/person\/image\/","url":"https:\/\/secure.gravatar.com\/avatar\/b7032212b076bde88e044d76d65f2c7b?s=96&d=mm&r=g","contentUrl":"https:\/\/secure.gravatar.com\/avatar\/b7032212b076bde88e044d76d65f2c7b?s=96&d=mm&r=g","caption":"serveradmin"},"url":"https:\/\/noticias.imer.mx\/propuesta\/author\/serveradmin\/"}]}},"_links":{"self":[{"href":"https:\/\/noticias.imer.mx\/propuesta\/wp-json\/wp\/v2\/posts\/128081"}],"collection":[{"href":"https:\/\/noticias.imer.mx\/propuesta\/wp-json\/wp\/v2\/posts"}],"about":[{"href":"https:\/\/noticias.imer.mx\/propuesta\/wp-json\/wp\/v2\/types\/post"}],"author":[{"embeddable":true,"href":"https:\/\/noticias.imer.mx\/propuesta\/wp-json\/wp\/v2\/users\/30"}],"replies":[{"embeddable":true,"href":"https:\/\/noticias.imer.mx\/propuesta\/wp-json\/wp\/v2\/comments?post=128081"}],"version-history":[{"count":1,"href":"https:\/\/noticias.imer.mx\/propuesta\/wp-json\/wp\/v2\/posts\/128081\/revisions"}],"predecessor-version":[{"id":130551,"href":"https:\/\/noticias.imer.mx\/propuesta\/wp-json\/wp\/v2\/posts\/128081\/revisions\/130551"}],"wp:featuredmedia":[{"embeddable":true,"href":"https:\/\/noticias.imer.mx\/propuesta\/wp-json\/"}],"wp:attachment":[{"href":"https:\/\/noticias.imer.mx\/propuesta\/wp-json\/wp\/v2\/media?parent=128081"}],"wp:term":[{"taxonomy":"category","embeddable":true,"href":"https:\/\/noticias.imer.mx\/propuesta\/wp-json\/wp\/v2\/categories?post=128081"},{"taxonomy":"post_tag","embeddable":true,"href":"https:\/\/noticias.imer.mx\/propuesta\/wp-json\/wp\/v2\/tags?post=128081"}],"curies":[{"name":"wp","href":"https:\/\/api.w.org\/{rel}","templated":true}]}}