{"id":128074,"date":"2023-02-21T12:14:55","date_gmt":"2023-02-21T18:14:55","guid":{"rendered":"http:\/\/noticias.imer.mx\/?p=128074"},"modified":"2023-04-11T20:14:13","modified_gmt":"2023-04-11T20:14:13","slug":"otan-grande-advierte-biden-rusia-invasion-ucrania","status":"publish","type":"post","link":"https:\/\/noticias.imer.mx\/propuesta\/2023\/02\/21\/otan-grande-advierte-biden-rusia-invasion-ucrania\/","title":{"rendered":"\u201cLa OTAN es m\u00e1s fuerte que nunca\u201d, advierte Biden a Rusia a un a\u00f1o de la invasi\u00f3n a Ucrania"},"content":{"rendered":"<p><span style=\"font-weight: 400\"><div class=\"gap\" style=\"line-height: 10px; height: 10px;\"><\/div><\/span><\/p>\n<p><span style=\"font-weight: 400\"><\/p>\n<div class=\"hr-thin\"><\/div>\n<p><\/span><\/p>\n<p style=\"text-align: center\"><b>IMER Noticias<\/b><\/p>\n<p><span style=\"font-weight: 400\"><\/p>\n<div class=\"hr-thin\"><\/div>\n<p><\/span><\/p>\n<p><span style=\"font-weight: 400\"><div class=\"gap\" style=\"line-height: 10px; height: 10px;\"><\/div><\/span><\/p>\n<p>&nbsp;<\/p>\n<p><span style=\"font-weight: 400\">El presidente de<strong> Estados Unidos<\/strong>, <strong>Joe Biden<\/strong>, asegur\u00f3 este martes que la <strong>Organizaci\u00f3n del Tratado del Atl\u00e1ntico del Norte<\/strong> (OTAN) es m\u00e1s fuerte que nunca gracias al apoyo de pa\u00edses aliados como <strong>Polonia<\/strong>, a un a\u00f1o de la invasi\u00f3n de <strong>Rusia a Ucrania<\/strong>.<\/span><\/p>\n<p>&nbsp;<\/p>\n<p><span style=\"font-weight: 400\">Biden dijo a su hom\u00f3logo polaco<strong>, Andrzej Duda<\/strong>, que la ayuda que ha prestado a Ucrania al recibir a m\u00e1s de 1.5 millones de refugiados ha sido esencial.<\/span><\/p>\n<p>&nbsp;<\/p>\n<p><span style=\"font-weight: 400\">Biden y Duda se reunieron en el palacio presidencial de<strong> Varsovia<\/strong> acompa\u00f1ados de miembros de sus respectivos Gobiernos y en medio de una gran expectaci\u00f3n sobre la posibilidad de que Washington aumente las tropas estacionadas de manera permanente en Polonia, que actualmente son 11 mil.<\/span><\/p>\n<p>&nbsp;<\/p>\n<blockquote class=\"twitter-tweet\" data-width=\"550\" data-dnt=\"true\">\n<p lang=\"en\" dir=\"ltr\">President Zelenskyy and all Ukrainians remind the world every day what courage is.<\/p>\n<p>They remind us that freedom is priceless.<\/p>\n<p>And worth fighting for.<\/p>\n<p>For as long as it takes. <a href=\"https:\/\/t.co\/GlBT0Sg9ZL\">pic.twitter.com\/GlBT0Sg9ZL<\/a><\/p>\n<p>&mdash; President Biden (@POTUS) <a href=\"https:\/\/twitter.com\/POTUS\/status\/1627703401940131847?ref_src=twsrc%5Etfw\">February 20, 2023<\/a><\/p><\/blockquote>\n<p><script async src=\"https:\/\/platform.twitter.com\/widgets.js\" charset=\"utf-8\"><\/script><\/p>\n<p>&nbsp;<\/p>\n<p><span style=\"font-weight: 400\">Por otra parte, en conferencia a medios de comunicaci\u00f3n en<strong> Polonia, Biden<\/strong> garantiz\u00f3 que<strong> Rusia<\/strong> no ganar\u00e1 la guerra al tiempo que calific\u00f3 la operaci\u00f3n de Vlad\u00edmir Putin en <strong>Ucrania<\/strong> como un acto de un dictador.<\/span><\/p>\n<p>&nbsp;<\/p>\n<p>\u00abUcrania nunca ser\u00e1 una victoria para Rusia. Kyiv sigue de pie y resiste un a\u00f1o despu\u00e9s del inicio de la invasi\u00f3n rusa\u00bb, dijo <strong>Biden<\/strong><a href=\"https:\/\/twitter.com\/POTUS\/status\/1627703401940131847\">.<\/a><\/p>\n<p>&nbsp;<\/p>\n<h4><strong><span style=\"color: #308446\">Biden da su diagn\u00f3stico luego de visita a Kyiv<\/span><\/strong><\/h4>\n<p>&nbsp;<\/p>\n<p><span style=\"font-weight: 400\">Biden, realiz\u00f3 el lunes una visita a <strong>Kyiv<\/strong>, y asever\u00f3 que \u00e9l puede dar testimonio de que la capital de Ucrania \u00absigue en pie\u00bb, pese a que las fuerzas armadas rusas intentaron conquistarla al inicio de la guerra en una ofensiva que fracas\u00f3.<\/span><\/p>\n<p>&nbsp;<\/p>\n<p><span style=\"font-weight: 400\">\u00abUn a\u00f1o despu\u00e9s de que las bombas empezaran a caer y un a\u00f1o despu\u00e9s de que los tanques rusos entraran en Ucrania, el pa\u00eds todav\u00eda hoy es independiente y libre. Desde Jers\u00f3n hasta Kiev, esa tierra ha sido recuperada\u00bb, afirm\u00f3 Biden<a href=\"https:\/\/noticias.imer.mx\/blog\/siria-ayuda-internacional-urgente-medicos-sin-fronteras\/\">.<\/a><\/span><\/p>\n<p>&nbsp;<\/p>\n<p><span style=\"font-weight: 400\"><div class=\"gap\" style=\"line-height: 10px; height: 10px;\"><\/div><\/span><\/p>\n<p><span style=\"font-weight: 400\"><\/p>\n<div class=\"hr-thick\"><\/div>\n<p><\/span><\/p>\n<p><span style=\"font-weight: 400\"><div class=\"gap\" style=\"line-height: 10px; height: 10px;\"><\/div><\/span><\/p>\n<p><span style=\"font-weight: 400\"><span class=\"dt-highlight\" >Te recomendamos:<\/span><\/span><\/p>\n<p><a href=\"https:\/\/noticias.imer.mx\/blog\/siria-ayuda-internacional-urgente-medicos-sin-fronteras\/\">Siria a\u00fan necesita ayuda internacional urgente: M\u00e9dicos sin Fronteras<\/a><\/p>\n<p><em>Con informaci\u00f3n de EFE<\/em><\/p>\n","protected":false},"excerpt":{"rendered":"<p>\u00abUcrania nunca ser\u00e1 una victoria para Rusia. Kyiv sigue de pie y resiste un a\u00f1o despu\u00e9s del inicio de la invasi\u00f3n rusa\u00bb, dijo Biden.<\/p>\n","protected":false},"author":30,"featured_media":128076,"comment_status":"open","ping_status":"open","sticky":false,"template":"","format":"standard","meta":{"wp_popup_display_lightbox":0,"wp_popup_suppress":"","wp_popup_trigger":"","wp_popup_trigger_amount":0,"wp_popup_disable_on_mobile":false},"categories":[2,13],"tags":[8182,11378,12120,13469,15093],"yoast_head":"<!-- This site is optimized with the Yoast SEO plugin v21.0 - https:\/\/yoast.com\/wordpress\/plugins\/seo\/ -->\n<title>\u201cLa OTAN es m\u00e1s fuerte que nunca\u201d, advierte Biden a Rusia a un a\u00f1o de la invasi\u00f3n a Ucrania<\/title>\n<meta name=\"description\" content=\"&quot;Ucrania nunca ser\u00e1 una victoria para Rusia. Kyiv sigue de pie y resiste un a\u00f1o despu\u00e9s del inicio de la invasi\u00f3n rusa&quot;, dijo Biden.\" \/>\n<meta name=\"robots\" content=\"index, follow, max-snippet:-1, max-image-preview:large, max-video-preview:-1\" \/>\n<link rel=\"canonical\" href=\"https:\/\/noticias.imer.mx\/propuesta\/2023\/02\/21\/otan-grande-advierte-biden-rusia-invasion-ucrania\/\" \/>\n<meta property=\"og:locale\" content=\"es_ES\" \/>\n<meta property=\"og:type\" content=\"article\" \/>\n<meta property=\"og:title\" content=\"\u201cLa OTAN es m\u00e1s fuerte que nunca\u201d, advierte Biden a Rusia a un a\u00f1o de la invasi\u00f3n a Ucrania\" \/>\n<meta property=\"og:description\" content=\"&quot;Ucrania nunca ser\u00e1 una victoria para Rusia. Kyiv sigue de pie y resiste un a\u00f1o despu\u00e9s del inicio de la invasi\u00f3n rusa&quot;, dijo Biden.\" \/>\n<meta property=\"og:url\" content=\"https:\/\/noticias.imer.mx\/propuesta\/2023\/02\/21\/otan-grande-advierte-biden-rusia-invasion-ucrania\/\" \/>\n<meta property=\"og:site_name\" content=\"Pruebas Noticias IMER\" \/>\n<meta property=\"article:published_time\" content=\"2023-02-21T18:14:55+00:00\" \/>\n<meta property=\"article:modified_time\" content=\"2023-04-11T20:14:13+00:00\" \/>\n<meta name=\"author\" content=\"serveradmin\" \/>\n<meta name=\"twitter:card\" content=\"summary_large_image\" \/>\n<meta name=\"twitter:label1\" content=\"Escrito por\" \/>\n\t<meta name=\"twitter:data1\" content=\"serveradmin\" \/>\n\t<meta name=\"twitter:label2\" content=\"Tiempo de lectura\" \/>\n\t<meta name=\"twitter:data2\" content=\"2 minutos\" \/>\n<script type=\"application\/ld+json\" class=\"yoast-schema-graph\">{\"@context\":\"https:\/\/schema.org\",\"@graph\":[{\"@type\":\"WebPage\",\"@id\":\"https:\/\/noticias.imer.mx\/propuesta\/2023\/02\/21\/otan-grande-advierte-biden-rusia-invasion-ucrania\/\",\"url\":\"https:\/\/noticias.imer.mx\/propuesta\/2023\/02\/21\/otan-grande-advierte-biden-rusia-invasion-ucrania\/\",\"name\":\"\u201cLa OTAN es m\u00e1s fuerte que nunca\u201d, advierte Biden a Rusia a un a\u00f1o de la invasi\u00f3n a Ucrania\",\"isPartOf\":{\"@id\":\"https:\/\/noticias.imer.mx\/propuesta\/#website\"},\"datePublished\":\"2023-02-21T18:14:55+00:00\",\"dateModified\":\"2023-04-11T20:14:13+00:00\",\"author\":{\"@id\":\"https:\/\/noticias.imer.mx\/propuesta\/#\/schema\/person\/967c1f66b6217bbd12b628cc10f6e76d\"},\"description\":\"\\\"Ucrania nunca ser\u00e1 una victoria para Rusia. Kyiv sigue de pie y resiste un a\u00f1o despu\u00e9s del inicio de la invasi\u00f3n rusa\\\", dijo Biden.\",\"breadcrumb\":{\"@id\":\"https:\/\/noticias.imer.mx\/propuesta\/2023\/02\/21\/otan-grande-advierte-biden-rusia-invasion-ucrania\/#breadcrumb\"},\"inLanguage\":\"es\",\"potentialAction\":[{\"@type\":\"ReadAction\",\"target\":[\"https:\/\/noticias.imer.mx\/propuesta\/2023\/02\/21\/otan-grande-advierte-biden-rusia-invasion-ucrania\/\"]}]},{\"@type\":\"BreadcrumbList\",\"@id\":\"https:\/\/noticias.imer.mx\/propuesta\/2023\/02\/21\/otan-grande-advierte-biden-rusia-invasion-ucrania\/#breadcrumb\",\"itemListElement\":[{\"@type\":\"ListItem\",\"position\":1,\"name\":\"Portada\",\"item\":\"https:\/\/noticias.imer.mx\/propuesta\/\"},{\"@type\":\"ListItem\",\"position\":2,\"name\":\"\u201cLa OTAN es m\u00e1s fuerte que nunca\u201d, advierte Biden a Rusia a un a\u00f1o de la invasi\u00f3n a Ucrania\"}]},{\"@type\":\"WebSite\",\"@id\":\"https:\/\/noticias.imer.mx\/propuesta\/#website\",\"url\":\"https:\/\/noticias.imer.mx\/propuesta\/\",\"name\":\"Pruebas Noticias IMER\",\"description\":\"Otro sitio m\u00e1s de IMER Noticias\",\"potentialAction\":[{\"@type\":\"SearchAction\",\"target\":{\"@type\":\"EntryPoint\",\"urlTemplate\":\"https:\/\/noticias.imer.mx\/propuesta\/?s={search_term_string}\"},\"query-input\":\"required name=search_term_string\"}],\"inLanguage\":\"es\"},{\"@type\":\"Person\",\"@id\":\"https:\/\/noticias.imer.mx\/propuesta\/#\/schema\/person\/967c1f66b6217bbd12b628cc10f6e76d\",\"name\":\"serveradmin\",\"image\":{\"@type\":\"ImageObject\",\"inLanguage\":\"es\",\"@id\":\"https:\/\/noticias.imer.mx\/propuesta\/#\/schema\/person\/image\/\",\"url\":\"https:\/\/secure.gravatar.com\/avatar\/b7032212b076bde88e044d76d65f2c7b?s=96&d=mm&r=g\",\"contentUrl\":\"https:\/\/secure.gravatar.com\/avatar\/b7032212b076bde88e044d76d65f2c7b?s=96&d=mm&r=g\",\"caption\":\"serveradmin\"},\"url\":\"https:\/\/noticias.imer.mx\/propuesta\/author\/serveradmin\/\"}]}<\/script>\n<!-- \/ Yoast SEO plugin. -->","yoast_head_json":{"title":"\u201cLa OTAN es m\u00e1s fuerte que nunca\u201d, advierte Biden a Rusia a un a\u00f1o de la invasi\u00f3n a Ucrania","description":"\"Ucrania nunca ser\u00e1 una victoria para Rusia. Kyiv sigue de pie y resiste un a\u00f1o despu\u00e9s del inicio de la invasi\u00f3n rusa\", dijo Biden.","robots":{"index":"index","follow":"follow","max-snippet":"max-snippet:-1","max-image-preview":"max-image-preview:large","max-video-preview":"max-video-preview:-1"},"canonical":"https:\/\/noticias.imer.mx\/propuesta\/2023\/02\/21\/otan-grande-advierte-biden-rusia-invasion-ucrania\/","og_locale":"es_ES","og_type":"article","og_title":"\u201cLa OTAN es m\u00e1s fuerte que nunca\u201d, advierte Biden a Rusia a un a\u00f1o de la invasi\u00f3n a Ucrania","og_description":"\"Ucrania nunca ser\u00e1 una victoria para Rusia. Kyiv sigue de pie y resiste un a\u00f1o despu\u00e9s del inicio de la invasi\u00f3n rusa\", dijo Biden.","og_url":"https:\/\/noticias.imer.mx\/propuesta\/2023\/02\/21\/otan-grande-advierte-biden-rusia-invasion-ucrania\/","og_site_name":"Pruebas Noticias IMER","article_published_time":"2023-02-21T18:14:55+00:00","article_modified_time":"2023-04-11T20:14:13+00:00","author":"serveradmin","twitter_card":"summary_large_image","twitter_misc":{"Escrito por":"serveradmin","Tiempo de lectura":"2 minutos"},"schema":{"@context":"https:\/\/schema.org","@graph":[{"@type":"WebPage","@id":"https:\/\/noticias.imer.mx\/propuesta\/2023\/02\/21\/otan-grande-advierte-biden-rusia-invasion-ucrania\/","url":"https:\/\/noticias.imer.mx\/propuesta\/2023\/02\/21\/otan-grande-advierte-biden-rusia-invasion-ucrania\/","name":"\u201cLa OTAN es m\u00e1s fuerte que nunca\u201d, advierte Biden a Rusia a un a\u00f1o de la invasi\u00f3n a Ucrania","isPartOf":{"@id":"https:\/\/noticias.imer.mx\/propuesta\/#website"},"datePublished":"2023-02-21T18:14:55+00:00","dateModified":"2023-04-11T20:14:13+00:00","author":{"@id":"https:\/\/noticias.imer.mx\/propuesta\/#\/schema\/person\/967c1f66b6217bbd12b628cc10f6e76d"},"description":"\"Ucrania nunca ser\u00e1 una victoria para Rusia. Kyiv sigue de pie y resiste un a\u00f1o despu\u00e9s del inicio de la invasi\u00f3n rusa\", dijo Biden.","breadcrumb":{"@id":"https:\/\/noticias.imer.mx\/propuesta\/2023\/02\/21\/otan-grande-advierte-biden-rusia-invasion-ucrania\/#breadcrumb"},"inLanguage":"es","potentialAction":[{"@type":"ReadAction","target":["https:\/\/noticias.imer.mx\/propuesta\/2023\/02\/21\/otan-grande-advierte-biden-rusia-invasion-ucrania\/"]}]},{"@type":"BreadcrumbList","@id":"https:\/\/noticias.imer.mx\/propuesta\/2023\/02\/21\/otan-grande-advierte-biden-rusia-invasion-ucrania\/#breadcrumb","itemListElement":[{"@type":"ListItem","position":1,"name":"Portada","item":"https:\/\/noticias.imer.mx\/propuesta\/"},{"@type":"ListItem","position":2,"name":"\u201cLa OTAN es m\u00e1s fuerte que nunca\u201d, advierte Biden a Rusia a un a\u00f1o de la invasi\u00f3n a Ucrania"}]},{"@type":"WebSite","@id":"https:\/\/noticias.imer.mx\/propuesta\/#website","url":"https:\/\/noticias.imer.mx\/propuesta\/","name":"Pruebas Noticias IMER","description":"Otro sitio m\u00e1s de IMER Noticias","potentialAction":[{"@type":"SearchAction","target":{"@type":"EntryPoint","urlTemplate":"https:\/\/noticias.imer.mx\/propuesta\/?s={search_term_string}"},"query-input":"required name=search_term_string"}],"inLanguage":"es"},{"@type":"Person","@id":"https:\/\/noticias.imer.mx\/propuesta\/#\/schema\/person\/967c1f66b6217bbd12b628cc10f6e76d","name":"serveradmin","image":{"@type":"ImageObject","inLanguage":"es","@id":"https:\/\/noticias.imer.mx\/propuesta\/#\/schema\/person\/image\/","url":"https:\/\/secure.gravatar.com\/avatar\/b7032212b076bde88e044d76d65f2c7b?s=96&d=mm&r=g","contentUrl":"https:\/\/secure.gravatar.com\/avatar\/b7032212b076bde88e044d76d65f2c7b?s=96&d=mm&r=g","caption":"serveradmin"},"url":"https:\/\/noticias.imer.mx\/propuesta\/author\/serveradmin\/"}]}},"_links":{"self":[{"href":"https:\/\/noticias.imer.mx\/propuesta\/wp-json\/wp\/v2\/posts\/128074"}],"collection":[{"href":"https:\/\/noticias.imer.mx\/propuesta\/wp-json\/wp\/v2\/posts"}],"about":[{"href":"https:\/\/noticias.imer.mx\/propuesta\/wp-json\/wp\/v2\/types\/post"}],"author":[{"embeddable":true,"href":"https:\/\/noticias.imer.mx\/propuesta\/wp-json\/wp\/v2\/users\/30"}],"replies":[{"embeddable":true,"href":"https:\/\/noticias.imer.mx\/propuesta\/wp-json\/wp\/v2\/comments?post=128074"}],"version-history":[{"count":1,"href":"https:\/\/noticias.imer.mx\/propuesta\/wp-json\/wp\/v2\/posts\/128074\/revisions"}],"predecessor-version":[{"id":130552,"href":"https:\/\/noticias.imer.mx\/propuesta\/wp-json\/wp\/v2\/posts\/128074\/revisions\/130552"}],"wp:featuredmedia":[{"embeddable":true,"href":"https:\/\/noticias.imer.mx\/propuesta\/wp-json\/"}],"wp:attachment":[{"href":"https:\/\/noticias.imer.mx\/propuesta\/wp-json\/wp\/v2\/media?parent=128074"}],"wp:term":[{"taxonomy":"category","embeddable":true,"href":"https:\/\/noticias.imer.mx\/propuesta\/wp-json\/wp\/v2\/categories?post=128074"},{"taxonomy":"post_tag","embeddable":true,"href":"https:\/\/noticias.imer.mx\/propuesta\/wp-json\/wp\/v2\/tags?post=128074"}],"curies":[{"name":"wp","href":"https:\/\/api.w.org\/{rel}","templated":true}]}}