{"id":128017,"date":"2023-04-11T20:14:00","date_gmt":"2023-04-11T20:14:00","guid":{"rendered":"http:\/\/noticias.imer.mx\/?p=128017"},"modified":"2023-04-11T20:14:00","modified_gmt":"2023-04-11T20:14:00","slug":"el-plan-c-para-planta-de-tesla-el-sureste-mexicano-tiene-el-70-del-agua","status":"publish","type":"post","link":"https:\/\/noticias.imer.mx\/propuesta\/2023\/04\/11\/el-plan-c-para-planta-de-tesla-el-sureste-mexicano-tiene-el-70-del-agua\/","title":{"rendered":"El Plan C para planta de Tesla: el sureste mexicano, tiene el 70% del agua"},"content":{"rendered":"<p><em>Tras se\u00f1alar que en Nuevo Le\u00f3n -entidad perfilada como la candidata principal para la empresa-, enfrenta problemas de abasto en la zona metropolitana, el presidente Andr\u00e9s Manuel L\u00f3pez Obrador revel\u00f3 que se contemplan opciones alternativas en los estados del sureste, como Veracruz, Oaxaca, Guerrero, Chiapas y Tabasco. Aunque no hay una decisi\u00f3n tomada, dijo que los secretarios de Hacienda y Relaciones Exteriores mantienen el di\u00e1logo con los directivos de la empresa.<\/em><\/p>\n<p>&nbsp;<\/p>\n<p><span style=\"font-weight: 400\"><div class=\"gap\" style=\"line-height: 10px; height: 10px;\"><\/div><\/span><\/p>\n<p><span style=\"font-weight: 400\"><\/p>\n<div class=\"hr-thin\"><\/div>\n<p><\/span><\/p>\n<p style=\"text-align: center\"><b>Adriana Esthela Flores<\/b><\/p>\n<p><span style=\"font-weight: 400\"><\/p>\n<div class=\"hr-thin\"><\/div>\n<p><\/span><\/p>\n<p><span style=\"font-weight: 400\"><div class=\"gap\" style=\"line-height: 10px; height: 10px;\"><\/div><\/span><\/p>\n<p>&nbsp;<\/p>\n<p>Al se\u00f1alar que a\u00fan no hay una decisi\u00f3n tomada sobre la instalaci\u00f3n de la nueva planta de Tesla en M\u00e9xico, el presidente Andr\u00e9s Manuel L\u00f3pez Obrador, revel\u00f3 que se analiza la posibilidad de desarrollar el proyecto en el sureste. Advirti\u00f3 que Nuevo Le\u00f3n \u2013una de las principales candidatas- enfrenta problemas de abasto de agua.<\/p>\n<p>&nbsp;<\/p>\n<p>Aunque Nuevo Le\u00f3n, junto con Hidalgo, figuraba como uno de los estados con mayores probabilidades de albergar la f\u00e1brica de bater\u00edas y veh\u00edculos el\u00e9ctricos, el presidente se\u00f1al\u00f3 que los problemas de escasez en la zona metropolitana apenas ser\u00e1n resueltos, hacia los pr\u00f3ximos cinco a\u00f1os, con el Acueducto El Cuchillo II. Incluso, anunci\u00f3 que en quince d\u00edas, realizar\u00e1 una gira al estado para supervisar la obra. En la que se invierten mil 118 millones de pesos en recursos federales.<\/p>\n<p>&nbsp;<\/p>\n<blockquote><p><span style=\"color: #3d395a\">Tiene que haber planeaci\u00f3n nacional y tomar en cuenta primero la necesidad de la gente, agua para la gente. En Nuevo Le\u00f3n estamos resolviendo el problema del abasto de agua de la zona metropolitana de MTY con un acueducto de presa El Cuchillo. Si nos va bien, vamos a poder terminar el acueducto a mediados de este a\u00f1o y eso va a garantizar que no se padezca de la falta de agua como ocurri\u00f3 el a\u00f1o pasado. Entonces, si la sequ\u00eda se vuelva extrema vamos a volver a tener, este a\u00f1o, problemas.<\/span><\/p><\/blockquote>\n<p>&nbsp;<\/p>\n<p>Adem\u00e1s, de acuerdo con datos de la Comisi\u00f3n Nacional del Agua (Conagua) Nuevo Le\u00f3n est\u00e1 dentro de las regiones hidrol\u00f3gicas donde las cuencas tienen d\u00e9ficit de aguas superficiales. Al igual que Coahuila, Tamaulipas, Durango y Sonora, en la zona norte del pa\u00eds. Por ello, L\u00f3pez Obrador enfatiz\u00f3 que, con el prop\u00f3sito de descentralizar el desarrollo, el gobierno contempla alternativas en el del sureste. Donde se concentra el 70 por ciento de los recursos h\u00eddricos, como Veracruz, Oaxaca, Guerrero, Chiapas, Tabasco y Yucat\u00e1n.<\/p>\n<p>&nbsp;<\/p>\n<blockquote><p><span style=\"color: #3d395a\">\u00bfPor qu\u00e9 descentralizamos el desarrollo? Una de las cosas que estamos haciendo es de que antes no hab\u00eda desarrollo horizontal en el pa\u00eds, eran islotes de crecimiento. En el caso del sureste lo \u00fanico era Canc\u00fan, all\u00e1 ni siquiera en todo Quintana roo, solo el norte de Quintana Roo, Canc\u00fan. Y ahora lo que queremos es bajar y que se puedan internar turistas a Campeche, Yucat\u00e1n, Chiapas, Tabasco.<\/span><\/p>\n<p>&nbsp;<\/p><\/blockquote>\n<h4><span style=\"color: #308446\">Se abrir\u00e1 el di\u00e1logo con Secretar\u00eda de Hacienda<\/span><\/h4>\n<p>&nbsp;<\/p>\n<p>El gobierno federal, afirm\u00f3, buscar\u00e1 proporcionar no solo a TESLA, sino a todas las empresas que quieran invertir en el pa\u00eds, informaci\u00f3n sobre las zonas donde est\u00e1n ubicados los recursos naturales, como agua, gas y energ\u00eda el\u00e9ctrica. Tambi\u00e9n anunci\u00f3 que tanto \u00e9l como el secretario de Hacienda, Rogelio Ram\u00edrez de la O, dialogar\u00e1n con la directiva de TESLA, aunque el canciller Marcelo Ebrard ya inici\u00f3 las conversaciones.<\/p>\n<p>&nbsp;<\/p>\n<p>Desde inicios de a\u00f1o, se aceleraron las negociaciones para la instalaci\u00f3n de una planta de la empresa de Elon Musk en M\u00e9xico, pues el canciller Ebrard se reuni\u00f3, la semana pasada, con el director de Desarrollo de Negocios, Rohan Patel y el de Mercado, Eugenio Grandio. El domingo, el funcionario revel\u00f3 que la compa\u00f1\u00eda busca un ecosistema de empresas para instalar puntos de manufactura en varios estados del pa\u00eds.<\/p>\n<p>&nbsp;<\/p>\n<p><span style=\"font-weight: 400\"><div class=\"gap\" style=\"line-height: 10px; height: 10px;\"><\/div><\/span><\/p>\n<p><span style=\"font-weight: 400\"><\/p>\n<div class=\"hr-thick\"><\/div>\n<p><\/span><\/p>\n<p><span style=\"font-weight: 400\"><div class=\"gap\" style=\"line-height: 10px; height: 10px;\"><\/div><\/span><\/p>\n<p><span style=\"font-weight: 400\"><span class=\"dt-highlight\" >Te recomendamos:<\/span><\/span><\/p>\n<blockquote class=\"wp-embedded-content\" data-secret=\"5gzgVocWCK\"><p><a href=\"http:\/\/noticias.imer.mx\/blog\/proxima-meta-del-plan-energetico-de-la-4t-detonar-el-sureste\/\">Pr\u00f3xima meta del plan energ\u00e9tico de la 4T: detonar el sureste<\/a><\/p><\/blockquote>\n<p><iframe class=\"wp-embedded-content\" sandbox=\"allow-scripts\" security=\"restricted\" style=\"position: absolute; clip: rect(1px, 1px, 1px, 1px);\" title=\"\u00abPr\u00f3xima meta del plan energ\u00e9tico de la 4T: detonar el sureste\u00bb \u2014 IMER Noticias\" src=\"http:\/\/noticias.imer.mx\/blog\/proxima-meta-del-plan-energetico-de-la-4t-detonar-el-sureste\/embed\/#?secret=5gzgVocWCK\" data-secret=\"5gzgVocWCK\" width=\"600\" height=\"338\" frameborder=\"0\" marginwidth=\"0\" marginheight=\"0\" scrolling=\"no\"><\/iframe><\/p>\n","protected":false},"excerpt":{"rendered":"<p>Andr\u00e9s Manuel L\u00f3pez Obrador contempla al sureste mexicano como \u00abPlan C\u00bb ante el estr\u00e9s h\u00eddrico que afronta Nuevo Le\u00f3n y el norte del pa\u00eds.<\/p>\n","protected":false},"author":30,"featured_media":128022,"comment_status":"open","ping_status":"open","sticky":false,"template":"","format":"standard","meta":{"wp_popup_display_lightbox":0,"wp_popup_suppress":"","wp_popup_trigger":"","wp_popup_trigger_amount":0,"wp_popup_disable_on_mobile":false},"categories":[2,13],"tags":[1042,2341,4975,7175,10141,11062,14402,14678,15864],"yoast_head":"<!-- This site is optimized with the Yoast SEO plugin v21.0 - https:\/\/yoast.com\/wordpress\/plugins\/seo\/ -->\n<title>El Plan C para planta de Tesla: el sureste mexicano, tiene el 70% del agua - Pruebas Noticias IMER<\/title>\n<meta name=\"description\" content=\"Andr\u00e9s Manuel L\u00f3pez Obrador contempla al sureste mexicano como &quot;Plan C&quot; ante el estr\u00e9s h\u00eddrico que afronta Nuevo Le\u00f3n y el norte del pa\u00eds.\" \/>\n<meta name=\"robots\" content=\"index, follow, max-snippet:-1, max-image-preview:large, max-video-preview:-1\" \/>\n<link rel=\"canonical\" href=\"https:\/\/noticias.imer.mx\/propuesta\/2023\/04\/11\/el-plan-c-para-planta-de-tesla-el-sureste-mexicano-tiene-el-70-del-agua\/\" \/>\n<meta property=\"og:locale\" content=\"es_ES\" \/>\n<meta property=\"og:type\" content=\"article\" \/>\n<meta property=\"og:title\" content=\"El Plan C para planta de Tesla: el sureste mexicano, tiene el 70% del agua - Pruebas Noticias IMER\" \/>\n<meta property=\"og:description\" content=\"Andr\u00e9s Manuel L\u00f3pez Obrador contempla al sureste mexicano como &quot;Plan C&quot; ante el estr\u00e9s h\u00eddrico que afronta Nuevo Le\u00f3n y el norte del pa\u00eds.\" \/>\n<meta property=\"og:url\" content=\"https:\/\/noticias.imer.mx\/propuesta\/2023\/04\/11\/el-plan-c-para-planta-de-tesla-el-sureste-mexicano-tiene-el-70-del-agua\/\" \/>\n<meta property=\"og:site_name\" content=\"Pruebas Noticias IMER\" \/>\n<meta property=\"article:published_time\" content=\"2023-04-11T20:14:00+00:00\" \/>\n<meta name=\"author\" content=\"serveradmin\" \/>\n<meta name=\"twitter:card\" content=\"summary_large_image\" \/>\n<meta name=\"twitter:label1\" content=\"Escrito por\" \/>\n\t<meta name=\"twitter:data1\" content=\"serveradmin\" \/>\n\t<meta name=\"twitter:label2\" content=\"Tiempo de lectura\" \/>\n\t<meta name=\"twitter:data2\" content=\"3 minutos\" \/>\n<script type=\"application\/ld+json\" class=\"yoast-schema-graph\">{\"@context\":\"https:\/\/schema.org\",\"@graph\":[{\"@type\":\"WebPage\",\"@id\":\"https:\/\/noticias.imer.mx\/propuesta\/2023\/04\/11\/el-plan-c-para-planta-de-tesla-el-sureste-mexicano-tiene-el-70-del-agua\/\",\"url\":\"https:\/\/noticias.imer.mx\/propuesta\/2023\/04\/11\/el-plan-c-para-planta-de-tesla-el-sureste-mexicano-tiene-el-70-del-agua\/\",\"name\":\"El Plan C para planta de Tesla: el sureste mexicano, tiene el 70% del agua - Pruebas Noticias IMER\",\"isPartOf\":{\"@id\":\"https:\/\/noticias.imer.mx\/propuesta\/#website\"},\"datePublished\":\"2023-04-11T20:14:00+00:00\",\"dateModified\":\"2023-04-11T20:14:00+00:00\",\"author\":{\"@id\":\"https:\/\/noticias.imer.mx\/propuesta\/#\/schema\/person\/967c1f66b6217bbd12b628cc10f6e76d\"},\"description\":\"Andr\u00e9s Manuel L\u00f3pez Obrador contempla al sureste mexicano como \\\"Plan C\\\" ante el estr\u00e9s h\u00eddrico que afronta Nuevo Le\u00f3n y el norte del pa\u00eds.\",\"breadcrumb\":{\"@id\":\"https:\/\/noticias.imer.mx\/propuesta\/2023\/04\/11\/el-plan-c-para-planta-de-tesla-el-sureste-mexicano-tiene-el-70-del-agua\/#breadcrumb\"},\"inLanguage\":\"es\",\"potentialAction\":[{\"@type\":\"ReadAction\",\"target\":[\"https:\/\/noticias.imer.mx\/propuesta\/2023\/04\/11\/el-plan-c-para-planta-de-tesla-el-sureste-mexicano-tiene-el-70-del-agua\/\"]}]},{\"@type\":\"BreadcrumbList\",\"@id\":\"https:\/\/noticias.imer.mx\/propuesta\/2023\/04\/11\/el-plan-c-para-planta-de-tesla-el-sureste-mexicano-tiene-el-70-del-agua\/#breadcrumb\",\"itemListElement\":[{\"@type\":\"ListItem\",\"position\":1,\"name\":\"Portada\",\"item\":\"https:\/\/noticias.imer.mx\/propuesta\/\"},{\"@type\":\"ListItem\",\"position\":2,\"name\":\"El Plan C para planta de Tesla: el sureste mexicano, tiene el 70% del agua\"}]},{\"@type\":\"WebSite\",\"@id\":\"https:\/\/noticias.imer.mx\/propuesta\/#website\",\"url\":\"https:\/\/noticias.imer.mx\/propuesta\/\",\"name\":\"Pruebas Noticias IMER\",\"description\":\"Otro sitio m\u00e1s de IMER Noticias\",\"potentialAction\":[{\"@type\":\"SearchAction\",\"target\":{\"@type\":\"EntryPoint\",\"urlTemplate\":\"https:\/\/noticias.imer.mx\/propuesta\/?s={search_term_string}\"},\"query-input\":\"required name=search_term_string\"}],\"inLanguage\":\"es\"},{\"@type\":\"Person\",\"@id\":\"https:\/\/noticias.imer.mx\/propuesta\/#\/schema\/person\/967c1f66b6217bbd12b628cc10f6e76d\",\"name\":\"serveradmin\",\"image\":{\"@type\":\"ImageObject\",\"inLanguage\":\"es\",\"@id\":\"https:\/\/noticias.imer.mx\/propuesta\/#\/schema\/person\/image\/\",\"url\":\"https:\/\/secure.gravatar.com\/avatar\/b7032212b076bde88e044d76d65f2c7b?s=96&d=mm&r=g\",\"contentUrl\":\"https:\/\/secure.gravatar.com\/avatar\/b7032212b076bde88e044d76d65f2c7b?s=96&d=mm&r=g\",\"caption\":\"serveradmin\"},\"url\":\"https:\/\/noticias.imer.mx\/propuesta\/author\/serveradmin\/\"}]}<\/script>\n<!-- \/ Yoast SEO plugin. -->","yoast_head_json":{"title":"El Plan C para planta de Tesla: el sureste mexicano, tiene el 70% del agua - Pruebas Noticias IMER","description":"Andr\u00e9s Manuel L\u00f3pez Obrador contempla al sureste mexicano como \"Plan C\" ante el estr\u00e9s h\u00eddrico que afronta Nuevo Le\u00f3n y el norte del pa\u00eds.","robots":{"index":"index","follow":"follow","max-snippet":"max-snippet:-1","max-image-preview":"max-image-preview:large","max-video-preview":"max-video-preview:-1"},"canonical":"https:\/\/noticias.imer.mx\/propuesta\/2023\/04\/11\/el-plan-c-para-planta-de-tesla-el-sureste-mexicano-tiene-el-70-del-agua\/","og_locale":"es_ES","og_type":"article","og_title":"El Plan C para planta de Tesla: el sureste mexicano, tiene el 70% del agua - Pruebas Noticias IMER","og_description":"Andr\u00e9s Manuel L\u00f3pez Obrador contempla al sureste mexicano como \"Plan C\" ante el estr\u00e9s h\u00eddrico que afronta Nuevo Le\u00f3n y el norte del pa\u00eds.","og_url":"https:\/\/noticias.imer.mx\/propuesta\/2023\/04\/11\/el-plan-c-para-planta-de-tesla-el-sureste-mexicano-tiene-el-70-del-agua\/","og_site_name":"Pruebas Noticias IMER","article_published_time":"2023-04-11T20:14:00+00:00","author":"serveradmin","twitter_card":"summary_large_image","twitter_misc":{"Escrito por":"serveradmin","Tiempo de lectura":"3 minutos"},"schema":{"@context":"https:\/\/schema.org","@graph":[{"@type":"WebPage","@id":"https:\/\/noticias.imer.mx\/propuesta\/2023\/04\/11\/el-plan-c-para-planta-de-tesla-el-sureste-mexicano-tiene-el-70-del-agua\/","url":"https:\/\/noticias.imer.mx\/propuesta\/2023\/04\/11\/el-plan-c-para-planta-de-tesla-el-sureste-mexicano-tiene-el-70-del-agua\/","name":"El Plan C para planta de Tesla: el sureste mexicano, tiene el 70% del agua - Pruebas Noticias IMER","isPartOf":{"@id":"https:\/\/noticias.imer.mx\/propuesta\/#website"},"datePublished":"2023-04-11T20:14:00+00:00","dateModified":"2023-04-11T20:14:00+00:00","author":{"@id":"https:\/\/noticias.imer.mx\/propuesta\/#\/schema\/person\/967c1f66b6217bbd12b628cc10f6e76d"},"description":"Andr\u00e9s Manuel L\u00f3pez Obrador contempla al sureste mexicano como \"Plan C\" ante el estr\u00e9s h\u00eddrico que afronta Nuevo Le\u00f3n y el norte del pa\u00eds.","breadcrumb":{"@id":"https:\/\/noticias.imer.mx\/propuesta\/2023\/04\/11\/el-plan-c-para-planta-de-tesla-el-sureste-mexicano-tiene-el-70-del-agua\/#breadcrumb"},"inLanguage":"es","potentialAction":[{"@type":"ReadAction","target":["https:\/\/noticias.imer.mx\/propuesta\/2023\/04\/11\/el-plan-c-para-planta-de-tesla-el-sureste-mexicano-tiene-el-70-del-agua\/"]}]},{"@type":"BreadcrumbList","@id":"https:\/\/noticias.imer.mx\/propuesta\/2023\/04\/11\/el-plan-c-para-planta-de-tesla-el-sureste-mexicano-tiene-el-70-del-agua\/#breadcrumb","itemListElement":[{"@type":"ListItem","position":1,"name":"Portada","item":"https:\/\/noticias.imer.mx\/propuesta\/"},{"@type":"ListItem","position":2,"name":"El Plan C para planta de Tesla: el sureste mexicano, tiene el 70% del agua"}]},{"@type":"WebSite","@id":"https:\/\/noticias.imer.mx\/propuesta\/#website","url":"https:\/\/noticias.imer.mx\/propuesta\/","name":"Pruebas Noticias IMER","description":"Otro sitio m\u00e1s de IMER Noticias","potentialAction":[{"@type":"SearchAction","target":{"@type":"EntryPoint","urlTemplate":"https:\/\/noticias.imer.mx\/propuesta\/?s={search_term_string}"},"query-input":"required name=search_term_string"}],"inLanguage":"es"},{"@type":"Person","@id":"https:\/\/noticias.imer.mx\/propuesta\/#\/schema\/person\/967c1f66b6217bbd12b628cc10f6e76d","name":"serveradmin","image":{"@type":"ImageObject","inLanguage":"es","@id":"https:\/\/noticias.imer.mx\/propuesta\/#\/schema\/person\/image\/","url":"https:\/\/secure.gravatar.com\/avatar\/b7032212b076bde88e044d76d65f2c7b?s=96&d=mm&r=g","contentUrl":"https:\/\/secure.gravatar.com\/avatar\/b7032212b076bde88e044d76d65f2c7b?s=96&d=mm&r=g","caption":"serveradmin"},"url":"https:\/\/noticias.imer.mx\/propuesta\/author\/serveradmin\/"}]}},"_links":{"self":[{"href":"https:\/\/noticias.imer.mx\/propuesta\/wp-json\/wp\/v2\/posts\/128017"}],"collection":[{"href":"https:\/\/noticias.imer.mx\/propuesta\/wp-json\/wp\/v2\/posts"}],"about":[{"href":"https:\/\/noticias.imer.mx\/propuesta\/wp-json\/wp\/v2\/types\/post"}],"author":[{"embeddable":true,"href":"https:\/\/noticias.imer.mx\/propuesta\/wp-json\/wp\/v2\/users\/30"}],"replies":[{"embeddable":true,"href":"https:\/\/noticias.imer.mx\/propuesta\/wp-json\/wp\/v2\/comments?post=128017"}],"version-history":[{"count":1,"href":"https:\/\/noticias.imer.mx\/propuesta\/wp-json\/wp\/v2\/posts\/128017\/revisions"}],"predecessor-version":[{"id":130561,"href":"https:\/\/noticias.imer.mx\/propuesta\/wp-json\/wp\/v2\/posts\/128017\/revisions\/130561"}],"wp:featuredmedia":[{"embeddable":true,"href":"https:\/\/noticias.imer.mx\/propuesta\/wp-json\/"}],"wp:attachment":[{"href":"https:\/\/noticias.imer.mx\/propuesta\/wp-json\/wp\/v2\/media?parent=128017"}],"wp:term":[{"taxonomy":"category","embeddable":true,"href":"https:\/\/noticias.imer.mx\/propuesta\/wp-json\/wp\/v2\/categories?post=128017"},{"taxonomy":"post_tag","embeddable":true,"href":"https:\/\/noticias.imer.mx\/propuesta\/wp-json\/wp\/v2\/tags?post=128017"}],"curies":[{"name":"wp","href":"https:\/\/api.w.org\/{rel}","templated":true}]}}