{"id":127684,"date":"2023-02-16T10:36:49","date_gmt":"2023-02-16T16:36:49","guid":{"rendered":"http:\/\/noticias.imer.mx\/?p=127684"},"modified":"2023-04-11T20:14:15","modified_gmt":"2023-04-11T20:14:15","slug":"cierre-aeromar-juicio-contra-garcia-luna-los-temas-mananera-de-amlo","status":"publish","type":"post","link":"https:\/\/noticias.imer.mx\/propuesta\/2023\/02\/16\/cierre-aeromar-juicio-contra-garcia-luna-los-temas-mananera-de-amlo\/","title":{"rendered":"Cierre de Aeromar y juicio contra Garc\u00eda Luna: los temas de la ma\u00f1anera de AMLO"},"content":{"rendered":"<p><em>El presidente L\u00f3pez Obrador adelant\u00f3 que presentar\u00e1 una denuncia contra los due\u00f1os de Aeromar y podr\u00eda demandar al abogado C\u00e9sar de Castro.<\/em><\/p>\n<p>&nbsp;<\/p>\n<div class=\"gap\" style=\"line-height: 10px; height: 10px;\"><\/div>\n<div class=\"hr-thin\"><\/div>\n<p style=\"text-align: center\"><b>IMER Noticias<\/b><\/p>\n<div class=\"hr-thin\"><\/div>\n<div class=\"gap\" style=\"line-height: 10px; height: 10px;\"><\/div>\n<p>&nbsp;<\/p>\n<p>El presidente <strong>Andr\u00e9s Manuel L\u00f3pez Obrador<\/strong> asever\u00f3 este jueves que el cierre de operaciones de la empresa Aeromar fue por una mala administraci\u00f3n y adelant\u00f3 que presentar\u00e1 una denuncia contra los due\u00f1os de esta.<\/p>\n<p>&nbsp;<\/p>\n<p>Por otra parte, indic\u00f3 que consider\u00f3 que es \u00abinviable\u00bb en lo econ\u00f3mico y comercial el rescate de la empresa.<\/p>\n<p>&nbsp;<\/p>\n<p>Sostuvo que Aeromar fue mal administrada y enfrentaba un pasivo \u00abalt\u00edsimo\u00bb, se\u00f1al\u00f3 que el caso de <strong>Aeromar<\/strong> es similar al Fobaproa, en el que las empresas quedaron en quiebra, pero los due\u00f1os protegieron sus finanzas.<\/p>\n<p>&nbsp;<\/p>\n<p>Dijo que el gobierno ya ha iniciado la presentaci\u00f3n de una denuncia contra Aeromar pero la prioridad ser\u00e1 garantizar los derechos laborales de las y los trabajadores, compensar a pasajeros que compraron boletos y cubrir las rutas de <strong>Aeromar<\/strong>.<\/p>\n<p>&nbsp;<\/p>\n<p>&nbsp;<\/p>\n<p>&nbsp;<\/p>\n<h4><span style=\"color: #308446\">Caso Garc\u00eda Luna<\/span><\/h4>\n<p>&nbsp;<\/p>\n<p>El presidente <strong>Andr\u00e9s Manuel L\u00f3pez Obrador<\/strong> analiza presentar ante la justicia de <strong>Estados Unidos<\/strong>, una denuncia por da\u00f1o moral en contra del abogado <strong>C\u00e9sar de Castro<\/strong>, defensor del exsecretario de seguridad p\u00fablica, G<strong>enaro Garc\u00eda Luna<\/strong> y quien resulte responsable, luego de que su nombre fue vinculado a la red de sobornos de la que es acusado el exfuncionario federal.<\/p>\n<p>El presidente inici\u00f3 una consulta con su equipo sobre la posibilidad del recurso legal, luego de que, durante el interrogatorio al narcotraficante Jes\u00fas \u00abEl Rey\u00bb <strong>Zambada<\/strong>, De Castro le cuestion\u00f3 si hab\u00eda entregado 7 millones de d\u00f3lares en sobornos destinados para la campa\u00f1a pol\u00edtica de L\u00f3pez Obrador, cuando era jefe de Gobierno<a href=\"https:\/\/www.youtube.com\/watch?v=KwZo1vX5rPc\">.<\/a><\/p>\n<p>&nbsp;<\/p>\n<div class=\"gap\" style=\"line-height: 10px; height: 10px;\"><\/div>\n<div class=\"hr-thick\"><\/div>\n<div class=\"gap\" style=\"line-height: 10px; height: 10px;\"><\/div>\n<span class=\"dt-highlight\" >Te recomendamos:<\/span>\n<p><a href=\"https:\/\/noticias.imer.mx\/blog\/jurado-decidira-futuro-de-garcia-luna-culpable-o-inocente\/\">Jurado decidir\u00e1 futuro de Garc\u00eda Luna: culpable o inocente<\/a><\/p>\n<p>&nbsp;<\/p>\n","protected":false},"excerpt":{"rendered":"<p>L\u00f2pez Obrador adelant\u00f3 que podr\u00eda presentar una denuncia contra los due\u00f1os de Aeromar, pero la prioridad ser\u00e1 garantizar los derechos de los trabajadores.<\/p>\n","protected":false},"author":30,"featured_media":127563,"comment_status":"open","ping_status":"open","sticky":false,"template":"","format":"standard","meta":{"wp_popup_display_lightbox":0,"wp_popup_suppress":"","wp_popup_trigger":"","wp_popup_trigger_amount":0,"wp_popup_disable_on_mobile":false},"categories":[2,33,13],"tags":[595,1042,6739,9512],"yoast_head":"<!-- This site is optimized with the Yoast SEO plugin v21.0 - https:\/\/yoast.com\/wordpress\/plugins\/seo\/ -->\n<title>Cierre de Aeromar y juicio contra Garc\u00eda Luna: los temas de la ma\u00f1anera de AMLO<\/title>\n<meta name=\"description\" content=\"L\u00f2pez Obrador adelant\u00f3 que podr\u00eda presentar una denuncia contra Aeromar, pero la prioridad ser\u00e1 garantizar los derechos de los trabajadores.\" \/>\n<meta name=\"robots\" content=\"index, follow, max-snippet:-1, max-image-preview:large, max-video-preview:-1\" \/>\n<link rel=\"canonical\" href=\"https:\/\/noticias.imer.mx\/propuesta\/2023\/02\/16\/cierre-aeromar-juicio-contra-garcia-luna-los-temas-mananera-de-amlo\/\" \/>\n<meta property=\"og:locale\" content=\"es_ES\" \/>\n<meta property=\"og:type\" content=\"article\" \/>\n<meta property=\"og:title\" content=\"Cierre de Aeromar y juicio contra Garc\u00eda Luna: los temas de la ma\u00f1anera de AMLO\" \/>\n<meta property=\"og:description\" content=\"L\u00f2pez Obrador adelant\u00f3 que podr\u00eda presentar una denuncia contra Aeromar, pero la prioridad ser\u00e1 garantizar los derechos de los trabajadores.\" \/>\n<meta property=\"og:url\" content=\"https:\/\/noticias.imer.mx\/propuesta\/2023\/02\/16\/cierre-aeromar-juicio-contra-garcia-luna-los-temas-mananera-de-amlo\/\" \/>\n<meta property=\"og:site_name\" content=\"Pruebas Noticias IMER\" \/>\n<meta property=\"article:published_time\" content=\"2023-02-16T16:36:49+00:00\" \/>\n<meta property=\"article:modified_time\" content=\"2023-04-11T20:14:15+00:00\" \/>\n<meta name=\"author\" content=\"serveradmin\" \/>\n<meta name=\"twitter:card\" content=\"summary_large_image\" \/>\n<meta name=\"twitter:label1\" content=\"Escrito por\" \/>\n\t<meta name=\"twitter:data1\" content=\"serveradmin\" \/>\n\t<meta name=\"twitter:label2\" content=\"Tiempo de lectura\" \/>\n\t<meta name=\"twitter:data2\" content=\"2 minutos\" \/>\n<script type=\"application\/ld+json\" class=\"yoast-schema-graph\">{\"@context\":\"https:\/\/schema.org\",\"@graph\":[{\"@type\":\"WebPage\",\"@id\":\"https:\/\/noticias.imer.mx\/propuesta\/2023\/02\/16\/cierre-aeromar-juicio-contra-garcia-luna-los-temas-mananera-de-amlo\/\",\"url\":\"https:\/\/noticias.imer.mx\/propuesta\/2023\/02\/16\/cierre-aeromar-juicio-contra-garcia-luna-los-temas-mananera-de-amlo\/\",\"name\":\"Cierre de Aeromar y juicio contra Garc\u00eda Luna: los temas de la ma\u00f1anera de AMLO\",\"isPartOf\":{\"@id\":\"https:\/\/noticias.imer.mx\/propuesta\/#website\"},\"datePublished\":\"2023-02-16T16:36:49+00:00\",\"dateModified\":\"2023-04-11T20:14:15+00:00\",\"author\":{\"@id\":\"https:\/\/noticias.imer.mx\/propuesta\/#\/schema\/person\/967c1f66b6217bbd12b628cc10f6e76d\"},\"description\":\"L\u00f2pez Obrador adelant\u00f3 que podr\u00eda presentar una denuncia contra Aeromar, pero la prioridad ser\u00e1 garantizar los derechos de los trabajadores.\",\"breadcrumb\":{\"@id\":\"https:\/\/noticias.imer.mx\/propuesta\/2023\/02\/16\/cierre-aeromar-juicio-contra-garcia-luna-los-temas-mananera-de-amlo\/#breadcrumb\"},\"inLanguage\":\"es\",\"potentialAction\":[{\"@type\":\"ReadAction\",\"target\":[\"https:\/\/noticias.imer.mx\/propuesta\/2023\/02\/16\/cierre-aeromar-juicio-contra-garcia-luna-los-temas-mananera-de-amlo\/\"]}]},{\"@type\":\"BreadcrumbList\",\"@id\":\"https:\/\/noticias.imer.mx\/propuesta\/2023\/02\/16\/cierre-aeromar-juicio-contra-garcia-luna-los-temas-mananera-de-amlo\/#breadcrumb\",\"itemListElement\":[{\"@type\":\"ListItem\",\"position\":1,\"name\":\"Portada\",\"item\":\"https:\/\/noticias.imer.mx\/propuesta\/\"},{\"@type\":\"ListItem\",\"position\":2,\"name\":\"Cierre de Aeromar y juicio contra Garc\u00eda Luna: los temas de la ma\u00f1anera de AMLO\"}]},{\"@type\":\"WebSite\",\"@id\":\"https:\/\/noticias.imer.mx\/propuesta\/#website\",\"url\":\"https:\/\/noticias.imer.mx\/propuesta\/\",\"name\":\"Pruebas Noticias IMER\",\"description\":\"Otro sitio m\u00e1s de IMER Noticias\",\"potentialAction\":[{\"@type\":\"SearchAction\",\"target\":{\"@type\":\"EntryPoint\",\"urlTemplate\":\"https:\/\/noticias.imer.mx\/propuesta\/?s={search_term_string}\"},\"query-input\":\"required name=search_term_string\"}],\"inLanguage\":\"es\"},{\"@type\":\"Person\",\"@id\":\"https:\/\/noticias.imer.mx\/propuesta\/#\/schema\/person\/967c1f66b6217bbd12b628cc10f6e76d\",\"name\":\"serveradmin\",\"image\":{\"@type\":\"ImageObject\",\"inLanguage\":\"es\",\"@id\":\"https:\/\/noticias.imer.mx\/propuesta\/#\/schema\/person\/image\/\",\"url\":\"https:\/\/secure.gravatar.com\/avatar\/b7032212b076bde88e044d76d65f2c7b?s=96&d=mm&r=g\",\"contentUrl\":\"https:\/\/secure.gravatar.com\/avatar\/b7032212b076bde88e044d76d65f2c7b?s=96&d=mm&r=g\",\"caption\":\"serveradmin\"},\"url\":\"https:\/\/noticias.imer.mx\/propuesta\/author\/serveradmin\/\"}]}<\/script>\n<!-- \/ Yoast SEO plugin. -->","yoast_head_json":{"title":"Cierre de Aeromar y juicio contra Garc\u00eda Luna: los temas de la ma\u00f1anera de AMLO","description":"L\u00f2pez Obrador adelant\u00f3 que podr\u00eda presentar una denuncia contra Aeromar, pero la prioridad ser\u00e1 garantizar los derechos de los trabajadores.","robots":{"index":"index","follow":"follow","max-snippet":"max-snippet:-1","max-image-preview":"max-image-preview:large","max-video-preview":"max-video-preview:-1"},"canonical":"https:\/\/noticias.imer.mx\/propuesta\/2023\/02\/16\/cierre-aeromar-juicio-contra-garcia-luna-los-temas-mananera-de-amlo\/","og_locale":"es_ES","og_type":"article","og_title":"Cierre de Aeromar y juicio contra Garc\u00eda Luna: los temas de la ma\u00f1anera de AMLO","og_description":"L\u00f2pez Obrador adelant\u00f3 que podr\u00eda presentar una denuncia contra Aeromar, pero la prioridad ser\u00e1 garantizar los derechos de los trabajadores.","og_url":"https:\/\/noticias.imer.mx\/propuesta\/2023\/02\/16\/cierre-aeromar-juicio-contra-garcia-luna-los-temas-mananera-de-amlo\/","og_site_name":"Pruebas Noticias IMER","article_published_time":"2023-02-16T16:36:49+00:00","article_modified_time":"2023-04-11T20:14:15+00:00","author":"serveradmin","twitter_card":"summary_large_image","twitter_misc":{"Escrito por":"serveradmin","Tiempo de lectura":"2 minutos"},"schema":{"@context":"https:\/\/schema.org","@graph":[{"@type":"WebPage","@id":"https:\/\/noticias.imer.mx\/propuesta\/2023\/02\/16\/cierre-aeromar-juicio-contra-garcia-luna-los-temas-mananera-de-amlo\/","url":"https:\/\/noticias.imer.mx\/propuesta\/2023\/02\/16\/cierre-aeromar-juicio-contra-garcia-luna-los-temas-mananera-de-amlo\/","name":"Cierre de Aeromar y juicio contra Garc\u00eda Luna: los temas de la ma\u00f1anera de AMLO","isPartOf":{"@id":"https:\/\/noticias.imer.mx\/propuesta\/#website"},"datePublished":"2023-02-16T16:36:49+00:00","dateModified":"2023-04-11T20:14:15+00:00","author":{"@id":"https:\/\/noticias.imer.mx\/propuesta\/#\/schema\/person\/967c1f66b6217bbd12b628cc10f6e76d"},"description":"L\u00f2pez Obrador adelant\u00f3 que podr\u00eda presentar una denuncia contra Aeromar, pero la prioridad ser\u00e1 garantizar los derechos de los trabajadores.","breadcrumb":{"@id":"https:\/\/noticias.imer.mx\/propuesta\/2023\/02\/16\/cierre-aeromar-juicio-contra-garcia-luna-los-temas-mananera-de-amlo\/#breadcrumb"},"inLanguage":"es","potentialAction":[{"@type":"ReadAction","target":["https:\/\/noticias.imer.mx\/propuesta\/2023\/02\/16\/cierre-aeromar-juicio-contra-garcia-luna-los-temas-mananera-de-amlo\/"]}]},{"@type":"BreadcrumbList","@id":"https:\/\/noticias.imer.mx\/propuesta\/2023\/02\/16\/cierre-aeromar-juicio-contra-garcia-luna-los-temas-mananera-de-amlo\/#breadcrumb","itemListElement":[{"@type":"ListItem","position":1,"name":"Portada","item":"https:\/\/noticias.imer.mx\/propuesta\/"},{"@type":"ListItem","position":2,"name":"Cierre de Aeromar y juicio contra Garc\u00eda Luna: los temas de la ma\u00f1anera de AMLO"}]},{"@type":"WebSite","@id":"https:\/\/noticias.imer.mx\/propuesta\/#website","url":"https:\/\/noticias.imer.mx\/propuesta\/","name":"Pruebas Noticias IMER","description":"Otro sitio m\u00e1s de IMER Noticias","potentialAction":[{"@type":"SearchAction","target":{"@type":"EntryPoint","urlTemplate":"https:\/\/noticias.imer.mx\/propuesta\/?s={search_term_string}"},"query-input":"required name=search_term_string"}],"inLanguage":"es"},{"@type":"Person","@id":"https:\/\/noticias.imer.mx\/propuesta\/#\/schema\/person\/967c1f66b6217bbd12b628cc10f6e76d","name":"serveradmin","image":{"@type":"ImageObject","inLanguage":"es","@id":"https:\/\/noticias.imer.mx\/propuesta\/#\/schema\/person\/image\/","url":"https:\/\/secure.gravatar.com\/avatar\/b7032212b076bde88e044d76d65f2c7b?s=96&d=mm&r=g","contentUrl":"https:\/\/secure.gravatar.com\/avatar\/b7032212b076bde88e044d76d65f2c7b?s=96&d=mm&r=g","caption":"serveradmin"},"url":"https:\/\/noticias.imer.mx\/propuesta\/author\/serveradmin\/"}]}},"_links":{"self":[{"href":"https:\/\/noticias.imer.mx\/propuesta\/wp-json\/wp\/v2\/posts\/127684"}],"collection":[{"href":"https:\/\/noticias.imer.mx\/propuesta\/wp-json\/wp\/v2\/posts"}],"about":[{"href":"https:\/\/noticias.imer.mx\/propuesta\/wp-json\/wp\/v2\/types\/post"}],"author":[{"embeddable":true,"href":"https:\/\/noticias.imer.mx\/propuesta\/wp-json\/wp\/v2\/users\/30"}],"replies":[{"embeddable":true,"href":"https:\/\/noticias.imer.mx\/propuesta\/wp-json\/wp\/v2\/comments?post=127684"}],"version-history":[{"count":1,"href":"https:\/\/noticias.imer.mx\/propuesta\/wp-json\/wp\/v2\/posts\/127684\/revisions"}],"predecessor-version":[{"id":130612,"href":"https:\/\/noticias.imer.mx\/propuesta\/wp-json\/wp\/v2\/posts\/127684\/revisions\/130612"}],"wp:featuredmedia":[{"embeddable":true,"href":"https:\/\/noticias.imer.mx\/propuesta\/wp-json\/"}],"wp:attachment":[{"href":"https:\/\/noticias.imer.mx\/propuesta\/wp-json\/wp\/v2\/media?parent=127684"}],"wp:term":[{"taxonomy":"category","embeddable":true,"href":"https:\/\/noticias.imer.mx\/propuesta\/wp-json\/wp\/v2\/categories?post=127684"},{"taxonomy":"post_tag","embeddable":true,"href":"https:\/\/noticias.imer.mx\/propuesta\/wp-json\/wp\/v2\/tags?post=127684"}],"curies":[{"name":"wp","href":"https:\/\/api.w.org\/{rel}","templated":true}]}}