{"id":127661,"date":"2023-02-15T21:55:25","date_gmt":"2023-02-16T03:55:25","guid":{"rendered":"http:\/\/noticias.imer.mx\/?p=127661"},"modified":"2023-04-11T20:14:16","modified_gmt":"2023-04-11T20:14:16","slug":"aeromar-paro-operaciones-tras-35-anos","status":"publish","type":"post","link":"https:\/\/noticias.imer.mx\/propuesta\/2023\/02\/15\/aeromar-paro-operaciones-tras-35-anos\/","title":{"rendered":"Aeromar par\u00f3 operaciones tras 35 a\u00f1os"},"content":{"rendered":"<p><em>La aerol\u00ednea Aeromar dej\u00f3 de ofrecer vuelos y mantiene una deuda de m\u00e1s de 574 millones de pesos. Esto dejar\u00e1 sin empleo a 578 trabajadores.<\/em><\/p>\n<p><span style=\"font-weight: 400\"><div class=\"gap\" style=\"line-height: 10px; height: 10px;\"><\/div><\/span><\/p>\n<p><span style=\"font-weight: 400\"><\/p>\n<div class=\"hr-thin\"><\/div>\n<p><\/span><\/p>\n<p style=\"text-align: center\"><b>Kayleigh Bistra\u00edn<\/b><\/p>\n<p><span style=\"font-weight: 400\"><\/p>\n<div class=\"hr-thin\"><\/div>\n<p><\/span><\/p>\n<p><span style=\"font-weight: 400\"><div class=\"gap\" style=\"line-height: 10px; height: 10px;\"><\/div><\/span><\/p>\n<p>La aerol\u00ednea <strong>Aeromar<\/strong> puso punto final a sus 35 a\u00f1os de operaciones debido a problemas financieros.<\/p>\n<p>&nbsp;<\/p>\n<p>La compa\u00f1\u00eda ten\u00eda hasta el \u00faltimo minuto de este mi\u00e9rcoles para saldar su deuda de <strong>m\u00e1s de 500 millones de pesos<\/strong> con el <a href=\"https:\/\/noticias.imer.mx\/blog\/estrenan-documental-sobre-el-aeropuerto-felipe-angeles\/\">Aeropuerto Internacional de la Ciudad de M\u00e9xico.<\/a><\/p>\n<p>&nbsp;<\/p>\n<p>Otra de 74 millones con <strong>Aeropuertos<\/strong> y Servicios Auxiliares y una m\u00e1s por una cantidad desconocida, que corresponde a la <strong>Tarifa de Uso de Aeropuerto.<\/strong><\/p>\n<p>&nbsp;<\/p>\n<p>El cierre de operaciones deja en vilo a<strong> 578 empleados<\/strong>, entre ellas <strong>80 pilotos<\/strong>, que trabajaban en sus rutas.<\/p>\n<p>&nbsp;<\/p>\n<p>La <strong>Asociaci\u00f3n Sindical de Pilotos Aviadores<\/strong> de M\u00e9xico hab\u00eda emplazado a huelga el jueves, debido a que <strong>Aeromar<\/strong> les debe unos cien millones de pesos en prestaciones y liquidaciones.<\/p>\n<p>&nbsp;<\/p>\n<p>En comunicados emitidos por separado, la<a href=\"https:\/\/noticias.imer.mx\/blog\/ninguna-aerolinea-sera-forzada-a-operar-en-el-aeropuerto-internacional-felipe-angeles-amlo\/\"> Secretar\u00eda de Infraestructura, Comunicaciones y Transportes<\/a> y la Secretar\u00eda del Trabajo informaron que est\u00e1n en comunicaci\u00f3n con Aerom\u00e9xico, Viva Aerobus y Volaris para poder incorporar a los trabajadores afectados a sus plantillas.<\/p>\n<p>&nbsp;<\/p>\n<blockquote class=\"twitter-tweet\" data-width=\"550\" data-dnt=\"true\">\n<p lang=\"es\" dir=\"ltr\">\ud83d\udd34 <a href=\"https:\/\/twitter.com\/hashtag\/ComunicadoSICT?src=hash&amp;ref_src=twsrc%5Etfw\">#ComunicadoSICT<\/a>\u00a0<\/p>\n<p>Apoyar\u00e1 <a href=\"https:\/\/twitter.com\/GobiernoMX?ref_src=twsrc%5Etfw\">@GobiernoMX<\/a> a p\u00fablico usuario y trabajadores de Aeromar<\/p>\n<p>\u27a1\ufe0f <a href=\"https:\/\/t.co\/NM5j4HzyVI\">https:\/\/t.co\/NM5j4HzyVI<\/a><\/p>\n<p>\ud83d\udd38Buscar\u00e1 ocupar las rutas que deje la empresa ante el cese de operaciones comerciales, con las dem\u00e1s aerol\u00edneas.<\/p>\n<p>1\/5 <a href=\"https:\/\/t.co\/p62xWNQqrg\">pic.twitter.com\/p62xWNQqrg<\/a><\/p>\n<p>&mdash; SICT M\u00e9xico (@SCT_mx) <a href=\"https:\/\/twitter.com\/SCT_mx\/status\/1625949039119241227?ref_src=twsrc%5Etfw\">February 15, 2023<\/a><\/p><\/blockquote>\n<p><script async src=\"https:\/\/platform.twitter.com\/widgets.js\" charset=\"utf-8\"><\/script><\/p>\n<p>&nbsp;<\/p>\n<p>Adem\u00e1s, los trabajadores de <strong>Aeromar<\/strong> seguir\u00e1n teniendo atenci\u00f3n m\u00e9dica y hospitalaria por parte del <strong>IMSS<\/strong>. Tambi\u00e9n les suspender\u00e1n los cobros de cr\u00e9ditos hipotecarios y procedimientos extrajudiciales que se encuentren a cargo del <strong>INFONAVIT.<\/strong><\/p>\n<p>&nbsp;<\/p>\n<p>No obstante, se procedi\u00f3 al embargo precautorio de los bienes de<strong> Aeromar.<\/strong><\/p>\n<p>&nbsp;<\/p>\n<blockquote class=\"twitter-tweet\" data-width=\"550\" data-dnt=\"true\">\n<p lang=\"es\" dir=\"ltr\">\u2b55\ufe0f COMUNICADO respecto al cierre de <a href=\"https:\/\/twitter.com\/AeromarMx?ref_src=twsrc%5Etfw\">@AeromarMx<\/a>: <\/p>\n<p>El <a href=\"https:\/\/twitter.com\/GobiernoMX?ref_src=twsrc%5Etfw\">@GobiernoMX<\/a> protege los derechos de los 578 trabajadores.<\/p>\n<p>\ud83d\udcf2 <a href=\"https:\/\/t.co\/rSQsXHlMKK\">https:\/\/t.co\/rSQsXHlMKK<\/a> <a href=\"https:\/\/t.co\/wBRLSRgBsw\">pic.twitter.com\/wBRLSRgBsw<\/a><\/p>\n<p>&mdash; STPS M\u00e9xico (@STPS_mx) <a href=\"https:\/\/twitter.com\/STPS_mx\/status\/1625940887954984985?ref_src=twsrc%5Etfw\">February 15, 2023<\/a><\/p><\/blockquote>\n<p><script async src=\"https:\/\/platform.twitter.com\/widgets.js\" charset=\"utf-8\"><\/script><\/p>\n<p>&nbsp;<\/p>\n<h4><span style=\"color: #308446\"><strong>\u00bfQu\u00e9 pasar\u00e1 con los pasajeros?<\/strong><\/span><\/h4>\n<p>&nbsp;<\/p>\n<p>Los usuarios que adquirieron boletos de avi\u00f3n con Aeromar para volar a partir del 15 de febrero, la <a href=\"https:\/\/noticias.imer.mx\/blog\/mexico-tiene-nuevo-aeropuerto-internacional-inauguracion-felipe-angeles\/\">Secretar\u00eda de Infraestructura<\/a> inform\u00f3 que buscar\u00e1 que otras aerol\u00edneas les hagan v\u00e1lido su ticket para viajar con ellas.<\/p>\n<p>&nbsp;<\/p>\n<p><strong>Aerom\u00e9xico<\/strong> ofreci\u00f3 a los pasajeros de <strong>Aeromar<\/strong> cubrir el servicio para Colima, Tepic, Ciudad Victoria, Piedra Negras, McAllen e Ixtepec hasta el 28 de febrero.<\/p>\n<p>&nbsp;<\/p>\n<p>Los pasajeros solo deber\u00e1n cubrir el TUA en caso de que el aeropuerto lo solicite.<\/p>\n<p>&nbsp;<\/p>\n<blockquote class=\"twitter-tweet\" data-width=\"550\" data-dnt=\"true\">\n<p lang=\"es\" dir=\"ltr\">Si tienes una reserva vigente con Aeromar y tu vuelo fue cancelado, te condonamos la tarifa y solo deber\u00e1s cubrir el TUA. Conoce t\u00e9rminos y condiciones en <a href=\"https:\/\/t.co\/hboupNrX1j\">https:\/\/t.co\/hboupNrX1j<\/a> o llama a nuestro Call Center (55)-5133-4006. <a href=\"https:\/\/t.co\/gLzl5bCkJv\">pic.twitter.com\/gLzl5bCkJv<\/a><\/p>\n<p>&mdash; Aerom\u00e9xico (@Aeromexico) <a href=\"https:\/\/twitter.com\/Aeromexico\/status\/1625994221227311105?ref_src=twsrc%5Etfw\">February 15, 2023<\/a><\/p><\/blockquote>\n<p><script async src=\"https:\/\/platform.twitter.com\/widgets.js\" charset=\"utf-8\"><\/script><\/p>\n<p>&nbsp;<\/p>\n<h4><span style=\"color: #308446\"><strong>Piden apoyo del gobierno<\/strong><\/span><\/h4>\n<p>&nbsp;<\/p>\n<p>La Asociaci\u00f3n Sindical de Pilotos Aviadores de M\u00e9xico espera que el Gobierno apoye a <strong>Aeromar<\/strong> para que no cierre sus operaciones. En tanto, sigue en pie el emplezamiento de huelga para ma\u00f1ana, as\u00ed lo dijo el secretario de Prensa y Publicidad, Jos\u00e9 Alonso Torres, en entrevista para la Segunda Emisi\u00f3n de IMER Noticias.<\/p>\n<p>&nbsp;<\/p>\n<blockquote><p>\u00abEl emplazamiento a huelga lo tenemos desde hace mucho tiempo debido al incumplimiento salarial y contractual con Aeromar. Esa es la raz\u00f3n\u00bb.<\/p><\/blockquote>\n<p>&nbsp;<\/p>\n<p>El secretario de prensa de ASPA atribuy\u00f3 el cierre de Aeromar, Interjet y otras aerol\u00edneas a la falta de una pol\u00edtica aeron\u00e1utica de Estado.<\/p>\n<p>&nbsp;<\/p>\n<blockquote><p>\u00abEn 15 o 20 a\u00f1os han tronado m\u00e1s de 17 empresas aeron\u00e1uticas. Esto no es responsabilidad del gobierno actual. Viene de mucho tiempo atr\u00e1s\u00bb. No existe una pol\u00edtica aeron\u00e1utica de Estado\u00bb.<\/p><\/blockquote>\n<p>&nbsp;<\/p>\n<p><span style=\"font-weight: 400\"><div class=\"gap\" style=\"line-height: 10px; height: 10px;\"><\/div><\/span><\/p>\n<p><span style=\"font-weight: 400\"><\/p>\n<div class=\"hr-thick\"><\/div>\n<p><\/span><\/p>\n<p><span style=\"font-weight: 400\"><div class=\"gap\" style=\"line-height: 10px; height: 10px;\"><\/div><\/span><\/p>\n<p><span style=\"font-weight: 400\"><span class=\"dt-highlight\" >Te recomendamos:<\/span><\/span><\/p>\n<blockquote class=\"wp-embedded-content\" data-secret=\"t6dApbf9bK\"><p><a href=\"https:\/\/noticias.imer.mx\/blog\/mexico-tiene-nuevo-aeropuerto-internacional-inauguracion-felipe-angeles\/\">M\u00e9xico tiene nuevo Aeropuerto Internacional; as\u00ed fue la inauguraci\u00f3n del &#8220;Felipe \u00c1ngeles&#8221;<\/a><\/p><\/blockquote>\n<p><iframe class=\"wp-embedded-content\" sandbox=\"allow-scripts\" security=\"restricted\" style=\"position: absolute; clip: rect(1px, 1px, 1px, 1px);\" title=\"\u00abM\u00e9xico tiene nuevo Aeropuerto Internacional; as\u00ed fue la inauguraci\u00f3n del &#8220;Felipe \u00c1ngeles&#8221;\u00bb \u2014 IMER Noticias\" src=\"https:\/\/noticias.imer.mx\/blog\/mexico-tiene-nuevo-aeropuerto-internacional-inauguracion-felipe-angeles\/embed\/#?secret=t6dApbf9bK\" data-secret=\"t6dApbf9bK\" width=\"600\" height=\"338\" frameborder=\"0\" marginwidth=\"0\" marginheight=\"0\" scrolling=\"no\"><\/iframe><\/p>\n","protected":false},"excerpt":{"rendered":"<p>La aerol\u00ednea Aeromar dej\u00f3 de ofrecer vuelos y mantiene una deuda de m\u00e1s de 574 millones de pesos. Esto dejar\u00e1 sin empleo a 578 trabajadores.<\/p>\n","protected":false},"author":30,"featured_media":127589,"comment_status":"open","ping_status":"open","sticky":false,"template":"","format":"standard","meta":{"wp_popup_display_lightbox":0,"wp_popup_suppress":"","wp_popup_trigger":"","wp_popup_trigger_amount":0,"wp_popup_disable_on_mobile":false},"categories":[2,29,13],"tags":[],"yoast_head":"<!-- This site is optimized with the Yoast SEO plugin v21.0 - https:\/\/yoast.com\/wordpress\/plugins\/seo\/ -->\n<title>Aeromar par\u00f3 operaciones tras 35 a\u00f1os - Pruebas Noticias IMER<\/title>\n<meta name=\"description\" content=\"La aerol\u00ednea Aeromar dej\u00f3 de ofrecer vuelos y mantiene una deuda de m\u00e1s de 574 millones de pesos. Esto dejar\u00e1 sin empleo a 578 trabajadores.\" \/>\n<meta name=\"robots\" content=\"index, follow, max-snippet:-1, max-image-preview:large, max-video-preview:-1\" \/>\n<link rel=\"canonical\" href=\"https:\/\/noticias.imer.mx\/propuesta\/2023\/02\/15\/aeromar-paro-operaciones-tras-35-anos\/\" \/>\n<meta property=\"og:locale\" content=\"es_ES\" \/>\n<meta property=\"og:type\" content=\"article\" \/>\n<meta property=\"og:title\" content=\"Aeromar par\u00f3 operaciones tras 35 a\u00f1os - Pruebas Noticias IMER\" \/>\n<meta property=\"og:description\" content=\"La aerol\u00ednea Aeromar dej\u00f3 de ofrecer vuelos y mantiene una deuda de m\u00e1s de 574 millones de pesos. Esto dejar\u00e1 sin empleo a 578 trabajadores.\" \/>\n<meta property=\"og:url\" content=\"https:\/\/noticias.imer.mx\/propuesta\/2023\/02\/15\/aeromar-paro-operaciones-tras-35-anos\/\" \/>\n<meta property=\"og:site_name\" content=\"Pruebas Noticias IMER\" \/>\n<meta property=\"article:published_time\" content=\"2023-02-16T03:55:25+00:00\" \/>\n<meta property=\"article:modified_time\" content=\"2023-04-11T20:14:16+00:00\" \/>\n<meta name=\"author\" content=\"serveradmin\" \/>\n<meta name=\"twitter:card\" content=\"summary_large_image\" \/>\n<meta name=\"twitter:label1\" content=\"Escrito por\" \/>\n\t<meta name=\"twitter:data1\" content=\"serveradmin\" \/>\n\t<meta name=\"twitter:label2\" content=\"Tiempo de lectura\" \/>\n\t<meta name=\"twitter:data2\" content=\"3 minutos\" \/>\n<script type=\"application\/ld+json\" class=\"yoast-schema-graph\">{\"@context\":\"https:\/\/schema.org\",\"@graph\":[{\"@type\":\"WebPage\",\"@id\":\"https:\/\/noticias.imer.mx\/propuesta\/2023\/02\/15\/aeromar-paro-operaciones-tras-35-anos\/\",\"url\":\"https:\/\/noticias.imer.mx\/propuesta\/2023\/02\/15\/aeromar-paro-operaciones-tras-35-anos\/\",\"name\":\"Aeromar par\u00f3 operaciones tras 35 a\u00f1os - Pruebas Noticias IMER\",\"isPartOf\":{\"@id\":\"https:\/\/noticias.imer.mx\/propuesta\/#website\"},\"datePublished\":\"2023-02-16T03:55:25+00:00\",\"dateModified\":\"2023-04-11T20:14:16+00:00\",\"author\":{\"@id\":\"https:\/\/noticias.imer.mx\/propuesta\/#\/schema\/person\/967c1f66b6217bbd12b628cc10f6e76d\"},\"description\":\"La aerol\u00ednea Aeromar dej\u00f3 de ofrecer vuelos y mantiene una deuda de m\u00e1s de 574 millones de pesos. Esto dejar\u00e1 sin empleo a 578 trabajadores.\",\"breadcrumb\":{\"@id\":\"https:\/\/noticias.imer.mx\/propuesta\/2023\/02\/15\/aeromar-paro-operaciones-tras-35-anos\/#breadcrumb\"},\"inLanguage\":\"es\",\"potentialAction\":[{\"@type\":\"ReadAction\",\"target\":[\"https:\/\/noticias.imer.mx\/propuesta\/2023\/02\/15\/aeromar-paro-operaciones-tras-35-anos\/\"]}]},{\"@type\":\"BreadcrumbList\",\"@id\":\"https:\/\/noticias.imer.mx\/propuesta\/2023\/02\/15\/aeromar-paro-operaciones-tras-35-anos\/#breadcrumb\",\"itemListElement\":[{\"@type\":\"ListItem\",\"position\":1,\"name\":\"Portada\",\"item\":\"https:\/\/noticias.imer.mx\/propuesta\/\"},{\"@type\":\"ListItem\",\"position\":2,\"name\":\"Aeromar par\u00f3 operaciones tras 35 a\u00f1os\"}]},{\"@type\":\"WebSite\",\"@id\":\"https:\/\/noticias.imer.mx\/propuesta\/#website\",\"url\":\"https:\/\/noticias.imer.mx\/propuesta\/\",\"name\":\"Pruebas Noticias IMER\",\"description\":\"Otro sitio m\u00e1s de IMER Noticias\",\"potentialAction\":[{\"@type\":\"SearchAction\",\"target\":{\"@type\":\"EntryPoint\",\"urlTemplate\":\"https:\/\/noticias.imer.mx\/propuesta\/?s={search_term_string}\"},\"query-input\":\"required name=search_term_string\"}],\"inLanguage\":\"es\"},{\"@type\":\"Person\",\"@id\":\"https:\/\/noticias.imer.mx\/propuesta\/#\/schema\/person\/967c1f66b6217bbd12b628cc10f6e76d\",\"name\":\"serveradmin\",\"image\":{\"@type\":\"ImageObject\",\"inLanguage\":\"es\",\"@id\":\"https:\/\/noticias.imer.mx\/propuesta\/#\/schema\/person\/image\/\",\"url\":\"https:\/\/secure.gravatar.com\/avatar\/b7032212b076bde88e044d76d65f2c7b?s=96&d=mm&r=g\",\"contentUrl\":\"https:\/\/secure.gravatar.com\/avatar\/b7032212b076bde88e044d76d65f2c7b?s=96&d=mm&r=g\",\"caption\":\"serveradmin\"},\"url\":\"https:\/\/noticias.imer.mx\/propuesta\/author\/serveradmin\/\"}]}<\/script>\n<!-- \/ Yoast SEO plugin. -->","yoast_head_json":{"title":"Aeromar par\u00f3 operaciones tras 35 a\u00f1os - Pruebas Noticias IMER","description":"La aerol\u00ednea Aeromar dej\u00f3 de ofrecer vuelos y mantiene una deuda de m\u00e1s de 574 millones de pesos. Esto dejar\u00e1 sin empleo a 578 trabajadores.","robots":{"index":"index","follow":"follow","max-snippet":"max-snippet:-1","max-image-preview":"max-image-preview:large","max-video-preview":"max-video-preview:-1"},"canonical":"https:\/\/noticias.imer.mx\/propuesta\/2023\/02\/15\/aeromar-paro-operaciones-tras-35-anos\/","og_locale":"es_ES","og_type":"article","og_title":"Aeromar par\u00f3 operaciones tras 35 a\u00f1os - Pruebas Noticias IMER","og_description":"La aerol\u00ednea Aeromar dej\u00f3 de ofrecer vuelos y mantiene una deuda de m\u00e1s de 574 millones de pesos. Esto dejar\u00e1 sin empleo a 578 trabajadores.","og_url":"https:\/\/noticias.imer.mx\/propuesta\/2023\/02\/15\/aeromar-paro-operaciones-tras-35-anos\/","og_site_name":"Pruebas Noticias IMER","article_published_time":"2023-02-16T03:55:25+00:00","article_modified_time":"2023-04-11T20:14:16+00:00","author":"serveradmin","twitter_card":"summary_large_image","twitter_misc":{"Escrito por":"serveradmin","Tiempo de lectura":"3 minutos"},"schema":{"@context":"https:\/\/schema.org","@graph":[{"@type":"WebPage","@id":"https:\/\/noticias.imer.mx\/propuesta\/2023\/02\/15\/aeromar-paro-operaciones-tras-35-anos\/","url":"https:\/\/noticias.imer.mx\/propuesta\/2023\/02\/15\/aeromar-paro-operaciones-tras-35-anos\/","name":"Aeromar par\u00f3 operaciones tras 35 a\u00f1os - Pruebas Noticias IMER","isPartOf":{"@id":"https:\/\/noticias.imer.mx\/propuesta\/#website"},"datePublished":"2023-02-16T03:55:25+00:00","dateModified":"2023-04-11T20:14:16+00:00","author":{"@id":"https:\/\/noticias.imer.mx\/propuesta\/#\/schema\/person\/967c1f66b6217bbd12b628cc10f6e76d"},"description":"La aerol\u00ednea Aeromar dej\u00f3 de ofrecer vuelos y mantiene una deuda de m\u00e1s de 574 millones de pesos. Esto dejar\u00e1 sin empleo a 578 trabajadores.","breadcrumb":{"@id":"https:\/\/noticias.imer.mx\/propuesta\/2023\/02\/15\/aeromar-paro-operaciones-tras-35-anos\/#breadcrumb"},"inLanguage":"es","potentialAction":[{"@type":"ReadAction","target":["https:\/\/noticias.imer.mx\/propuesta\/2023\/02\/15\/aeromar-paro-operaciones-tras-35-anos\/"]}]},{"@type":"BreadcrumbList","@id":"https:\/\/noticias.imer.mx\/propuesta\/2023\/02\/15\/aeromar-paro-operaciones-tras-35-anos\/#breadcrumb","itemListElement":[{"@type":"ListItem","position":1,"name":"Portada","item":"https:\/\/noticias.imer.mx\/propuesta\/"},{"@type":"ListItem","position":2,"name":"Aeromar par\u00f3 operaciones tras 35 a\u00f1os"}]},{"@type":"WebSite","@id":"https:\/\/noticias.imer.mx\/propuesta\/#website","url":"https:\/\/noticias.imer.mx\/propuesta\/","name":"Pruebas Noticias IMER","description":"Otro sitio m\u00e1s de IMER Noticias","potentialAction":[{"@type":"SearchAction","target":{"@type":"EntryPoint","urlTemplate":"https:\/\/noticias.imer.mx\/propuesta\/?s={search_term_string}"},"query-input":"required name=search_term_string"}],"inLanguage":"es"},{"@type":"Person","@id":"https:\/\/noticias.imer.mx\/propuesta\/#\/schema\/person\/967c1f66b6217bbd12b628cc10f6e76d","name":"serveradmin","image":{"@type":"ImageObject","inLanguage":"es","@id":"https:\/\/noticias.imer.mx\/propuesta\/#\/schema\/person\/image\/","url":"https:\/\/secure.gravatar.com\/avatar\/b7032212b076bde88e044d76d65f2c7b?s=96&d=mm&r=g","contentUrl":"https:\/\/secure.gravatar.com\/avatar\/b7032212b076bde88e044d76d65f2c7b?s=96&d=mm&r=g","caption":"serveradmin"},"url":"https:\/\/noticias.imer.mx\/propuesta\/author\/serveradmin\/"}]}},"_links":{"self":[{"href":"https:\/\/noticias.imer.mx\/propuesta\/wp-json\/wp\/v2\/posts\/127661"}],"collection":[{"href":"https:\/\/noticias.imer.mx\/propuesta\/wp-json\/wp\/v2\/posts"}],"about":[{"href":"https:\/\/noticias.imer.mx\/propuesta\/wp-json\/wp\/v2\/types\/post"}],"author":[{"embeddable":true,"href":"https:\/\/noticias.imer.mx\/propuesta\/wp-json\/wp\/v2\/users\/30"}],"replies":[{"embeddable":true,"href":"https:\/\/noticias.imer.mx\/propuesta\/wp-json\/wp\/v2\/comments?post=127661"}],"version-history":[{"count":1,"href":"https:\/\/noticias.imer.mx\/propuesta\/wp-json\/wp\/v2\/posts\/127661\/revisions"}],"predecessor-version":[{"id":130617,"href":"https:\/\/noticias.imer.mx\/propuesta\/wp-json\/wp\/v2\/posts\/127661\/revisions\/130617"}],"wp:featuredmedia":[{"embeddable":true,"href":"https:\/\/noticias.imer.mx\/propuesta\/wp-json\/"}],"wp:attachment":[{"href":"https:\/\/noticias.imer.mx\/propuesta\/wp-json\/wp\/v2\/media?parent=127661"}],"wp:term":[{"taxonomy":"category","embeddable":true,"href":"https:\/\/noticias.imer.mx\/propuesta\/wp-json\/wp\/v2\/categories?post=127661"},{"taxonomy":"post_tag","embeddable":true,"href":"https:\/\/noticias.imer.mx\/propuesta\/wp-json\/wp\/v2\/tags?post=127661"}],"curies":[{"name":"wp","href":"https:\/\/api.w.org\/{rel}","templated":true}]}}