{"id":127650,"date":"2023-02-15T21:33:44","date_gmt":"2023-02-16T03:33:44","guid":{"rendered":"http:\/\/noticias.imer.mx\/?p=127650"},"modified":"2023-04-11T20:14:16","modified_gmt":"2023-04-11T20:14:16","slug":"refugiados-en-turquia-los-olvidados-del-sismo","status":"publish","type":"post","link":"https:\/\/noticias.imer.mx\/propuesta\/2023\/02\/15\/refugiados-en-turquia-los-olvidados-del-sismo\/","title":{"rendered":"Refugiados en Turqu\u00eda, los olvidados del sismo"},"content":{"rendered":"<p><em>Las familias de Siria que huyeron como refugiadas a Turqu\u00eda por la guerra han quedado en el limbo, tras el sismo que sacudi\u00f3 a los dos pa\u00edses el pasado 6 de febrero.<\/em><\/p>\n<p><span style=\"font-weight: 400\"><div class=\"gap\" style=\"line-height: 10px; height: 10px;\"><\/div><\/span><\/p>\n<p><span style=\"font-weight: 400\"><\/p>\n<div class=\"hr-thin\"><\/div>\n<p><\/span><\/p>\n<p style=\"text-align: center\"><b>Nayeli Valencia<\/b><\/p>\n<p><span style=\"font-weight: 400\"><\/p>\n<div class=\"hr-thin\"><\/div>\n<p><\/span><\/p>\n<p><span style=\"font-weight: 400\"><div class=\"gap\" style=\"line-height: 10px; height: 10px;\"><\/div><\/span><\/p>\n<p><strong>Heba Al-Ibrahim<\/strong>, su esposo Khaled (halid) Shibon y sus cinco hijos menores de edad huyeron de su casa hace doce a\u00f1os. Lo hicieron agachados, casi gateando, para que no los matara alguna de las bombas que inundaban la ciudad de Kafr Nabudah (kafarnabude), al norte de<a href=\"https:\/\/noticias.imer.mx\/blog\/sismos-del-19-s-merecen-investigacion-seria-unam\/\"> <strong>Siria.<\/strong><\/a><\/p>\n<p>&nbsp;<\/p>\n<p>Desde entonces, sin quererlo, fueron una familia<strong> siria refugiada<\/strong> en Turqu\u00eda.<\/p>\n<p>&nbsp;<\/p>\n<p>La \u00faltima vez que <strong>Mariam Sof\u00eda Al-Ibrahim<\/strong> visit\u00f3 a su familia paterna, su prima Heba la abraz\u00f3 y llen\u00f3 de besos, comparti\u00f3 su comida en un plat\u00f3n que se pone al centro de la mesa sentados entre cojines y salieron a caminar al campo. Se entendieron bien pese al poco ingl\u00e9s que entonces hablaban y ya nunca dejaron de <a href=\"https:\/\/noticias.imer.mx\/blog\/sismos-causan-miles-muertos-en-turquia-y-siria-estas-son-las-afectaciones\/\">comunicarse<\/a>.<\/p>\n<p>&nbsp;<\/p>\n<p>Ahora, Heba, Khaled (halid) y sus cinco hijos viven en una casa de campa\u00f1a y resisten al fr\u00edo con fogatas luego de que el <strong>sismo<\/strong> de hace una semana dej\u00f3 a m\u00e1s de 41 mil personas muertas y a ellos, de nuevo, sin una casa.<\/p>\n<p>&nbsp;<\/p>\n<blockquote><p>\u201cEsta es una situaci\u00f3n bastante complicada como sacas de un pa\u00eds a 7 personas que no tienen ni siquiera documentos de identidad porque cuando t\u00fa tienes que salir huyendo de una guerra. Bueno, creo que agarras a tus cr\u00edas agarras. \u00bfEh? Lo que puedas, pero no vas a estar pensando en tus papeles en tus documentos en tu computadora en ese tipo de cosas no creo que ellos han vivido de primera mano lo que es estar al borde de la sobrevivencia\u201d.<\/p><\/blockquote>\n<p>&nbsp;<\/p>\n<h4><span style=\"color: #308446\"><strong>Miriam solicita el apoyo del gobierno mexicano<\/strong><\/span><\/h4>\n<p>&nbsp;<\/p>\n<p>Desde antes del <strong>sismo,<\/strong> Heba hab\u00eda solicitado apoyo a su prima Mariam para que su <strong>familia<\/strong> saliera del pa\u00eds. Su esposo tiene una lesi\u00f3n que le impide trabajar y ella se hac\u00eda cargo de los gastos. Esto no alcanzaba para darles educaci\u00f3n a sus hijos, uno de ellos, el de tres a\u00f1os, con problemas de salud.<\/p>\n<p>&nbsp;<\/p>\n<p>\u201cAhora que sucedi\u00f3 la semana pasada este terrible desastre, pues es m\u00e1s urgente que nunca es m\u00e1s urgente que nunca que ellos salgan de ah\u00ed ella los mensajes que ella me manda son bastante alarmantes en el sentido que ella teme que sus beb\u00e9s de 2 y 3 a\u00f1os no vayan a soportar el fr\u00edo. Ella dice que est\u00e1n muriendo lentamente que no hay comida que no hay luz, que no hay ba\u00f1o\u201d.<\/p>\n<p>&nbsp;<\/p>\n<p>Por eso, Mariam solicita al Secretario de Relaciones Exteriores, <strong>Marcelo Ebrard,<\/strong> ayuda urgente para otorgar visas humanitarias a sus familiares. Ha acudido a la embajada de M\u00e9xico en<a href=\"https:\/\/noticias.imer.mx\/blog\/la-proteccion-civil-en-mexico-antes-y-despues-de-los-sismos-de-1985\/\"> <strong>Turqu\u00eda<\/strong>,<\/a> pero no le dan respuesta, ni siquiera un no, tras el <strong>sismo<\/strong>.<\/p>\n<p>&nbsp;<\/p>\n<blockquote><p>\u201cLo hab\u00edan perdido casi todo ahora definitivamente no tienen nada. Es por eso que estoy solicitando la ayuda si alguien escucha este mensaje y tiene la posibilidad de hacerlo llegar a la Secretar\u00eda de Relaciones Exteriores a la Embajada de M\u00e9xico en Turqu\u00eda o a la embajada turca en M\u00e9xico\u201d.<\/p><\/blockquote>\n<p>&nbsp;<\/p>\n<blockquote><p>\u201cMira, yo no quiero comprometer al Gobierno a que les brinde refugio a mi familia. Yo entiendo que en ese caso el gobierno tiene que hacerse cargo completamente brindarles hogar brindarles, eh? Ayuda econ\u00f3mica brindarles estudio a los ni\u00f1os, etc\u00e9tera, etc\u00e9tera y yo no.<\/p>\n<p>&nbsp;<\/p>\n<p>Realmente, lo \u00fanico con lo que yo me conformar\u00eda es que les entreguen las visas humanitarias a estos siete de mis familiares. De ah\u00ed en adelante, entonces yo veo c\u00f3mo consigo el dinero para los boletos de avi\u00f3n. Ellos obviamente van a quedar a a a vivirse en mi casa no hay problema, que no nos den un un lugar especial para ellos y pues parale contar eso es realmente al principio\u201d.<\/p><\/blockquote>\n<p>&nbsp;<\/p>\n<p><span style=\"font-weight: 400\"><div class=\"gap\" style=\"line-height: 10px; height: 10px;\"><\/div><\/span><\/p>\n<p><span style=\"font-weight: 400\"><\/p>\n<div class=\"hr-thick\"><\/div>\n<p><\/span><\/p>\n<p><span style=\"font-weight: 400\"><div class=\"gap\" style=\"line-height: 10px; height: 10px;\"><\/div><\/span><\/p>\n<p><span style=\"font-weight: 400\"><span class=\"dt-highlight\" >Te recomendamos:<\/span><\/span><\/p>\n<blockquote class=\"wp-embedded-content\" data-secret=\"wPzNIviSqC\"><p><a href=\"https:\/\/noticias.imer.mx\/blog\/sismos-en-siria-y-turquia-acaban-con-patrimonio-cultural\/\">Sismos en Siria y Turqu\u00eda acaban con patrimonio cultural<\/a><\/p><\/blockquote>\n<p><iframe class=\"wp-embedded-content\" sandbox=\"allow-scripts\" security=\"restricted\" style=\"position: absolute; clip: rect(1px, 1px, 1px, 1px);\" title=\"\u00abSismos en Siria y Turqu\u00eda acaban con patrimonio cultural\u00bb \u2014 IMER Noticias\" src=\"https:\/\/noticias.imer.mx\/blog\/sismos-en-siria-y-turquia-acaban-con-patrimonio-cultural\/embed\/#?secret=wPzNIviSqC\" data-secret=\"wPzNIviSqC\" width=\"600\" height=\"338\" frameborder=\"0\" marginwidth=\"0\" marginheight=\"0\" scrolling=\"no\"><\/iframe><\/p>\n","protected":false},"excerpt":{"rendered":"<p>Las familias de Siria que huyeron como refugiadas a Turqu\u00eda por la guerra han quedado en el limbo, tras los sismos que sacudieron a los dos pa\u00edses el pasado 6 de febrero.<\/p>\n","protected":false},"author":30,"featured_media":127353,"comment_status":"open","ping_status":"open","sticky":false,"template":"","format":"standard","meta":{"wp_popup_display_lightbox":0,"wp_popup_suppress":"","wp_popup_trigger":"","wp_popup_trigger_amount":0,"wp_popup_disable_on_mobile":false},"categories":[2,31,13],"tags":[],"yoast_head":"<!-- This site is optimized with the Yoast SEO plugin v21.0 - https:\/\/yoast.com\/wordpress\/plugins\/seo\/ -->\n<title>Refugiados en Turqu\u00eda, los olvidados del sismo - Pruebas Noticias IMER<\/title>\n<meta name=\"description\" content=\"Las familias de Siria que huyeron a Turqu\u00eda por la guerra han quedado en el limbo, tras el sismo que sacudi\u00f3 a la regi\u00f3n.\" \/>\n<meta name=\"robots\" content=\"index, follow, max-snippet:-1, max-image-preview:large, max-video-preview:-1\" \/>\n<link rel=\"canonical\" href=\"https:\/\/noticias.imer.mx\/propuesta\/2023\/02\/15\/refugiados-en-turquia-los-olvidados-del-sismo\/\" \/>\n<meta property=\"og:locale\" content=\"es_ES\" \/>\n<meta property=\"og:type\" content=\"article\" \/>\n<meta property=\"og:title\" content=\"Refugiados en Turqu\u00eda, los olvidados del sismo - Pruebas Noticias IMER\" \/>\n<meta property=\"og:description\" content=\"Las familias de Siria que huyeron a Turqu\u00eda por la guerra han quedado en el limbo, tras el sismo que sacudi\u00f3 a la regi\u00f3n.\" \/>\n<meta property=\"og:url\" content=\"https:\/\/noticias.imer.mx\/propuesta\/2023\/02\/15\/refugiados-en-turquia-los-olvidados-del-sismo\/\" \/>\n<meta property=\"og:site_name\" content=\"Pruebas Noticias IMER\" \/>\n<meta property=\"article:published_time\" content=\"2023-02-16T03:33:44+00:00\" \/>\n<meta property=\"article:modified_time\" content=\"2023-04-11T20:14:16+00:00\" \/>\n<meta name=\"author\" content=\"serveradmin\" \/>\n<meta name=\"twitter:card\" content=\"summary_large_image\" \/>\n<meta name=\"twitter:label1\" content=\"Escrito por\" \/>\n\t<meta name=\"twitter:data1\" content=\"serveradmin\" \/>\n\t<meta name=\"twitter:label2\" content=\"Tiempo de lectura\" \/>\n\t<meta name=\"twitter:data2\" content=\"3 minutos\" \/>\n<script type=\"application\/ld+json\" class=\"yoast-schema-graph\">{\"@context\":\"https:\/\/schema.org\",\"@graph\":[{\"@type\":\"WebPage\",\"@id\":\"https:\/\/noticias.imer.mx\/propuesta\/2023\/02\/15\/refugiados-en-turquia-los-olvidados-del-sismo\/\",\"url\":\"https:\/\/noticias.imer.mx\/propuesta\/2023\/02\/15\/refugiados-en-turquia-los-olvidados-del-sismo\/\",\"name\":\"Refugiados en Turqu\u00eda, los olvidados del sismo - Pruebas Noticias IMER\",\"isPartOf\":{\"@id\":\"https:\/\/noticias.imer.mx\/propuesta\/#website\"},\"datePublished\":\"2023-02-16T03:33:44+00:00\",\"dateModified\":\"2023-04-11T20:14:16+00:00\",\"author\":{\"@id\":\"https:\/\/noticias.imer.mx\/propuesta\/#\/schema\/person\/967c1f66b6217bbd12b628cc10f6e76d\"},\"description\":\"Las familias de Siria que huyeron a Turqu\u00eda por la guerra han quedado en el limbo, tras el sismo que sacudi\u00f3 a la regi\u00f3n.\",\"breadcrumb\":{\"@id\":\"https:\/\/noticias.imer.mx\/propuesta\/2023\/02\/15\/refugiados-en-turquia-los-olvidados-del-sismo\/#breadcrumb\"},\"inLanguage\":\"es\",\"potentialAction\":[{\"@type\":\"ReadAction\",\"target\":[\"https:\/\/noticias.imer.mx\/propuesta\/2023\/02\/15\/refugiados-en-turquia-los-olvidados-del-sismo\/\"]}]},{\"@type\":\"BreadcrumbList\",\"@id\":\"https:\/\/noticias.imer.mx\/propuesta\/2023\/02\/15\/refugiados-en-turquia-los-olvidados-del-sismo\/#breadcrumb\",\"itemListElement\":[{\"@type\":\"ListItem\",\"position\":1,\"name\":\"Portada\",\"item\":\"https:\/\/noticias.imer.mx\/propuesta\/\"},{\"@type\":\"ListItem\",\"position\":2,\"name\":\"Refugiados en Turqu\u00eda, los olvidados del sismo\"}]},{\"@type\":\"WebSite\",\"@id\":\"https:\/\/noticias.imer.mx\/propuesta\/#website\",\"url\":\"https:\/\/noticias.imer.mx\/propuesta\/\",\"name\":\"Pruebas Noticias IMER\",\"description\":\"Otro sitio m\u00e1s de IMER Noticias\",\"potentialAction\":[{\"@type\":\"SearchAction\",\"target\":{\"@type\":\"EntryPoint\",\"urlTemplate\":\"https:\/\/noticias.imer.mx\/propuesta\/?s={search_term_string}\"},\"query-input\":\"required name=search_term_string\"}],\"inLanguage\":\"es\"},{\"@type\":\"Person\",\"@id\":\"https:\/\/noticias.imer.mx\/propuesta\/#\/schema\/person\/967c1f66b6217bbd12b628cc10f6e76d\",\"name\":\"serveradmin\",\"image\":{\"@type\":\"ImageObject\",\"inLanguage\":\"es\",\"@id\":\"https:\/\/noticias.imer.mx\/propuesta\/#\/schema\/person\/image\/\",\"url\":\"https:\/\/secure.gravatar.com\/avatar\/b7032212b076bde88e044d76d65f2c7b?s=96&d=mm&r=g\",\"contentUrl\":\"https:\/\/secure.gravatar.com\/avatar\/b7032212b076bde88e044d76d65f2c7b?s=96&d=mm&r=g\",\"caption\":\"serveradmin\"},\"url\":\"https:\/\/noticias.imer.mx\/propuesta\/author\/serveradmin\/\"}]}<\/script>\n<!-- \/ Yoast SEO plugin. -->","yoast_head_json":{"title":"Refugiados en Turqu\u00eda, los olvidados del sismo - Pruebas Noticias IMER","description":"Las familias de Siria que huyeron a Turqu\u00eda por la guerra han quedado en el limbo, tras el sismo que sacudi\u00f3 a la regi\u00f3n.","robots":{"index":"index","follow":"follow","max-snippet":"max-snippet:-1","max-image-preview":"max-image-preview:large","max-video-preview":"max-video-preview:-1"},"canonical":"https:\/\/noticias.imer.mx\/propuesta\/2023\/02\/15\/refugiados-en-turquia-los-olvidados-del-sismo\/","og_locale":"es_ES","og_type":"article","og_title":"Refugiados en Turqu\u00eda, los olvidados del sismo - Pruebas Noticias IMER","og_description":"Las familias de Siria que huyeron a Turqu\u00eda por la guerra han quedado en el limbo, tras el sismo que sacudi\u00f3 a la regi\u00f3n.","og_url":"https:\/\/noticias.imer.mx\/propuesta\/2023\/02\/15\/refugiados-en-turquia-los-olvidados-del-sismo\/","og_site_name":"Pruebas Noticias IMER","article_published_time":"2023-02-16T03:33:44+00:00","article_modified_time":"2023-04-11T20:14:16+00:00","author":"serveradmin","twitter_card":"summary_large_image","twitter_misc":{"Escrito por":"serveradmin","Tiempo de lectura":"3 minutos"},"schema":{"@context":"https:\/\/schema.org","@graph":[{"@type":"WebPage","@id":"https:\/\/noticias.imer.mx\/propuesta\/2023\/02\/15\/refugiados-en-turquia-los-olvidados-del-sismo\/","url":"https:\/\/noticias.imer.mx\/propuesta\/2023\/02\/15\/refugiados-en-turquia-los-olvidados-del-sismo\/","name":"Refugiados en Turqu\u00eda, los olvidados del sismo - Pruebas Noticias IMER","isPartOf":{"@id":"https:\/\/noticias.imer.mx\/propuesta\/#website"},"datePublished":"2023-02-16T03:33:44+00:00","dateModified":"2023-04-11T20:14:16+00:00","author":{"@id":"https:\/\/noticias.imer.mx\/propuesta\/#\/schema\/person\/967c1f66b6217bbd12b628cc10f6e76d"},"description":"Las familias de Siria que huyeron a Turqu\u00eda por la guerra han quedado en el limbo, tras el sismo que sacudi\u00f3 a la regi\u00f3n.","breadcrumb":{"@id":"https:\/\/noticias.imer.mx\/propuesta\/2023\/02\/15\/refugiados-en-turquia-los-olvidados-del-sismo\/#breadcrumb"},"inLanguage":"es","potentialAction":[{"@type":"ReadAction","target":["https:\/\/noticias.imer.mx\/propuesta\/2023\/02\/15\/refugiados-en-turquia-los-olvidados-del-sismo\/"]}]},{"@type":"BreadcrumbList","@id":"https:\/\/noticias.imer.mx\/propuesta\/2023\/02\/15\/refugiados-en-turquia-los-olvidados-del-sismo\/#breadcrumb","itemListElement":[{"@type":"ListItem","position":1,"name":"Portada","item":"https:\/\/noticias.imer.mx\/propuesta\/"},{"@type":"ListItem","position":2,"name":"Refugiados en Turqu\u00eda, los olvidados del sismo"}]},{"@type":"WebSite","@id":"https:\/\/noticias.imer.mx\/propuesta\/#website","url":"https:\/\/noticias.imer.mx\/propuesta\/","name":"Pruebas Noticias IMER","description":"Otro sitio m\u00e1s de IMER Noticias","potentialAction":[{"@type":"SearchAction","target":{"@type":"EntryPoint","urlTemplate":"https:\/\/noticias.imer.mx\/propuesta\/?s={search_term_string}"},"query-input":"required name=search_term_string"}],"inLanguage":"es"},{"@type":"Person","@id":"https:\/\/noticias.imer.mx\/propuesta\/#\/schema\/person\/967c1f66b6217bbd12b628cc10f6e76d","name":"serveradmin","image":{"@type":"ImageObject","inLanguage":"es","@id":"https:\/\/noticias.imer.mx\/propuesta\/#\/schema\/person\/image\/","url":"https:\/\/secure.gravatar.com\/avatar\/b7032212b076bde88e044d76d65f2c7b?s=96&d=mm&r=g","contentUrl":"https:\/\/secure.gravatar.com\/avatar\/b7032212b076bde88e044d76d65f2c7b?s=96&d=mm&r=g","caption":"serveradmin"},"url":"https:\/\/noticias.imer.mx\/propuesta\/author\/serveradmin\/"}]}},"_links":{"self":[{"href":"https:\/\/noticias.imer.mx\/propuesta\/wp-json\/wp\/v2\/posts\/127650"}],"collection":[{"href":"https:\/\/noticias.imer.mx\/propuesta\/wp-json\/wp\/v2\/posts"}],"about":[{"href":"https:\/\/noticias.imer.mx\/propuesta\/wp-json\/wp\/v2\/types\/post"}],"author":[{"embeddable":true,"href":"https:\/\/noticias.imer.mx\/propuesta\/wp-json\/wp\/v2\/users\/30"}],"replies":[{"embeddable":true,"href":"https:\/\/noticias.imer.mx\/propuesta\/wp-json\/wp\/v2\/comments?post=127650"}],"version-history":[{"count":1,"href":"https:\/\/noticias.imer.mx\/propuesta\/wp-json\/wp\/v2\/posts\/127650\/revisions"}],"predecessor-version":[{"id":130618,"href":"https:\/\/noticias.imer.mx\/propuesta\/wp-json\/wp\/v2\/posts\/127650\/revisions\/130618"}],"wp:featuredmedia":[{"embeddable":true,"href":"https:\/\/noticias.imer.mx\/propuesta\/wp-json\/"}],"wp:attachment":[{"href":"https:\/\/noticias.imer.mx\/propuesta\/wp-json\/wp\/v2\/media?parent=127650"}],"wp:term":[{"taxonomy":"category","embeddable":true,"href":"https:\/\/noticias.imer.mx\/propuesta\/wp-json\/wp\/v2\/categories?post=127650"},{"taxonomy":"post_tag","embeddable":true,"href":"https:\/\/noticias.imer.mx\/propuesta\/wp-json\/wp\/v2\/tags?post=127650"}],"curies":[{"name":"wp","href":"https:\/\/api.w.org\/{rel}","templated":true}]}}