{"id":127648,"date":"2023-02-15T21:07:37","date_gmt":"2023-02-16T03:07:37","guid":{"rendered":"http:\/\/noticias.imer.mx\/?p=127648"},"modified":"2023-04-11T20:14:16","modified_gmt":"2023-04-11T20:14:16","slug":"descubren-cementerio-en-chapultepec-de-la-epoca-del-virreinato","status":"publish","type":"post","link":"https:\/\/noticias.imer.mx\/propuesta\/2023\/02\/15\/descubren-cementerio-en-chapultepec-de-la-epoca-del-virreinato\/","title":{"rendered":"Descubren cementerio en Chapultepec de la \u00e9poca del virreinato"},"content":{"rendered":"<p><em>El INAH localiz\u00f3 alrededor de 21 cuerpos que datan entre los a\u00f1os 1521 y 1620 d.C. Los cuerpos en Chapultepec pertenecer\u00edan a europeos y pobladores ind\u00edgenas.<\/em><\/p>\n<p><span style=\"font-weight: 400\"><div class=\"gap\" style=\"line-height: 10px; height: 10px;\"><\/div><\/span><\/p>\n<p><span style=\"font-weight: 400\"><\/p>\n<div class=\"hr-thin\"><\/div>\n<p><\/span><\/p>\n<p style=\"text-align: center\"><b>IMER Noticias<\/b><\/p>\n<p><span style=\"font-weight: 400\"><\/p>\n<div class=\"hr-thin\"><\/div>\n<p><\/span><\/p>\n<p><span style=\"font-weight: 400\"><div class=\"gap\" style=\"line-height: 10px; height: 10px;\"><\/div><\/span><\/p>\n<p>El bosque de <strong>Chapultepec<\/strong> no s\u00f3lo alberga animales y museos, tambi\u00e9n un <strong>cementerio<\/strong>. El Instituto Nacional de Antropolog\u00eda e Historia (<a href=\"https:\/\/inah.gob.mx\/boletines\/encuentran-en-el-bosque-de-chapultepec-un-cementerio-del-periodo-virreinal-temprano\">INAH<\/a>) descubri\u00f3 decenas de restos \u00f3seos en el jard\u00edn y Pabell\u00f3n Esc\u00e9nico.<\/p>\n<p>&nbsp;<\/p>\n<p>Los restos pertenecer\u00edan a <strong>21 cuerpos<\/strong> de origen ind\u00edgena y europea. De acuerdo con Mar\u00eda de Lourdes L\u00f3pez Camacho, l\u00edder del equipo de arque\u00f3logos que hizo el descubrimiento, los restos pertenecer\u00edan a la <a href=\"https:\/\/noticias.imer.mx\/blog\/hallan-nueva-cabeza-de-estuco-en-la-zona-arqueologica-de-palenque\/\">\u00e9poca<\/a> del<strong> virreinato<\/strong> por la posici\u00f3n y objetos que encontraron.<\/p>\n<p>&nbsp;<\/p>\n<blockquote><p>\u201cProponemos que este enterramiento colectivo corresponde a un cementerio del virreinato temprano, porque muestra la transici\u00f3n de las costumbres funerarias prehisp\u00e1nicas a las implementadas con la llegada de los espa\u00f1oles y su sistema religioso\u201d.<\/p><\/blockquote>\n<p>&nbsp;<\/p>\n<p>La mayor\u00eda de los individuos fueron enterrados en posici\u00f3n extendida, con los brazos cruzados, conforme al rito cat\u00f3lico.<\/p>\n<p>&nbsp;<\/p>\n<p>En tanto, un par de ellos estaban recostados de forma lateral y flexionada, y dos m\u00e1s portaban una peque\u00f1a navaja de obsidiana, as\u00ed como un <a href=\"https:\/\/noticias.imer.mx\/blog\/llegan-a-mexico-piezas-prehispanicas-e-historicas-recuperadas-en-barcelona-espana\/\">sello prehisp\u00e1nico.<\/a><\/p>\n<p>&nbsp;<\/p>\n<p>En los primeros estudios los investigadores detectaron que las personas inhumadas padec\u00edan de hipoplasia. As\u00ed como inflamaci\u00f3n de la vaina fibrosa que cubre los huesos, sarro y enfermedades provocadas por desnutrici\u00f3n.<\/p>\n<p>&nbsp;<\/p>\n<p>Este hallazgo se dio luego de cavar un pozo como parte del Proyecto del <strong>Centro Cultural del Bosque de Chapultepec.<\/strong><\/p>\n<p>&nbsp;<\/p>\n<p>&nbsp;<\/p>\n\n<p>&nbsp;<\/p>\n<p><span style=\"font-weight: 400\"><div class=\"gap\" style=\"line-height: 10px; height: 10px;\"><\/div><\/span><\/p>\n<p><span style=\"font-weight: 400\"><\/p>\n<div class=\"hr-thick\"><\/div>\n<p><\/span><\/p>\n<p><span style=\"font-weight: 400\"><div class=\"gap\" style=\"line-height: 10px; height: 10px;\"><\/div><\/span><\/p>\n<p><span style=\"font-weight: 400\"><span class=\"dt-highlight\" >Te recomendamos:<\/span><\/span><\/p>\n<blockquote class=\"wp-embedded-content\" data-secret=\"fQRAd1A3xb\"><p><a href=\"https:\/\/noticias.imer.mx\/blog\/conmemoran-100-anos-del-descubrimiento-de-la-tumba-de-tutankhamon-con-la-exposicion-tesoros-de-egipto\/\">Conmemoran 100 a\u00f1os del descubrimiento de la tumba de Tutankhamon con la exposici\u00f3n &#8216;Tesoros de Egipto&#8217;<\/a><\/p><\/blockquote>\n<p><iframe class=\"wp-embedded-content\" sandbox=\"allow-scripts\" security=\"restricted\" style=\"position: absolute; clip: rect(1px, 1px, 1px, 1px);\" title=\"\u00abConmemoran 100 a\u00f1os del descubrimiento de la tumba de Tutankhamon con la exposici\u00f3n &#8216;Tesoros de Egipto&#8217;\u00bb \u2014 IMER Noticias\" src=\"https:\/\/noticias.imer.mx\/blog\/conmemoran-100-anos-del-descubrimiento-de-la-tumba-de-tutankhamon-con-la-exposicion-tesoros-de-egipto\/embed\/#?secret=fQRAd1A3xb\" data-secret=\"fQRAd1A3xb\" width=\"600\" height=\"338\" frameborder=\"0\" marginwidth=\"0\" marginheight=\"0\" scrolling=\"no\"><\/iframe><\/p>\n","protected":false},"excerpt":{"rendered":"<p>El INAH localiz\u00f3 alrededor de 21 cuerpos que datan entre los a\u00f1os 1521 y 1620 d.C. Los cuerpos en Chapultepec pertenecer\u00edan a europeos y pobladores ind\u00edgenas.<\/p>\n","protected":false},"author":30,"featured_media":127657,"comment_status":"open","ping_status":"open","sticky":false,"template":"","format":"standard","meta":{"wp_popup_display_lightbox":0,"wp_popup_suppress":"","wp_popup_trigger":"","wp_popup_trigger_amount":0,"wp_popup_disable_on_mobile":false},"categories":[2,7,13],"tags":[],"yoast_head":"<!-- This site is optimized with the Yoast SEO plugin v21.0 - https:\/\/yoast.com\/wordpress\/plugins\/seo\/ -->\n<title>Descubren cementerio en Chapultepec de la \u00e9poca del virreinato - Pruebas Noticias IMER<\/title>\n<meta name=\"description\" content=\"INAH localiz\u00f3 alrededor de 21 cuerpos en el bosque de Chapultepec que pertenecer\u00edan a europeos y pobladores ind\u00edgenas de hace miles de a\u00f1os.\" \/>\n<meta name=\"robots\" content=\"index, follow, max-snippet:-1, max-image-preview:large, max-video-preview:-1\" \/>\n<link rel=\"canonical\" href=\"https:\/\/noticias.imer.mx\/propuesta\/2023\/02\/15\/descubren-cementerio-en-chapultepec-de-la-epoca-del-virreinato\/\" \/>\n<meta property=\"og:locale\" content=\"es_ES\" \/>\n<meta property=\"og:type\" content=\"article\" \/>\n<meta property=\"og:title\" content=\"Descubren cementerio en Chapultepec de la \u00e9poca del virreinato - Pruebas Noticias IMER\" \/>\n<meta property=\"og:description\" content=\"INAH localiz\u00f3 alrededor de 21 cuerpos en el bosque de Chapultepec que pertenecer\u00edan a europeos y pobladores ind\u00edgenas de hace miles de a\u00f1os.\" \/>\n<meta property=\"og:url\" content=\"https:\/\/noticias.imer.mx\/propuesta\/2023\/02\/15\/descubren-cementerio-en-chapultepec-de-la-epoca-del-virreinato\/\" \/>\n<meta property=\"og:site_name\" content=\"Pruebas Noticias IMER\" \/>\n<meta property=\"article:published_time\" content=\"2023-02-16T03:07:37+00:00\" \/>\n<meta property=\"article:modified_time\" content=\"2023-04-11T20:14:16+00:00\" \/>\n<meta name=\"author\" content=\"serveradmin\" \/>\n<meta name=\"twitter:card\" content=\"summary_large_image\" \/>\n<meta name=\"twitter:label1\" content=\"Escrito por\" \/>\n\t<meta name=\"twitter:data1\" content=\"serveradmin\" \/>\n\t<meta name=\"twitter:label2\" content=\"Tiempo de lectura\" \/>\n\t<meta name=\"twitter:data2\" content=\"2 minutos\" \/>\n<script type=\"application\/ld+json\" class=\"yoast-schema-graph\">{\"@context\":\"https:\/\/schema.org\",\"@graph\":[{\"@type\":\"WebPage\",\"@id\":\"https:\/\/noticias.imer.mx\/propuesta\/2023\/02\/15\/descubren-cementerio-en-chapultepec-de-la-epoca-del-virreinato\/\",\"url\":\"https:\/\/noticias.imer.mx\/propuesta\/2023\/02\/15\/descubren-cementerio-en-chapultepec-de-la-epoca-del-virreinato\/\",\"name\":\"Descubren cementerio en Chapultepec de la \u00e9poca del virreinato - Pruebas Noticias IMER\",\"isPartOf\":{\"@id\":\"https:\/\/noticias.imer.mx\/propuesta\/#website\"},\"datePublished\":\"2023-02-16T03:07:37+00:00\",\"dateModified\":\"2023-04-11T20:14:16+00:00\",\"author\":{\"@id\":\"https:\/\/noticias.imer.mx\/propuesta\/#\/schema\/person\/967c1f66b6217bbd12b628cc10f6e76d\"},\"description\":\"INAH localiz\u00f3 alrededor de 21 cuerpos en el bosque de Chapultepec que pertenecer\u00edan a europeos y pobladores ind\u00edgenas de hace miles de a\u00f1os.\",\"breadcrumb\":{\"@id\":\"https:\/\/noticias.imer.mx\/propuesta\/2023\/02\/15\/descubren-cementerio-en-chapultepec-de-la-epoca-del-virreinato\/#breadcrumb\"},\"inLanguage\":\"es\",\"potentialAction\":[{\"@type\":\"ReadAction\",\"target\":[\"https:\/\/noticias.imer.mx\/propuesta\/2023\/02\/15\/descubren-cementerio-en-chapultepec-de-la-epoca-del-virreinato\/\"]}]},{\"@type\":\"BreadcrumbList\",\"@id\":\"https:\/\/noticias.imer.mx\/propuesta\/2023\/02\/15\/descubren-cementerio-en-chapultepec-de-la-epoca-del-virreinato\/#breadcrumb\",\"itemListElement\":[{\"@type\":\"ListItem\",\"position\":1,\"name\":\"Portada\",\"item\":\"https:\/\/noticias.imer.mx\/propuesta\/\"},{\"@type\":\"ListItem\",\"position\":2,\"name\":\"Descubren cementerio en Chapultepec de la \u00e9poca del virreinato\"}]},{\"@type\":\"WebSite\",\"@id\":\"https:\/\/noticias.imer.mx\/propuesta\/#website\",\"url\":\"https:\/\/noticias.imer.mx\/propuesta\/\",\"name\":\"Pruebas Noticias IMER\",\"description\":\"Otro sitio m\u00e1s de IMER Noticias\",\"potentialAction\":[{\"@type\":\"SearchAction\",\"target\":{\"@type\":\"EntryPoint\",\"urlTemplate\":\"https:\/\/noticias.imer.mx\/propuesta\/?s={search_term_string}\"},\"query-input\":\"required name=search_term_string\"}],\"inLanguage\":\"es\"},{\"@type\":\"Person\",\"@id\":\"https:\/\/noticias.imer.mx\/propuesta\/#\/schema\/person\/967c1f66b6217bbd12b628cc10f6e76d\",\"name\":\"serveradmin\",\"image\":{\"@type\":\"ImageObject\",\"inLanguage\":\"es\",\"@id\":\"https:\/\/noticias.imer.mx\/propuesta\/#\/schema\/person\/image\/\",\"url\":\"https:\/\/secure.gravatar.com\/avatar\/b7032212b076bde88e044d76d65f2c7b?s=96&d=mm&r=g\",\"contentUrl\":\"https:\/\/secure.gravatar.com\/avatar\/b7032212b076bde88e044d76d65f2c7b?s=96&d=mm&r=g\",\"caption\":\"serveradmin\"},\"url\":\"https:\/\/noticias.imer.mx\/propuesta\/author\/serveradmin\/\"}]}<\/script>\n<!-- \/ Yoast SEO plugin. -->","yoast_head_json":{"title":"Descubren cementerio en Chapultepec de la \u00e9poca del virreinato - Pruebas Noticias IMER","description":"INAH localiz\u00f3 alrededor de 21 cuerpos en el bosque de Chapultepec que pertenecer\u00edan a europeos y pobladores ind\u00edgenas de hace miles de a\u00f1os.","robots":{"index":"index","follow":"follow","max-snippet":"max-snippet:-1","max-image-preview":"max-image-preview:large","max-video-preview":"max-video-preview:-1"},"canonical":"https:\/\/noticias.imer.mx\/propuesta\/2023\/02\/15\/descubren-cementerio-en-chapultepec-de-la-epoca-del-virreinato\/","og_locale":"es_ES","og_type":"article","og_title":"Descubren cementerio en Chapultepec de la \u00e9poca del virreinato - Pruebas Noticias IMER","og_description":"INAH localiz\u00f3 alrededor de 21 cuerpos en el bosque de Chapultepec que pertenecer\u00edan a europeos y pobladores ind\u00edgenas de hace miles de a\u00f1os.","og_url":"https:\/\/noticias.imer.mx\/propuesta\/2023\/02\/15\/descubren-cementerio-en-chapultepec-de-la-epoca-del-virreinato\/","og_site_name":"Pruebas Noticias IMER","article_published_time":"2023-02-16T03:07:37+00:00","article_modified_time":"2023-04-11T20:14:16+00:00","author":"serveradmin","twitter_card":"summary_large_image","twitter_misc":{"Escrito por":"serveradmin","Tiempo de lectura":"2 minutos"},"schema":{"@context":"https:\/\/schema.org","@graph":[{"@type":"WebPage","@id":"https:\/\/noticias.imer.mx\/propuesta\/2023\/02\/15\/descubren-cementerio-en-chapultepec-de-la-epoca-del-virreinato\/","url":"https:\/\/noticias.imer.mx\/propuesta\/2023\/02\/15\/descubren-cementerio-en-chapultepec-de-la-epoca-del-virreinato\/","name":"Descubren cementerio en Chapultepec de la \u00e9poca del virreinato - Pruebas Noticias IMER","isPartOf":{"@id":"https:\/\/noticias.imer.mx\/propuesta\/#website"},"datePublished":"2023-02-16T03:07:37+00:00","dateModified":"2023-04-11T20:14:16+00:00","author":{"@id":"https:\/\/noticias.imer.mx\/propuesta\/#\/schema\/person\/967c1f66b6217bbd12b628cc10f6e76d"},"description":"INAH localiz\u00f3 alrededor de 21 cuerpos en el bosque de Chapultepec que pertenecer\u00edan a europeos y pobladores ind\u00edgenas de hace miles de a\u00f1os.","breadcrumb":{"@id":"https:\/\/noticias.imer.mx\/propuesta\/2023\/02\/15\/descubren-cementerio-en-chapultepec-de-la-epoca-del-virreinato\/#breadcrumb"},"inLanguage":"es","potentialAction":[{"@type":"ReadAction","target":["https:\/\/noticias.imer.mx\/propuesta\/2023\/02\/15\/descubren-cementerio-en-chapultepec-de-la-epoca-del-virreinato\/"]}]},{"@type":"BreadcrumbList","@id":"https:\/\/noticias.imer.mx\/propuesta\/2023\/02\/15\/descubren-cementerio-en-chapultepec-de-la-epoca-del-virreinato\/#breadcrumb","itemListElement":[{"@type":"ListItem","position":1,"name":"Portada","item":"https:\/\/noticias.imer.mx\/propuesta\/"},{"@type":"ListItem","position":2,"name":"Descubren cementerio en Chapultepec de la \u00e9poca del virreinato"}]},{"@type":"WebSite","@id":"https:\/\/noticias.imer.mx\/propuesta\/#website","url":"https:\/\/noticias.imer.mx\/propuesta\/","name":"Pruebas Noticias IMER","description":"Otro sitio m\u00e1s de IMER Noticias","potentialAction":[{"@type":"SearchAction","target":{"@type":"EntryPoint","urlTemplate":"https:\/\/noticias.imer.mx\/propuesta\/?s={search_term_string}"},"query-input":"required name=search_term_string"}],"inLanguage":"es"},{"@type":"Person","@id":"https:\/\/noticias.imer.mx\/propuesta\/#\/schema\/person\/967c1f66b6217bbd12b628cc10f6e76d","name":"serveradmin","image":{"@type":"ImageObject","inLanguage":"es","@id":"https:\/\/noticias.imer.mx\/propuesta\/#\/schema\/person\/image\/","url":"https:\/\/secure.gravatar.com\/avatar\/b7032212b076bde88e044d76d65f2c7b?s=96&d=mm&r=g","contentUrl":"https:\/\/secure.gravatar.com\/avatar\/b7032212b076bde88e044d76d65f2c7b?s=96&d=mm&r=g","caption":"serveradmin"},"url":"https:\/\/noticias.imer.mx\/propuesta\/author\/serveradmin\/"}]}},"_links":{"self":[{"href":"https:\/\/noticias.imer.mx\/propuesta\/wp-json\/wp\/v2\/posts\/127648"}],"collection":[{"href":"https:\/\/noticias.imer.mx\/propuesta\/wp-json\/wp\/v2\/posts"}],"about":[{"href":"https:\/\/noticias.imer.mx\/propuesta\/wp-json\/wp\/v2\/types\/post"}],"author":[{"embeddable":true,"href":"https:\/\/noticias.imer.mx\/propuesta\/wp-json\/wp\/v2\/users\/30"}],"replies":[{"embeddable":true,"href":"https:\/\/noticias.imer.mx\/propuesta\/wp-json\/wp\/v2\/comments?post=127648"}],"version-history":[{"count":1,"href":"https:\/\/noticias.imer.mx\/propuesta\/wp-json\/wp\/v2\/posts\/127648\/revisions"}],"predecessor-version":[{"id":130619,"href":"https:\/\/noticias.imer.mx\/propuesta\/wp-json\/wp\/v2\/posts\/127648\/revisions\/130619"}],"wp:featuredmedia":[{"embeddable":true,"href":"https:\/\/noticias.imer.mx\/propuesta\/wp-json\/"}],"wp:attachment":[{"href":"https:\/\/noticias.imer.mx\/propuesta\/wp-json\/wp\/v2\/media?parent=127648"}],"wp:term":[{"taxonomy":"category","embeddable":true,"href":"https:\/\/noticias.imer.mx\/propuesta\/wp-json\/wp\/v2\/categories?post=127648"},{"taxonomy":"post_tag","embeddable":true,"href":"https:\/\/noticias.imer.mx\/propuesta\/wp-json\/wp\/v2\/tags?post=127648"}],"curies":[{"name":"wp","href":"https:\/\/api.w.org\/{rel}","templated":true}]}}