{"id":127639,"date":"2023-02-15T20:33:01","date_gmt":"2023-02-16T02:33:01","guid":{"rendered":"http:\/\/noticias.imer.mx\/?p=127639"},"modified":"2023-04-11T20:14:16","modified_gmt":"2023-04-11T20:14:16","slug":"dia-de-la-mujer-mexicana-por-que-se-celebra","status":"publish","type":"post","link":"https:\/\/noticias.imer.mx\/propuesta\/2023\/02\/15\/dia-de-la-mujer-mexicana-por-que-se-celebra\/","title":{"rendered":"D\u00eda de la Mujer Mexicana, \u00bfpor qu\u00e9 se celebra?"},"content":{"rendered":"<p><em>Cada 15 de febrero se conmemora el D\u00eda de la Mujer Mexicana en reivindicaci\u00f3n de la importancia de ellas en la sociedad.<\/em><\/p>\n<p><span style=\"font-weight: 400\"><div class=\"gap\" style=\"line-height: 10px; height: 10px;\"><\/div><\/span><\/p>\n<p><span style=\"font-weight: 400\"><\/p>\n<div class=\"hr-thin\"><\/div>\n<p><\/span><\/p>\n<p style=\"text-align: center\"><b>IMER Noticias<\/b><\/p>\n<p><span style=\"font-weight: 400\"><\/p>\n<div class=\"hr-thin\"><\/div>\n<p><\/span><\/p>\n<p><span style=\"font-weight: 400\"><div class=\"gap\" style=\"line-height: 10px; height: 10px;\"><\/div><\/span><\/p>\n<p>Las mujeres mexicanas tienen un d\u00eda y se celebra el 15 de febrero de cada a\u00f1o. Esta celebraci\u00f3n fue impulsada por la dramaturga Maruxa Vilalta, nacida en Catalunya, pero criada en M\u00e9xico.<\/p>\n<p>&nbsp;<\/p>\n<p>Maruxa lleg\u00f3 a territorio nacional, tras el exilio de los republicanos espa\u00f1oles despu\u00e9s de la imposici\u00f3n del fascismo franquista.<\/p>\n<p>&nbsp;<\/p>\n<p>La escritora y maestra en letras por la Universidad Nacional Aut\u00f3noma de M\u00e9xico, encabez\u00f3 durante la d\u00e9cada de 1950 una facci\u00f3n del movimiento feminista en el contexto de la aprobaci\u00f3n del voto femenino. Es decir, durante el sexenio de Adolfo Ruiz Cortines.<\/p>\n<p>&nbsp;<\/p>\n<p>Pero, fue en 1960 cuando se estableci\u00f3 la fecha dedicada al trabajo, las ideas, la creaci\u00f3n y participaci\u00f3n de las mujeres en el devenir diario e hist\u00f3rico del pa\u00eds.<\/p>\n<p>&nbsp;<\/p>\n<p>No obstante, seis d\u00e9cadas despu\u00e9s, se mantiene el necesario recordatoria de la disparidad de oportunidades, justicia, retribuci\u00f3n y reconocimiento entre hombres y mujeres.<\/p>\n<p>&nbsp;<\/p>\n<p><span style=\"font-weight: 400\"><div class=\"gap\" style=\"line-height: 10px; height: 10px;\"><\/div><\/span><\/p>\n<p><span style=\"font-weight: 400\"><\/p>\n<div class=\"hr-thick\"><\/div>\n<p><\/span><\/p>\n<p><span style=\"font-weight: 400\"><div class=\"gap\" style=\"line-height: 10px; height: 10px;\"><\/div><\/span><\/p>\n<p><span style=\"font-weight: 400\"><span class=\"dt-highlight\" >Te recomendamos:<\/span><\/span><\/p>\n<p>https:\/\/noticias.imer.mx\/blog\/con-corazones-monumentales-en-el-zocalo-celebran-el-amor-y-la-paz-en-cdmx\/<\/p>\n","protected":false},"excerpt":{"rendered":"<p>Cada 15 de febrero se conmemora el D\u00eda de la Mujer Mexicana en reivindicaci\u00f3n de la importancia de ellas en la sociedad.<\/p>\n","protected":false},"author":30,"featured_media":117788,"comment_status":"open","ping_status":"open","sticky":false,"template":"","format":"standard","meta":{"wp_popup_display_lightbox":0,"wp_popup_suppress":"","wp_popup_trigger":"","wp_popup_trigger_amount":0,"wp_popup_disable_on_mobile":false},"categories":[2,7,13],"tags":[],"yoast_head":"<!-- This site is optimized with the Yoast SEO plugin v21.0 - https:\/\/yoast.com\/wordpress\/plugins\/seo\/ -->\n<title>D\u00eda de la Mujer Mexicana, \u00bfpor qu\u00e9 se celebra? - Pruebas Noticias IMER<\/title>\n<meta name=\"description\" content=\"Cada 15 de febrero se conmemora el D\u00eda de la Mujer Mexicana en reivindicaci\u00f3n de la importancia de ellas en la sociedad.\" \/>\n<meta name=\"robots\" content=\"index, follow, max-snippet:-1, max-image-preview:large, max-video-preview:-1\" \/>\n<link rel=\"canonical\" href=\"https:\/\/noticias.imer.mx\/propuesta\/2023\/02\/15\/dia-de-la-mujer-mexicana-por-que-se-celebra\/\" \/>\n<meta property=\"og:locale\" content=\"es_ES\" \/>\n<meta property=\"og:type\" content=\"article\" \/>\n<meta property=\"og:title\" content=\"D\u00eda de la Mujer Mexicana, \u00bfpor qu\u00e9 se celebra? - Pruebas Noticias IMER\" \/>\n<meta property=\"og:description\" content=\"Cada 15 de febrero se conmemora el D\u00eda de la Mujer Mexicana en reivindicaci\u00f3n de la importancia de ellas en la sociedad.\" \/>\n<meta property=\"og:url\" content=\"https:\/\/noticias.imer.mx\/propuesta\/2023\/02\/15\/dia-de-la-mujer-mexicana-por-que-se-celebra\/\" \/>\n<meta property=\"og:site_name\" content=\"Pruebas Noticias IMER\" \/>\n<meta property=\"article:published_time\" content=\"2023-02-16T02:33:01+00:00\" \/>\n<meta property=\"article:modified_time\" content=\"2023-04-11T20:14:16+00:00\" \/>\n<meta name=\"author\" content=\"serveradmin\" \/>\n<meta name=\"twitter:card\" content=\"summary_large_image\" \/>\n<meta name=\"twitter:label1\" content=\"Escrito por\" \/>\n\t<meta name=\"twitter:data1\" content=\"serveradmin\" \/>\n\t<meta name=\"twitter:label2\" content=\"Tiempo de lectura\" \/>\n\t<meta name=\"twitter:data2\" content=\"1 minuto\" \/>\n<script type=\"application\/ld+json\" class=\"yoast-schema-graph\">{\"@context\":\"https:\/\/schema.org\",\"@graph\":[{\"@type\":\"WebPage\",\"@id\":\"https:\/\/noticias.imer.mx\/propuesta\/2023\/02\/15\/dia-de-la-mujer-mexicana-por-que-se-celebra\/\",\"url\":\"https:\/\/noticias.imer.mx\/propuesta\/2023\/02\/15\/dia-de-la-mujer-mexicana-por-que-se-celebra\/\",\"name\":\"D\u00eda de la Mujer Mexicana, \u00bfpor qu\u00e9 se celebra? - Pruebas Noticias IMER\",\"isPartOf\":{\"@id\":\"https:\/\/noticias.imer.mx\/propuesta\/#website\"},\"datePublished\":\"2023-02-16T02:33:01+00:00\",\"dateModified\":\"2023-04-11T20:14:16+00:00\",\"author\":{\"@id\":\"https:\/\/noticias.imer.mx\/propuesta\/#\/schema\/person\/967c1f66b6217bbd12b628cc10f6e76d\"},\"description\":\"Cada 15 de febrero se conmemora el D\u00eda de la Mujer Mexicana en reivindicaci\u00f3n de la importancia de ellas en la sociedad.\",\"breadcrumb\":{\"@id\":\"https:\/\/noticias.imer.mx\/propuesta\/2023\/02\/15\/dia-de-la-mujer-mexicana-por-que-se-celebra\/#breadcrumb\"},\"inLanguage\":\"es\",\"potentialAction\":[{\"@type\":\"ReadAction\",\"target\":[\"https:\/\/noticias.imer.mx\/propuesta\/2023\/02\/15\/dia-de-la-mujer-mexicana-por-que-se-celebra\/\"]}]},{\"@type\":\"BreadcrumbList\",\"@id\":\"https:\/\/noticias.imer.mx\/propuesta\/2023\/02\/15\/dia-de-la-mujer-mexicana-por-que-se-celebra\/#breadcrumb\",\"itemListElement\":[{\"@type\":\"ListItem\",\"position\":1,\"name\":\"Portada\",\"item\":\"https:\/\/noticias.imer.mx\/propuesta\/\"},{\"@type\":\"ListItem\",\"position\":2,\"name\":\"D\u00eda de la Mujer Mexicana, \u00bfpor qu\u00e9 se celebra?\"}]},{\"@type\":\"WebSite\",\"@id\":\"https:\/\/noticias.imer.mx\/propuesta\/#website\",\"url\":\"https:\/\/noticias.imer.mx\/propuesta\/\",\"name\":\"Pruebas Noticias IMER\",\"description\":\"Otro sitio m\u00e1s de IMER Noticias\",\"potentialAction\":[{\"@type\":\"SearchAction\",\"target\":{\"@type\":\"EntryPoint\",\"urlTemplate\":\"https:\/\/noticias.imer.mx\/propuesta\/?s={search_term_string}\"},\"query-input\":\"required name=search_term_string\"}],\"inLanguage\":\"es\"},{\"@type\":\"Person\",\"@id\":\"https:\/\/noticias.imer.mx\/propuesta\/#\/schema\/person\/967c1f66b6217bbd12b628cc10f6e76d\",\"name\":\"serveradmin\",\"image\":{\"@type\":\"ImageObject\",\"inLanguage\":\"es\",\"@id\":\"https:\/\/noticias.imer.mx\/propuesta\/#\/schema\/person\/image\/\",\"url\":\"https:\/\/secure.gravatar.com\/avatar\/b7032212b076bde88e044d76d65f2c7b?s=96&d=mm&r=g\",\"contentUrl\":\"https:\/\/secure.gravatar.com\/avatar\/b7032212b076bde88e044d76d65f2c7b?s=96&d=mm&r=g\",\"caption\":\"serveradmin\"},\"url\":\"https:\/\/noticias.imer.mx\/propuesta\/author\/serveradmin\/\"}]}<\/script>\n<!-- \/ Yoast SEO plugin. -->","yoast_head_json":{"title":"D\u00eda de la Mujer Mexicana, \u00bfpor qu\u00e9 se celebra? - Pruebas Noticias IMER","description":"Cada 15 de febrero se conmemora el D\u00eda de la Mujer Mexicana en reivindicaci\u00f3n de la importancia de ellas en la sociedad.","robots":{"index":"index","follow":"follow","max-snippet":"max-snippet:-1","max-image-preview":"max-image-preview:large","max-video-preview":"max-video-preview:-1"},"canonical":"https:\/\/noticias.imer.mx\/propuesta\/2023\/02\/15\/dia-de-la-mujer-mexicana-por-que-se-celebra\/","og_locale":"es_ES","og_type":"article","og_title":"D\u00eda de la Mujer Mexicana, \u00bfpor qu\u00e9 se celebra? - Pruebas Noticias IMER","og_description":"Cada 15 de febrero se conmemora el D\u00eda de la Mujer Mexicana en reivindicaci\u00f3n de la importancia de ellas en la sociedad.","og_url":"https:\/\/noticias.imer.mx\/propuesta\/2023\/02\/15\/dia-de-la-mujer-mexicana-por-que-se-celebra\/","og_site_name":"Pruebas Noticias IMER","article_published_time":"2023-02-16T02:33:01+00:00","article_modified_time":"2023-04-11T20:14:16+00:00","author":"serveradmin","twitter_card":"summary_large_image","twitter_misc":{"Escrito por":"serveradmin","Tiempo de lectura":"1 minuto"},"schema":{"@context":"https:\/\/schema.org","@graph":[{"@type":"WebPage","@id":"https:\/\/noticias.imer.mx\/propuesta\/2023\/02\/15\/dia-de-la-mujer-mexicana-por-que-se-celebra\/","url":"https:\/\/noticias.imer.mx\/propuesta\/2023\/02\/15\/dia-de-la-mujer-mexicana-por-que-se-celebra\/","name":"D\u00eda de la Mujer Mexicana, \u00bfpor qu\u00e9 se celebra? - Pruebas Noticias IMER","isPartOf":{"@id":"https:\/\/noticias.imer.mx\/propuesta\/#website"},"datePublished":"2023-02-16T02:33:01+00:00","dateModified":"2023-04-11T20:14:16+00:00","author":{"@id":"https:\/\/noticias.imer.mx\/propuesta\/#\/schema\/person\/967c1f66b6217bbd12b628cc10f6e76d"},"description":"Cada 15 de febrero se conmemora el D\u00eda de la Mujer Mexicana en reivindicaci\u00f3n de la importancia de ellas en la sociedad.","breadcrumb":{"@id":"https:\/\/noticias.imer.mx\/propuesta\/2023\/02\/15\/dia-de-la-mujer-mexicana-por-que-se-celebra\/#breadcrumb"},"inLanguage":"es","potentialAction":[{"@type":"ReadAction","target":["https:\/\/noticias.imer.mx\/propuesta\/2023\/02\/15\/dia-de-la-mujer-mexicana-por-que-se-celebra\/"]}]},{"@type":"BreadcrumbList","@id":"https:\/\/noticias.imer.mx\/propuesta\/2023\/02\/15\/dia-de-la-mujer-mexicana-por-que-se-celebra\/#breadcrumb","itemListElement":[{"@type":"ListItem","position":1,"name":"Portada","item":"https:\/\/noticias.imer.mx\/propuesta\/"},{"@type":"ListItem","position":2,"name":"D\u00eda de la Mujer Mexicana, \u00bfpor qu\u00e9 se celebra?"}]},{"@type":"WebSite","@id":"https:\/\/noticias.imer.mx\/propuesta\/#website","url":"https:\/\/noticias.imer.mx\/propuesta\/","name":"Pruebas Noticias IMER","description":"Otro sitio m\u00e1s de IMER Noticias","potentialAction":[{"@type":"SearchAction","target":{"@type":"EntryPoint","urlTemplate":"https:\/\/noticias.imer.mx\/propuesta\/?s={search_term_string}"},"query-input":"required name=search_term_string"}],"inLanguage":"es"},{"@type":"Person","@id":"https:\/\/noticias.imer.mx\/propuesta\/#\/schema\/person\/967c1f66b6217bbd12b628cc10f6e76d","name":"serveradmin","image":{"@type":"ImageObject","inLanguage":"es","@id":"https:\/\/noticias.imer.mx\/propuesta\/#\/schema\/person\/image\/","url":"https:\/\/secure.gravatar.com\/avatar\/b7032212b076bde88e044d76d65f2c7b?s=96&d=mm&r=g","contentUrl":"https:\/\/secure.gravatar.com\/avatar\/b7032212b076bde88e044d76d65f2c7b?s=96&d=mm&r=g","caption":"serveradmin"},"url":"https:\/\/noticias.imer.mx\/propuesta\/author\/serveradmin\/"}]}},"_links":{"self":[{"href":"https:\/\/noticias.imer.mx\/propuesta\/wp-json\/wp\/v2\/posts\/127639"}],"collection":[{"href":"https:\/\/noticias.imer.mx\/propuesta\/wp-json\/wp\/v2\/posts"}],"about":[{"href":"https:\/\/noticias.imer.mx\/propuesta\/wp-json\/wp\/v2\/types\/post"}],"author":[{"embeddable":true,"href":"https:\/\/noticias.imer.mx\/propuesta\/wp-json\/wp\/v2\/users\/30"}],"replies":[{"embeddable":true,"href":"https:\/\/noticias.imer.mx\/propuesta\/wp-json\/wp\/v2\/comments?post=127639"}],"version-history":[{"count":1,"href":"https:\/\/noticias.imer.mx\/propuesta\/wp-json\/wp\/v2\/posts\/127639\/revisions"}],"predecessor-version":[{"id":130621,"href":"https:\/\/noticias.imer.mx\/propuesta\/wp-json\/wp\/v2\/posts\/127639\/revisions\/130621"}],"wp:featuredmedia":[{"embeddable":true,"href":"https:\/\/noticias.imer.mx\/propuesta\/wp-json\/"}],"wp:attachment":[{"href":"https:\/\/noticias.imer.mx\/propuesta\/wp-json\/wp\/v2\/media?parent=127639"}],"wp:term":[{"taxonomy":"category","embeddable":true,"href":"https:\/\/noticias.imer.mx\/propuesta\/wp-json\/wp\/v2\/categories?post=127639"},{"taxonomy":"post_tag","embeddable":true,"href":"https:\/\/noticias.imer.mx\/propuesta\/wp-json\/wp\/v2\/tags?post=127639"}],"curies":[{"name":"wp","href":"https:\/\/api.w.org\/{rel}","templated":true}]}}