{"id":127621,"date":"2023-04-11T20:14:00","date_gmt":"2023-04-11T20:14:00","guid":{"rendered":"http:\/\/noticias.imer.mx\/?p=127621"},"modified":"2023-04-11T20:14:00","modified_gmt":"2023-04-11T20:14:00","slug":"denuncian-violacion-de-custodias-en-el-penal-de-puerta-grande-jalisco","status":"publish","type":"post","link":"https:\/\/noticias.imer.mx\/propuesta\/2023\/04\/11\/denuncian-violacion-de-custodias-en-el-penal-de-puerta-grande-jalisco\/","title":{"rendered":"Denuncian violaci\u00f3n de custodias en el penal de Puerta Grande, Jalisco"},"content":{"rendered":"<p><em>Las v\u00edctimas de violaci\u00f3n temen posibles represalias en su contra. Autoridades aseguran que ninguna denuncia ha sido presentada ante la Fiscal\u00eda del estado.<\/em><\/p>\n<p><span style=\"font-weight: 400\"><div class=\"gap\" style=\"line-height: 10px; height: 10px;\"><\/div><\/span><\/p>\n<p><span style=\"font-weight: 400\"><\/p>\n<div class=\"hr-thin\"><\/div>\n<p><\/span><\/p>\n<p style=\"text-align: center\"><b>IMER Noticias<\/b><\/p>\n<p><span style=\"font-weight: 400\"><\/p>\n<div class=\"hr-thin\"><\/div>\n<p><\/span><\/p>\n<p><span style=\"font-weight: 400\"><div class=\"gap\" style=\"line-height: 10px; height: 10px;\"><\/div><\/span><\/p>\n<p>&nbsp;<\/p>\n<p>Polic\u00edas del Centro Penitenciario Puerta Grande en Jalisco se manifestaron la ma\u00f1ana de este mi\u00e9rcoles en el acceso a las instalaciones del penal para denunciar el presunto abuso sexual en contra de cuatro compa\u00f1eras custodias el pasado 10 de febrero.<\/p>\n<p>&nbsp;<\/p>\n<p>La Secretar\u00eda de Seguridad del Estado (SSE) anunci\u00f3 que ya se abri\u00f3 una carpeta de investigaci\u00f3n en contra de tres comandantes de seguridad del recinto, al darse a conocer que, bajo estadio de ebriedad y drogados permitieron el acceso a tres detenidos al \u00e1rea.<\/p>\n<p>&nbsp;<\/p>\n<p>Juan Manuel Mercado G\u00f3mez, representante de la Organizaci\u00f3n de los Derechos Humanos y Laborales de los Polic\u00edas de M\u00e9xico explic\u00f3 que el acceso al \u00e1rea donde las custodias se encontraban era restringido. Solamente el supervisor de servicio o jefe de vigilancia cuenta con llaves para su ingreso.<\/p>\n<p>&nbsp;<\/p>\n<p>\u201cLes abrieron las torres a los detenidos. Ah\u00ed entraron y violaron a nuestras compa\u00f1eras. Hubo una fiesta con drogas y alcohol y los jefes de seguridad, vendieron a las compa\u00f1eras con los tipos que est\u00e1n de la delincuencia organizada que est\u00e1n ah\u00ed. Como si fuera trata de personas con los internos de grupos del crimen organizado que est\u00e1n recluidas, las violaron y ahora est\u00e1n amenazadas de muerte ellas y sus familias, si denuncian\u201d.<\/p>\n<p>&nbsp;<\/p>\n<p>https:\/\/www.facebook.com\/100064614857460\/videos\/898791244652228\/<\/p>\n<p>&nbsp;<\/p>\n<p>La SSE detall\u00f3 que hasta el momento ninguna denuncia formal sobre abuso sexual, laboral o psicol\u00f3gico ha sido presentado ante la Fiscal\u00eda de Jalisco.<\/p>\n<p>&nbsp;<\/p>\n<p>La declaraci\u00f3n de Mercado se suma a la serie de denuncias de otros compa\u00f1eros custodios que tambi\u00e9n dieron cuenta de las acciones. Sin embargo, recalcaron que sus compa\u00f1eras temen posibles represalias por parte de los internos y de servidores p\u00fablicos.<\/p>\n<p>&nbsp;<\/p>\n<p>En el Congreso del estado se emitir\u00e1 el pr\u00f3ximo jueves ante el pleno un exhorto al gobernador Enrique Alfaro Ram\u00edrez, para que verifique lo denunciado y las condiciones de trabajo en los centros penitenciarios de Jalisco.<\/p>\n<p>&nbsp;<\/p>\n<p>Mercado hizo un llamado a que m\u00e1s personas denuncien situaciones que posiblemente ocurren en alguno de los doce centros de readaptaci\u00f3n de esa entidad.<\/p>\n<p>&nbsp;<\/p>\n<p><span style=\"font-weight: 400\"><div class=\"gap\" style=\"line-height: 10px; height: 10px;\"><\/div><\/span><\/p>\n<p><span style=\"font-weight: 400\"><\/p>\n<div class=\"hr-thick\"><\/div>\n<p><\/span><\/p>\n<p><span style=\"font-weight: 400\"><div class=\"gap\" style=\"line-height: 10px; height: 10px;\"><\/div><\/span><\/p>\n<p><span style=\"font-weight: 400\"><span class=\"dt-highlight\" >Te recomendamos:<\/span><\/span><\/p>\n<p>&nbsp;<\/p>\n","protected":false},"excerpt":{"rendered":"<p>Las v\u00edctimas de violaci\u00f3n temen posibles represalias en su contra. Las autoridades aseguran que ninguna denuncia ha sido presentada ante la Fiscal\u00eda del estado.<\/p>\n","protected":false},"author":30,"featured_media":127623,"comment_status":"open","ping_status":"open","sticky":false,"template":"","format":"standard","meta":{"wp_popup_display_lightbox":0,"wp_popup_suppress":"","wp_popup_trigger":"","wp_popup_trigger_amount":0,"wp_popup_disable_on_mobile":false},"categories":[2,33,13],"tags":[4323,8061,12086,12586,14295],"yoast_head":"<!-- This site is optimized with the Yoast SEO plugin v21.0 - https:\/\/yoast.com\/wordpress\/plugins\/seo\/ -->\n<title>Denuncian violaci\u00f3n de custodias en el penal de Puerta Grande, Jalisco - Pruebas Noticias IMER<\/title>\n<meta name=\"description\" content=\"Las v\u00edctimas de violaci\u00f3n temen posibles represalias en su contra. Las autoridades aseguran que ninguna denuncia ha sido presentada ante la Fiscal\u00eda del estado.\" \/>\n<meta name=\"robots\" content=\"index, follow, max-snippet:-1, max-image-preview:large, max-video-preview:-1\" \/>\n<link rel=\"canonical\" href=\"https:\/\/noticias.imer.mx\/propuesta\/2023\/04\/11\/denuncian-violacion-de-custodias-en-el-penal-de-puerta-grande-jalisco\/\" \/>\n<meta property=\"og:locale\" content=\"es_ES\" \/>\n<meta property=\"og:type\" content=\"article\" \/>\n<meta property=\"og:title\" content=\"Denuncian violaci\u00f3n de custodias en el penal de Puerta Grande, Jalisco - Pruebas Noticias IMER\" \/>\n<meta property=\"og:description\" content=\"Las v\u00edctimas de violaci\u00f3n temen posibles represalias en su contra. Las autoridades aseguran que ninguna denuncia ha sido presentada ante la Fiscal\u00eda del estado.\" \/>\n<meta property=\"og:url\" content=\"https:\/\/noticias.imer.mx\/propuesta\/2023\/04\/11\/denuncian-violacion-de-custodias-en-el-penal-de-puerta-grande-jalisco\/\" \/>\n<meta property=\"og:site_name\" content=\"Pruebas Noticias IMER\" \/>\n<meta property=\"article:published_time\" content=\"2023-04-11T20:14:00+00:00\" \/>\n<meta name=\"author\" content=\"serveradmin\" \/>\n<meta name=\"twitter:card\" content=\"summary_large_image\" \/>\n<meta name=\"twitter:label1\" content=\"Escrito por\" \/>\n\t<meta name=\"twitter:data1\" content=\"serveradmin\" \/>\n\t<meta name=\"twitter:label2\" content=\"Tiempo de lectura\" \/>\n\t<meta name=\"twitter:data2\" content=\"2 minutos\" \/>\n<script type=\"application\/ld+json\" class=\"yoast-schema-graph\">{\"@context\":\"https:\/\/schema.org\",\"@graph\":[{\"@type\":\"WebPage\",\"@id\":\"https:\/\/noticias.imer.mx\/propuesta\/2023\/04\/11\/denuncian-violacion-de-custodias-en-el-penal-de-puerta-grande-jalisco\/\",\"url\":\"https:\/\/noticias.imer.mx\/propuesta\/2023\/04\/11\/denuncian-violacion-de-custodias-en-el-penal-de-puerta-grande-jalisco\/\",\"name\":\"Denuncian violaci\u00f3n de custodias en el penal de Puerta Grande, Jalisco - Pruebas Noticias IMER\",\"isPartOf\":{\"@id\":\"https:\/\/noticias.imer.mx\/propuesta\/#website\"},\"datePublished\":\"2023-04-11T20:14:00+00:00\",\"dateModified\":\"2023-04-11T20:14:00+00:00\",\"author\":{\"@id\":\"https:\/\/noticias.imer.mx\/propuesta\/#\/schema\/person\/967c1f66b6217bbd12b628cc10f6e76d\"},\"description\":\"Las v\u00edctimas de violaci\u00f3n temen posibles represalias en su contra. Las autoridades aseguran que ninguna denuncia ha sido presentada ante la Fiscal\u00eda del estado.\",\"breadcrumb\":{\"@id\":\"https:\/\/noticias.imer.mx\/propuesta\/2023\/04\/11\/denuncian-violacion-de-custodias-en-el-penal-de-puerta-grande-jalisco\/#breadcrumb\"},\"inLanguage\":\"es\",\"potentialAction\":[{\"@type\":\"ReadAction\",\"target\":[\"https:\/\/noticias.imer.mx\/propuesta\/2023\/04\/11\/denuncian-violacion-de-custodias-en-el-penal-de-puerta-grande-jalisco\/\"]}]},{\"@type\":\"BreadcrumbList\",\"@id\":\"https:\/\/noticias.imer.mx\/propuesta\/2023\/04\/11\/denuncian-violacion-de-custodias-en-el-penal-de-puerta-grande-jalisco\/#breadcrumb\",\"itemListElement\":[{\"@type\":\"ListItem\",\"position\":1,\"name\":\"Portada\",\"item\":\"https:\/\/noticias.imer.mx\/propuesta\/\"},{\"@type\":\"ListItem\",\"position\":2,\"name\":\"Denuncian violaci\u00f3n de custodias en el penal de Puerta Grande, Jalisco\"}]},{\"@type\":\"WebSite\",\"@id\":\"https:\/\/noticias.imer.mx\/propuesta\/#website\",\"url\":\"https:\/\/noticias.imer.mx\/propuesta\/\",\"name\":\"Pruebas Noticias IMER\",\"description\":\"Otro sitio m\u00e1s de IMER Noticias\",\"potentialAction\":[{\"@type\":\"SearchAction\",\"target\":{\"@type\":\"EntryPoint\",\"urlTemplate\":\"https:\/\/noticias.imer.mx\/propuesta\/?s={search_term_string}\"},\"query-input\":\"required name=search_term_string\"}],\"inLanguage\":\"es\"},{\"@type\":\"Person\",\"@id\":\"https:\/\/noticias.imer.mx\/propuesta\/#\/schema\/person\/967c1f66b6217bbd12b628cc10f6e76d\",\"name\":\"serveradmin\",\"image\":{\"@type\":\"ImageObject\",\"inLanguage\":\"es\",\"@id\":\"https:\/\/noticias.imer.mx\/propuesta\/#\/schema\/person\/image\/\",\"url\":\"https:\/\/secure.gravatar.com\/avatar\/b7032212b076bde88e044d76d65f2c7b?s=96&d=mm&r=g\",\"contentUrl\":\"https:\/\/secure.gravatar.com\/avatar\/b7032212b076bde88e044d76d65f2c7b?s=96&d=mm&r=g\",\"caption\":\"serveradmin\"},\"url\":\"https:\/\/noticias.imer.mx\/propuesta\/author\/serveradmin\/\"}]}<\/script>\n<!-- \/ Yoast SEO plugin. -->","yoast_head_json":{"title":"Denuncian violaci\u00f3n de custodias en el penal de Puerta Grande, Jalisco - Pruebas Noticias IMER","description":"Las v\u00edctimas de violaci\u00f3n temen posibles represalias en su contra. Las autoridades aseguran que ninguna denuncia ha sido presentada ante la Fiscal\u00eda del estado.","robots":{"index":"index","follow":"follow","max-snippet":"max-snippet:-1","max-image-preview":"max-image-preview:large","max-video-preview":"max-video-preview:-1"},"canonical":"https:\/\/noticias.imer.mx\/propuesta\/2023\/04\/11\/denuncian-violacion-de-custodias-en-el-penal-de-puerta-grande-jalisco\/","og_locale":"es_ES","og_type":"article","og_title":"Denuncian violaci\u00f3n de custodias en el penal de Puerta Grande, Jalisco - Pruebas Noticias IMER","og_description":"Las v\u00edctimas de violaci\u00f3n temen posibles represalias en su contra. Las autoridades aseguran que ninguna denuncia ha sido presentada ante la Fiscal\u00eda del estado.","og_url":"https:\/\/noticias.imer.mx\/propuesta\/2023\/04\/11\/denuncian-violacion-de-custodias-en-el-penal-de-puerta-grande-jalisco\/","og_site_name":"Pruebas Noticias IMER","article_published_time":"2023-04-11T20:14:00+00:00","author":"serveradmin","twitter_card":"summary_large_image","twitter_misc":{"Escrito por":"serveradmin","Tiempo de lectura":"2 minutos"},"schema":{"@context":"https:\/\/schema.org","@graph":[{"@type":"WebPage","@id":"https:\/\/noticias.imer.mx\/propuesta\/2023\/04\/11\/denuncian-violacion-de-custodias-en-el-penal-de-puerta-grande-jalisco\/","url":"https:\/\/noticias.imer.mx\/propuesta\/2023\/04\/11\/denuncian-violacion-de-custodias-en-el-penal-de-puerta-grande-jalisco\/","name":"Denuncian violaci\u00f3n de custodias en el penal de Puerta Grande, Jalisco - Pruebas Noticias IMER","isPartOf":{"@id":"https:\/\/noticias.imer.mx\/propuesta\/#website"},"datePublished":"2023-04-11T20:14:00+00:00","dateModified":"2023-04-11T20:14:00+00:00","author":{"@id":"https:\/\/noticias.imer.mx\/propuesta\/#\/schema\/person\/967c1f66b6217bbd12b628cc10f6e76d"},"description":"Las v\u00edctimas de violaci\u00f3n temen posibles represalias en su contra. Las autoridades aseguran que ninguna denuncia ha sido presentada ante la Fiscal\u00eda del estado.","breadcrumb":{"@id":"https:\/\/noticias.imer.mx\/propuesta\/2023\/04\/11\/denuncian-violacion-de-custodias-en-el-penal-de-puerta-grande-jalisco\/#breadcrumb"},"inLanguage":"es","potentialAction":[{"@type":"ReadAction","target":["https:\/\/noticias.imer.mx\/propuesta\/2023\/04\/11\/denuncian-violacion-de-custodias-en-el-penal-de-puerta-grande-jalisco\/"]}]},{"@type":"BreadcrumbList","@id":"https:\/\/noticias.imer.mx\/propuesta\/2023\/04\/11\/denuncian-violacion-de-custodias-en-el-penal-de-puerta-grande-jalisco\/#breadcrumb","itemListElement":[{"@type":"ListItem","position":1,"name":"Portada","item":"https:\/\/noticias.imer.mx\/propuesta\/"},{"@type":"ListItem","position":2,"name":"Denuncian violaci\u00f3n de custodias en el penal de Puerta Grande, Jalisco"}]},{"@type":"WebSite","@id":"https:\/\/noticias.imer.mx\/propuesta\/#website","url":"https:\/\/noticias.imer.mx\/propuesta\/","name":"Pruebas Noticias IMER","description":"Otro sitio m\u00e1s de IMER Noticias","potentialAction":[{"@type":"SearchAction","target":{"@type":"EntryPoint","urlTemplate":"https:\/\/noticias.imer.mx\/propuesta\/?s={search_term_string}"},"query-input":"required name=search_term_string"}],"inLanguage":"es"},{"@type":"Person","@id":"https:\/\/noticias.imer.mx\/propuesta\/#\/schema\/person\/967c1f66b6217bbd12b628cc10f6e76d","name":"serveradmin","image":{"@type":"ImageObject","inLanguage":"es","@id":"https:\/\/noticias.imer.mx\/propuesta\/#\/schema\/person\/image\/","url":"https:\/\/secure.gravatar.com\/avatar\/b7032212b076bde88e044d76d65f2c7b?s=96&d=mm&r=g","contentUrl":"https:\/\/secure.gravatar.com\/avatar\/b7032212b076bde88e044d76d65f2c7b?s=96&d=mm&r=g","caption":"serveradmin"},"url":"https:\/\/noticias.imer.mx\/propuesta\/author\/serveradmin\/"}]}},"_links":{"self":[{"href":"https:\/\/noticias.imer.mx\/propuesta\/wp-json\/wp\/v2\/posts\/127621"}],"collection":[{"href":"https:\/\/noticias.imer.mx\/propuesta\/wp-json\/wp\/v2\/posts"}],"about":[{"href":"https:\/\/noticias.imer.mx\/propuesta\/wp-json\/wp\/v2\/types\/post"}],"author":[{"embeddable":true,"href":"https:\/\/noticias.imer.mx\/propuesta\/wp-json\/wp\/v2\/users\/30"}],"replies":[{"embeddable":true,"href":"https:\/\/noticias.imer.mx\/propuesta\/wp-json\/wp\/v2\/comments?post=127621"}],"version-history":[{"count":1,"href":"https:\/\/noticias.imer.mx\/propuesta\/wp-json\/wp\/v2\/posts\/127621\/revisions"}],"predecessor-version":[{"id":130623,"href":"https:\/\/noticias.imer.mx\/propuesta\/wp-json\/wp\/v2\/posts\/127621\/revisions\/130623"}],"wp:featuredmedia":[{"embeddable":true,"href":"https:\/\/noticias.imer.mx\/propuesta\/wp-json\/"}],"wp:attachment":[{"href":"https:\/\/noticias.imer.mx\/propuesta\/wp-json\/wp\/v2\/media?parent=127621"}],"wp:term":[{"taxonomy":"category","embeddable":true,"href":"https:\/\/noticias.imer.mx\/propuesta\/wp-json\/wp\/v2\/categories?post=127621"},{"taxonomy":"post_tag","embeddable":true,"href":"https:\/\/noticias.imer.mx\/propuesta\/wp-json\/wp\/v2\/tags?post=127621"}],"curies":[{"name":"wp","href":"https:\/\/api.w.org\/{rel}","templated":true}]}}