{"id":127599,"date":"2023-02-15T15:03:08","date_gmt":"2023-02-15T21:03:08","guid":{"rendered":"http:\/\/noticias.imer.mx\/?p=127599"},"modified":"2023-04-11T20:14:16","modified_gmt":"2023-04-11T20:14:16","slug":"tepjf-multa-a-sheinbaum-propaganda-periodo-revocacion-mandato","status":"publish","type":"post","link":"https:\/\/noticias.imer.mx\/propuesta\/2023\/02\/15\/tepjf-multa-a-sheinbaum-propaganda-periodo-revocacion-mandato\/","title":{"rendered":"TEPJF multa a Sheinbaum por propaganda en periodo de revocaci\u00f3n de mandato"},"content":{"rendered":"<p><em> Sheinbaum incurri\u00f3 en estos actos en la conferencia matutina del diez de marzo del a\u00f1o pasado, en la que expuso acciones y avances de gobierno.<\/em><\/p>\n<p>&nbsp;<\/p>\n<p><span style=\"font-weight: 400\"><div class=\"gap\" style=\"line-height: 10px; height: 10px;\"><\/div><\/span><\/p>\n<p><span style=\"font-weight: 400\"><\/p>\n<div class=\"hr-thin\"><\/div>\n<p><\/span><\/p>\n<p style=\"text-align: center\"><b>IMER Noticias<\/b><\/p>\n<p><span style=\"font-weight: 400\"><\/p>\n<div class=\"hr-thin\"><\/div>\n<p><\/span><\/p>\n<p><span style=\"font-weight: 400\"><div class=\"gap\" style=\"line-height: 10px; height: 10px;\"><\/div><\/span><\/p>\n<p>&nbsp;<\/p>\n<p>El <strong>Tribunal Electoral del Poder Judicial de la Federaci\u00f3n<\/strong> (<strong>TEPJF<\/strong>) mult\u00f3 este mi\u00e9rcoles a la jefa de gobierno capitalina, <strong>Claudia Shinbaum,<\/strong> por actos de propaganda.<\/p>\n<p>&nbsp;<\/p>\n<p>El<strong> TEPJF<\/strong> confirm\u00f3 que la jefa de Gobierno de la <strong>Ciudad de M\u00e9xico<\/strong> y diversas concesionarias de radio y televisi\u00f3n realizaron difusi\u00f3n de propaganda gubernamental durante periodo de la revocaci\u00f3n de mandato.<\/p>\n<p>&nbsp;<\/p>\n<p>Esto luego de una denuncia que presento ante el organismo electoral, el <strong>Partido de la Revoluci\u00f3n Democr\u00e1tica<\/strong> (PRD) en contra de Sheinbaum por su intervenci\u00f3n en la conferencia matutina del 10 de marzo del a\u00f1o pasado, en la que expuso acciones y avances de gobierno mediante la presentaci\u00f3n del proyecto del <strong>Bosque de Chapultepec<\/strong>.<\/p>\n<p>&nbsp;<\/p>\n<blockquote class=\"twitter-tweet\" data-width=\"550\" data-dnt=\"true\">\n<p lang=\"es\" dir=\"ltr\"><a href=\"https:\/\/twitter.com\/hashtag\/Bolet%C3%ADn?src=hash&amp;ref_src=twsrc%5Etfw\">#Bolet\u00edn<\/a> | El <a href=\"https:\/\/twitter.com\/hashtag\/TEPJF?src=hash&amp;ref_src=twsrc%5Etfw\">#TEPJF<\/a> confirm\u00f3 que la jefa de Gobierno de la CDMX y diversas concesionarias de radio y televisi\u00f3n realizaron difusi\u00f3n de propaganda gubernamental durante el proceso de revocaci\u00f3n de mandato.<\/p>\n<p>\ud83d\udcf0 <a href=\"https:\/\/t.co\/me9V9G1D6K\">https:\/\/t.co\/me9V9G1D6K<\/a> <a href=\"https:\/\/t.co\/sTYEvf6ErB\">pic.twitter.com\/sTYEvf6ErB<\/a><\/p>\n<p>&mdash; TEPJF (@TEPJF_informa) <a href=\"https:\/\/twitter.com\/TEPJF_informa\/status\/1625952128282857482?ref_src=twsrc%5Etfw\">February 15, 2023<\/a><\/p><\/blockquote>\n<p><script async src=\"https:\/\/platform.twitter.com\/widgets.js\" charset=\"utf-8\"><\/script><\/p>\n<p>&nbsp;<\/p>\n<h4><span style=\"color: #308446\">\u00bfQu\u00e9 cadenas fueron multadas por hacer propaganda durante el proceso de revocaci\u00f3n?<\/span><\/h4>\n<p>&nbsp;<\/p>\n<p>El<strong> TEPJF<\/strong> confirm\u00f3 que las multas establecidas por la <strong>Sala Regional Especializada<\/strong> para las siguientes concesionarias: <strong>Sistema Michoacano de Radio y Televisi\u00f3n; Sistema Chiapaneco de Radio, Televisi\u00f3n y Cinematograf\u00eda; Sistema P\u00fablico de Radiodifusi\u00f3n del Estado Mexicano y Estaci\u00f3n de televisi\u00f3n XEIPN, Canal Once del Distrito Federal.<\/strong><\/p>\n<p>&nbsp;<\/p>\n<p>En respuesta, las cadenas denunciadas argumentaron que tal \u00f3rgano jurisdiccional \u201cno fund\u00f3 ni motiv\u00f3 su resoluci\u00f3n, que su an\u00e1lisis no cumpli\u00f3 con el par\u00e1metro de exhaustividad y que fue indebida la valoraci\u00f3n de los elementos para justificar la transmisi\u00f3n\u201d<a href=\"https:\/\/twitter.com\/TEPJF_informa\/status\/1625952128282857482\">.<\/a><\/p>\n<p>&nbsp;<\/p>\n<p>Por otra parte, <strong>Sheinbaum<\/strong> se\u00f1al\u00f3 que los mensajes denunciados no constitu\u00edan una infracci\u00f3n al no poder calificarse como propaganda gubernamental<a href=\"https:\/\/noticias.imer.mx\/blog\/nuevo-choque-sheinbaum-cuevas-por-propaganda-jefa-de-gobierno\/\">.<\/a><\/p>\n<p>&nbsp;<\/p>\n<p><span style=\"font-weight: 400\"><div class=\"gap\" style=\"line-height: 10px; height: 10px;\"><\/div><\/span><\/p>\n<p><span style=\"font-weight: 400\"><\/p>\n<div class=\"hr-thick\"><\/div>\n<p><\/span><\/p>\n<p><span style=\"font-weight: 400\"><div class=\"gap\" style=\"line-height: 10px; height: 10px;\"><\/div><\/span><\/p>\n<p><span style=\"font-weight: 400\"><span class=\"dt-highlight\" >Te recomendamos:<\/span><\/span><\/p>\n<h3 class=\"entry-title\"><a title=\"Nuevo choque entre Sheinbaum y Cuevas, por propaganda contra la jefa de gobierno\" href=\"https:\/\/noticias.imer.mx\/blog\/nuevo-choque-sheinbaum-cuevas-por-propaganda-jefa-de-gobierno\/\" rel=\"bookmark\">Nuevo choque entre Sheinbaum y Cuevas, por propaganda contra la jefa de gobierno<\/a><\/h3>\n","protected":false},"excerpt":{"rendered":"<p>Sheinbaum incurri\u00f3 en estos actos en la conferencia matutina del diez de marzo del a\u00f1o pasado, en la que expuso avances de gobierno.<\/p>\n","protected":false},"author":30,"featured_media":106733,"comment_status":"open","ping_status":"open","sticky":false,"template":"","format":"standard","meta":{"wp_popup_display_lightbox":0,"wp_popup_suppress":"","wp_popup_trigger":"","wp_popup_trigger_amount":0,"wp_popup_disable_on_mobile":false},"categories":[2,33,13],"tags":[1042,3094,7675,9237,13203],"yoast_head":"<!-- This site is optimized with the Yoast SEO plugin v21.0 - https:\/\/yoast.com\/wordpress\/plugins\/seo\/ -->\n<title>TEPJF multa a Sheinbaum por propaganda en revocaci\u00f3n de mandato<\/title>\n<meta name=\"description\" content=\"Sheinbaum incurri\u00f3 en estos actos en la conferencia matutina del diez de marzo del a\u00f1o pasado, en la que expuso avances de gobierno.\" \/>\n<meta name=\"robots\" content=\"index, follow, max-snippet:-1, max-image-preview:large, max-video-preview:-1\" \/>\n<link rel=\"canonical\" href=\"https:\/\/noticias.imer.mx\/propuesta\/2023\/02\/15\/tepjf-multa-a-sheinbaum-propaganda-periodo-revocacion-mandato\/\" \/>\n<meta property=\"og:locale\" content=\"es_ES\" \/>\n<meta property=\"og:type\" content=\"article\" \/>\n<meta property=\"og:title\" content=\"TEPJF multa a Sheinbaum por propaganda en revocaci\u00f3n de mandato\" \/>\n<meta property=\"og:description\" content=\"Sheinbaum incurri\u00f3 en estos actos en la conferencia matutina del diez de marzo del a\u00f1o pasado, en la que expuso avances de gobierno.\" \/>\n<meta property=\"og:url\" content=\"https:\/\/noticias.imer.mx\/propuesta\/2023\/02\/15\/tepjf-multa-a-sheinbaum-propaganda-periodo-revocacion-mandato\/\" \/>\n<meta property=\"og:site_name\" content=\"Pruebas Noticias IMER\" \/>\n<meta property=\"article:published_time\" content=\"2023-02-15T21:03:08+00:00\" \/>\n<meta property=\"article:modified_time\" content=\"2023-04-11T20:14:16+00:00\" \/>\n<meta name=\"author\" content=\"serveradmin\" \/>\n<meta name=\"twitter:card\" content=\"summary_large_image\" \/>\n<meta name=\"twitter:label1\" content=\"Escrito por\" \/>\n\t<meta name=\"twitter:data1\" content=\"serveradmin\" \/>\n\t<meta name=\"twitter:label2\" content=\"Tiempo de lectura\" \/>\n\t<meta name=\"twitter:data2\" content=\"2 minutos\" \/>\n<script type=\"application\/ld+json\" class=\"yoast-schema-graph\">{\"@context\":\"https:\/\/schema.org\",\"@graph\":[{\"@type\":\"WebPage\",\"@id\":\"https:\/\/noticias.imer.mx\/propuesta\/2023\/02\/15\/tepjf-multa-a-sheinbaum-propaganda-periodo-revocacion-mandato\/\",\"url\":\"https:\/\/noticias.imer.mx\/propuesta\/2023\/02\/15\/tepjf-multa-a-sheinbaum-propaganda-periodo-revocacion-mandato\/\",\"name\":\"TEPJF multa a Sheinbaum por propaganda en revocaci\u00f3n de mandato\",\"isPartOf\":{\"@id\":\"https:\/\/noticias.imer.mx\/propuesta\/#website\"},\"datePublished\":\"2023-02-15T21:03:08+00:00\",\"dateModified\":\"2023-04-11T20:14:16+00:00\",\"author\":{\"@id\":\"https:\/\/noticias.imer.mx\/propuesta\/#\/schema\/person\/967c1f66b6217bbd12b628cc10f6e76d\"},\"description\":\"Sheinbaum incurri\u00f3 en estos actos en la conferencia matutina del diez de marzo del a\u00f1o pasado, en la que expuso avances de gobierno.\",\"breadcrumb\":{\"@id\":\"https:\/\/noticias.imer.mx\/propuesta\/2023\/02\/15\/tepjf-multa-a-sheinbaum-propaganda-periodo-revocacion-mandato\/#breadcrumb\"},\"inLanguage\":\"es\",\"potentialAction\":[{\"@type\":\"ReadAction\",\"target\":[\"https:\/\/noticias.imer.mx\/propuesta\/2023\/02\/15\/tepjf-multa-a-sheinbaum-propaganda-periodo-revocacion-mandato\/\"]}]},{\"@type\":\"BreadcrumbList\",\"@id\":\"https:\/\/noticias.imer.mx\/propuesta\/2023\/02\/15\/tepjf-multa-a-sheinbaum-propaganda-periodo-revocacion-mandato\/#breadcrumb\",\"itemListElement\":[{\"@type\":\"ListItem\",\"position\":1,\"name\":\"Portada\",\"item\":\"https:\/\/noticias.imer.mx\/propuesta\/\"},{\"@type\":\"ListItem\",\"position\":2,\"name\":\"TEPJF multa a Sheinbaum por propaganda en periodo de revocaci\u00f3n de mandato\"}]},{\"@type\":\"WebSite\",\"@id\":\"https:\/\/noticias.imer.mx\/propuesta\/#website\",\"url\":\"https:\/\/noticias.imer.mx\/propuesta\/\",\"name\":\"Pruebas Noticias IMER\",\"description\":\"Otro sitio m\u00e1s de IMER Noticias\",\"potentialAction\":[{\"@type\":\"SearchAction\",\"target\":{\"@type\":\"EntryPoint\",\"urlTemplate\":\"https:\/\/noticias.imer.mx\/propuesta\/?s={search_term_string}\"},\"query-input\":\"required name=search_term_string\"}],\"inLanguage\":\"es\"},{\"@type\":\"Person\",\"@id\":\"https:\/\/noticias.imer.mx\/propuesta\/#\/schema\/person\/967c1f66b6217bbd12b628cc10f6e76d\",\"name\":\"serveradmin\",\"image\":{\"@type\":\"ImageObject\",\"inLanguage\":\"es\",\"@id\":\"https:\/\/noticias.imer.mx\/propuesta\/#\/schema\/person\/image\/\",\"url\":\"https:\/\/secure.gravatar.com\/avatar\/b7032212b076bde88e044d76d65f2c7b?s=96&d=mm&r=g\",\"contentUrl\":\"https:\/\/secure.gravatar.com\/avatar\/b7032212b076bde88e044d76d65f2c7b?s=96&d=mm&r=g\",\"caption\":\"serveradmin\"},\"url\":\"https:\/\/noticias.imer.mx\/propuesta\/author\/serveradmin\/\"}]}<\/script>\n<!-- \/ Yoast SEO plugin. -->","yoast_head_json":{"title":"TEPJF multa a Sheinbaum por propaganda en revocaci\u00f3n de mandato","description":"Sheinbaum incurri\u00f3 en estos actos en la conferencia matutina del diez de marzo del a\u00f1o pasado, en la que expuso avances de gobierno.","robots":{"index":"index","follow":"follow","max-snippet":"max-snippet:-1","max-image-preview":"max-image-preview:large","max-video-preview":"max-video-preview:-1"},"canonical":"https:\/\/noticias.imer.mx\/propuesta\/2023\/02\/15\/tepjf-multa-a-sheinbaum-propaganda-periodo-revocacion-mandato\/","og_locale":"es_ES","og_type":"article","og_title":"TEPJF multa a Sheinbaum por propaganda en revocaci\u00f3n de mandato","og_description":"Sheinbaum incurri\u00f3 en estos actos en la conferencia matutina del diez de marzo del a\u00f1o pasado, en la que expuso avances de gobierno.","og_url":"https:\/\/noticias.imer.mx\/propuesta\/2023\/02\/15\/tepjf-multa-a-sheinbaum-propaganda-periodo-revocacion-mandato\/","og_site_name":"Pruebas Noticias IMER","article_published_time":"2023-02-15T21:03:08+00:00","article_modified_time":"2023-04-11T20:14:16+00:00","author":"serveradmin","twitter_card":"summary_large_image","twitter_misc":{"Escrito por":"serveradmin","Tiempo de lectura":"2 minutos"},"schema":{"@context":"https:\/\/schema.org","@graph":[{"@type":"WebPage","@id":"https:\/\/noticias.imer.mx\/propuesta\/2023\/02\/15\/tepjf-multa-a-sheinbaum-propaganda-periodo-revocacion-mandato\/","url":"https:\/\/noticias.imer.mx\/propuesta\/2023\/02\/15\/tepjf-multa-a-sheinbaum-propaganda-periodo-revocacion-mandato\/","name":"TEPJF multa a Sheinbaum por propaganda en revocaci\u00f3n de mandato","isPartOf":{"@id":"https:\/\/noticias.imer.mx\/propuesta\/#website"},"datePublished":"2023-02-15T21:03:08+00:00","dateModified":"2023-04-11T20:14:16+00:00","author":{"@id":"https:\/\/noticias.imer.mx\/propuesta\/#\/schema\/person\/967c1f66b6217bbd12b628cc10f6e76d"},"description":"Sheinbaum incurri\u00f3 en estos actos en la conferencia matutina del diez de marzo del a\u00f1o pasado, en la que expuso avances de gobierno.","breadcrumb":{"@id":"https:\/\/noticias.imer.mx\/propuesta\/2023\/02\/15\/tepjf-multa-a-sheinbaum-propaganda-periodo-revocacion-mandato\/#breadcrumb"},"inLanguage":"es","potentialAction":[{"@type":"ReadAction","target":["https:\/\/noticias.imer.mx\/propuesta\/2023\/02\/15\/tepjf-multa-a-sheinbaum-propaganda-periodo-revocacion-mandato\/"]}]},{"@type":"BreadcrumbList","@id":"https:\/\/noticias.imer.mx\/propuesta\/2023\/02\/15\/tepjf-multa-a-sheinbaum-propaganda-periodo-revocacion-mandato\/#breadcrumb","itemListElement":[{"@type":"ListItem","position":1,"name":"Portada","item":"https:\/\/noticias.imer.mx\/propuesta\/"},{"@type":"ListItem","position":2,"name":"TEPJF multa a Sheinbaum por propaganda en periodo de revocaci\u00f3n de mandato"}]},{"@type":"WebSite","@id":"https:\/\/noticias.imer.mx\/propuesta\/#website","url":"https:\/\/noticias.imer.mx\/propuesta\/","name":"Pruebas Noticias IMER","description":"Otro sitio m\u00e1s de IMER Noticias","potentialAction":[{"@type":"SearchAction","target":{"@type":"EntryPoint","urlTemplate":"https:\/\/noticias.imer.mx\/propuesta\/?s={search_term_string}"},"query-input":"required name=search_term_string"}],"inLanguage":"es"},{"@type":"Person","@id":"https:\/\/noticias.imer.mx\/propuesta\/#\/schema\/person\/967c1f66b6217bbd12b628cc10f6e76d","name":"serveradmin","image":{"@type":"ImageObject","inLanguage":"es","@id":"https:\/\/noticias.imer.mx\/propuesta\/#\/schema\/person\/image\/","url":"https:\/\/secure.gravatar.com\/avatar\/b7032212b076bde88e044d76d65f2c7b?s=96&d=mm&r=g","contentUrl":"https:\/\/secure.gravatar.com\/avatar\/b7032212b076bde88e044d76d65f2c7b?s=96&d=mm&r=g","caption":"serveradmin"},"url":"https:\/\/noticias.imer.mx\/propuesta\/author\/serveradmin\/"}]}},"_links":{"self":[{"href":"https:\/\/noticias.imer.mx\/propuesta\/wp-json\/wp\/v2\/posts\/127599"}],"collection":[{"href":"https:\/\/noticias.imer.mx\/propuesta\/wp-json\/wp\/v2\/posts"}],"about":[{"href":"https:\/\/noticias.imer.mx\/propuesta\/wp-json\/wp\/v2\/types\/post"}],"author":[{"embeddable":true,"href":"https:\/\/noticias.imer.mx\/propuesta\/wp-json\/wp\/v2\/users\/30"}],"replies":[{"embeddable":true,"href":"https:\/\/noticias.imer.mx\/propuesta\/wp-json\/wp\/v2\/comments?post=127599"}],"version-history":[{"count":1,"href":"https:\/\/noticias.imer.mx\/propuesta\/wp-json\/wp\/v2\/posts\/127599\/revisions"}],"predecessor-version":[{"id":130626,"href":"https:\/\/noticias.imer.mx\/propuesta\/wp-json\/wp\/v2\/posts\/127599\/revisions\/130626"}],"wp:featuredmedia":[{"embeddable":true,"href":"https:\/\/noticias.imer.mx\/propuesta\/wp-json\/"}],"wp:attachment":[{"href":"https:\/\/noticias.imer.mx\/propuesta\/wp-json\/wp\/v2\/media?parent=127599"}],"wp:term":[{"taxonomy":"category","embeddable":true,"href":"https:\/\/noticias.imer.mx\/propuesta\/wp-json\/wp\/v2\/categories?post=127599"},{"taxonomy":"post_tag","embeddable":true,"href":"https:\/\/noticias.imer.mx\/propuesta\/wp-json\/wp\/v2\/tags?post=127599"}],"curies":[{"name":"wp","href":"https:\/\/api.w.org\/{rel}","templated":true}]}}