{"id":127576,"date":"2023-02-15T14:28:54","date_gmt":"2023-02-15T20:28:54","guid":{"rendered":"http:\/\/noticias.imer.mx\/?p=127576"},"modified":"2023-04-11T20:14:16","modified_gmt":"2023-04-11T20:14:16","slug":"barcelona-es-investigado-por-pagos-a-exvicepresidente-del-cta","status":"publish","type":"post","link":"https:\/\/noticias.imer.mx\/propuesta\/2023\/02\/15\/barcelona-es-investigado-por-pagos-a-exvicepresidente-del-cta\/","title":{"rendered":"Barcelona es investigado por pagos a exvicepresidente del CTA"},"content":{"rendered":"<p><em><span style=\"font-weight: 400\">La investigaci\u00f3n se inicia a ra\u00edz de una inspecci\u00f3n fiscal a DASNIL 95 SL, por parte de la fiscal\u00eda de Barcelona.\u00a0<\/span><\/em><\/p>\n<p><span style=\"font-weight: 400\"><div class=\"gap\" style=\"line-height: 10px; height: 10px;\"><\/div><\/span><\/p>\n<p><span style=\"font-weight: 400\"><\/p>\n<div class=\"hr-thin\"><\/div>\n<p><\/span><\/p>\n<p style=\"text-align: center\"><b>Eduardo Cristobal<\/b><\/p>\n<p><span style=\"font-weight: 400\"><\/p>\n<div class=\"hr-thin\"><\/div>\n<p><\/span><\/p>\n<p><span style=\"font-weight: 400\"><div class=\"gap\" style=\"line-height: 10px; height: 10px;\"><\/div><\/span><\/p>\n<p>&nbsp;<\/p>\n<p><span style=\"font-weight: 400\">El <strong>FC Barcelona<\/strong> vuelve a estar en focos rojos, pues se dio a conocer que el club es investigado por <a href=\"https:\/\/noticias.imer.mx\/blog\/barcagate-policia-catalana-descubre-corrupcion-periodistica-en-el-club\/\">pagos que realiz\u00f3<\/a> a un exvicepresidente del Comit\u00e9 T\u00e9cnico de \u00c1rbitros (CTA) entre 2016 y 2018.\u00a0<\/span><\/p>\n<p>&nbsp;<\/p>\n<p><span style=\"font-weight: 400\">El programa \u201cQue t\u2019hi jugues\u201d de SER Catalunya, desvel\u00f3 la informaci\u00f3n de que el <strong>Barca<\/strong> pag\u00f3 1.4 millones de euros a una empresa del ex \u00e1rbitro, Jos\u00e9 Mar\u00eda Enr\u00edquez Negreira, entre 2016 y 2018, quien en ese entonces fung\u00eda como vicepresidente del CTA (1994-2018).\u00a0<\/span><\/p>\n<p>&nbsp;<\/p>\n<p><span style=\"font-weight: 400\">Seg\u00fan la informaci\u00f3n, el <strong>Barcelona<\/strong> pag\u00f3 a la empresa 532.728,02 euros en el 2016, 541.752 en 2017 y 318.200 en 2018, que es cuando se produjo el \u00faltimo pag\u00f3.\u00a0<\/span><\/p>\n<p>&nbsp;<\/p>\n<p><span style=\"font-weight: 400\">De acuerdo con la cadena SER, el expresidente del club, <strong>Josep Maria Bartomeu<\/strong>, asegura que se puso fin a los por \u201cuna pol\u00edtica de recorte de gastos\u201d, y desvel\u00f3 que los informes ya exist\u00edan \u201cpor lo menos en 2003\u201d, cuando asumi\u00f3 el cargo, y que se pagaron \u201cde manera continuada\u201d hasta 2018.\u00a0<\/span><\/p>\n<p>&nbsp;<\/p>\n<p><span style=\"font-weight: 400\">A ra\u00edz de esto, la fiscal\u00eda de Barcelona inform\u00f3 que investigar\u00e1 al club catal\u00e1n por un presunto delito de <a href=\"https:\/\/noticias.imer.mx\/blog\/club-puebla-lucra-con-boletos-del-dif-estatal\/\">corrupci\u00f3n<\/a> entre particulares a una empresa del ex\u00e1rbitro.\u00a0<\/span><\/p>\n<p>&nbsp;<\/p>\n<h4><span style=\"color: #308446\"><strong>Postura del Barca\u00a0<\/strong><\/span><\/h4>\n<p>&nbsp;<\/p>\n<p><span style=\"font-weight: 400\">Ante tal situaci\u00f3n, el presidente del <strong>Barcelona<\/strong>, Joan Laporta, sali\u00f3 en defensa del Barca, diciendo que no es casualidad que estos hechos salgan a la luz en estos momentos, pues el club vive un buen momento en La Liga.\u00a0<\/span><\/p>\n<p>&nbsp;<\/p>\n<blockquote><p><span style=\"font-weight: 400\"><em>\u201cLa noticia sorprende, no es casualidad que salga ahora. Cualquier interpretaci\u00f3n tendenciosa y que insin\u00fae cosas que no son, recibir\u00e1 la propuesta proporcional del club. No es casualidad que haya salido esta informaci\u00f3n ahora, cuando las cosas van bien\u201d<\/em>, mencion\u00f3 Laporta para Barca TV.\u00a0<\/span><\/p><\/blockquote>\n<p>&nbsp;<\/p>\n<p><span style=\"font-weight: 400\">A su vez, el club emiti\u00f3 un comunicado explicando la situaci\u00f3n.\u00a0<\/span><\/p>\n<p>&nbsp;<\/p>\n<blockquote><p><i><span style=\"font-weight: 400\">\u201cEl FC Barcelona contrat\u00f3 en el pasado los servicios de un consultor t\u00e9cnico externo, quien suministraba, en formato v\u00eddeo, informes t\u00e9cnicos referidos a jugadores de categor\u00edas inferiores del Estado espa\u00f1ol para la secretar\u00eda t\u00e9cnica del Club. La relaci\u00f3n se ampli\u00f3 con informes t\u00e9cnicos relacionados con el arbitraje profesional a fin de complementar informaci\u00f3n requerida por el cuerpo t\u00e9cnico del primer equipo y del filial, una pr\u00e1ctica habitual en los clubes de f\u00fatbol profesionales. Actualmente, este tipo de servicios externalizados recae en un profesional adscrito al \u00c1rea de F\u00fatbol\u201d.<\/span><\/i><\/p><\/blockquote>\n<p>&nbsp;<\/p>\n<h4><span style=\"color: #308446\"><strong>El CTA tambi\u00e9n se pronunci\u00f3\u00a0<\/strong><\/span><\/h4>\n<p>&nbsp;<\/p>\n<p><span style=\"font-weight: 400\">Por su parte, el CTA tambi\u00e9n se pronunci\u00f3 ante la noticia, enfatizando que ning\u00fan \u00e1rbitro que est\u00e9 en activo o haya sido parte, puede realizar alguna actividad que llegue a ser susceptible de entrar en conflicto de intereses.\u00a0<\/span><\/p>\n<p>&nbsp;<\/p>\n<blockquote><p><i><span style=\"font-weight: 400\">\u201cEl CTA quiere dejar claro que el se\u00f1or Enr\u00edquez Negreira no forma parte de ninguna estructura federativa desde el cambio de gobierno llevado a cabo tras las elecciones de 2018. Ning\u00fan \u00e1rbitro en activo o miembro de los \u00f3rganos del CTA puede desarrollar labor alguna que sea susceptible de entrar en conflicto de intereses.\u00a0 El CTA se pone a disposici\u00f3n de la Justicia para brindar su m\u00e1xima colaboraci\u00f3n en cualquier tipo de informaci\u00f3n que este Comit\u00e9 pueda aportar\u201d.\u00a0<\/span><\/i><\/p><\/blockquote>\n<p>&nbsp;<\/p>\n<p><span style=\"font-weight: 400\"><div class=\"gap\" style=\"line-height: 10px; height: 10px;\"><\/div><\/span><\/p>\n<p><span style=\"font-weight: 400\"><\/p>\n<div class=\"hr-thick\"><\/div>\n<p><\/span><\/p>\n<p><span style=\"font-weight: 400\"><div class=\"gap\" style=\"line-height: 10px; height: 10px;\"><\/div><\/span><\/p>\n<p><span style=\"font-weight: 400\"><span class=\"dt-highlight\" >Te recomendamos:<\/span><\/span><\/p>\n<blockquote class=\"wp-embedded-content\" data-secret=\"8juYMJfjGx\"><p><a href=\"https:\/\/noticias.imer.mx\/blog\/sky-brown-la-nina-que-se-convirtio-en-la-mejor-skate-del-mundo\/\">Sky Brown, la ni\u00f1a que se convirti\u00f3 en la mejor skate del mundo<\/a><\/p><\/blockquote>\n<p><iframe class=\"wp-embedded-content\" sandbox=\"allow-scripts\" security=\"restricted\" style=\"position: absolute; clip: rect(1px, 1px, 1px, 1px);\" title=\"\u00abSky Brown, la ni\u00f1a que se convirti\u00f3 en la mejor skate del mundo\u00bb \u2014 IMER Noticias\" src=\"https:\/\/noticias.imer.mx\/blog\/sky-brown-la-nina-que-se-convirtio-en-la-mejor-skate-del-mundo\/embed\/#?secret=8juYMJfjGx\" data-secret=\"8juYMJfjGx\" width=\"600\" height=\"338\" frameborder=\"0\" marginwidth=\"0\" marginheight=\"0\" scrolling=\"no\"><\/iframe><\/p>\n","protected":false},"excerpt":{"rendered":"<p>La investigaci\u00f3n se inicia a ra\u00edz de una inspecci\u00f3n fiscal a DASNIL 95 SL, por parte de la fiscal\u00eda de Barcelona.\u00a0<\/p>\n","protected":false},"author":30,"featured_media":127592,"comment_status":"open","ping_status":"open","sticky":false,"template":"","format":"standard","meta":{"wp_popup_display_lightbox":0,"wp_popup_suppress":"","wp_popup_trigger":"","wp_popup_trigger_amount":0,"wp_popup_disable_on_mobile":false},"categories":[2,8,13],"tags":[1347,1845,3789,6112,8689],"yoast_head":"<!-- This site is optimized with the Yoast SEO plugin v21.0 - https:\/\/yoast.com\/wordpress\/plugins\/seo\/ -->\n<title>Barcelona es investigado por pagos a ex vicepresidente del CTA<\/title>\n<meta name=\"description\" content=\"La investigaci\u00f3n en contra del club Barcelona inici\u00f3 con una inspecci\u00f3n fiscal a DASNIL 95 SL, por parte de la fiscal\u00eda de la ciudad.\" \/>\n<meta name=\"robots\" content=\"index, follow, max-snippet:-1, max-image-preview:large, max-video-preview:-1\" \/>\n<link rel=\"canonical\" href=\"https:\/\/noticias.imer.mx\/propuesta\/2023\/02\/15\/barcelona-es-investigado-por-pagos-a-exvicepresidente-del-cta\/\" \/>\n<meta property=\"og:locale\" content=\"es_ES\" \/>\n<meta property=\"og:type\" content=\"article\" \/>\n<meta property=\"og:title\" content=\"Barcelona es investigado por pagos a ex vicepresidente del CTA\" \/>\n<meta property=\"og:description\" content=\"La investigaci\u00f3n en contra del club Barcelona inici\u00f3 con una inspecci\u00f3n fiscal a DASNIL 95 SL, por parte de la fiscal\u00eda de la ciudad.\" \/>\n<meta property=\"og:url\" content=\"https:\/\/noticias.imer.mx\/propuesta\/2023\/02\/15\/barcelona-es-investigado-por-pagos-a-exvicepresidente-del-cta\/\" \/>\n<meta property=\"og:site_name\" content=\"Pruebas Noticias IMER\" \/>\n<meta property=\"article:published_time\" content=\"2023-02-15T20:28:54+00:00\" \/>\n<meta property=\"article:modified_time\" content=\"2023-04-11T20:14:16+00:00\" \/>\n<meta name=\"author\" content=\"serveradmin\" \/>\n<meta name=\"twitter:card\" content=\"summary_large_image\" \/>\n<meta name=\"twitter:label1\" content=\"Escrito por\" \/>\n\t<meta name=\"twitter:data1\" content=\"serveradmin\" \/>\n\t<meta name=\"twitter:label2\" content=\"Tiempo de lectura\" \/>\n\t<meta name=\"twitter:data2\" content=\"3 minutos\" \/>\n<script type=\"application\/ld+json\" class=\"yoast-schema-graph\">{\"@context\":\"https:\/\/schema.org\",\"@graph\":[{\"@type\":\"WebPage\",\"@id\":\"https:\/\/noticias.imer.mx\/propuesta\/2023\/02\/15\/barcelona-es-investigado-por-pagos-a-exvicepresidente-del-cta\/\",\"url\":\"https:\/\/noticias.imer.mx\/propuesta\/2023\/02\/15\/barcelona-es-investigado-por-pagos-a-exvicepresidente-del-cta\/\",\"name\":\"Barcelona es investigado por pagos a ex vicepresidente del CTA\",\"isPartOf\":{\"@id\":\"https:\/\/noticias.imer.mx\/propuesta\/#website\"},\"datePublished\":\"2023-02-15T20:28:54+00:00\",\"dateModified\":\"2023-04-11T20:14:16+00:00\",\"author\":{\"@id\":\"https:\/\/noticias.imer.mx\/propuesta\/#\/schema\/person\/967c1f66b6217bbd12b628cc10f6e76d\"},\"description\":\"La investigaci\u00f3n en contra del club Barcelona inici\u00f3 con una inspecci\u00f3n fiscal a DASNIL 95 SL, por parte de la fiscal\u00eda de la ciudad.\",\"breadcrumb\":{\"@id\":\"https:\/\/noticias.imer.mx\/propuesta\/2023\/02\/15\/barcelona-es-investigado-por-pagos-a-exvicepresidente-del-cta\/#breadcrumb\"},\"inLanguage\":\"es\",\"potentialAction\":[{\"@type\":\"ReadAction\",\"target\":[\"https:\/\/noticias.imer.mx\/propuesta\/2023\/02\/15\/barcelona-es-investigado-por-pagos-a-exvicepresidente-del-cta\/\"]}]},{\"@type\":\"BreadcrumbList\",\"@id\":\"https:\/\/noticias.imer.mx\/propuesta\/2023\/02\/15\/barcelona-es-investigado-por-pagos-a-exvicepresidente-del-cta\/#breadcrumb\",\"itemListElement\":[{\"@type\":\"ListItem\",\"position\":1,\"name\":\"Portada\",\"item\":\"https:\/\/noticias.imer.mx\/propuesta\/\"},{\"@type\":\"ListItem\",\"position\":2,\"name\":\"Barcelona es investigado por pagos a exvicepresidente del CTA\"}]},{\"@type\":\"WebSite\",\"@id\":\"https:\/\/noticias.imer.mx\/propuesta\/#website\",\"url\":\"https:\/\/noticias.imer.mx\/propuesta\/\",\"name\":\"Pruebas Noticias IMER\",\"description\":\"Otro sitio m\u00e1s de IMER Noticias\",\"potentialAction\":[{\"@type\":\"SearchAction\",\"target\":{\"@type\":\"EntryPoint\",\"urlTemplate\":\"https:\/\/noticias.imer.mx\/propuesta\/?s={search_term_string}\"},\"query-input\":\"required name=search_term_string\"}],\"inLanguage\":\"es\"},{\"@type\":\"Person\",\"@id\":\"https:\/\/noticias.imer.mx\/propuesta\/#\/schema\/person\/967c1f66b6217bbd12b628cc10f6e76d\",\"name\":\"serveradmin\",\"image\":{\"@type\":\"ImageObject\",\"inLanguage\":\"es\",\"@id\":\"https:\/\/noticias.imer.mx\/propuesta\/#\/schema\/person\/image\/\",\"url\":\"https:\/\/secure.gravatar.com\/avatar\/b7032212b076bde88e044d76d65f2c7b?s=96&d=mm&r=g\",\"contentUrl\":\"https:\/\/secure.gravatar.com\/avatar\/b7032212b076bde88e044d76d65f2c7b?s=96&d=mm&r=g\",\"caption\":\"serveradmin\"},\"url\":\"https:\/\/noticias.imer.mx\/propuesta\/author\/serveradmin\/\"}]}<\/script>\n<!-- \/ Yoast SEO plugin. -->","yoast_head_json":{"title":"Barcelona es investigado por pagos a ex vicepresidente del CTA","description":"La investigaci\u00f3n en contra del club Barcelona inici\u00f3 con una inspecci\u00f3n fiscal a DASNIL 95 SL, por parte de la fiscal\u00eda de la ciudad.","robots":{"index":"index","follow":"follow","max-snippet":"max-snippet:-1","max-image-preview":"max-image-preview:large","max-video-preview":"max-video-preview:-1"},"canonical":"https:\/\/noticias.imer.mx\/propuesta\/2023\/02\/15\/barcelona-es-investigado-por-pagos-a-exvicepresidente-del-cta\/","og_locale":"es_ES","og_type":"article","og_title":"Barcelona es investigado por pagos a ex vicepresidente del CTA","og_description":"La investigaci\u00f3n en contra del club Barcelona inici\u00f3 con una inspecci\u00f3n fiscal a DASNIL 95 SL, por parte de la fiscal\u00eda de la ciudad.","og_url":"https:\/\/noticias.imer.mx\/propuesta\/2023\/02\/15\/barcelona-es-investigado-por-pagos-a-exvicepresidente-del-cta\/","og_site_name":"Pruebas Noticias IMER","article_published_time":"2023-02-15T20:28:54+00:00","article_modified_time":"2023-04-11T20:14:16+00:00","author":"serveradmin","twitter_card":"summary_large_image","twitter_misc":{"Escrito por":"serveradmin","Tiempo de lectura":"3 minutos"},"schema":{"@context":"https:\/\/schema.org","@graph":[{"@type":"WebPage","@id":"https:\/\/noticias.imer.mx\/propuesta\/2023\/02\/15\/barcelona-es-investigado-por-pagos-a-exvicepresidente-del-cta\/","url":"https:\/\/noticias.imer.mx\/propuesta\/2023\/02\/15\/barcelona-es-investigado-por-pagos-a-exvicepresidente-del-cta\/","name":"Barcelona es investigado por pagos a ex vicepresidente del CTA","isPartOf":{"@id":"https:\/\/noticias.imer.mx\/propuesta\/#website"},"datePublished":"2023-02-15T20:28:54+00:00","dateModified":"2023-04-11T20:14:16+00:00","author":{"@id":"https:\/\/noticias.imer.mx\/propuesta\/#\/schema\/person\/967c1f66b6217bbd12b628cc10f6e76d"},"description":"La investigaci\u00f3n en contra del club Barcelona inici\u00f3 con una inspecci\u00f3n fiscal a DASNIL 95 SL, por parte de la fiscal\u00eda de la ciudad.","breadcrumb":{"@id":"https:\/\/noticias.imer.mx\/propuesta\/2023\/02\/15\/barcelona-es-investigado-por-pagos-a-exvicepresidente-del-cta\/#breadcrumb"},"inLanguage":"es","potentialAction":[{"@type":"ReadAction","target":["https:\/\/noticias.imer.mx\/propuesta\/2023\/02\/15\/barcelona-es-investigado-por-pagos-a-exvicepresidente-del-cta\/"]}]},{"@type":"BreadcrumbList","@id":"https:\/\/noticias.imer.mx\/propuesta\/2023\/02\/15\/barcelona-es-investigado-por-pagos-a-exvicepresidente-del-cta\/#breadcrumb","itemListElement":[{"@type":"ListItem","position":1,"name":"Portada","item":"https:\/\/noticias.imer.mx\/propuesta\/"},{"@type":"ListItem","position":2,"name":"Barcelona es investigado por pagos a exvicepresidente del CTA"}]},{"@type":"WebSite","@id":"https:\/\/noticias.imer.mx\/propuesta\/#website","url":"https:\/\/noticias.imer.mx\/propuesta\/","name":"Pruebas Noticias IMER","description":"Otro sitio m\u00e1s de IMER Noticias","potentialAction":[{"@type":"SearchAction","target":{"@type":"EntryPoint","urlTemplate":"https:\/\/noticias.imer.mx\/propuesta\/?s={search_term_string}"},"query-input":"required name=search_term_string"}],"inLanguage":"es"},{"@type":"Person","@id":"https:\/\/noticias.imer.mx\/propuesta\/#\/schema\/person\/967c1f66b6217bbd12b628cc10f6e76d","name":"serveradmin","image":{"@type":"ImageObject","inLanguage":"es","@id":"https:\/\/noticias.imer.mx\/propuesta\/#\/schema\/person\/image\/","url":"https:\/\/secure.gravatar.com\/avatar\/b7032212b076bde88e044d76d65f2c7b?s=96&d=mm&r=g","contentUrl":"https:\/\/secure.gravatar.com\/avatar\/b7032212b076bde88e044d76d65f2c7b?s=96&d=mm&r=g","caption":"serveradmin"},"url":"https:\/\/noticias.imer.mx\/propuesta\/author\/serveradmin\/"}]}},"_links":{"self":[{"href":"https:\/\/noticias.imer.mx\/propuesta\/wp-json\/wp\/v2\/posts\/127576"}],"collection":[{"href":"https:\/\/noticias.imer.mx\/propuesta\/wp-json\/wp\/v2\/posts"}],"about":[{"href":"https:\/\/noticias.imer.mx\/propuesta\/wp-json\/wp\/v2\/types\/post"}],"author":[{"embeddable":true,"href":"https:\/\/noticias.imer.mx\/propuesta\/wp-json\/wp\/v2\/users\/30"}],"replies":[{"embeddable":true,"href":"https:\/\/noticias.imer.mx\/propuesta\/wp-json\/wp\/v2\/comments?post=127576"}],"version-history":[{"count":1,"href":"https:\/\/noticias.imer.mx\/propuesta\/wp-json\/wp\/v2\/posts\/127576\/revisions"}],"predecessor-version":[{"id":130627,"href":"https:\/\/noticias.imer.mx\/propuesta\/wp-json\/wp\/v2\/posts\/127576\/revisions\/130627"}],"wp:featuredmedia":[{"embeddable":true,"href":"https:\/\/noticias.imer.mx\/propuesta\/wp-json\/"}],"wp:attachment":[{"href":"https:\/\/noticias.imer.mx\/propuesta\/wp-json\/wp\/v2\/media?parent=127576"}],"wp:term":[{"taxonomy":"category","embeddable":true,"href":"https:\/\/noticias.imer.mx\/propuesta\/wp-json\/wp\/v2\/categories?post=127576"},{"taxonomy":"post_tag","embeddable":true,"href":"https:\/\/noticias.imer.mx\/propuesta\/wp-json\/wp\/v2\/tags?post=127576"}],"curies":[{"name":"wp","href":"https:\/\/api.w.org\/{rel}","templated":true}]}}