{"id":127398,"date":"2023-02-14T09:47:03","date_gmt":"2023-02-14T15:47:03","guid":{"rendered":"http:\/\/noticias.imer.mx\/?p=127398"},"modified":"2023-04-11T20:14:17","modified_gmt":"2023-04-11T20:14:17","slug":"los-temas-de-la-mananera-la-red-de-corrupcion-de-garcia-luna-y-ataques-contra-ebrard","status":"publish","type":"post","link":"https:\/\/noticias.imer.mx\/propuesta\/2023\/02\/14\/los-temas-de-la-mananera-la-red-de-corrupcion-de-garcia-luna-y-ataques-contra-ebrard\/","title":{"rendered":"Los temas de la ma\u00f1anera: red de corrupci\u00f3n de Garc\u00eda Luna y Ebrard responde a Barcena"},"content":{"rendered":"<p>\u201cNo ser\u00eda canciller si yo le hubiera ocultado al presidente (&#8230;) logramos un acuerdo un\u00e1nime con EU\u201d, responde Ebrard a Barcena.<\/p>\n<p><span style=\"font-weight: 400\"><div class=\"gap\" style=\"line-height: 10px; height: 10px;\"><\/div><\/span><\/p>\n<p><span style=\"font-weight: 400\"><\/p>\n<div class=\"hr-thin\"><\/div>\n<p><\/span><\/p>\n<p style=\"text-align: center\"><b>IMER Noticias<\/b><\/p>\n<p><span style=\"font-weight: 400\"><\/p>\n<div class=\"hr-thin\"><\/div>\n<p><\/span><\/p>\n<p><span style=\"font-weight: 400\"><div class=\"gap\" style=\"line-height: 10px; height: 10px;\"><\/div><\/span><\/p>\n<p>En conferencia matutina en <strong>Palacio Nacional<\/strong>, se habl\u00f3 del juicio por narcotr\u00e1fico en contra del exsecretario de<strong> Seguridad P\u00fablica<\/strong>, <strong>Genaro Garc\u00eda Luna<\/strong>, en el cual testific\u00f3 Jes\u00fas \u201cEl Rey<strong>\u201d Zambada<\/strong>, quien dirigi\u00f3 el<strong> C\u00e1rtel de Sinaloa<\/strong> desde el sexenio de<strong> Vicente Fox <\/strong>y durante el mandato de<strong> Felipe Calder\u00f3n<\/strong> y quien asegura, tuvo nexos con el gobierno federal de aquel entonces.<\/p>\n<p>&nbsp;<\/p>\n<p>De acuerdo con una presentaci\u00f3n del juicio que fue proyectada en la conferencia ma\u00f1anera, <strong>Garc\u00eda Luna<\/strong> recibi\u00f3 sobornos para brindar protecci\u00f3n al hermano de <strong>\u201cEl Rey\u201d, \u201cEl Mayo Zambada<\/strong>.<\/p>\n<p>&nbsp;<\/p>\n<p>Adem\u00e1s, aseguraron que en el caso, el traficante de drogas se\u00f1al\u00f3 a<strong> Edgar Bayardo<\/strong> como uno de los hombres del C\u00e1rtel de Sinaloa y que fue impuesto por la organizaci\u00f3n criminal para presidir la <strong>Subprocuradur\u00eda Especializada en Investigaci\u00f3n de Delincuencia Organizada<\/strong> (<strong>SEIDO<\/strong>), de la extinta Procuradur\u00eda General de Justicia (PGR).<\/p>\n<p>&nbsp;<\/p>\n<p>El presidente<strong> Andr\u00e9s Manuel L\u00f3pez Obrador<\/strong> mostr\u00f3 gr\u00e1ficas en las cuales, de acuerdo a sondeos a la poblaci\u00f3n, la mayor\u00eda de los encuestados respondi\u00f3 que el expresidente Felipe Calder\u00f3n deber ser investigado por narcotr\u00e1fico al igual que Garc\u00eda Luna y \u00abque las evidencias al momento son totalmente s\u00f3lidas para hacerlo\u00bb.<\/p>\n<p>&nbsp;<\/p>\n<p>&nbsp;<\/p>\n<h4><span style=\"color: #308446\"><strong>Marcelo Ebrard critica a Martha Barcena<\/strong><\/span><\/h4>\n<p>&nbsp;<\/p>\n<p>Por su parte, durante la conferencia matutina en palacio nacional, el canciller<strong> Marcelo Ebrard<\/strong> asegur\u00f3 que la exembajadora Martha Barcena tiene un rencor contra \u00e9l y una campa\u00f1a de ataques en su contra desde que dej\u00f3 el cargo.<\/p>\n<p>\u201cEs un rencor obsesivo, su gran objetivo no es la verdad, es ver c\u00f3mo me hace da\u00f1o todos los d\u00edas, en entrevista con Krause, trata de sostener algo que es falso, el objetivo de los estados unidos fue imponernos como el tercer pa\u00eds seguro, y s\u00ed era imponerlo, para lograrlo, pues nos quer\u00edan imponer aranceles\u201d, dijo Ebrard.<\/p>\n<p>&nbsp;<\/p>\n<p>\u201cCuando llego a Washington, el expresidente Trump me pide firmar a ser el tercer pa\u00eds seguro, despu\u00e9s hubo una reuni\u00f3n en Washington, \u00e9l me invit\u00f3 en su despacho, estaba Pompeo, su c\u00edrculo m\u00e1s cercano\u201d, abund\u00f3.<\/p>\n<p>&nbsp;<\/p>\n<p>De acuerdo con el titular de la <strong>Secretar\u00eda de Relaciones Exteriores (SRE<\/strong>) Barcena dios una entrevista para calumniar porque supuestamente no le inform\u00f3 sobre el programa denominado \u201cqu\u00e9date en M\u00e9xico\u201d que fue implementado durante la administraci\u00f3n de Donald Trump y en el contexto de la pandemia de<strong> Covid-19<\/strong><a href=\"https:\/\/www.youtube.com\/watch?v=slFnE48fIb4\">.<\/a><\/p>\n<p>&nbsp;<\/p>\n<blockquote><p><span style=\"color: #3d395a\">\u201cNunca hubo una decisi\u00f3n o acci\u00f3n que tomara yo ocultando la informaci\u00f3n al presidente. No ser\u00eda canciller si yo le hubiera ocultado al presidente. Pero tambi\u00e9n se lo informamos al Senado antes de ir yo a Estados Unidos, fui al Senado de la Rep\u00fablica y les dije a los senadores: van a querer imponernos el tercer pa\u00eds seguro, para eso es el arancel. Necesitamos un acuerdo pol\u00edtico, un\u00e1nime, cosa que se logr\u00f3, ah\u00ed est\u00e1n los documentos\u201d.<\/span><\/p><\/blockquote>\n<p>&nbsp;<\/p>\n<p>&nbsp;<\/p>\n<h4><span style=\"color: #308446\"><strong>Suman 45 casos de intoxicaci\u00f3n por clonazepam<\/strong><\/span><\/h4>\n<p>&nbsp;<\/p>\n<p>Hasta el momento, se han registrado 45 casos del llamado \u00ab<strong>Reto Clonazepam<\/strong>\u00bb en 18 estados del pa\u00eds, reportaron autoridades de Salud.<\/p>\n<p>&nbsp;<\/p>\n<p>El subsecretario <strong>Hugo L\u00f3pez-Gatell<\/strong> inform\u00f3 que la mayor parte de los casos de ingesta del medicamento han ocurrido dentro de domicilios y solo entre cinco y seis se han registrado en escuelas.<\/p>\n<p>&nbsp;<\/p>\n<blockquote class=\"twitter-tweet\" data-width=\"550\" data-dnt=\"true\">\n<p lang=\"es\" dir=\"ltr\">\ud83d\udde3\ufe0f <a href=\"https:\/\/twitter.com\/hashtag\/ConferenciaPresidente?src=hash&amp;ref_src=twsrc%5Etfw\">#ConferenciaPresidente<\/a> || En 18 estados del pa\u00eds, se han registrado 45 casos del <a href=\"https:\/\/twitter.com\/hashtag\/RetoClonazepam?src=hash&amp;ref_src=twsrc%5Etfw\">#RetoClonazepam<\/a>, inform\u00f3 el subsecretario de Salud, Hugo L\u00f3pez-Gatell. Se\u00f1al\u00f3 que la mayor parte de los casos de ingesta del medicamento han ocurrido dentro de domicilios. <a href=\"https:\/\/t.co\/Jn4GduDQZ6\">pic.twitter.com\/Jn4GduDQZ6<\/a><\/p>\n<p>&mdash; IMER Noticias (@IMER_Noticias) <a href=\"https:\/\/twitter.com\/IMER_Noticias\/status\/1625495180479705090?ref_src=twsrc%5Etfw\">February 14, 2023<\/a><\/p><\/blockquote>\n<p><script async src=\"https:\/\/platform.twitter.com\/widgets.js\" charset=\"utf-8\"><\/script><\/p>\n<p>&nbsp;<\/p>\n<p>La mayor\u00eda de las personas afectadas por el consumo de clonazepam -el cual provoca visi\u00f3n borrosa, somnolencia, mareos y p\u00e9rdida de equilibrio- son preadolescentes de diez a 19 a\u00f1os. Por ello, el funcionario llam\u00f3 a madres y padres de familia a mantener comunicaci\u00f3n con las y los j\u00f3venes.<\/p>\n<p>&nbsp;<\/p>\n<p>&nbsp;<\/p>\n<p><span style=\"font-weight: 400\"><div class=\"gap\" style=\"line-height: 10px; height: 10px;\"><\/div><\/span><\/p>\n<p><span style=\"font-weight: 400\"><\/p>\n<div class=\"hr-thick\"><\/div>\n<p><\/span><\/p>\n<p><span style=\"font-weight: 400\"><div class=\"gap\" style=\"line-height: 10px; height: 10px;\"><\/div><\/span><\/p>\n<p><span style=\"font-weight: 400\"><span class=\"dt-highlight\" >Te recomendamos:<\/span><\/span><\/p>\n<blockquote class=\"wp-embedded-content\" data-secret=\"P81bQPwx9A\"><p><a href=\"https:\/\/noticias.imer.mx\/blog\/ayuda-humanitaria-turquia-siria-diaz-canel-bloqueo-cuba-mananera-amlo\/\">Ayuda humanitaria a Turqu\u00eda y Siria, visita de D\u00edaz-Canel y bloqueo a Cuba: los temas de la ma\u00f1anera de AMLO<\/a><\/p><\/blockquote>\n<p><iframe class=\"wp-embedded-content\" sandbox=\"allow-scripts\" security=\"restricted\" style=\"position: absolute; clip: rect(1px, 1px, 1px, 1px);\" title=\"\u00abAyuda humanitaria a Turqu\u00eda y Siria, visita de D\u00edaz-Canel y bloqueo a Cuba: los temas de la ma\u00f1anera de AMLO\u00bb \u2014 IMER Noticias\" src=\"https:\/\/noticias.imer.mx\/blog\/ayuda-humanitaria-turquia-siria-diaz-canel-bloqueo-cuba-mananera-amlo\/embed\/#?secret=P81bQPwx9A\" data-secret=\"P81bQPwx9A\" width=\"600\" height=\"338\" frameborder=\"0\" marginwidth=\"0\" marginheight=\"0\" scrolling=\"no\"><\/iframe><\/p>\n<p>&nbsp;<\/p>\n<div class=\"hr-thin\"><\/div>\n","protected":false},"excerpt":{"rendered":"<p>\u201cNo ser\u00eda canciller si yo le hubiera ocultado al presidente (&#8230;)\u00a0logramos un acuerdo un\u00e1nime con EU\u201d, Responde Ebrard a Barcena.<\/p>\n","protected":false},"author":30,"featured_media":127400,"comment_status":"open","ping_status":"open","sticky":false,"template":"","format":"standard","meta":{"wp_popup_display_lightbox":0,"wp_popup_suppress":"","wp_popup_trigger":"","wp_popup_trigger_amount":0,"wp_popup_disable_on_mobile":false},"categories":[2,33,13],"tags":[1052,1133,6784,9602,14289],"yoast_head":"<!-- This site is optimized with the Yoast SEO plugin v21.0 - https:\/\/yoast.com\/wordpress\/plugins\/seo\/ -->\n<title>Los temas de la ma\u00f1anera: juicio contra Garc\u00eda Luna; responde Ebrard a Barcena<\/title>\n<meta name=\"description\" content=\"\u201cNo ser\u00eda canciller si yo le hubiera ocultado al presidente (...)\u00a0logramos un acuerdo un\u00e1nime con EU\u201d, Responde Ebrard a Barcena\" \/>\n<meta name=\"robots\" content=\"index, follow, max-snippet:-1, max-image-preview:large, max-video-preview:-1\" \/>\n<link rel=\"canonical\" href=\"https:\/\/noticias.imer.mx\/propuesta\/2023\/02\/14\/los-temas-de-la-mananera-la-red-de-corrupcion-de-garcia-luna-y-ataques-contra-ebrard\/\" \/>\n<meta property=\"og:locale\" content=\"es_ES\" \/>\n<meta property=\"og:type\" content=\"article\" \/>\n<meta property=\"og:title\" content=\"Los temas de la ma\u00f1anera: juicio contra Garc\u00eda Luna; responde Ebrard a Barcena\" \/>\n<meta property=\"og:description\" content=\"\u201cNo ser\u00eda canciller si yo le hubiera ocultado al presidente (...)\u00a0logramos un acuerdo un\u00e1nime con EU\u201d, Responde Ebrard a Barcena\" \/>\n<meta property=\"og:url\" content=\"https:\/\/noticias.imer.mx\/propuesta\/2023\/02\/14\/los-temas-de-la-mananera-la-red-de-corrupcion-de-garcia-luna-y-ataques-contra-ebrard\/\" \/>\n<meta property=\"og:site_name\" content=\"Pruebas Noticias IMER\" \/>\n<meta property=\"article:published_time\" content=\"2023-02-14T15:47:03+00:00\" \/>\n<meta property=\"article:modified_time\" content=\"2023-04-11T20:14:17+00:00\" \/>\n<meta name=\"author\" content=\"serveradmin\" \/>\n<meta name=\"twitter:card\" content=\"summary_large_image\" \/>\n<meta name=\"twitter:label1\" content=\"Escrito por\" \/>\n\t<meta name=\"twitter:data1\" content=\"serveradmin\" \/>\n\t<meta name=\"twitter:label2\" content=\"Tiempo de lectura\" \/>\n\t<meta name=\"twitter:data2\" content=\"3 minutos\" \/>\n<script type=\"application\/ld+json\" class=\"yoast-schema-graph\">{\"@context\":\"https:\/\/schema.org\",\"@graph\":[{\"@type\":\"WebPage\",\"@id\":\"https:\/\/noticias.imer.mx\/propuesta\/2023\/02\/14\/los-temas-de-la-mananera-la-red-de-corrupcion-de-garcia-luna-y-ataques-contra-ebrard\/\",\"url\":\"https:\/\/noticias.imer.mx\/propuesta\/2023\/02\/14\/los-temas-de-la-mananera-la-red-de-corrupcion-de-garcia-luna-y-ataques-contra-ebrard\/\",\"name\":\"Los temas de la ma\u00f1anera: juicio contra Garc\u00eda Luna; responde Ebrard a Barcena\",\"isPartOf\":{\"@id\":\"https:\/\/noticias.imer.mx\/propuesta\/#website\"},\"datePublished\":\"2023-02-14T15:47:03+00:00\",\"dateModified\":\"2023-04-11T20:14:17+00:00\",\"author\":{\"@id\":\"https:\/\/noticias.imer.mx\/propuesta\/#\/schema\/person\/967c1f66b6217bbd12b628cc10f6e76d\"},\"description\":\"\u201cNo ser\u00eda canciller si yo le hubiera ocultado al presidente (...)\u00a0logramos un acuerdo un\u00e1nime con EU\u201d, Responde Ebrard a Barcena\",\"breadcrumb\":{\"@id\":\"https:\/\/noticias.imer.mx\/propuesta\/2023\/02\/14\/los-temas-de-la-mananera-la-red-de-corrupcion-de-garcia-luna-y-ataques-contra-ebrard\/#breadcrumb\"},\"inLanguage\":\"es\",\"potentialAction\":[{\"@type\":\"ReadAction\",\"target\":[\"https:\/\/noticias.imer.mx\/propuesta\/2023\/02\/14\/los-temas-de-la-mananera-la-red-de-corrupcion-de-garcia-luna-y-ataques-contra-ebrard\/\"]}]},{\"@type\":\"BreadcrumbList\",\"@id\":\"https:\/\/noticias.imer.mx\/propuesta\/2023\/02\/14\/los-temas-de-la-mananera-la-red-de-corrupcion-de-garcia-luna-y-ataques-contra-ebrard\/#breadcrumb\",\"itemListElement\":[{\"@type\":\"ListItem\",\"position\":1,\"name\":\"Portada\",\"item\":\"https:\/\/noticias.imer.mx\/propuesta\/\"},{\"@type\":\"ListItem\",\"position\":2,\"name\":\"Los temas de la ma\u00f1anera: red de corrupci\u00f3n de Garc\u00eda Luna y Ebrard responde a Barcena\"}]},{\"@type\":\"WebSite\",\"@id\":\"https:\/\/noticias.imer.mx\/propuesta\/#website\",\"url\":\"https:\/\/noticias.imer.mx\/propuesta\/\",\"name\":\"Pruebas Noticias IMER\",\"description\":\"Otro sitio m\u00e1s de IMER Noticias\",\"potentialAction\":[{\"@type\":\"SearchAction\",\"target\":{\"@type\":\"EntryPoint\",\"urlTemplate\":\"https:\/\/noticias.imer.mx\/propuesta\/?s={search_term_string}\"},\"query-input\":\"required name=search_term_string\"}],\"inLanguage\":\"es\"},{\"@type\":\"Person\",\"@id\":\"https:\/\/noticias.imer.mx\/propuesta\/#\/schema\/person\/967c1f66b6217bbd12b628cc10f6e76d\",\"name\":\"serveradmin\",\"image\":{\"@type\":\"ImageObject\",\"inLanguage\":\"es\",\"@id\":\"https:\/\/noticias.imer.mx\/propuesta\/#\/schema\/person\/image\/\",\"url\":\"https:\/\/secure.gravatar.com\/avatar\/b7032212b076bde88e044d76d65f2c7b?s=96&d=mm&r=g\",\"contentUrl\":\"https:\/\/secure.gravatar.com\/avatar\/b7032212b076bde88e044d76d65f2c7b?s=96&d=mm&r=g\",\"caption\":\"serveradmin\"},\"url\":\"https:\/\/noticias.imer.mx\/propuesta\/author\/serveradmin\/\"}]}<\/script>\n<!-- \/ Yoast SEO plugin. -->","yoast_head_json":{"title":"Los temas de la ma\u00f1anera: juicio contra Garc\u00eda Luna; responde Ebrard a Barcena","description":"\u201cNo ser\u00eda canciller si yo le hubiera ocultado al presidente (...)\u00a0logramos un acuerdo un\u00e1nime con EU\u201d, Responde Ebrard a Barcena","robots":{"index":"index","follow":"follow","max-snippet":"max-snippet:-1","max-image-preview":"max-image-preview:large","max-video-preview":"max-video-preview:-1"},"canonical":"https:\/\/noticias.imer.mx\/propuesta\/2023\/02\/14\/los-temas-de-la-mananera-la-red-de-corrupcion-de-garcia-luna-y-ataques-contra-ebrard\/","og_locale":"es_ES","og_type":"article","og_title":"Los temas de la ma\u00f1anera: juicio contra Garc\u00eda Luna; responde Ebrard a Barcena","og_description":"\u201cNo ser\u00eda canciller si yo le hubiera ocultado al presidente (...)\u00a0logramos un acuerdo un\u00e1nime con EU\u201d, Responde Ebrard a Barcena","og_url":"https:\/\/noticias.imer.mx\/propuesta\/2023\/02\/14\/los-temas-de-la-mananera-la-red-de-corrupcion-de-garcia-luna-y-ataques-contra-ebrard\/","og_site_name":"Pruebas Noticias IMER","article_published_time":"2023-02-14T15:47:03+00:00","article_modified_time":"2023-04-11T20:14:17+00:00","author":"serveradmin","twitter_card":"summary_large_image","twitter_misc":{"Escrito por":"serveradmin","Tiempo de lectura":"3 minutos"},"schema":{"@context":"https:\/\/schema.org","@graph":[{"@type":"WebPage","@id":"https:\/\/noticias.imer.mx\/propuesta\/2023\/02\/14\/los-temas-de-la-mananera-la-red-de-corrupcion-de-garcia-luna-y-ataques-contra-ebrard\/","url":"https:\/\/noticias.imer.mx\/propuesta\/2023\/02\/14\/los-temas-de-la-mananera-la-red-de-corrupcion-de-garcia-luna-y-ataques-contra-ebrard\/","name":"Los temas de la ma\u00f1anera: juicio contra Garc\u00eda Luna; responde Ebrard a Barcena","isPartOf":{"@id":"https:\/\/noticias.imer.mx\/propuesta\/#website"},"datePublished":"2023-02-14T15:47:03+00:00","dateModified":"2023-04-11T20:14:17+00:00","author":{"@id":"https:\/\/noticias.imer.mx\/propuesta\/#\/schema\/person\/967c1f66b6217bbd12b628cc10f6e76d"},"description":"\u201cNo ser\u00eda canciller si yo le hubiera ocultado al presidente (...)\u00a0logramos un acuerdo un\u00e1nime con EU\u201d, Responde Ebrard a Barcena","breadcrumb":{"@id":"https:\/\/noticias.imer.mx\/propuesta\/2023\/02\/14\/los-temas-de-la-mananera-la-red-de-corrupcion-de-garcia-luna-y-ataques-contra-ebrard\/#breadcrumb"},"inLanguage":"es","potentialAction":[{"@type":"ReadAction","target":["https:\/\/noticias.imer.mx\/propuesta\/2023\/02\/14\/los-temas-de-la-mananera-la-red-de-corrupcion-de-garcia-luna-y-ataques-contra-ebrard\/"]}]},{"@type":"BreadcrumbList","@id":"https:\/\/noticias.imer.mx\/propuesta\/2023\/02\/14\/los-temas-de-la-mananera-la-red-de-corrupcion-de-garcia-luna-y-ataques-contra-ebrard\/#breadcrumb","itemListElement":[{"@type":"ListItem","position":1,"name":"Portada","item":"https:\/\/noticias.imer.mx\/propuesta\/"},{"@type":"ListItem","position":2,"name":"Los temas de la ma\u00f1anera: red de corrupci\u00f3n de Garc\u00eda Luna y Ebrard responde a Barcena"}]},{"@type":"WebSite","@id":"https:\/\/noticias.imer.mx\/propuesta\/#website","url":"https:\/\/noticias.imer.mx\/propuesta\/","name":"Pruebas Noticias IMER","description":"Otro sitio m\u00e1s de IMER Noticias","potentialAction":[{"@type":"SearchAction","target":{"@type":"EntryPoint","urlTemplate":"https:\/\/noticias.imer.mx\/propuesta\/?s={search_term_string}"},"query-input":"required name=search_term_string"}],"inLanguage":"es"},{"@type":"Person","@id":"https:\/\/noticias.imer.mx\/propuesta\/#\/schema\/person\/967c1f66b6217bbd12b628cc10f6e76d","name":"serveradmin","image":{"@type":"ImageObject","inLanguage":"es","@id":"https:\/\/noticias.imer.mx\/propuesta\/#\/schema\/person\/image\/","url":"https:\/\/secure.gravatar.com\/avatar\/b7032212b076bde88e044d76d65f2c7b?s=96&d=mm&r=g","contentUrl":"https:\/\/secure.gravatar.com\/avatar\/b7032212b076bde88e044d76d65f2c7b?s=96&d=mm&r=g","caption":"serveradmin"},"url":"https:\/\/noticias.imer.mx\/propuesta\/author\/serveradmin\/"}]}},"_links":{"self":[{"href":"https:\/\/noticias.imer.mx\/propuesta\/wp-json\/wp\/v2\/posts\/127398"}],"collection":[{"href":"https:\/\/noticias.imer.mx\/propuesta\/wp-json\/wp\/v2\/posts"}],"about":[{"href":"https:\/\/noticias.imer.mx\/propuesta\/wp-json\/wp\/v2\/types\/post"}],"author":[{"embeddable":true,"href":"https:\/\/noticias.imer.mx\/propuesta\/wp-json\/wp\/v2\/users\/30"}],"replies":[{"embeddable":true,"href":"https:\/\/noticias.imer.mx\/propuesta\/wp-json\/wp\/v2\/comments?post=127398"}],"version-history":[{"count":1,"href":"https:\/\/noticias.imer.mx\/propuesta\/wp-json\/wp\/v2\/posts\/127398\/revisions"}],"predecessor-version":[{"id":130651,"href":"https:\/\/noticias.imer.mx\/propuesta\/wp-json\/wp\/v2\/posts\/127398\/revisions\/130651"}],"wp:featuredmedia":[{"embeddable":true,"href":"https:\/\/noticias.imer.mx\/propuesta\/wp-json\/"}],"wp:attachment":[{"href":"https:\/\/noticias.imer.mx\/propuesta\/wp-json\/wp\/v2\/media?parent=127398"}],"wp:term":[{"taxonomy":"category","embeddable":true,"href":"https:\/\/noticias.imer.mx\/propuesta\/wp-json\/wp\/v2\/categories?post=127398"},{"taxonomy":"post_tag","embeddable":true,"href":"https:\/\/noticias.imer.mx\/propuesta\/wp-json\/wp\/v2\/tags?post=127398"}],"curies":[{"name":"wp","href":"https:\/\/api.w.org\/{rel}","templated":true}]}}