{"id":127271,"date":"2023-02-13T13:03:14","date_gmt":"2023-02-13T19:03:14","guid":{"rendered":"http:\/\/noticias.imer.mx\/?p=127271"},"modified":"2023-04-11T20:14:18","modified_gmt":"2023-04-11T20:14:18","slug":"caso-garcia-luna-el-rey-zambada-soborno-con-5-mdd-al-exfuncionario","status":"publish","type":"post","link":"https:\/\/noticias.imer.mx\/propuesta\/2023\/02\/13\/caso-garcia-luna-el-rey-zambada-soborno-con-5-mdd-al-exfuncionario\/","title":{"rendered":"Caso Garc\u00eda Luna: \u201cEl Rey\u00bb Zambada soborn\u00f3 con 5 mdd al exfuncionario"},"content":{"rendered":"<p><em>\u00abNo podr\u00edamos trabajar sin esa ayuda, era una forma muy segura de trabajar\u00bb, fueron las declaraciones que dio \u201cEl Rey\u201d durante el juicio.<\/em><\/p>\n<p><span style=\"font-weight: 400\"><div class=\"gap\" style=\"line-height: 10px; height: 10px;\"><\/div><\/span><\/p>\n<p><span style=\"font-weight: 400\"><\/p>\n<div class=\"hr-thin\"><\/div>\n<p><\/span><\/p>\n<p style=\"text-align: center\"><b>IMER Noticias<\/b><\/p>\n<p><span style=\"font-weight: 400\"><\/p>\n<div class=\"hr-thin\"><\/div>\n<p><\/span><\/p>\n<p><span style=\"font-weight: 400\"><div class=\"gap\" style=\"line-height: 10px; height: 10px;\"><\/div><\/span><\/p>\n<p>&nbsp;<\/p>\n<p><span style=\"font-weight: 400\"><strong>Jes\u00fas<\/strong> \u00abEl Rey\u00bb Zambada pag\u00f3 cinco millones de d\u00f3lares en el a\u00f1o 2006 a <strong>Genaro Garc\u00eda Luna<\/strong> cuando el exfuncionario dirigi\u00f3 la<strong> Agencia de Federal de Investigaciones<\/strong> (AFI), declar\u00f3 el narcotraficante este lunes durante el juicio en contra de quien fue secretario de Seguridad P\u00fablica.<\/span><\/p>\n<p>&nbsp;<\/p>\n<p><span style=\"font-weight: 400\">\u201cEl Rey\u201d declar\u00f3 que realiz\u00f3 dos pagos, uno de ellos fue de dos millones y el otro de tres, de acuerdo con informaci\u00f3n de medios en <strong>Estados Unidos<\/strong>.<\/span><\/p>\n<p>&nbsp;<\/p>\n<p><span style=\"font-weight: 400\">\u00a0Los pagos, de acuerdo con las declaraciones del narcotraficante, se llevaron a cabo en el restaurante<strong> Los Campos El\u00edseos<\/strong> a trav\u00e9s de<strong> \u00d3scar Paredes<\/strong>, abogado ligado al <strong>C\u00e1rtel de Sinaloa<\/strong>.<\/span><\/p>\n<p>&nbsp;<\/p>\n<h4><strong><span style=\"color: #308446\">Abogado ligado al C\u00e1rtel de Sinaloa<\/span><\/strong><\/h4>\n<p>&nbsp;<\/p>\n<p><span style=\"font-weight: 400\">En redes sociales, el reportero<strong> Keegan Hamilton<\/strong> escribi\u00f3 que \u201cEl Rey\u00bb Zambada asegur\u00f3 que los pagos generalmente se hac\u00edan a trav\u00e9s de este litigante quien era socio de confianza de \u00ab<strong>El Mayo<\/strong>\u00ab.<\/span><\/p>\n<p>&nbsp;<\/p>\n<blockquote><p><span style=\"font-weight: 400\">\u00abYo era la persona que le daba el dinero a \u00d3scar y \u00e9l se lo daba a Luis C\u00e1rdenas Palomino. Estos pagos se hac\u00edan todo el tiempo\u00bb.<\/span><\/p><\/blockquote>\n<p>&nbsp;<\/p>\n<blockquote class=\"twitter-tweet\" data-width=\"550\" data-dnt=\"true\">\n<p lang=\"en\" dir=\"ltr\">Good morning from the trial of Genaro Garcia Luna in Brooklyn. <\/p>\n<p>This could be the last day of testimony, with El Mayo\u2019s brother Rey Zambada expected to take the stand. <\/p>\n<p>Stay tuned for updates on this thread\u2026 <a href=\"https:\/\/t.co\/ykCTQafS4J\">pic.twitter.com\/ykCTQafS4J<\/a><\/p>\n<p>&mdash; Keegan Hamilton (@keegan_hamilton) <a href=\"https:\/\/twitter.com\/keegan_hamilton\/status\/1625116825007554561?ref_src=twsrc%5Etfw\">February 13, 2023<\/a><\/p><\/blockquote>\n<p><script async src=\"https:\/\/platform.twitter.com\/widgets.js\" charset=\"utf-8\"><\/script><\/p>\n<p>&nbsp;<\/p>\n<p><span style=\"font-weight: 400\">Seg\u00fan Zambada, Paredes ten\u00eda la posibilidad de tener una reuni\u00f3n con <strong>Genaro Garc\u00eda Luna<\/strong> y platicar con \u00e9l en el momento en que lo quisiera.<\/span><\/p>\n<p>&nbsp;<\/p>\n<p><span style=\"font-weight: 400\">De acuerdo con el recuento del juicio de que se suscita este lunes, \u201c<strong>El Rey Zambada<\/strong>\u201d tom\u00f3 parte del control del aeropuerto de la Ciudad de M\u00e9xico para el Cartel de Sinaloa desde el a\u00f1o 2000 hasta su arresto en 2008.<\/span><\/p>\n<p>&nbsp;<\/p>\n<p><span style=\"font-weight: 400\">\u00a0Dijo que su n\u00f3mina inclu\u00eda a miembros de la extinta<strong>\u00a0Procuradur\u00eda General de la Rep\u00fablica<\/strong> (PGR), la AFI y oficiales federales de carreteras y puertos de M\u00e9xico<a href=\"https:\/\/twitter.com\/keegan_hamilton\/status\/1625116825007554561\/photo\/1\">.<\/a><\/span><\/p>\n<p>&nbsp;<\/p>\n<blockquote><p><span style=\"font-weight: 400\">\u00abNo podr\u00edamos trabajar sin esa ayuda&#8230; era una forma muy segura de trabajar\u00bb.<\/span><\/p><\/blockquote>\n<p><span style=\"font-weight: 400\"><div class=\"gap\" style=\"line-height: 10px; height: 10px;\"><\/div><\/span><\/p>\n<p><span style=\"font-weight: 400\"><\/p>\n<div class=\"hr-thick\"><\/div>\n<p><\/span><\/p>\n<p><span style=\"font-weight: 400\"><div class=\"gap\" style=\"line-height: 10px; height: 10px;\"><\/div><\/span><\/p>\n<p><span style=\"font-weight: 400\"><span class=\"dt-highlight\" >Te recomendamos:<\/span><\/span><\/p>\n<p>&nbsp;<\/p>\n<h3 class=\"entry-title\"><a title=\"Visita de D\u00edaz-Canel, sucursales del Banco del Bienestar y Garc\u00eda Luna: temas de la Ma\u00f1anera\" href=\"https:\/\/noticias.imer.mx\/blog\/visita-diaz-canel-sucursales-banco-del-bienestar-y-garcia-luna-temas-mananera\/\" rel=\"bookmark\">Visita de D\u00edaz-Canel, sucursales del Banco del Bienestar y Garc\u00eda Luna: temas de la Ma\u00f1anera<\/a><\/h3>\n","protected":false},"excerpt":{"rendered":"<p>\u00abNo podr\u00edamos trabajar sin esa ayuda, era una forma muy segura de trabajar\u00bb, fueron las declaraciones que dio \u201cEl Rey\u201d durante el juicio.<\/p>\n","protected":false},"author":30,"featured_media":127274,"comment_status":"open","ping_status":"open","sticky":false,"template":"","format":"standard","meta":{"wp_popup_display_lightbox":0,"wp_popup_suppress":"","wp_popup_trigger":"","wp_popup_trigger_amount":0,"wp_popup_disable_on_mobile":false},"categories":[2,13],"tags":[57,5809,6785,8166,9902],"yoast_head":"<!-- This site is optimized with the Yoast SEO plugin v21.0 - https:\/\/yoast.com\/wordpress\/plugins\/seo\/ -->\n<title>Caso Garc\u00eda Luna: \u201cEl Rey&quot; Zambada soborn\u00f3 con 5 mdd al exfuncionario para brindar protecci\u00f3n a \u201cEl Mayo\u201d<\/title>\n<meta name=\"description\" content=\"&quot;No podr\u00edamos trabajar sin esa ayuda, era una forma muy segura de trabajar&quot;, fueron las declaraciones que dio \u201cEl Rey\u201d durante el juicio.\" \/>\n<meta name=\"robots\" content=\"index, follow, max-snippet:-1, max-image-preview:large, max-video-preview:-1\" \/>\n<link rel=\"canonical\" href=\"https:\/\/noticias.imer.mx\/propuesta\/2023\/02\/13\/caso-garcia-luna-el-rey-zambada-soborno-con-5-mdd-al-exfuncionario\/\" \/>\n<meta property=\"og:locale\" content=\"es_ES\" \/>\n<meta property=\"og:type\" content=\"article\" \/>\n<meta property=\"og:title\" content=\"Caso Garc\u00eda Luna: \u201cEl Rey&quot; Zambada soborn\u00f3 con 5 mdd al exfuncionario para brindar protecci\u00f3n a \u201cEl Mayo\u201d\" \/>\n<meta property=\"og:description\" content=\"&quot;No podr\u00edamos trabajar sin esa ayuda, era una forma muy segura de trabajar&quot;, fueron las declaraciones que dio \u201cEl Rey\u201d durante el juicio.\" \/>\n<meta property=\"og:url\" content=\"https:\/\/noticias.imer.mx\/propuesta\/2023\/02\/13\/caso-garcia-luna-el-rey-zambada-soborno-con-5-mdd-al-exfuncionario\/\" \/>\n<meta property=\"og:site_name\" content=\"Pruebas Noticias IMER\" \/>\n<meta property=\"article:published_time\" content=\"2023-02-13T19:03:14+00:00\" \/>\n<meta property=\"article:modified_time\" content=\"2023-04-11T20:14:18+00:00\" \/>\n<meta name=\"author\" content=\"serveradmin\" \/>\n<meta name=\"twitter:card\" content=\"summary_large_image\" \/>\n<meta name=\"twitter:label1\" content=\"Escrito por\" \/>\n\t<meta name=\"twitter:data1\" content=\"serveradmin\" \/>\n\t<meta name=\"twitter:label2\" content=\"Tiempo de lectura\" \/>\n\t<meta name=\"twitter:data2\" content=\"2 minutos\" \/>\n<script type=\"application\/ld+json\" class=\"yoast-schema-graph\">{\"@context\":\"https:\/\/schema.org\",\"@graph\":[{\"@type\":\"WebPage\",\"@id\":\"https:\/\/noticias.imer.mx\/propuesta\/2023\/02\/13\/caso-garcia-luna-el-rey-zambada-soborno-con-5-mdd-al-exfuncionario\/\",\"url\":\"https:\/\/noticias.imer.mx\/propuesta\/2023\/02\/13\/caso-garcia-luna-el-rey-zambada-soborno-con-5-mdd-al-exfuncionario\/\",\"name\":\"Caso Garc\u00eda Luna: \u201cEl Rey\\\" Zambada soborn\u00f3 con 5 mdd al exfuncionario para brindar protecci\u00f3n a \u201cEl Mayo\u201d\",\"isPartOf\":{\"@id\":\"https:\/\/noticias.imer.mx\/propuesta\/#website\"},\"datePublished\":\"2023-02-13T19:03:14+00:00\",\"dateModified\":\"2023-04-11T20:14:18+00:00\",\"author\":{\"@id\":\"https:\/\/noticias.imer.mx\/propuesta\/#\/schema\/person\/967c1f66b6217bbd12b628cc10f6e76d\"},\"description\":\"\\\"No podr\u00edamos trabajar sin esa ayuda, era una forma muy segura de trabajar\\\", fueron las declaraciones que dio \u201cEl Rey\u201d durante el juicio.\",\"breadcrumb\":{\"@id\":\"https:\/\/noticias.imer.mx\/propuesta\/2023\/02\/13\/caso-garcia-luna-el-rey-zambada-soborno-con-5-mdd-al-exfuncionario\/#breadcrumb\"},\"inLanguage\":\"es\",\"potentialAction\":[{\"@type\":\"ReadAction\",\"target\":[\"https:\/\/noticias.imer.mx\/propuesta\/2023\/02\/13\/caso-garcia-luna-el-rey-zambada-soborno-con-5-mdd-al-exfuncionario\/\"]}]},{\"@type\":\"BreadcrumbList\",\"@id\":\"https:\/\/noticias.imer.mx\/propuesta\/2023\/02\/13\/caso-garcia-luna-el-rey-zambada-soborno-con-5-mdd-al-exfuncionario\/#breadcrumb\",\"itemListElement\":[{\"@type\":\"ListItem\",\"position\":1,\"name\":\"Portada\",\"item\":\"https:\/\/noticias.imer.mx\/propuesta\/\"},{\"@type\":\"ListItem\",\"position\":2,\"name\":\"Caso Garc\u00eda Luna: \u201cEl Rey&#8221; Zambada soborn\u00f3 con 5 mdd al exfuncionario\"}]},{\"@type\":\"WebSite\",\"@id\":\"https:\/\/noticias.imer.mx\/propuesta\/#website\",\"url\":\"https:\/\/noticias.imer.mx\/propuesta\/\",\"name\":\"Pruebas Noticias IMER\",\"description\":\"Otro sitio m\u00e1s de IMER Noticias\",\"potentialAction\":[{\"@type\":\"SearchAction\",\"target\":{\"@type\":\"EntryPoint\",\"urlTemplate\":\"https:\/\/noticias.imer.mx\/propuesta\/?s={search_term_string}\"},\"query-input\":\"required name=search_term_string\"}],\"inLanguage\":\"es\"},{\"@type\":\"Person\",\"@id\":\"https:\/\/noticias.imer.mx\/propuesta\/#\/schema\/person\/967c1f66b6217bbd12b628cc10f6e76d\",\"name\":\"serveradmin\",\"image\":{\"@type\":\"ImageObject\",\"inLanguage\":\"es\",\"@id\":\"https:\/\/noticias.imer.mx\/propuesta\/#\/schema\/person\/image\/\",\"url\":\"https:\/\/secure.gravatar.com\/avatar\/b7032212b076bde88e044d76d65f2c7b?s=96&d=mm&r=g\",\"contentUrl\":\"https:\/\/secure.gravatar.com\/avatar\/b7032212b076bde88e044d76d65f2c7b?s=96&d=mm&r=g\",\"caption\":\"serveradmin\"},\"url\":\"https:\/\/noticias.imer.mx\/propuesta\/author\/serveradmin\/\"}]}<\/script>\n<!-- \/ Yoast SEO plugin. -->","yoast_head_json":{"title":"Caso Garc\u00eda Luna: \u201cEl Rey\" Zambada soborn\u00f3 con 5 mdd al exfuncionario para brindar protecci\u00f3n a \u201cEl Mayo\u201d","description":"\"No podr\u00edamos trabajar sin esa ayuda, era una forma muy segura de trabajar\", fueron las declaraciones que dio \u201cEl Rey\u201d durante el juicio.","robots":{"index":"index","follow":"follow","max-snippet":"max-snippet:-1","max-image-preview":"max-image-preview:large","max-video-preview":"max-video-preview:-1"},"canonical":"https:\/\/noticias.imer.mx\/propuesta\/2023\/02\/13\/caso-garcia-luna-el-rey-zambada-soborno-con-5-mdd-al-exfuncionario\/","og_locale":"es_ES","og_type":"article","og_title":"Caso Garc\u00eda Luna: \u201cEl Rey\" Zambada soborn\u00f3 con 5 mdd al exfuncionario para brindar protecci\u00f3n a \u201cEl Mayo\u201d","og_description":"\"No podr\u00edamos trabajar sin esa ayuda, era una forma muy segura de trabajar\", fueron las declaraciones que dio \u201cEl Rey\u201d durante el juicio.","og_url":"https:\/\/noticias.imer.mx\/propuesta\/2023\/02\/13\/caso-garcia-luna-el-rey-zambada-soborno-con-5-mdd-al-exfuncionario\/","og_site_name":"Pruebas Noticias IMER","article_published_time":"2023-02-13T19:03:14+00:00","article_modified_time":"2023-04-11T20:14:18+00:00","author":"serveradmin","twitter_card":"summary_large_image","twitter_misc":{"Escrito por":"serveradmin","Tiempo de lectura":"2 minutos"},"schema":{"@context":"https:\/\/schema.org","@graph":[{"@type":"WebPage","@id":"https:\/\/noticias.imer.mx\/propuesta\/2023\/02\/13\/caso-garcia-luna-el-rey-zambada-soborno-con-5-mdd-al-exfuncionario\/","url":"https:\/\/noticias.imer.mx\/propuesta\/2023\/02\/13\/caso-garcia-luna-el-rey-zambada-soborno-con-5-mdd-al-exfuncionario\/","name":"Caso Garc\u00eda Luna: \u201cEl Rey\" Zambada soborn\u00f3 con 5 mdd al exfuncionario para brindar protecci\u00f3n a \u201cEl Mayo\u201d","isPartOf":{"@id":"https:\/\/noticias.imer.mx\/propuesta\/#website"},"datePublished":"2023-02-13T19:03:14+00:00","dateModified":"2023-04-11T20:14:18+00:00","author":{"@id":"https:\/\/noticias.imer.mx\/propuesta\/#\/schema\/person\/967c1f66b6217bbd12b628cc10f6e76d"},"description":"\"No podr\u00edamos trabajar sin esa ayuda, era una forma muy segura de trabajar\", fueron las declaraciones que dio \u201cEl Rey\u201d durante el juicio.","breadcrumb":{"@id":"https:\/\/noticias.imer.mx\/propuesta\/2023\/02\/13\/caso-garcia-luna-el-rey-zambada-soborno-con-5-mdd-al-exfuncionario\/#breadcrumb"},"inLanguage":"es","potentialAction":[{"@type":"ReadAction","target":["https:\/\/noticias.imer.mx\/propuesta\/2023\/02\/13\/caso-garcia-luna-el-rey-zambada-soborno-con-5-mdd-al-exfuncionario\/"]}]},{"@type":"BreadcrumbList","@id":"https:\/\/noticias.imer.mx\/propuesta\/2023\/02\/13\/caso-garcia-luna-el-rey-zambada-soborno-con-5-mdd-al-exfuncionario\/#breadcrumb","itemListElement":[{"@type":"ListItem","position":1,"name":"Portada","item":"https:\/\/noticias.imer.mx\/propuesta\/"},{"@type":"ListItem","position":2,"name":"Caso Garc\u00eda Luna: \u201cEl Rey&#8221; Zambada soborn\u00f3 con 5 mdd al exfuncionario"}]},{"@type":"WebSite","@id":"https:\/\/noticias.imer.mx\/propuesta\/#website","url":"https:\/\/noticias.imer.mx\/propuesta\/","name":"Pruebas Noticias IMER","description":"Otro sitio m\u00e1s de IMER Noticias","potentialAction":[{"@type":"SearchAction","target":{"@type":"EntryPoint","urlTemplate":"https:\/\/noticias.imer.mx\/propuesta\/?s={search_term_string}"},"query-input":"required name=search_term_string"}],"inLanguage":"es"},{"@type":"Person","@id":"https:\/\/noticias.imer.mx\/propuesta\/#\/schema\/person\/967c1f66b6217bbd12b628cc10f6e76d","name":"serveradmin","image":{"@type":"ImageObject","inLanguage":"es","@id":"https:\/\/noticias.imer.mx\/propuesta\/#\/schema\/person\/image\/","url":"https:\/\/secure.gravatar.com\/avatar\/b7032212b076bde88e044d76d65f2c7b?s=96&d=mm&r=g","contentUrl":"https:\/\/secure.gravatar.com\/avatar\/b7032212b076bde88e044d76d65f2c7b?s=96&d=mm&r=g","caption":"serveradmin"},"url":"https:\/\/noticias.imer.mx\/propuesta\/author\/serveradmin\/"}]}},"_links":{"self":[{"href":"https:\/\/noticias.imer.mx\/propuesta\/wp-json\/wp\/v2\/posts\/127271"}],"collection":[{"href":"https:\/\/noticias.imer.mx\/propuesta\/wp-json\/wp\/v2\/posts"}],"about":[{"href":"https:\/\/noticias.imer.mx\/propuesta\/wp-json\/wp\/v2\/types\/post"}],"author":[{"embeddable":true,"href":"https:\/\/noticias.imer.mx\/propuesta\/wp-json\/wp\/v2\/users\/30"}],"replies":[{"embeddable":true,"href":"https:\/\/noticias.imer.mx\/propuesta\/wp-json\/wp\/v2\/comments?post=127271"}],"version-history":[{"count":1,"href":"https:\/\/noticias.imer.mx\/propuesta\/wp-json\/wp\/v2\/posts\/127271\/revisions"}],"predecessor-version":[{"id":130666,"href":"https:\/\/noticias.imer.mx\/propuesta\/wp-json\/wp\/v2\/posts\/127271\/revisions\/130666"}],"wp:featuredmedia":[{"embeddable":true,"href":"https:\/\/noticias.imer.mx\/propuesta\/wp-json\/"}],"wp:attachment":[{"href":"https:\/\/noticias.imer.mx\/propuesta\/wp-json\/wp\/v2\/media?parent=127271"}],"wp:term":[{"taxonomy":"category","embeddable":true,"href":"https:\/\/noticias.imer.mx\/propuesta\/wp-json\/wp\/v2\/categories?post=127271"},{"taxonomy":"post_tag","embeddable":true,"href":"https:\/\/noticias.imer.mx\/propuesta\/wp-json\/wp\/v2\/tags?post=127271"}],"curies":[{"name":"wp","href":"https:\/\/api.w.org\/{rel}","templated":true}]}}