{"id":127258,"date":"2023-02-13T11:39:48","date_gmt":"2023-02-13T17:39:48","guid":{"rendered":"http:\/\/noticias.imer.mx\/?p=127258"},"modified":"2023-04-11T20:14:18","modified_gmt":"2023-04-11T20:14:18","slug":"soy-homosexual-y-ya-no-quiero-esconderme-mas-jakub-jankto","status":"publish","type":"post","link":"https:\/\/noticias.imer.mx\/propuesta\/2023\/02\/13\/soy-homosexual-y-ya-no-quiero-esconderme-mas-jakub-jankto\/","title":{"rendered":"Soy homosexual y ya no quiero esconderme m\u00e1s : Jakub Jankto"},"content":{"rendered":"<p>El checo Jakub Jankto declar\u00f3 en twitter su preferencia sexual, es el primer futbolista en activo en reconocer su homosexualidad<\/p>\n<div class=\"hr-thin\"><\/div>\n<p style=\"text-align: center\">Impacto Deportivo<\/p>\n<div class=\"hr-thin\"><\/div>\n<p>&nbsp;<\/p>\n<p><span data-sheets-value=\"{&quot;1&quot;:2,&quot;2&quot;:&quot;Jakub Jankto, jugador del Sparta de Praga, hizo publica en redes sociales su homosexualidad, mediante un video publicado en su cuenta de twitter, donde de frente a la c\u00e1mara expresa su sentir, \\r\\n\u201cComo todos tengo mis puntos fuertes, tengo mis debilidades, tengo mi familia, tengo mis amigos\u201d.\\r\\n\\r\\nEl tambi\u00e9n seleccionado de la Republica Checa declar\u00f3 su derecho a vivir su sexualidad \\r\\nComo todos, tambi\u00e9n quiero vivir mi vida en libertad. Sin miedos. Sin prejuicios. Sin violencia, pero con Amor. Cierra su video con la frase \u201cSoy homosexual y ya no quiero esconderme m\u00e1s\u201d.\\r\\nEl jugador que fue cedido al Sparta Praga pertenece al Getafe de Las Liga de Espa\u00f1a habl\u00f3 de su entrega a su profesi\u00f3n \\r\\n\u201cTengo un trabajo que llevo a\u00f1os haciendo lo mejor que puedo. Con seriedad, profesionalismo y pasi\u00f3n\u201d. \\r\\n&quot;}\" data-sheets-userformat=\"{&quot;2&quot;:9089,&quot;3&quot;:{&quot;1&quot;:0},&quot;10&quot;:0,&quot;11&quot;:4,&quot;12&quot;:0,&quot;16&quot;:12}\">Jakub Jankto, jugador del <strong>Sparta de Praga<\/strong>, hizo publica en redes sociales su homosexualidad, mediante un video publicado en su cuenta de <strong>twitter,<\/strong> donde de frente a la c\u00e1mara habl\u00f3 desde su condici\u00f3n de figura publica, pero con una vida personal\u00a0<\/span><\/p>\n<blockquote><p><span data-sheets-value=\"{&quot;1&quot;:2,&quot;2&quot;:&quot;Jakub Jankto, jugador del Sparta de Praga, hizo publica en redes sociales su homosexualidad, mediante un video publicado en su cuenta de twitter, donde de frente a la c\u00e1mara expresa su sentir, \\r\\n\u201cComo todos tengo mis puntos fuertes, tengo mis debilidades, tengo mi familia, tengo mis amigos\u201d.\\r\\n\\r\\nEl tambi\u00e9n seleccionado de la Republica Checa declar\u00f3 su derecho a vivir su sexualidad \\r\\nComo todos, tambi\u00e9n quiero vivir mi vida en libertad. Sin miedos. Sin prejuicios. Sin violencia, pero con Amor. Cierra su video con la frase \u201cSoy homosexual y ya no quiero esconderme m\u00e1s\u201d.\\r\\nEl jugador que fue cedido al Sparta Praga pertenece al Getafe de Las Liga de Espa\u00f1a habl\u00f3 de su entrega a su profesi\u00f3n \\r\\n\u201cTengo un trabajo que llevo a\u00f1os haciendo lo mejor que puedo. Con seriedad, profesionalismo y pasi\u00f3n\u201d. \\r\\n&quot;}\" data-sheets-userformat=\"{&quot;2&quot;:9089,&quot;3&quot;:{&quot;1&quot;:0},&quot;10&quot;:0,&quot;11&quot;:4,&quot;12&quot;:0,&quot;16&quot;:12}\"><br \/>\n\u00abComo todos tengo mis puntos fuertes, tengo mis debilidades, tengo mi familia, tengo mis amigos\u201d.<br \/>\n<\/span><\/p><\/blockquote>\n<p><span data-sheets-value=\"{&quot;1&quot;:2,&quot;2&quot;:&quot;Jakub Jankto, jugador del Sparta de Praga, hizo publica en redes sociales su homosexualidad, mediante un video publicado en su cuenta de twitter, donde de frente a la c\u00e1mara expresa su sentir, \\r\\n\u201cComo todos tengo mis puntos fuertes, tengo mis debilidades, tengo mi familia, tengo mis amigos\u201d.\\r\\n\\r\\nEl tambi\u00e9n seleccionado de la Republica Checa declar\u00f3 su derecho a vivir su sexualidad \\r\\nComo todos, tambi\u00e9n quiero vivir mi vida en libertad. Sin miedos. Sin prejuicios. Sin violencia, pero con Amor. Cierra su video con la frase \u201cSoy homosexual y ya no quiero esconderme m\u00e1s\u201d.\\r\\nEl jugador que fue cedido al Sparta Praga pertenece al Getafe de Las Liga de Espa\u00f1a habl\u00f3 de su entrega a su profesi\u00f3n \\r\\n\u201cTengo un trabajo que llevo a\u00f1os haciendo lo mejor que puedo. Con seriedad, profesionalismo y pasi\u00f3n\u201d. \\r\\n&quot;}\" data-sheets-userformat=\"{&quot;2&quot;:9089,&quot;3&quot;:{&quot;1&quot;:0},&quot;10&quot;:0,&quot;11&quot;:4,&quot;12&quot;:0,&quot;16&quot;:12}\"><br \/>\nEl tambi\u00e9n seleccionado de la<strong> Republica Checa<\/strong> que particip\u00f3 en las reciente <strong>Eurocopa,<\/strong> declar\u00f3 su derecho a expresar su sexualidad sin miedos, ni prejuicios<\/span><\/p>\n<blockquote><p><span data-sheets-value=\"{&quot;1&quot;:2,&quot;2&quot;:&quot;Jakub Jankto, jugador del Sparta de Praga, hizo publica en redes sociales su homosexualidad, mediante un video publicado en su cuenta de twitter, donde de frente a la c\u00e1mara expresa su sentir, \\r\\n\u201cComo todos tengo mis puntos fuertes, tengo mis debilidades, tengo mi familia, tengo mis amigos\u201d.\\r\\n\\r\\nEl tambi\u00e9n seleccionado de la Republica Checa declar\u00f3 su derecho a vivir su sexualidad \\r\\nComo todos, tambi\u00e9n quiero vivir mi vida en libertad. Sin miedos. Sin prejuicios. Sin violencia, pero con Amor. Cierra su video con la frase \u201cSoy homosexual y ya no quiero esconderme m\u00e1s\u201d.\\r\\nEl jugador que fue cedido al Sparta Praga pertenece al Getafe de Las Liga de Espa\u00f1a habl\u00f3 de su entrega a su profesi\u00f3n \\r\\n\u201cTengo un trabajo que llevo a\u00f1os haciendo lo mejor que puedo. Con seriedad, profesionalismo y pasi\u00f3n\u201d. \\r\\n&quot;}\" data-sheets-userformat=\"{&quot;2&quot;:9089,&quot;3&quot;:{&quot;1&quot;:0},&quot;10&quot;:0,&quot;11&quot;:4,&quot;12&quot;:0,&quot;16&quot;:12}\"><br \/>\n\u00abComo todos, tambi\u00e9n quiero vivir mi vida en libertad. Sin miedos. Sin prejuicios. Sin violencia, pero con Amor. <\/span><span data-sheets-value=\"{&quot;1&quot;:2,&quot;2&quot;:&quot;Jakub Jankto, jugador del Sparta de Praga, hizo publica en redes sociales su homosexualidad, mediante un video publicado en su cuenta de twitter, donde de frente a la c\u00e1mara expresa su sentir, \\r\\n\u201cComo todos tengo mis puntos fuertes, tengo mis debilidades, tengo mi familia, tengo mis amigos\u201d.\\r\\n\\r\\nEl tambi\u00e9n seleccionado de la Republica Checa declar\u00f3 su derecho a vivir su sexualidad \\r\\nComo todos, tambi\u00e9n quiero vivir mi vida en libertad. Sin miedos. Sin prejuicios. Sin violencia, pero con Amor. Cierra su video con la frase \u201cSoy homosexual y ya no quiero esconderme m\u00e1s\u201d.\\r\\nEl jugador que fue cedido al Sparta Praga pertenece al Getafe de Las Liga de Espa\u00f1a habl\u00f3 de su entrega a su profesi\u00f3n \\r\\n\u201cTengo un trabajo que llevo a\u00f1os haciendo lo mejor que puedo. Con seriedad, profesionalismo y pasi\u00f3n\u201d. \\r\\n&quot;}\" data-sheets-userformat=\"{&quot;2&quot;:9089,&quot;3&quot;:{&quot;1&quot;:0},&quot;10&quot;:0,&quot;11&quot;:4,&quot;12&quot;:0,&quot;16&quot;:12}\">Soy homosexual y ya no quiero esconderme m\u00e1s\u201d.<\/span><\/p>\n<p>&nbsp;<\/p><\/blockquote>\n<p><span data-sheets-value=\"{&quot;1&quot;:2,&quot;2&quot;:&quot;Jakub Jankto, jugador del Sparta de Praga, hizo publica en redes sociales su homosexualidad, mediante un video publicado en su cuenta de twitter, donde de frente a la c\u00e1mara expresa su sentir, \\r\\n\u201cComo todos tengo mis puntos fuertes, tengo mis debilidades, tengo mi familia, tengo mis amigos\u201d.\\r\\n\\r\\nEl tambi\u00e9n seleccionado de la Republica Checa declar\u00f3 su derecho a vivir su sexualidad \\r\\nComo todos, tambi\u00e9n quiero vivir mi vida en libertad. Sin miedos. Sin prejuicios. Sin violencia, pero con Amor. Cierra su video con la frase \u201cSoy homosexual y ya no quiero esconderme m\u00e1s\u201d.\\r\\nEl jugador que fue cedido al Sparta Praga pertenece al Getafe de Las Liga de Espa\u00f1a habl\u00f3 de su entrega a su profesi\u00f3n \\r\\n\u201cTengo un trabajo que llevo a\u00f1os haciendo lo mejor que puedo. Con seriedad, profesionalismo y pasi\u00f3n\u201d. \\r\\n&quot;}\" data-sheets-userformat=\"{&quot;2&quot;:9089,&quot;3&quot;:{&quot;1&quot;:0},&quot;10&quot;:0,&quot;11&quot;:4,&quot;12&quot;:0,&quot;16&quot;:12}\">El jugador que fue cedido al Sparta Praga, pertenece al <strong>Getafe<\/strong> de <strong>La Liga de Espa\u00f1a,\u00a0<\/strong> toc\u00f3 el tema del futbol, de la entrega a su profesi\u00f3n<br \/>\n<\/span><\/p>\n<blockquote><p><span data-sheets-value=\"{&quot;1&quot;:2,&quot;2&quot;:&quot;Jakub Jankto, jugador del Sparta de Praga, hizo publica en redes sociales su homosexualidad, mediante un video publicado en su cuenta de twitter, donde de frente a la c\u00e1mara expresa su sentir, \\r\\n\u201cComo todos tengo mis puntos fuertes, tengo mis debilidades, tengo mi familia, tengo mis amigos\u201d.\\r\\n\\r\\nEl tambi\u00e9n seleccionado de la Republica Checa declar\u00f3 su derecho a vivir su sexualidad \\r\\nComo todos, tambi\u00e9n quiero vivir mi vida en libertad. Sin miedos. Sin prejuicios. Sin violencia, pero con Amor. Cierra su video con la frase \u201cSoy homosexual y ya no quiero esconderme m\u00e1s\u201d.\\r\\nEl jugador que fue cedido al Sparta Praga pertenece al Getafe de Las Liga de Espa\u00f1a habl\u00f3 de su entrega a su profesi\u00f3n \\r\\n\u201cTengo un trabajo que llevo a\u00f1os haciendo lo mejor que puedo. Con seriedad, profesionalismo y pasi\u00f3n\u201d. \\r\\n&quot;}\" data-sheets-userformat=\"{&quot;2&quot;:9089,&quot;3&quot;:{&quot;1&quot;:0},&quot;10&quot;:0,&quot;11&quot;:4,&quot;12&quot;:0,&quot;16&quot;:12}\">\u201cTengo un trabajo que llevo a\u00f1os haciendo lo mejor que puedo. Con seriedad, profesionalismo y pasi\u00f3n\u201d.<\/span><\/p><\/blockquote>\n<p>&nbsp;<\/p>\n<blockquote class=\"twitter-tweet\" data-width=\"550\" data-dnt=\"true\">\n<p lang=\"zxx\" dir=\"ltr\"><a href=\"https:\/\/t.co\/PZNSAteOch\">pic.twitter.com\/PZNSAteOch<\/a><\/p>\n<p>&mdash; Jakub Jankto (@jakubjanktojr) <a href=\"https:\/\/twitter.com\/jakubjanktojr\/status\/1625117590182928384?ref_src=twsrc%5Etfw\">February 13, 2023<\/a><\/p><\/blockquote>\n<p><script async src=\"https:\/\/platform.twitter.com\/widgets.js\" charset=\"utf-8\"><\/script><\/p>\n<p>Clubes, jugadores y aficionados del todo el mundo han mostrado su apoyo a Jakub Jankto, el Getafe escribi\u00f3 \u00ab<strong>Nuestro m\u00e1ximo respeto y apoyo incondicional a nuestro futbolista Jakub Jankto\u00bb<\/strong> por su parte la FIFA\u00a0 contest\u00f3 en su cuenta de twitter\u00a0 <strong>\u00abEstamos todos contigo, Jakub. El f\u00fatbol es para todos\u00bb\u00a0<\/strong><\/p>\n<p>&nbsp;<\/p>\n<blockquote class=\"twitter-tweet\" data-width=\"550\" data-dnt=\"true\">\n<p lang=\"es\" dir=\"ltr\">Nuestro m\u00e1ximo respeto y apoyo incondicional a nuestro futbolista Jakub Jankto \ud83d\udc99 <a href=\"https:\/\/t.co\/7D05Mhnhko\">https:\/\/t.co\/7D05Mhnhko<\/a><\/p>\n<p>&mdash; Getafe C.F. (@GetafeCF) <a href=\"https:\/\/twitter.com\/GetafeCF\/status\/1625131037901611009?ref_src=twsrc%5Etfw\">February 13, 2023<\/a><\/p><\/blockquote>\n<p><script async src=\"https:\/\/platform.twitter.com\/widgets.js\" charset=\"utf-8\"><\/script><\/p>\n","protected":false},"excerpt":{"rendered":"<p>El checo Jakub Jankto declar\u00f3 en twitter su preferencia sexual, es el primer futbolista en activo en reconocer su homosexualidad<\/p>\n","protected":false},"author":30,"featured_media":127263,"comment_status":"open","ping_status":"open","sticky":false,"template":"","format":"standard","meta":{"wp_popup_display_lightbox":0,"wp_popup_suppress":"","wp_popup_trigger":"","wp_popup_trigger_amount":0,"wp_popup_disable_on_mobile":false},"categories":[2,8],"tags":[],"yoast_head":"<!-- This site is optimized with the Yoast SEO plugin v21.0 - https:\/\/yoast.com\/wordpress\/plugins\/seo\/ -->\n<title>Soy homosexual y ya no quiero esconderme m\u00e1s : Jakub Jankto - Pruebas Noticias IMER<\/title>\n<meta name=\"robots\" content=\"index, follow, max-snippet:-1, max-image-preview:large, max-video-preview:-1\" \/>\n<link rel=\"canonical\" href=\"https:\/\/noticias.imer.mx\/propuesta\/2023\/02\/13\/soy-homosexual-y-ya-no-quiero-esconderme-mas-jakub-jankto\/\" \/>\n<meta property=\"og:locale\" content=\"es_ES\" \/>\n<meta property=\"og:type\" content=\"article\" \/>\n<meta property=\"og:title\" content=\"Soy homosexual y ya no quiero esconderme m\u00e1s : Jakub Jankto - Pruebas Noticias IMER\" \/>\n<meta property=\"og:description\" content=\"El checo Jakub Jankto declar\u00f3 en twitter su preferencia sexual, es el primer futbolista en activo en reconocer su homosexualidad\" \/>\n<meta property=\"og:url\" content=\"https:\/\/noticias.imer.mx\/propuesta\/2023\/02\/13\/soy-homosexual-y-ya-no-quiero-esconderme-mas-jakub-jankto\/\" \/>\n<meta property=\"og:site_name\" content=\"Pruebas Noticias IMER\" \/>\n<meta property=\"article:published_time\" content=\"2023-02-13T17:39:48+00:00\" \/>\n<meta property=\"article:modified_time\" content=\"2023-04-11T20:14:18+00:00\" \/>\n<meta name=\"author\" content=\"serveradmin\" \/>\n<meta name=\"twitter:card\" content=\"summary_large_image\" \/>\n<meta name=\"twitter:label1\" content=\"Escrito por\" \/>\n\t<meta name=\"twitter:data1\" content=\"serveradmin\" \/>\n\t<meta name=\"twitter:label2\" content=\"Tiempo de lectura\" \/>\n\t<meta name=\"twitter:data2\" content=\"1 minuto\" \/>\n<script type=\"application\/ld+json\" class=\"yoast-schema-graph\">{\"@context\":\"https:\/\/schema.org\",\"@graph\":[{\"@type\":\"WebPage\",\"@id\":\"https:\/\/noticias.imer.mx\/propuesta\/2023\/02\/13\/soy-homosexual-y-ya-no-quiero-esconderme-mas-jakub-jankto\/\",\"url\":\"https:\/\/noticias.imer.mx\/propuesta\/2023\/02\/13\/soy-homosexual-y-ya-no-quiero-esconderme-mas-jakub-jankto\/\",\"name\":\"Soy homosexual y ya no quiero esconderme m\u00e1s : Jakub Jankto - Pruebas Noticias IMER\",\"isPartOf\":{\"@id\":\"https:\/\/noticias.imer.mx\/propuesta\/#website\"},\"datePublished\":\"2023-02-13T17:39:48+00:00\",\"dateModified\":\"2023-04-11T20:14:18+00:00\",\"author\":{\"@id\":\"https:\/\/noticias.imer.mx\/propuesta\/#\/schema\/person\/967c1f66b6217bbd12b628cc10f6e76d\"},\"breadcrumb\":{\"@id\":\"https:\/\/noticias.imer.mx\/propuesta\/2023\/02\/13\/soy-homosexual-y-ya-no-quiero-esconderme-mas-jakub-jankto\/#breadcrumb\"},\"inLanguage\":\"es\",\"potentialAction\":[{\"@type\":\"ReadAction\",\"target\":[\"https:\/\/noticias.imer.mx\/propuesta\/2023\/02\/13\/soy-homosexual-y-ya-no-quiero-esconderme-mas-jakub-jankto\/\"]}]},{\"@type\":\"BreadcrumbList\",\"@id\":\"https:\/\/noticias.imer.mx\/propuesta\/2023\/02\/13\/soy-homosexual-y-ya-no-quiero-esconderme-mas-jakub-jankto\/#breadcrumb\",\"itemListElement\":[{\"@type\":\"ListItem\",\"position\":1,\"name\":\"Portada\",\"item\":\"https:\/\/noticias.imer.mx\/propuesta\/\"},{\"@type\":\"ListItem\",\"position\":2,\"name\":\"Soy homosexual y ya no quiero esconderme m\u00e1s : Jakub Jankto\"}]},{\"@type\":\"WebSite\",\"@id\":\"https:\/\/noticias.imer.mx\/propuesta\/#website\",\"url\":\"https:\/\/noticias.imer.mx\/propuesta\/\",\"name\":\"Pruebas Noticias IMER\",\"description\":\"Otro sitio m\u00e1s de IMER Noticias\",\"potentialAction\":[{\"@type\":\"SearchAction\",\"target\":{\"@type\":\"EntryPoint\",\"urlTemplate\":\"https:\/\/noticias.imer.mx\/propuesta\/?s={search_term_string}\"},\"query-input\":\"required name=search_term_string\"}],\"inLanguage\":\"es\"},{\"@type\":\"Person\",\"@id\":\"https:\/\/noticias.imer.mx\/propuesta\/#\/schema\/person\/967c1f66b6217bbd12b628cc10f6e76d\",\"name\":\"serveradmin\",\"image\":{\"@type\":\"ImageObject\",\"inLanguage\":\"es\",\"@id\":\"https:\/\/noticias.imer.mx\/propuesta\/#\/schema\/person\/image\/\",\"url\":\"https:\/\/secure.gravatar.com\/avatar\/b7032212b076bde88e044d76d65f2c7b?s=96&d=mm&r=g\",\"contentUrl\":\"https:\/\/secure.gravatar.com\/avatar\/b7032212b076bde88e044d76d65f2c7b?s=96&d=mm&r=g\",\"caption\":\"serveradmin\"},\"url\":\"https:\/\/noticias.imer.mx\/propuesta\/author\/serveradmin\/\"}]}<\/script>\n<!-- \/ Yoast SEO plugin. -->","yoast_head_json":{"title":"Soy homosexual y ya no quiero esconderme m\u00e1s : Jakub Jankto - Pruebas Noticias IMER","robots":{"index":"index","follow":"follow","max-snippet":"max-snippet:-1","max-image-preview":"max-image-preview:large","max-video-preview":"max-video-preview:-1"},"canonical":"https:\/\/noticias.imer.mx\/propuesta\/2023\/02\/13\/soy-homosexual-y-ya-no-quiero-esconderme-mas-jakub-jankto\/","og_locale":"es_ES","og_type":"article","og_title":"Soy homosexual y ya no quiero esconderme m\u00e1s : Jakub Jankto - Pruebas Noticias IMER","og_description":"El checo Jakub Jankto declar\u00f3 en twitter su preferencia sexual, es el primer futbolista en activo en reconocer su homosexualidad","og_url":"https:\/\/noticias.imer.mx\/propuesta\/2023\/02\/13\/soy-homosexual-y-ya-no-quiero-esconderme-mas-jakub-jankto\/","og_site_name":"Pruebas Noticias IMER","article_published_time":"2023-02-13T17:39:48+00:00","article_modified_time":"2023-04-11T20:14:18+00:00","author":"serveradmin","twitter_card":"summary_large_image","twitter_misc":{"Escrito por":"serveradmin","Tiempo de lectura":"1 minuto"},"schema":{"@context":"https:\/\/schema.org","@graph":[{"@type":"WebPage","@id":"https:\/\/noticias.imer.mx\/propuesta\/2023\/02\/13\/soy-homosexual-y-ya-no-quiero-esconderme-mas-jakub-jankto\/","url":"https:\/\/noticias.imer.mx\/propuesta\/2023\/02\/13\/soy-homosexual-y-ya-no-quiero-esconderme-mas-jakub-jankto\/","name":"Soy homosexual y ya no quiero esconderme m\u00e1s : Jakub Jankto - Pruebas Noticias IMER","isPartOf":{"@id":"https:\/\/noticias.imer.mx\/propuesta\/#website"},"datePublished":"2023-02-13T17:39:48+00:00","dateModified":"2023-04-11T20:14:18+00:00","author":{"@id":"https:\/\/noticias.imer.mx\/propuesta\/#\/schema\/person\/967c1f66b6217bbd12b628cc10f6e76d"},"breadcrumb":{"@id":"https:\/\/noticias.imer.mx\/propuesta\/2023\/02\/13\/soy-homosexual-y-ya-no-quiero-esconderme-mas-jakub-jankto\/#breadcrumb"},"inLanguage":"es","potentialAction":[{"@type":"ReadAction","target":["https:\/\/noticias.imer.mx\/propuesta\/2023\/02\/13\/soy-homosexual-y-ya-no-quiero-esconderme-mas-jakub-jankto\/"]}]},{"@type":"BreadcrumbList","@id":"https:\/\/noticias.imer.mx\/propuesta\/2023\/02\/13\/soy-homosexual-y-ya-no-quiero-esconderme-mas-jakub-jankto\/#breadcrumb","itemListElement":[{"@type":"ListItem","position":1,"name":"Portada","item":"https:\/\/noticias.imer.mx\/propuesta\/"},{"@type":"ListItem","position":2,"name":"Soy homosexual y ya no quiero esconderme m\u00e1s : Jakub Jankto"}]},{"@type":"WebSite","@id":"https:\/\/noticias.imer.mx\/propuesta\/#website","url":"https:\/\/noticias.imer.mx\/propuesta\/","name":"Pruebas Noticias IMER","description":"Otro sitio m\u00e1s de IMER Noticias","potentialAction":[{"@type":"SearchAction","target":{"@type":"EntryPoint","urlTemplate":"https:\/\/noticias.imer.mx\/propuesta\/?s={search_term_string}"},"query-input":"required name=search_term_string"}],"inLanguage":"es"},{"@type":"Person","@id":"https:\/\/noticias.imer.mx\/propuesta\/#\/schema\/person\/967c1f66b6217bbd12b628cc10f6e76d","name":"serveradmin","image":{"@type":"ImageObject","inLanguage":"es","@id":"https:\/\/noticias.imer.mx\/propuesta\/#\/schema\/person\/image\/","url":"https:\/\/secure.gravatar.com\/avatar\/b7032212b076bde88e044d76d65f2c7b?s=96&d=mm&r=g","contentUrl":"https:\/\/secure.gravatar.com\/avatar\/b7032212b076bde88e044d76d65f2c7b?s=96&d=mm&r=g","caption":"serveradmin"},"url":"https:\/\/noticias.imer.mx\/propuesta\/author\/serveradmin\/"}]}},"_links":{"self":[{"href":"https:\/\/noticias.imer.mx\/propuesta\/wp-json\/wp\/v2\/posts\/127258"}],"collection":[{"href":"https:\/\/noticias.imer.mx\/propuesta\/wp-json\/wp\/v2\/posts"}],"about":[{"href":"https:\/\/noticias.imer.mx\/propuesta\/wp-json\/wp\/v2\/types\/post"}],"author":[{"embeddable":true,"href":"https:\/\/noticias.imer.mx\/propuesta\/wp-json\/wp\/v2\/users\/30"}],"replies":[{"embeddable":true,"href":"https:\/\/noticias.imer.mx\/propuesta\/wp-json\/wp\/v2\/comments?post=127258"}],"version-history":[{"count":1,"href":"https:\/\/noticias.imer.mx\/propuesta\/wp-json\/wp\/v2\/posts\/127258\/revisions"}],"predecessor-version":[{"id":130667,"href":"https:\/\/noticias.imer.mx\/propuesta\/wp-json\/wp\/v2\/posts\/127258\/revisions\/130667"}],"wp:featuredmedia":[{"embeddable":true,"href":"https:\/\/noticias.imer.mx\/propuesta\/wp-json\/"}],"wp:attachment":[{"href":"https:\/\/noticias.imer.mx\/propuesta\/wp-json\/wp\/v2\/media?parent=127258"}],"wp:term":[{"taxonomy":"category","embeddable":true,"href":"https:\/\/noticias.imer.mx\/propuesta\/wp-json\/wp\/v2\/categories?post=127258"},{"taxonomy":"post_tag","embeddable":true,"href":"https:\/\/noticias.imer.mx\/propuesta\/wp-json\/wp\/v2\/tags?post=127258"}],"curies":[{"name":"wp","href":"https:\/\/api.w.org\/{rel}","templated":true}]}}