{"id":127256,"date":"2023-02-13T11:02:07","date_gmt":"2023-02-13T17:02:07","guid":{"rendered":"http:\/\/noticias.imer.mx\/?p=127256"},"modified":"2023-04-11T20:14:18","modified_gmt":"2023-04-11T20:14:18","slug":"ayuda-humanitaria-turquia-siria-diaz-canel-bloqueo-cuba-mananera-amlo","status":"publish","type":"post","link":"https:\/\/noticias.imer.mx\/propuesta\/2023\/02\/13\/ayuda-humanitaria-turquia-siria-diaz-canel-bloqueo-cuba-mananera-amlo\/","title":{"rendered":"Ayuda humanitaria a Turqu\u00eda y Siria, visita de D\u00edaz-Canel y bloqueo a Cuba: los temas de la ma\u00f1anera de AMLO"},"content":{"rendered":"<p><em>M\u00e9xico aportar\u00e1 al gobierno de Bashar al-\u00c1sad 6 millones de d\u00f3lares, asegur\u00f3 el canciller Marcelo Ebrard tras los sismos en Siria y Turqu\u00eda.<\/em><\/p>\n<p>&nbsp;<\/p>\n<p><span style=\"font-weight: 400\"><div class=\"gap\" style=\"line-height: 10px; height: 10px;\"><\/div><\/span><\/p>\n<p><span style=\"font-weight: 400\"><\/p>\n<div class=\"hr-thin\"><\/div>\n<p><\/span><\/p>\n<p style=\"text-align: center\"><b>IMER Noticias<\/b><\/p>\n<p><span style=\"font-weight: 400\"><\/p>\n<div class=\"hr-thin\"><\/div>\n<p><\/span><\/p>\n<p><span style=\"font-weight: 400\"><div class=\"gap\" style=\"line-height: 10px; height: 10px;\"><\/div><\/span><\/p>\n<p>&nbsp;<\/p>\n<p><span style=\"font-weight: 400\">El canciller <strong>Marcelo Ebrard<\/strong> asegur\u00f3 este lunes que la ayuda humanitaria a <strong>Turqu\u00eda y Siria<\/strong> continuar\u00e1 a una semana del sismo que dej\u00f3 miles de muertos en ambos pa\u00edses y que<strong> M\u00e9xico<\/strong> aportar\u00e1 al gobierno de <strong>Bashar al-\u00c1sad<\/strong> <strong>seis millones de d\u00f3lares<\/strong>.<\/span><\/p>\n<p>&nbsp;<\/p>\n<p><span style=\"font-weight: 400\">En conferencia de prensa en <strong>Palacio Nacional<\/strong>, el titular de la <strong>Secretar\u00eda de Relaciones Exteriores<\/strong> (<strong>SRE<\/strong>) asever\u00f3 que entre los d\u00edas 10 y 12 de febrero, el equipo de las <strong>Fuerzas Armadas y la Cruz Roja Mexicana<\/strong>, desplegado en <strong>Turqu\u00eda<\/strong>, rescat\u00f3 a otra persona con vida, para sumar un total de cuatro, y ayud\u00f3 a recuperar los cuerpos de 17 personas m\u00e1s.<\/span><\/p>\n<blockquote class=\"twitter-tweet\" data-width=\"550\" data-dnt=\"true\">\n<p lang=\"es\" dir=\"ltr\">Por instrucciones del Presidente L\u00f3pez Obrador M\u00e9xico dona 6 millones de d\u00f3lares , a trav\u00e9s de la ONU , a las v\u00edctimas del sismo en Siria.<\/p>\n<p>&mdash; Marcelo Ebrard C. (@m_ebrard) <a href=\"https:\/\/twitter.com\/m_ebrard\/status\/1625171199880794117?ref_src=twsrc%5Etfw\">February 13, 2023<\/a><\/p><\/blockquote>\n<p><script async src=\"https:\/\/platform.twitter.com\/widgets.js\" charset=\"utf-8\"><\/script><\/p>\n<p>&nbsp;<\/p>\n<p><span style=\"font-weight: 400\">La cifras actualizadas indican que hay m\u00e1s de 35 mil muertos en ambos pa\u00edses, 31 mil de ellos en <strong>Turqu\u00eda<\/strong>, y 85 mil heridos.<\/span><\/p>\n<p>&nbsp;<\/p>\n<p><span style=\"font-weight: 400;color: #308446\">Visita de D\u00edaz-Canel a M\u00e9xico<\/span><\/p>\n<p>&nbsp;<\/p>\n<p><span style=\"font-weight: 400\">Con motivo de la visita del presidente cubano<strong>, Miguel D\u00edaz-Canel<\/strong>, su hom\u00f3logo, el mandatario mexicano,<strong> Andr\u00e9s Manuel L\u00f3pez Obrador<\/strong>, conden\u00f3 este lunes el bloqueo comercial a <strong>Cuba<\/strong> impuesto por<strong> Estados Unidos<\/strong> y que ha permanecido durante m\u00e1s de 60 a\u00f1os.\u00a0<\/span><\/p>\n<p>&nbsp;<\/p>\n<p><span style=\"font-weight: 400\">\u201cCondenamos el bloqueo a<strong> Cuba<\/strong>. Desde M\u00e9xico, todo bien. (&#8230;) cerca de 200 pa\u00edses apoyan quitar el bloque, la inmensa mayor\u00eda de los que existen en el mundo, pero suele suceder de que sigue el veto\u201d, dijo L\u00f3pez Obrador<\/span><\/p>\n<p>&nbsp;<\/p>\n<p><span style=\"font-weight: 400\">De acuerdo con el presidente mexicano, el tema debe atenderse con una perspectiva de respeto a los derechos humanos y expres\u00f3 que seis d\u00e9cadas de bloqueo comercial a <strong>Cuba<\/strong> son \u201cuna violaci\u00f3n flagrante\u201d.\u00a0<\/span><\/p>\n<p>&nbsp;<\/p>\n<p><span style=\"font-weight: 400\">\u201cEs importante el de este tema se trate como un tema fundamental de<strong> Derechos Humanos<\/strong> porque sin duda es una violaci\u00f3n flagrante\u201d, abund\u00f3 el mandatario mexicano<a href=\"https:\/\/twitter.com\/m_ebrard\/status\/1624247569512538113\/photo\/1\">.<\/a><\/span><\/p>\n<p>&nbsp;<\/p>\n<p><span style=\"font-weight: 400\"><div class=\"gap\" style=\"line-height: 10px; height: 10px;\"><\/div><\/span><\/p>\n<p><span style=\"font-weight: 400\"><\/p>\n<div class=\"hr-thick\"><\/div>\n<p><\/span><\/p>\n<p><span style=\"font-weight: 400\"><div class=\"gap\" style=\"line-height: 10px; height: 10px;\"><\/div><\/span><\/p>\n<p><span style=\"font-weight: 400\"><span class=\"dt-highlight\" >Te recomendamos:<\/span><\/span><\/p>\n<h3 class=\"entry-title\"><a title=\"Sismos dejan miles de muertos y heridos en Turqu\u00eda y Siria: estas son las afectaciones\" href=\"https:\/\/noticias.imer.mx\/blog\/sismos-causan-miles-muertos-en-turquia-y-siria-estas-son-las-afectaciones\/\" rel=\"bookmark\">Sismos dejan miles de muertos y heridos en Turqu\u00eda y Siria: estas son las afectaciones<\/a><\/h3>\n","protected":false},"excerpt":{"rendered":"<p>M\u00e9xico aportar\u00e1 al gobierno de Bashar al-\u00c1sad 6 millones de d\u00f3lares, asegur\u00f3 el canciller Marcelo Ebrard tras los sismos en Siria y Turqu\u00eda.<\/p>\n","protected":false},"author":30,"featured_media":127261,"comment_status":"open","ping_status":"open","sticky":false,"template":"","format":"standard","meta":{"wp_popup_display_lightbox":0,"wp_popup_suppress":"","wp_popup_trigger":"","wp_popup_trigger_amount":0,"wp_popup_disable_on_mobile":false},"categories":[2,13],"tags":[1042,4003,10256,14097,15071],"yoast_head":"<!-- This site is optimized with the Yoast SEO plugin v21.0 - https:\/\/yoast.com\/wordpress\/plugins\/seo\/ -->\n<title>Ayuda humanitaria a Turqu\u00eda y Siria, visita de D\u00edaz-Canel y bloqueo a Cuba: los temas de la ma\u00f1anera de AMLO<\/title>\n<meta name=\"description\" content=\"M\u00e9xico aportar\u00e1 al gobierno de Bashar al-\u00c1sad 6 millones de d\u00f3lares, asegur\u00f3 el canciller Marcelo Ebrard tras los sismos en Siria y Turqu\u00eda.\" \/>\n<meta name=\"robots\" content=\"index, follow, max-snippet:-1, max-image-preview:large, max-video-preview:-1\" \/>\n<link rel=\"canonical\" href=\"https:\/\/noticias.imer.mx\/propuesta\/2023\/02\/13\/ayuda-humanitaria-turquia-siria-diaz-canel-bloqueo-cuba-mananera-amlo\/\" \/>\n<meta property=\"og:locale\" content=\"es_ES\" \/>\n<meta property=\"og:type\" content=\"article\" \/>\n<meta property=\"og:title\" content=\"Ayuda humanitaria a Turqu\u00eda y Siria, visita de D\u00edaz-Canel y bloqueo a Cuba: los temas de la ma\u00f1anera de AMLO\" \/>\n<meta property=\"og:description\" content=\"M\u00e9xico aportar\u00e1 al gobierno de Bashar al-\u00c1sad 6 millones de d\u00f3lares, asegur\u00f3 el canciller Marcelo Ebrard tras los sismos en Siria y Turqu\u00eda.\" \/>\n<meta property=\"og:url\" content=\"https:\/\/noticias.imer.mx\/propuesta\/2023\/02\/13\/ayuda-humanitaria-turquia-siria-diaz-canel-bloqueo-cuba-mananera-amlo\/\" \/>\n<meta property=\"og:site_name\" content=\"Pruebas Noticias IMER\" \/>\n<meta property=\"article:published_time\" content=\"2023-02-13T17:02:07+00:00\" \/>\n<meta property=\"article:modified_time\" content=\"2023-04-11T20:14:18+00:00\" \/>\n<meta name=\"author\" content=\"serveradmin\" \/>\n<meta name=\"twitter:card\" content=\"summary_large_image\" \/>\n<meta name=\"twitter:label1\" content=\"Escrito por\" \/>\n\t<meta name=\"twitter:data1\" content=\"serveradmin\" \/>\n\t<meta name=\"twitter:label2\" content=\"Tiempo de lectura\" \/>\n\t<meta name=\"twitter:data2\" content=\"2 minutos\" \/>\n<script type=\"application\/ld+json\" class=\"yoast-schema-graph\">{\"@context\":\"https:\/\/schema.org\",\"@graph\":[{\"@type\":\"WebPage\",\"@id\":\"https:\/\/noticias.imer.mx\/propuesta\/2023\/02\/13\/ayuda-humanitaria-turquia-siria-diaz-canel-bloqueo-cuba-mananera-amlo\/\",\"url\":\"https:\/\/noticias.imer.mx\/propuesta\/2023\/02\/13\/ayuda-humanitaria-turquia-siria-diaz-canel-bloqueo-cuba-mananera-amlo\/\",\"name\":\"Ayuda humanitaria a Turqu\u00eda y Siria, visita de D\u00edaz-Canel y bloqueo a Cuba: los temas de la ma\u00f1anera de AMLO\",\"isPartOf\":{\"@id\":\"https:\/\/noticias.imer.mx\/propuesta\/#website\"},\"datePublished\":\"2023-02-13T17:02:07+00:00\",\"dateModified\":\"2023-04-11T20:14:18+00:00\",\"author\":{\"@id\":\"https:\/\/noticias.imer.mx\/propuesta\/#\/schema\/person\/967c1f66b6217bbd12b628cc10f6e76d\"},\"description\":\"M\u00e9xico aportar\u00e1 al gobierno de Bashar al-\u00c1sad 6 millones de d\u00f3lares, asegur\u00f3 el canciller Marcelo Ebrard tras los sismos en Siria y Turqu\u00eda.\",\"breadcrumb\":{\"@id\":\"https:\/\/noticias.imer.mx\/propuesta\/2023\/02\/13\/ayuda-humanitaria-turquia-siria-diaz-canel-bloqueo-cuba-mananera-amlo\/#breadcrumb\"},\"inLanguage\":\"es\",\"potentialAction\":[{\"@type\":\"ReadAction\",\"target\":[\"https:\/\/noticias.imer.mx\/propuesta\/2023\/02\/13\/ayuda-humanitaria-turquia-siria-diaz-canel-bloqueo-cuba-mananera-amlo\/\"]}]},{\"@type\":\"BreadcrumbList\",\"@id\":\"https:\/\/noticias.imer.mx\/propuesta\/2023\/02\/13\/ayuda-humanitaria-turquia-siria-diaz-canel-bloqueo-cuba-mananera-amlo\/#breadcrumb\",\"itemListElement\":[{\"@type\":\"ListItem\",\"position\":1,\"name\":\"Portada\",\"item\":\"https:\/\/noticias.imer.mx\/propuesta\/\"},{\"@type\":\"ListItem\",\"position\":2,\"name\":\"Ayuda humanitaria a Turqu\u00eda y Siria, visita de D\u00edaz-Canel y bloqueo a Cuba: los temas de la ma\u00f1anera de AMLO\"}]},{\"@type\":\"WebSite\",\"@id\":\"https:\/\/noticias.imer.mx\/propuesta\/#website\",\"url\":\"https:\/\/noticias.imer.mx\/propuesta\/\",\"name\":\"Pruebas Noticias IMER\",\"description\":\"Otro sitio m\u00e1s de IMER Noticias\",\"potentialAction\":[{\"@type\":\"SearchAction\",\"target\":{\"@type\":\"EntryPoint\",\"urlTemplate\":\"https:\/\/noticias.imer.mx\/propuesta\/?s={search_term_string}\"},\"query-input\":\"required name=search_term_string\"}],\"inLanguage\":\"es\"},{\"@type\":\"Person\",\"@id\":\"https:\/\/noticias.imer.mx\/propuesta\/#\/schema\/person\/967c1f66b6217bbd12b628cc10f6e76d\",\"name\":\"serveradmin\",\"image\":{\"@type\":\"ImageObject\",\"inLanguage\":\"es\",\"@id\":\"https:\/\/noticias.imer.mx\/propuesta\/#\/schema\/person\/image\/\",\"url\":\"https:\/\/secure.gravatar.com\/avatar\/b7032212b076bde88e044d76d65f2c7b?s=96&d=mm&r=g\",\"contentUrl\":\"https:\/\/secure.gravatar.com\/avatar\/b7032212b076bde88e044d76d65f2c7b?s=96&d=mm&r=g\",\"caption\":\"serveradmin\"},\"url\":\"https:\/\/noticias.imer.mx\/propuesta\/author\/serveradmin\/\"}]}<\/script>\n<!-- \/ Yoast SEO plugin. -->","yoast_head_json":{"title":"Ayuda humanitaria a Turqu\u00eda y Siria, visita de D\u00edaz-Canel y bloqueo a Cuba: los temas de la ma\u00f1anera de AMLO","description":"M\u00e9xico aportar\u00e1 al gobierno de Bashar al-\u00c1sad 6 millones de d\u00f3lares, asegur\u00f3 el canciller Marcelo Ebrard tras los sismos en Siria y Turqu\u00eda.","robots":{"index":"index","follow":"follow","max-snippet":"max-snippet:-1","max-image-preview":"max-image-preview:large","max-video-preview":"max-video-preview:-1"},"canonical":"https:\/\/noticias.imer.mx\/propuesta\/2023\/02\/13\/ayuda-humanitaria-turquia-siria-diaz-canel-bloqueo-cuba-mananera-amlo\/","og_locale":"es_ES","og_type":"article","og_title":"Ayuda humanitaria a Turqu\u00eda y Siria, visita de D\u00edaz-Canel y bloqueo a Cuba: los temas de la ma\u00f1anera de AMLO","og_description":"M\u00e9xico aportar\u00e1 al gobierno de Bashar al-\u00c1sad 6 millones de d\u00f3lares, asegur\u00f3 el canciller Marcelo Ebrard tras los sismos en Siria y Turqu\u00eda.","og_url":"https:\/\/noticias.imer.mx\/propuesta\/2023\/02\/13\/ayuda-humanitaria-turquia-siria-diaz-canel-bloqueo-cuba-mananera-amlo\/","og_site_name":"Pruebas Noticias IMER","article_published_time":"2023-02-13T17:02:07+00:00","article_modified_time":"2023-04-11T20:14:18+00:00","author":"serveradmin","twitter_card":"summary_large_image","twitter_misc":{"Escrito por":"serveradmin","Tiempo de lectura":"2 minutos"},"schema":{"@context":"https:\/\/schema.org","@graph":[{"@type":"WebPage","@id":"https:\/\/noticias.imer.mx\/propuesta\/2023\/02\/13\/ayuda-humanitaria-turquia-siria-diaz-canel-bloqueo-cuba-mananera-amlo\/","url":"https:\/\/noticias.imer.mx\/propuesta\/2023\/02\/13\/ayuda-humanitaria-turquia-siria-diaz-canel-bloqueo-cuba-mananera-amlo\/","name":"Ayuda humanitaria a Turqu\u00eda y Siria, visita de D\u00edaz-Canel y bloqueo a Cuba: los temas de la ma\u00f1anera de AMLO","isPartOf":{"@id":"https:\/\/noticias.imer.mx\/propuesta\/#website"},"datePublished":"2023-02-13T17:02:07+00:00","dateModified":"2023-04-11T20:14:18+00:00","author":{"@id":"https:\/\/noticias.imer.mx\/propuesta\/#\/schema\/person\/967c1f66b6217bbd12b628cc10f6e76d"},"description":"M\u00e9xico aportar\u00e1 al gobierno de Bashar al-\u00c1sad 6 millones de d\u00f3lares, asegur\u00f3 el canciller Marcelo Ebrard tras los sismos en Siria y Turqu\u00eda.","breadcrumb":{"@id":"https:\/\/noticias.imer.mx\/propuesta\/2023\/02\/13\/ayuda-humanitaria-turquia-siria-diaz-canel-bloqueo-cuba-mananera-amlo\/#breadcrumb"},"inLanguage":"es","potentialAction":[{"@type":"ReadAction","target":["https:\/\/noticias.imer.mx\/propuesta\/2023\/02\/13\/ayuda-humanitaria-turquia-siria-diaz-canel-bloqueo-cuba-mananera-amlo\/"]}]},{"@type":"BreadcrumbList","@id":"https:\/\/noticias.imer.mx\/propuesta\/2023\/02\/13\/ayuda-humanitaria-turquia-siria-diaz-canel-bloqueo-cuba-mananera-amlo\/#breadcrumb","itemListElement":[{"@type":"ListItem","position":1,"name":"Portada","item":"https:\/\/noticias.imer.mx\/propuesta\/"},{"@type":"ListItem","position":2,"name":"Ayuda humanitaria a Turqu\u00eda y Siria, visita de D\u00edaz-Canel y bloqueo a Cuba: los temas de la ma\u00f1anera de AMLO"}]},{"@type":"WebSite","@id":"https:\/\/noticias.imer.mx\/propuesta\/#website","url":"https:\/\/noticias.imer.mx\/propuesta\/","name":"Pruebas Noticias IMER","description":"Otro sitio m\u00e1s de IMER Noticias","potentialAction":[{"@type":"SearchAction","target":{"@type":"EntryPoint","urlTemplate":"https:\/\/noticias.imer.mx\/propuesta\/?s={search_term_string}"},"query-input":"required name=search_term_string"}],"inLanguage":"es"},{"@type":"Person","@id":"https:\/\/noticias.imer.mx\/propuesta\/#\/schema\/person\/967c1f66b6217bbd12b628cc10f6e76d","name":"serveradmin","image":{"@type":"ImageObject","inLanguage":"es","@id":"https:\/\/noticias.imer.mx\/propuesta\/#\/schema\/person\/image\/","url":"https:\/\/secure.gravatar.com\/avatar\/b7032212b076bde88e044d76d65f2c7b?s=96&d=mm&r=g","contentUrl":"https:\/\/secure.gravatar.com\/avatar\/b7032212b076bde88e044d76d65f2c7b?s=96&d=mm&r=g","caption":"serveradmin"},"url":"https:\/\/noticias.imer.mx\/propuesta\/author\/serveradmin\/"}]}},"_links":{"self":[{"href":"https:\/\/noticias.imer.mx\/propuesta\/wp-json\/wp\/v2\/posts\/127256"}],"collection":[{"href":"https:\/\/noticias.imer.mx\/propuesta\/wp-json\/wp\/v2\/posts"}],"about":[{"href":"https:\/\/noticias.imer.mx\/propuesta\/wp-json\/wp\/v2\/types\/post"}],"author":[{"embeddable":true,"href":"https:\/\/noticias.imer.mx\/propuesta\/wp-json\/wp\/v2\/users\/30"}],"replies":[{"embeddable":true,"href":"https:\/\/noticias.imer.mx\/propuesta\/wp-json\/wp\/v2\/comments?post=127256"}],"version-history":[{"count":1,"href":"https:\/\/noticias.imer.mx\/propuesta\/wp-json\/wp\/v2\/posts\/127256\/revisions"}],"predecessor-version":[{"id":130668,"href":"https:\/\/noticias.imer.mx\/propuesta\/wp-json\/wp\/v2\/posts\/127256\/revisions\/130668"}],"wp:featuredmedia":[{"embeddable":true,"href":"https:\/\/noticias.imer.mx\/propuesta\/wp-json\/"}],"wp:attachment":[{"href":"https:\/\/noticias.imer.mx\/propuesta\/wp-json\/wp\/v2\/media?parent=127256"}],"wp:term":[{"taxonomy":"category","embeddable":true,"href":"https:\/\/noticias.imer.mx\/propuesta\/wp-json\/wp\/v2\/categories?post=127256"},{"taxonomy":"post_tag","embeddable":true,"href":"https:\/\/noticias.imer.mx\/propuesta\/wp-json\/wp\/v2\/tags?post=127256"}],"curies":[{"name":"wp","href":"https:\/\/api.w.org\/{rel}","templated":true}]}}