{"id":127241,"date":"2023-02-13T00:25:53","date_gmt":"2023-02-13T06:25:53","guid":{"rendered":"http:\/\/noticias.imer.mx\/?p=127241"},"modified":"2023-04-11T20:14:18","modified_gmt":"2023-04-11T20:14:18","slug":"ebrard-descarta-tensiones-con-eeuu-por-apoyo-a-cuba","status":"publish","type":"post","link":"https:\/\/noticias.imer.mx\/propuesta\/2023\/02\/13\/ebrard-descarta-tensiones-con-eeuu-por-apoyo-a-cuba\/","title":{"rendered":"Ebrard descarta tensiones con EEUU por apoyo a Cuba"},"content":{"rendered":"<p><em>El canciller Marcelo Ebrard recalc\u00f3 que M\u00e9xico y Estados Unidos son aliados, pero con diferentes objetivos.<\/em><\/p>\n<p><span style=\"font-weight: 400\"><div class=\"gap\" style=\"line-height: 10px; height: 10px;\"><\/div><\/span><\/p>\n<p><span style=\"font-weight: 400\"><\/p>\n<div class=\"hr-thin\"><\/div>\n<p><\/span><\/p>\n<p style=\"text-align: center\"><b>IMER Noticias<\/b><\/p>\n<p><span style=\"font-weight: 400\"><\/p>\n<div class=\"hr-thin\"><\/div>\n<p><\/span><\/p>\n<p><span style=\"font-weight: 400\"><div class=\"gap\" style=\"line-height: 10px; height: 10px;\"><\/div><\/span><\/p>\n<p>El secretario de Relaciones Exteriores, <strong>Marcelo Ebrard<\/strong>, descart\u00f3 divisiones pol\u00edticas con Estados Unidos por la propuesta de M\u00e9xico para conformar un grupo que ayude a eliminar el bloqueo econ\u00f3mico que existe en contra de Cuba.<\/p>\n<p>&nbsp;<\/p>\n<p>Despu\u00e9s de despedir al presidente cubano, <strong>Miguel D\u00edaz Canel,<\/strong> en Campeche, Marcelo Ebrard recalc\u00f3 que M\u00e9xico y Estados Unidos son aliados, pero no comparten los mismos intereses.<\/p>\n<p>&nbsp;<\/p>\n<blockquote><p>\u201cNo creo porque Estados Unidos&#8230; M\u00e9xico ha guardado esta postura desde 1962. Entonces voy a decir lo siguiente: M\u00e9xico y Estados Unidos somos aliados, pero no tenemos intereses id\u00e9nticos\u00bb.<\/p><\/blockquote>\n<p>&nbsp;<\/p>\n<p>Durante la reuni\u00f3n bilateral del s\u00e1bado, el presidente<strong> Andr\u00e9s Manuel L\u00f3pez Obrador<\/strong> anunci\u00f3 que encabezar\u00e1 un movimiento para defender la soberan\u00eda e independencia de Cuba.<\/p>\n<p>&nbsp;<\/p>\n<blockquote><p>\u201cEs tiempo de expresar y de explorar otra opci\u00f3n, la de dialogar con los gobernantes de todos los pa\u00edses, en especial con los gobernantes estadunidenses, convencerlos de que una nueva relaci\u00f3n es posible\u201d.<\/p><\/blockquote>\n<p>&nbsp;<\/p>\n<blockquote class=\"twitter-tweet\" data-width=\"550\" data-dnt=\"true\">\n<p lang=\"es\" dir=\"ltr\">Gracias al Presidente Miguel D\u00edaz-Canel y a su distinguida esposa,Lis Cuesta Peraza, por su visita y , muy especialmente,por el env\u00edo de m\u00e9dic@s cuban@s que ya han salvado 162 mil vidas mexicanas en 11 entidades de la Rep\u00fablica.Nuestra  gratitud y aprecio por el pueblo cubano!! <a href=\"https:\/\/t.co\/p1nuPWA5Py\">pic.twitter.com\/p1nuPWA5Py<\/a><\/p>\n<p>&mdash; Marcelo Ebrard C. (@m_ebrard) <a href=\"https:\/\/twitter.com\/m_ebrard\/status\/1624861089761468417?ref_src=twsrc%5Etfw\">February 12, 2023<\/a><\/p><\/blockquote>\n<p><script async src=\"https:\/\/platform.twitter.com\/widgets.js\" charset=\"utf-8\"><\/script><\/p>\n<p>&nbsp;<\/p>\n<p>En el encuentro bilateral los mandatarios discutieron temas como:<\/p>\n<p>&nbsp;<\/p>\n<ul>\n<li>El env\u00edo de m\u00e1s <a href=\"https:\/\/noticias.imer.mx\/blog\/cuba-y-venezuela-encabezan-lista-de-personal-medico-interesado-en-trabajar-en-mexico\/\">m\u00e9dicos cubanos<\/a> a M\u00e9xico.<\/li>\n<li>Una asociaci\u00f3n para adquirir vacunas contra el covid-19.<\/li>\n<li>La compra de balasto a la isla para la construcci\u00f3n del Tren Maya.<\/li>\n<li>La posibilidad de impulsar una cumbre de pa\u00edses progresistas de Am\u00e9rica Latina.<\/li>\n<\/ul>\n<p>&nbsp;<\/p>\n<p><iframe loading=\"lazy\" title=\"Reuni\u00f3n Bilateral M\u00e9xico-Cuba, Salud IMSS-Bienestar, desde Campeche\" width=\"1200\" height=\"675\" src=\"https:\/\/www.youtube.com\/embed\/tweCHVuHtTQ?feature=oembed\" frameborder=\"0\" allow=\"accelerometer; autoplay; clipboard-write; encrypted-media; gyroscope; picture-in-picture; web-share\" allowfullscreen><\/iframe><\/p>\n<p>&nbsp;<\/p>\n<p><span style=\"font-weight: 400\"><div class=\"gap\" style=\"line-height: 10px; height: 10px;\"><\/div><\/span><\/p>\n<p><span style=\"font-weight: 400\"><\/p>\n<div class=\"hr-thick\"><\/div>\n<p><\/span><\/p>\n<p><span style=\"font-weight: 400\"><div class=\"gap\" style=\"line-height: 10px; height: 10px;\"><\/div><\/span><\/p>\n<p><span style=\"font-weight: 400\"><span class=\"dt-highlight\" >Te recomendamos:<\/span><\/span><\/p>\n<blockquote class=\"wp-embedded-content\" data-secret=\"T1A81Hz3dw\"><p><a href=\"https:\/\/noticias.imer.mx\/blog\/mision-recate-reunion-mexico-cuba-proyecto-chapultepec-parques-eolicos-temas-de-la-mananera\/\">\u201cMisi\u00f3n recate\u201d, reuni\u00f3n M\u00e9xico-Cuba, proyecto Chapultepec, parques e\u00f3licos: temas de la ma\u00f1anera<\/a><\/p><\/blockquote>\n<p><iframe class=\"wp-embedded-content\" sandbox=\"allow-scripts\" security=\"restricted\" style=\"position: absolute; clip: rect(1px, 1px, 1px, 1px);\" title=\"\u00ab\u201cMisi\u00f3n recate\u201d, reuni\u00f3n M\u00e9xico-Cuba, proyecto Chapultepec, parques e\u00f3licos: temas de la ma\u00f1anera\u00bb \u2014 IMER Noticias\" src=\"https:\/\/noticias.imer.mx\/blog\/mision-recate-reunion-mexico-cuba-proyecto-chapultepec-parques-eolicos-temas-de-la-mananera\/embed\/#?secret=T1A81Hz3dw\" data-secret=\"T1A81Hz3dw\" width=\"600\" height=\"338\" frameborder=\"0\" marginwidth=\"0\" marginheight=\"0\" scrolling=\"no\"><\/iframe><\/p>\n","protected":false},"excerpt":{"rendered":"<p>El canciller Marcelo Ebrard recalc\u00f3 que M\u00e9xico y Estados Unidos son aliados, pero con diferentes objetivos.<\/p>\n","protected":false},"author":30,"featured_media":122054,"comment_status":"open","ping_status":"open","sticky":false,"template":"","format":"standard","meta":{"wp_popup_display_lightbox":0,"wp_popup_suppress":"","wp_popup_trigger":"","wp_popup_trigger_amount":0,"wp_popup_disable_on_mobile":false},"categories":[2,4,33,13],"tags":[1042,2062,4003,4975,5085],"yoast_head":"<!-- This site is optimized with the Yoast SEO plugin v21.0 - https:\/\/yoast.com\/wordpress\/plugins\/seo\/ -->\n<title>Ebrard descarta tensiones con EEUU por apoyo a Cuba - Pruebas Noticias IMER<\/title>\n<meta name=\"description\" content=\"El canciller Marcelo Ebrard recalc\u00f3 que M\u00e9xico y Estados Unidos son aliados, pero con diferentes objetivos.\" \/>\n<meta name=\"robots\" content=\"index, follow, max-snippet:-1, max-image-preview:large, max-video-preview:-1\" \/>\n<link rel=\"canonical\" href=\"https:\/\/noticias.imer.mx\/propuesta\/2023\/02\/13\/ebrard-descarta-tensiones-con-eeuu-por-apoyo-a-cuba\/\" \/>\n<meta property=\"og:locale\" content=\"es_ES\" \/>\n<meta property=\"og:type\" content=\"article\" \/>\n<meta property=\"og:title\" content=\"Ebrard descarta tensiones con EEUU por apoyo a Cuba - Pruebas Noticias IMER\" \/>\n<meta property=\"og:description\" content=\"El canciller Marcelo Ebrard recalc\u00f3 que M\u00e9xico y Estados Unidos son aliados, pero con diferentes objetivos.\" \/>\n<meta property=\"og:url\" content=\"https:\/\/noticias.imer.mx\/propuesta\/2023\/02\/13\/ebrard-descarta-tensiones-con-eeuu-por-apoyo-a-cuba\/\" \/>\n<meta property=\"og:site_name\" content=\"Pruebas Noticias IMER\" \/>\n<meta property=\"article:published_time\" content=\"2023-02-13T06:25:53+00:00\" \/>\n<meta property=\"article:modified_time\" content=\"2023-04-11T20:14:18+00:00\" \/>\n<meta name=\"author\" content=\"serveradmin\" \/>\n<meta name=\"twitter:card\" content=\"summary_large_image\" \/>\n<meta name=\"twitter:label1\" content=\"Escrito por\" \/>\n\t<meta name=\"twitter:data1\" content=\"serveradmin\" \/>\n\t<meta name=\"twitter:label2\" content=\"Tiempo de lectura\" \/>\n\t<meta name=\"twitter:data2\" content=\"2 minutos\" \/>\n<script type=\"application\/ld+json\" class=\"yoast-schema-graph\">{\"@context\":\"https:\/\/schema.org\",\"@graph\":[{\"@type\":\"WebPage\",\"@id\":\"https:\/\/noticias.imer.mx\/propuesta\/2023\/02\/13\/ebrard-descarta-tensiones-con-eeuu-por-apoyo-a-cuba\/\",\"url\":\"https:\/\/noticias.imer.mx\/propuesta\/2023\/02\/13\/ebrard-descarta-tensiones-con-eeuu-por-apoyo-a-cuba\/\",\"name\":\"Ebrard descarta tensiones con EEUU por apoyo a Cuba - Pruebas Noticias IMER\",\"isPartOf\":{\"@id\":\"https:\/\/noticias.imer.mx\/propuesta\/#website\"},\"datePublished\":\"2023-02-13T06:25:53+00:00\",\"dateModified\":\"2023-04-11T20:14:18+00:00\",\"author\":{\"@id\":\"https:\/\/noticias.imer.mx\/propuesta\/#\/schema\/person\/967c1f66b6217bbd12b628cc10f6e76d\"},\"description\":\"El canciller Marcelo Ebrard recalc\u00f3 que M\u00e9xico y Estados Unidos son aliados, pero con diferentes objetivos.\",\"breadcrumb\":{\"@id\":\"https:\/\/noticias.imer.mx\/propuesta\/2023\/02\/13\/ebrard-descarta-tensiones-con-eeuu-por-apoyo-a-cuba\/#breadcrumb\"},\"inLanguage\":\"es\",\"potentialAction\":[{\"@type\":\"ReadAction\",\"target\":[\"https:\/\/noticias.imer.mx\/propuesta\/2023\/02\/13\/ebrard-descarta-tensiones-con-eeuu-por-apoyo-a-cuba\/\"]}]},{\"@type\":\"BreadcrumbList\",\"@id\":\"https:\/\/noticias.imer.mx\/propuesta\/2023\/02\/13\/ebrard-descarta-tensiones-con-eeuu-por-apoyo-a-cuba\/#breadcrumb\",\"itemListElement\":[{\"@type\":\"ListItem\",\"position\":1,\"name\":\"Portada\",\"item\":\"https:\/\/noticias.imer.mx\/propuesta\/\"},{\"@type\":\"ListItem\",\"position\":2,\"name\":\"Ebrard descarta tensiones con EEUU por apoyo a Cuba\"}]},{\"@type\":\"WebSite\",\"@id\":\"https:\/\/noticias.imer.mx\/propuesta\/#website\",\"url\":\"https:\/\/noticias.imer.mx\/propuesta\/\",\"name\":\"Pruebas Noticias IMER\",\"description\":\"Otro sitio m\u00e1s de IMER Noticias\",\"potentialAction\":[{\"@type\":\"SearchAction\",\"target\":{\"@type\":\"EntryPoint\",\"urlTemplate\":\"https:\/\/noticias.imer.mx\/propuesta\/?s={search_term_string}\"},\"query-input\":\"required name=search_term_string\"}],\"inLanguage\":\"es\"},{\"@type\":\"Person\",\"@id\":\"https:\/\/noticias.imer.mx\/propuesta\/#\/schema\/person\/967c1f66b6217bbd12b628cc10f6e76d\",\"name\":\"serveradmin\",\"image\":{\"@type\":\"ImageObject\",\"inLanguage\":\"es\",\"@id\":\"https:\/\/noticias.imer.mx\/propuesta\/#\/schema\/person\/image\/\",\"url\":\"https:\/\/secure.gravatar.com\/avatar\/b7032212b076bde88e044d76d65f2c7b?s=96&d=mm&r=g\",\"contentUrl\":\"https:\/\/secure.gravatar.com\/avatar\/b7032212b076bde88e044d76d65f2c7b?s=96&d=mm&r=g\",\"caption\":\"serveradmin\"},\"url\":\"https:\/\/noticias.imer.mx\/propuesta\/author\/serveradmin\/\"}]}<\/script>\n<!-- \/ Yoast SEO plugin. -->","yoast_head_json":{"title":"Ebrard descarta tensiones con EEUU por apoyo a Cuba - Pruebas Noticias IMER","description":"El canciller Marcelo Ebrard recalc\u00f3 que M\u00e9xico y Estados Unidos son aliados, pero con diferentes objetivos.","robots":{"index":"index","follow":"follow","max-snippet":"max-snippet:-1","max-image-preview":"max-image-preview:large","max-video-preview":"max-video-preview:-1"},"canonical":"https:\/\/noticias.imer.mx\/propuesta\/2023\/02\/13\/ebrard-descarta-tensiones-con-eeuu-por-apoyo-a-cuba\/","og_locale":"es_ES","og_type":"article","og_title":"Ebrard descarta tensiones con EEUU por apoyo a Cuba - Pruebas Noticias IMER","og_description":"El canciller Marcelo Ebrard recalc\u00f3 que M\u00e9xico y Estados Unidos son aliados, pero con diferentes objetivos.","og_url":"https:\/\/noticias.imer.mx\/propuesta\/2023\/02\/13\/ebrard-descarta-tensiones-con-eeuu-por-apoyo-a-cuba\/","og_site_name":"Pruebas Noticias IMER","article_published_time":"2023-02-13T06:25:53+00:00","article_modified_time":"2023-04-11T20:14:18+00:00","author":"serveradmin","twitter_card":"summary_large_image","twitter_misc":{"Escrito por":"serveradmin","Tiempo de lectura":"2 minutos"},"schema":{"@context":"https:\/\/schema.org","@graph":[{"@type":"WebPage","@id":"https:\/\/noticias.imer.mx\/propuesta\/2023\/02\/13\/ebrard-descarta-tensiones-con-eeuu-por-apoyo-a-cuba\/","url":"https:\/\/noticias.imer.mx\/propuesta\/2023\/02\/13\/ebrard-descarta-tensiones-con-eeuu-por-apoyo-a-cuba\/","name":"Ebrard descarta tensiones con EEUU por apoyo a Cuba - Pruebas Noticias IMER","isPartOf":{"@id":"https:\/\/noticias.imer.mx\/propuesta\/#website"},"datePublished":"2023-02-13T06:25:53+00:00","dateModified":"2023-04-11T20:14:18+00:00","author":{"@id":"https:\/\/noticias.imer.mx\/propuesta\/#\/schema\/person\/967c1f66b6217bbd12b628cc10f6e76d"},"description":"El canciller Marcelo Ebrard recalc\u00f3 que M\u00e9xico y Estados Unidos son aliados, pero con diferentes objetivos.","breadcrumb":{"@id":"https:\/\/noticias.imer.mx\/propuesta\/2023\/02\/13\/ebrard-descarta-tensiones-con-eeuu-por-apoyo-a-cuba\/#breadcrumb"},"inLanguage":"es","potentialAction":[{"@type":"ReadAction","target":["https:\/\/noticias.imer.mx\/propuesta\/2023\/02\/13\/ebrard-descarta-tensiones-con-eeuu-por-apoyo-a-cuba\/"]}]},{"@type":"BreadcrumbList","@id":"https:\/\/noticias.imer.mx\/propuesta\/2023\/02\/13\/ebrard-descarta-tensiones-con-eeuu-por-apoyo-a-cuba\/#breadcrumb","itemListElement":[{"@type":"ListItem","position":1,"name":"Portada","item":"https:\/\/noticias.imer.mx\/propuesta\/"},{"@type":"ListItem","position":2,"name":"Ebrard descarta tensiones con EEUU por apoyo a Cuba"}]},{"@type":"WebSite","@id":"https:\/\/noticias.imer.mx\/propuesta\/#website","url":"https:\/\/noticias.imer.mx\/propuesta\/","name":"Pruebas Noticias IMER","description":"Otro sitio m\u00e1s de IMER Noticias","potentialAction":[{"@type":"SearchAction","target":{"@type":"EntryPoint","urlTemplate":"https:\/\/noticias.imer.mx\/propuesta\/?s={search_term_string}"},"query-input":"required name=search_term_string"}],"inLanguage":"es"},{"@type":"Person","@id":"https:\/\/noticias.imer.mx\/propuesta\/#\/schema\/person\/967c1f66b6217bbd12b628cc10f6e76d","name":"serveradmin","image":{"@type":"ImageObject","inLanguage":"es","@id":"https:\/\/noticias.imer.mx\/propuesta\/#\/schema\/person\/image\/","url":"https:\/\/secure.gravatar.com\/avatar\/b7032212b076bde88e044d76d65f2c7b?s=96&d=mm&r=g","contentUrl":"https:\/\/secure.gravatar.com\/avatar\/b7032212b076bde88e044d76d65f2c7b?s=96&d=mm&r=g","caption":"serveradmin"},"url":"https:\/\/noticias.imer.mx\/propuesta\/author\/serveradmin\/"}]}},"_links":{"self":[{"href":"https:\/\/noticias.imer.mx\/propuesta\/wp-json\/wp\/v2\/posts\/127241"}],"collection":[{"href":"https:\/\/noticias.imer.mx\/propuesta\/wp-json\/wp\/v2\/posts"}],"about":[{"href":"https:\/\/noticias.imer.mx\/propuesta\/wp-json\/wp\/v2\/types\/post"}],"author":[{"embeddable":true,"href":"https:\/\/noticias.imer.mx\/propuesta\/wp-json\/wp\/v2\/users\/30"}],"replies":[{"embeddable":true,"href":"https:\/\/noticias.imer.mx\/propuesta\/wp-json\/wp\/v2\/comments?post=127241"}],"version-history":[{"count":1,"href":"https:\/\/noticias.imer.mx\/propuesta\/wp-json\/wp\/v2\/posts\/127241\/revisions"}],"predecessor-version":[{"id":130670,"href":"https:\/\/noticias.imer.mx\/propuesta\/wp-json\/wp\/v2\/posts\/127241\/revisions\/130670"}],"wp:featuredmedia":[{"embeddable":true,"href":"https:\/\/noticias.imer.mx\/propuesta\/wp-json\/"}],"wp:attachment":[{"href":"https:\/\/noticias.imer.mx\/propuesta\/wp-json\/wp\/v2\/media?parent=127241"}],"wp:term":[{"taxonomy":"category","embeddable":true,"href":"https:\/\/noticias.imer.mx\/propuesta\/wp-json\/wp\/v2\/categories?post=127241"},{"taxonomy":"post_tag","embeddable":true,"href":"https:\/\/noticias.imer.mx\/propuesta\/wp-json\/wp\/v2\/tags?post=127241"}],"curies":[{"name":"wp","href":"https:\/\/api.w.org\/{rel}","templated":true}]}}