{"id":127076,"date":"2023-02-09T17:44:59","date_gmt":"2023-02-09T23:44:59","guid":{"rendered":"http:\/\/noticias.imer.mx\/?p=127076"},"modified":"2023-02-09T17:44:59","modified_gmt":"2023-02-09T23:44:59","slug":"nace-primera-bebe-en-hospital-del-imss-para-personas-sin-seguridad-social","status":"publish","type":"post","link":"https:\/\/noticias.imer.mx\/propuesta\/2023\/02\/09\/nace-primera-bebe-en-hospital-del-imss-para-personas-sin-seguridad-social\/","title":{"rendered":"Nace primera beb\u00e9 en hospital del IMSS para personas sin seguridad social"},"content":{"rendered":"<p><em>A una semana de inaugurarse, este hospital brinda servicios m\u00e9dicos a poblaci\u00f3n derechohabiente y sin seguridad social a tres municipios de Jalisco de manera gratuita.<\/em><\/p>\n<p><span style=\"font-weight: 400\"><div class=\"gap\" style=\"line-height: 10px; height: 10px;\"><\/div><\/span><\/p>\n<p><span style=\"font-weight: 400\"><\/p>\n<div class=\"hr-thin\"><\/div>\n<p><\/span><\/p>\n<p style=\"text-align: center\"><b>IMER Noticias<\/b><\/p>\n<p><span style=\"font-weight: 400\"><\/p>\n<div class=\"hr-thin\"><\/div>\n<p><\/span><\/p>\n<p><span style=\"font-weight: 400\"><div class=\"gap\" style=\"line-height: 10px; height: 10px;\"><\/div><\/span><\/p>\n<p>Por primera vez, el Hospital General de Subzona n\u00famero 185, del <strong>Instituto Mexicano del Seguro Social (IMSS)<\/strong>, atendi\u00f3 su primer parto en Arandas, Jalisco.<\/p>\n<p>&nbsp;<\/p>\n<p>La<strong> beb\u00e9 Alexa<\/strong> de dos kilos 690 gramos naci\u00f3 sana y sin complicaciones, al igual que su madre Alicia. Este es el primer hospital que atiende a poblaci\u00f3n derechohabiente y sin seguridad social en la entidad de manera gratuita.<\/p>\n<p>&nbsp;<\/p>\n<p>Para Miguel, padre de<strong> Alexa<\/strong>, el hospital le quit\u00f3 preocupaci\u00f3n de encima porque no ten\u00eda a d\u00f3nde llevar a su pareja.<\/p>\n<p>&nbsp;<\/p>\n<blockquote><p>\u201cTenemos dos a\u00f1os de casados y llegamos aqu\u00ed hace poco. No sab\u00eda a d\u00f3nde pod\u00eda llevarla, estaba angustiado, cre\u00ed que ser\u00eda algo caro. Fui al Centro de Salud y ellos nos informaron que acudi\u00e9ramos al hospital del IMSS. Nos han tratado muy bien, estoy contento, muy alegre, ya les mand\u00e9 foto a los abuelos para que la conozcan\u201d.<\/p><\/blockquote>\n<p>&nbsp;<\/p>\n<p>Actualmente, el <strong>Hospital<\/strong> General de Subzona n\u00famero 185 ofrece atenci\u00f3n m\u00e9dica a tres municipios de la regi\u00f3n Altos Sur de <strong>Jalisco.<\/strong><\/p>\n<p>&nbsp;<\/p>\n\n<p>&nbsp;<\/p>\n<p><span style=\"font-weight: 400\"><div class=\"gap\" style=\"line-height: 10px; height: 10px;\"><\/div><\/span><\/p>\n<p><span style=\"font-weight: 400\"><\/p>\n<div class=\"hr-thick\"><\/div>\n<p><\/span><\/p>\n<p><span style=\"font-weight: 400\"><div class=\"gap\" style=\"line-height: 10px; height: 10px;\"><\/div><\/span><\/p>\n<p><span style=\"font-weight: 400\"><span class=\"dt-highlight\" >Te recomendamos:<\/span><\/span><\/p>\n<blockquote class=\"wp-embedded-content\" data-secret=\"Ig1FsbVL68\"><p><a href=\"https:\/\/noticias.imer.mx\/blog\/siete-estados-de-oposicion-rechazaron-el-programa-imss-bienestar\/\">Siete estados de oposici\u00f3n rechazaron el programa IMSS-Bienestar<\/a><\/p><\/blockquote>\n<p><iframe class=\"wp-embedded-content\" sandbox=\"allow-scripts\" security=\"restricted\" style=\"position: absolute; clip: rect(1px, 1px, 1px, 1px);\" title=\"\u00abSiete estados de oposici\u00f3n rechazaron el programa IMSS-Bienestar\u00bb \u2014 IMER Noticias\" src=\"https:\/\/noticias.imer.mx\/blog\/siete-estados-de-oposicion-rechazaron-el-programa-imss-bienestar\/embed\/#?secret=Ig1FsbVL68\" data-secret=\"Ig1FsbVL68\" width=\"600\" height=\"338\" frameborder=\"0\" marginwidth=\"0\" marginheight=\"0\" scrolling=\"no\"><\/iframe><\/p>\n","protected":false},"excerpt":{"rendered":"<p>A una semana de inaugurarse, este hospital brinda servicios m\u00e9dicos a poblaci\u00f3n derechohabiente y sin seguridad social a tres municipios de Jalisco de manera gratuita.<\/p>\n","protected":false},"author":30,"featured_media":127081,"comment_status":"open","ping_status":"open","sticky":false,"template":"","format":"standard","meta":{"wp_popup_display_lightbox":0,"wp_popup_suppress":"","wp_popup_trigger":"","wp_popup_trigger_amount":0,"wp_popup_disable_on_mobile":false},"categories":[4,31,13],"tags":[1901,4375,7583,8061],"yoast_head":"<!-- This site is optimized with the Yoast SEO plugin v21.0 - https:\/\/yoast.com\/wordpress\/plugins\/seo\/ -->\n<title>Nace primera beb\u00e9 en hospital del IMSS para personas sin seguridad social - Pruebas Noticias IMER<\/title>\n<meta name=\"description\" content=\"A una semana de inaugurarse, el hospital brinda servicios m\u00e9dicos a poblaci\u00f3n derechohabiente y sin seguridad social de manera gratuita.\" \/>\n<meta name=\"robots\" content=\"index, follow, max-snippet:-1, max-image-preview:large, max-video-preview:-1\" \/>\n<link rel=\"canonical\" href=\"https:\/\/noticias.imer.mx\/propuesta\/2023\/02\/09\/nace-primera-bebe-en-hospital-del-imss-para-personas-sin-seguridad-social\/\" \/>\n<meta property=\"og:locale\" content=\"es_ES\" \/>\n<meta property=\"og:type\" content=\"article\" \/>\n<meta property=\"og:title\" content=\"Nace primera beb\u00e9 en hospital del IMSS para personas sin seguridad social - Pruebas Noticias IMER\" \/>\n<meta property=\"og:description\" content=\"A una semana de inaugurarse, el hospital brinda servicios m\u00e9dicos a poblaci\u00f3n derechohabiente y sin seguridad social de manera gratuita.\" \/>\n<meta property=\"og:url\" content=\"https:\/\/noticias.imer.mx\/propuesta\/2023\/02\/09\/nace-primera-bebe-en-hospital-del-imss-para-personas-sin-seguridad-social\/\" \/>\n<meta property=\"og:site_name\" content=\"Pruebas Noticias IMER\" \/>\n<meta property=\"article:published_time\" content=\"2023-02-09T23:44:59+00:00\" \/>\n<meta name=\"author\" content=\"serveradmin\" \/>\n<meta name=\"twitter:card\" content=\"summary_large_image\" \/>\n<meta name=\"twitter:label1\" content=\"Escrito por\" \/>\n\t<meta name=\"twitter:data1\" content=\"serveradmin\" \/>\n\t<meta name=\"twitter:label2\" content=\"Tiempo de lectura\" \/>\n\t<meta name=\"twitter:data2\" content=\"1 minuto\" \/>\n<script type=\"application\/ld+json\" class=\"yoast-schema-graph\">{\"@context\":\"https:\/\/schema.org\",\"@graph\":[{\"@type\":\"WebPage\",\"@id\":\"https:\/\/noticias.imer.mx\/propuesta\/2023\/02\/09\/nace-primera-bebe-en-hospital-del-imss-para-personas-sin-seguridad-social\/\",\"url\":\"https:\/\/noticias.imer.mx\/propuesta\/2023\/02\/09\/nace-primera-bebe-en-hospital-del-imss-para-personas-sin-seguridad-social\/\",\"name\":\"Nace primera beb\u00e9 en hospital del IMSS para personas sin seguridad social - Pruebas Noticias IMER\",\"isPartOf\":{\"@id\":\"https:\/\/noticias.imer.mx\/propuesta\/#website\"},\"datePublished\":\"2023-02-09T23:44:59+00:00\",\"dateModified\":\"2023-02-09T23:44:59+00:00\",\"author\":{\"@id\":\"https:\/\/noticias.imer.mx\/propuesta\/#\/schema\/person\/967c1f66b6217bbd12b628cc10f6e76d\"},\"description\":\"A una semana de inaugurarse, el hospital brinda servicios m\u00e9dicos a poblaci\u00f3n derechohabiente y sin seguridad social de manera gratuita.\",\"breadcrumb\":{\"@id\":\"https:\/\/noticias.imer.mx\/propuesta\/2023\/02\/09\/nace-primera-bebe-en-hospital-del-imss-para-personas-sin-seguridad-social\/#breadcrumb\"},\"inLanguage\":\"es\",\"potentialAction\":[{\"@type\":\"ReadAction\",\"target\":[\"https:\/\/noticias.imer.mx\/propuesta\/2023\/02\/09\/nace-primera-bebe-en-hospital-del-imss-para-personas-sin-seguridad-social\/\"]}]},{\"@type\":\"BreadcrumbList\",\"@id\":\"https:\/\/noticias.imer.mx\/propuesta\/2023\/02\/09\/nace-primera-bebe-en-hospital-del-imss-para-personas-sin-seguridad-social\/#breadcrumb\",\"itemListElement\":[{\"@type\":\"ListItem\",\"position\":1,\"name\":\"Portada\",\"item\":\"https:\/\/noticias.imer.mx\/propuesta\/\"},{\"@type\":\"ListItem\",\"position\":2,\"name\":\"Nace primera beb\u00e9 en hospital del IMSS para personas sin seguridad social\"}]},{\"@type\":\"WebSite\",\"@id\":\"https:\/\/noticias.imer.mx\/propuesta\/#website\",\"url\":\"https:\/\/noticias.imer.mx\/propuesta\/\",\"name\":\"Pruebas Noticias IMER\",\"description\":\"Otro sitio m\u00e1s de IMER Noticias\",\"potentialAction\":[{\"@type\":\"SearchAction\",\"target\":{\"@type\":\"EntryPoint\",\"urlTemplate\":\"https:\/\/noticias.imer.mx\/propuesta\/?s={search_term_string}\"},\"query-input\":\"required name=search_term_string\"}],\"inLanguage\":\"es\"},{\"@type\":\"Person\",\"@id\":\"https:\/\/noticias.imer.mx\/propuesta\/#\/schema\/person\/967c1f66b6217bbd12b628cc10f6e76d\",\"name\":\"serveradmin\",\"image\":{\"@type\":\"ImageObject\",\"inLanguage\":\"es\",\"@id\":\"https:\/\/noticias.imer.mx\/propuesta\/#\/schema\/person\/image\/\",\"url\":\"https:\/\/secure.gravatar.com\/avatar\/b7032212b076bde88e044d76d65f2c7b?s=96&d=mm&r=g\",\"contentUrl\":\"https:\/\/secure.gravatar.com\/avatar\/b7032212b076bde88e044d76d65f2c7b?s=96&d=mm&r=g\",\"caption\":\"serveradmin\"},\"url\":\"https:\/\/noticias.imer.mx\/propuesta\/author\/serveradmin\/\"}]}<\/script>\n<!-- \/ Yoast SEO plugin. -->","yoast_head_json":{"title":"Nace primera beb\u00e9 en hospital del IMSS para personas sin seguridad social - Pruebas Noticias IMER","description":"A una semana de inaugurarse, el hospital brinda servicios m\u00e9dicos a poblaci\u00f3n derechohabiente y sin seguridad social de manera gratuita.","robots":{"index":"index","follow":"follow","max-snippet":"max-snippet:-1","max-image-preview":"max-image-preview:large","max-video-preview":"max-video-preview:-1"},"canonical":"https:\/\/noticias.imer.mx\/propuesta\/2023\/02\/09\/nace-primera-bebe-en-hospital-del-imss-para-personas-sin-seguridad-social\/","og_locale":"es_ES","og_type":"article","og_title":"Nace primera beb\u00e9 en hospital del IMSS para personas sin seguridad social - Pruebas Noticias IMER","og_description":"A una semana de inaugurarse, el hospital brinda servicios m\u00e9dicos a poblaci\u00f3n derechohabiente y sin seguridad social de manera gratuita.","og_url":"https:\/\/noticias.imer.mx\/propuesta\/2023\/02\/09\/nace-primera-bebe-en-hospital-del-imss-para-personas-sin-seguridad-social\/","og_site_name":"Pruebas Noticias IMER","article_published_time":"2023-02-09T23:44:59+00:00","author":"serveradmin","twitter_card":"summary_large_image","twitter_misc":{"Escrito por":"serveradmin","Tiempo de lectura":"1 minuto"},"schema":{"@context":"https:\/\/schema.org","@graph":[{"@type":"WebPage","@id":"https:\/\/noticias.imer.mx\/propuesta\/2023\/02\/09\/nace-primera-bebe-en-hospital-del-imss-para-personas-sin-seguridad-social\/","url":"https:\/\/noticias.imer.mx\/propuesta\/2023\/02\/09\/nace-primera-bebe-en-hospital-del-imss-para-personas-sin-seguridad-social\/","name":"Nace primera beb\u00e9 en hospital del IMSS para personas sin seguridad social - Pruebas Noticias IMER","isPartOf":{"@id":"https:\/\/noticias.imer.mx\/propuesta\/#website"},"datePublished":"2023-02-09T23:44:59+00:00","dateModified":"2023-02-09T23:44:59+00:00","author":{"@id":"https:\/\/noticias.imer.mx\/propuesta\/#\/schema\/person\/967c1f66b6217bbd12b628cc10f6e76d"},"description":"A una semana de inaugurarse, el hospital brinda servicios m\u00e9dicos a poblaci\u00f3n derechohabiente y sin seguridad social de manera gratuita.","breadcrumb":{"@id":"https:\/\/noticias.imer.mx\/propuesta\/2023\/02\/09\/nace-primera-bebe-en-hospital-del-imss-para-personas-sin-seguridad-social\/#breadcrumb"},"inLanguage":"es","potentialAction":[{"@type":"ReadAction","target":["https:\/\/noticias.imer.mx\/propuesta\/2023\/02\/09\/nace-primera-bebe-en-hospital-del-imss-para-personas-sin-seguridad-social\/"]}]},{"@type":"BreadcrumbList","@id":"https:\/\/noticias.imer.mx\/propuesta\/2023\/02\/09\/nace-primera-bebe-en-hospital-del-imss-para-personas-sin-seguridad-social\/#breadcrumb","itemListElement":[{"@type":"ListItem","position":1,"name":"Portada","item":"https:\/\/noticias.imer.mx\/propuesta\/"},{"@type":"ListItem","position":2,"name":"Nace primera beb\u00e9 en hospital del IMSS para personas sin seguridad social"}]},{"@type":"WebSite","@id":"https:\/\/noticias.imer.mx\/propuesta\/#website","url":"https:\/\/noticias.imer.mx\/propuesta\/","name":"Pruebas Noticias IMER","description":"Otro sitio m\u00e1s de IMER Noticias","potentialAction":[{"@type":"SearchAction","target":{"@type":"EntryPoint","urlTemplate":"https:\/\/noticias.imer.mx\/propuesta\/?s={search_term_string}"},"query-input":"required name=search_term_string"}],"inLanguage":"es"},{"@type":"Person","@id":"https:\/\/noticias.imer.mx\/propuesta\/#\/schema\/person\/967c1f66b6217bbd12b628cc10f6e76d","name":"serveradmin","image":{"@type":"ImageObject","inLanguage":"es","@id":"https:\/\/noticias.imer.mx\/propuesta\/#\/schema\/person\/image\/","url":"https:\/\/secure.gravatar.com\/avatar\/b7032212b076bde88e044d76d65f2c7b?s=96&d=mm&r=g","contentUrl":"https:\/\/secure.gravatar.com\/avatar\/b7032212b076bde88e044d76d65f2c7b?s=96&d=mm&r=g","caption":"serveradmin"},"url":"https:\/\/noticias.imer.mx\/propuesta\/author\/serveradmin\/"}]}},"_links":{"self":[{"href":"https:\/\/noticias.imer.mx\/propuesta\/wp-json\/wp\/v2\/posts\/127076"}],"collection":[{"href":"https:\/\/noticias.imer.mx\/propuesta\/wp-json\/wp\/v2\/posts"}],"about":[{"href":"https:\/\/noticias.imer.mx\/propuesta\/wp-json\/wp\/v2\/types\/post"}],"author":[{"embeddable":true,"href":"https:\/\/noticias.imer.mx\/propuesta\/wp-json\/wp\/v2\/users\/30"}],"replies":[{"embeddable":true,"href":"https:\/\/noticias.imer.mx\/propuesta\/wp-json\/wp\/v2\/comments?post=127076"}],"version-history":[{"count":0,"href":"https:\/\/noticias.imer.mx\/propuesta\/wp-json\/wp\/v2\/posts\/127076\/revisions"}],"wp:featuredmedia":[{"embeddable":true,"href":"https:\/\/noticias.imer.mx\/propuesta\/wp-json\/"}],"wp:attachment":[{"href":"https:\/\/noticias.imer.mx\/propuesta\/wp-json\/wp\/v2\/media?parent=127076"}],"wp:term":[{"taxonomy":"category","embeddable":true,"href":"https:\/\/noticias.imer.mx\/propuesta\/wp-json\/wp\/v2\/categories?post=127076"},{"taxonomy":"post_tag","embeddable":true,"href":"https:\/\/noticias.imer.mx\/propuesta\/wp-json\/wp\/v2\/tags?post=127076"}],"curies":[{"name":"wp","href":"https:\/\/api.w.org\/{rel}","templated":true}]}}