{"id":127034,"date":"2023-02-09T13:37:17","date_gmt":"2023-02-09T19:37:17","guid":{"rendered":"http:\/\/noticias.imer.mx\/?p=127034"},"modified":"2023-02-09T13:37:17","modified_gmt":"2023-02-09T19:37:17","slug":"inteligencia-artificial-la-tecnologia-cierra-puertas-pero-abre-otras","status":"publish","type":"post","link":"https:\/\/noticias.imer.mx\/propuesta\/2023\/02\/09\/inteligencia-artificial-la-tecnologia-cierra-puertas-pero-abre-otras\/","title":{"rendered":"\u00a0Inteligencia Artificial: \u00abla tecnolog\u00eda cierra puertas, pero abre otras\u00bb"},"content":{"rendered":"<p>&nbsp;<\/p>\n<p>Pese a temores de usuarios sobre la Inteligencia Artificial, esta ha sido utilizada por a\u00f1os en aplicaciones a trav\u00e9s de algoritmos.<\/p>\n<p><span style=\"font-weight: 400\"><div class=\"gap\" style=\"line-height: 10px; height: 10px;\"><\/div><\/span><\/p>\n<p><span style=\"font-weight: 400\"><\/p>\n<div class=\"hr-thin\"><\/div>\n<p><\/span><\/p>\n<p style=\"text-align: center\"><b>IMER Noticias<\/b><\/p>\n<p><span style=\"font-weight: 400\"><\/p>\n<div class=\"hr-thin\"><\/div>\n<p><\/span><\/p>\n<p><span style=\"font-weight: 400\"><div class=\"gap\" style=\"line-height: 10px; height: 10px;\"><\/div><\/span><\/p>\n<p>&nbsp;<\/p>\n<p><span style=\"font-weight: 400\">Ante la pol\u00e9mica que gener\u00f3 la viralizaci\u00f3n de im\u00e1genes art\u00edsticas que fueron creadas a trav\u00e9s de <strong>Inteligencia Artificial<\/strong>, algunos usuarios de redes sociales se han cuestionado si esta rama de la tecnolog\u00eda podr\u00eda desplazar a aquellos que se especializan en \u00e1reas de la comunicaci\u00f3n o de dise\u00f1o gr\u00e1fico.<\/span><\/p>\n<p>&nbsp;<\/p>\n<p><span style=\"font-weight: 400\">Ante estas interrogantes, el especialista Gilberto Ochoa Ruiz, profesor investigador del grupo de Investigaci\u00f3n en<strong> Inteligencia Artificial Avanzada del Tecnol\u00f3gico de Monterrey<\/strong>, dijo en entrevista a<strong> IMER Noticias<\/strong> que: \u201cla tecnolog\u00eda cierra puertas, pero abre otras\u00bb.<\/span><\/p>\n<p>&nbsp;<\/p>\n<blockquote><p><span style=\"font-weight: 400\">\u201cLa tecnolog\u00eda cierra puertas, pero abre otras para otros trabajos. Definitivamente, s\u00ed se ve la preocupaci\u00f3n en el trabajo para abogados, hasta periodistas, dise\u00f1adores gr\u00e1ficos. Podr\u00eda ser un gran problema, aunque no considero que exista una oportunidad de reemplazar dise\u00f1adores gr\u00e1ficos, sin embargo, con las IA que hay al d\u00eda de hoy en d\u00eda se pueden generar piezas de arte muy bonitas y que se empezaron a usar en anuncios publicitarios\u201d.<\/span><\/p><\/blockquote>\n<h4><span style=\"color: #308446\">Convivencia con la Inteligencia Artificial<\/span><\/h4>\n<p>&nbsp;<\/p>\n<p><span style=\"font-weight: 400\">El especialista consider\u00f3 que ante el riesgo de que desaparezcan algunas \u00e1reas profesionales debido a la precisi\u00f3n de la inteligencia artificial, podr\u00eda existir una nueva oportunidad para que profesionistas vigilen el trabajo reproducido por la Inteligencia Artificial. \u201cSe trata de capacitar a la gente, lo que mucha gente dice es que no son\u201d, dijo.<\/span><\/p>\n<p>&nbsp;<\/p>\n<p><span style=\"font-weight: 400\">Ochoa Ruiz agreg\u00f3 que pese a que esta tecnolog\u00eda en el \u00e1mbito publicitario es nueva, ya ha sido utilizada para ofertar productos e incluso se\u00f1al\u00f3, ante temores de utilizar<strong> inteligencias artificiales<\/strong>, qu\u00e9 usuarios de internet y aplicaciones, han convivido con ellas en distintas plataformas.<\/span><\/p>\n<p>&nbsp;<\/p>\n<p><span style=\"font-weight: 400\">Preciso que los algoritmos son una vertiente de la IA que descifra a sus usuarios a trav\u00e9s de algoritmos en aplicaciones de compra o servicios de streaming, los cuales se configuran de acuerdo a preferencias.<\/span><\/p>\n<p>&nbsp;<\/p>\n<blockquote><p><span style=\"font-weight: 400\">\u00abDigamos que crean (las aplicaciones) un perfil de ti como usuario, y como no somos tan diferentes (&#8230;) te sugieren productos, puede verse como algo bueno o como algo malo. En el caso de redes sociales te muestra noticias con las que tienes cierta familiaridad\u201d, abund\u00f3 el especialista.<\/span><\/p><\/blockquote>\n<p><span style=\"font-weight: 400\"><div class=\"gap\" style=\"line-height: 10px; height: 10px;\"><\/div><\/span><\/p>\n<p><span style=\"font-weight: 400\"><\/p>\n<div class=\"hr-thick\"><\/div>\n<p><\/span><\/p>\n<p><span style=\"font-weight: 400\"><div class=\"gap\" style=\"line-height: 10px; height: 10px;\"><\/div><\/span><\/p>\n<p><span style=\"font-weight: 400\"><span class=\"dt-highlight\" >Te recomendamos:<\/span><\/span><\/p>\n<blockquote class=\"wp-embedded-content\" data-secret=\"SMyA5wdch0\"><p><a href=\"https:\/\/noticias.imer.mx\/blog\/hacia-un-marco-normativo-de-la-inteligencia-artificial\/\">Hacia un marco normativo de la Inteligencia Artificial<\/a><\/p><\/blockquote>\n<p><iframe class=\"wp-embedded-content\" sandbox=\"allow-scripts\" security=\"restricted\" style=\"position: absolute; clip: rect(1px, 1px, 1px, 1px);\" title=\"\u00abHacia un marco normativo de la Inteligencia Artificial\u00bb \u2014 IMER Noticias\" src=\"https:\/\/noticias.imer.mx\/blog\/hacia-un-marco-normativo-de-la-inteligencia-artificial\/embed\/#?secret=SMyA5wdch0\" data-secret=\"SMyA5wdch0\" width=\"600\" height=\"338\" frameborder=\"0\" marginwidth=\"0\" marginheight=\"0\" scrolling=\"no\"><\/iframe><\/p>\n","protected":false},"excerpt":{"rendered":"<p>Pese a temores de usuarios sobre la Inteligencia Artificial, esta ha sido utilizada por a\u00f1os en aplicaciones a trav\u00e9s de algoritmos. <\/p>\n","protected":false},"author":30,"featured_media":127036,"comment_status":"open","ping_status":"open","sticky":false,"template":"","format":"standard","meta":{"wp_popup_display_lightbox":0,"wp_popup_suppress":"","wp_popup_trigger":"","wp_popup_trigger_amount":0,"wp_popup_disable_on_mobile":false},"categories":[28],"tags":[2876,5618,7550,7857,14531],"yoast_head":"<!-- This site is optimized with the Yoast SEO plugin v21.0 - https:\/\/yoast.com\/wordpress\/plugins\/seo\/ -->\n<title>\u00a0Inteligencia Artificial: &quot;la tecnolog\u00eda cierra puertas, pero abre otras&quot;<\/title>\n<meta name=\"description\" content=\"Pese a temores de usuarios sobre la Inteligencia Artificial, esta ha sido utilizada por a\u00f1os en aplicaciones a trav\u00e9s de algoritmos.\" \/>\n<meta name=\"robots\" content=\"index, follow, max-snippet:-1, max-image-preview:large, max-video-preview:-1\" \/>\n<link rel=\"canonical\" href=\"https:\/\/noticias.imer.mx\/propuesta\/2023\/02\/09\/inteligencia-artificial-la-tecnologia-cierra-puertas-pero-abre-otras\/\" \/>\n<meta property=\"og:locale\" content=\"es_ES\" \/>\n<meta property=\"og:type\" content=\"article\" \/>\n<meta property=\"og:title\" content=\"\u00a0Inteligencia Artificial: &quot;la tecnolog\u00eda cierra puertas, pero abre otras&quot;\" \/>\n<meta property=\"og:description\" content=\"Pese a temores de usuarios sobre la Inteligencia Artificial, esta ha sido utilizada por a\u00f1os en aplicaciones a trav\u00e9s de algoritmos.\" \/>\n<meta property=\"og:url\" content=\"https:\/\/noticias.imer.mx\/propuesta\/2023\/02\/09\/inteligencia-artificial-la-tecnologia-cierra-puertas-pero-abre-otras\/\" \/>\n<meta property=\"og:site_name\" content=\"Pruebas Noticias IMER\" \/>\n<meta property=\"article:published_time\" content=\"2023-02-09T19:37:17+00:00\" \/>\n<meta name=\"author\" content=\"serveradmin\" \/>\n<meta name=\"twitter:card\" content=\"summary_large_image\" \/>\n<meta name=\"twitter:label1\" content=\"Escrito por\" \/>\n\t<meta name=\"twitter:data1\" content=\"serveradmin\" \/>\n\t<meta name=\"twitter:label2\" content=\"Tiempo de lectura\" \/>\n\t<meta name=\"twitter:data2\" content=\"2 minutos\" \/>\n<script type=\"application\/ld+json\" class=\"yoast-schema-graph\">{\"@context\":\"https:\/\/schema.org\",\"@graph\":[{\"@type\":\"WebPage\",\"@id\":\"https:\/\/noticias.imer.mx\/propuesta\/2023\/02\/09\/inteligencia-artificial-la-tecnologia-cierra-puertas-pero-abre-otras\/\",\"url\":\"https:\/\/noticias.imer.mx\/propuesta\/2023\/02\/09\/inteligencia-artificial-la-tecnologia-cierra-puertas-pero-abre-otras\/\",\"name\":\"\u00a0Inteligencia Artificial: \\\"la tecnolog\u00eda cierra puertas, pero abre otras\\\"\",\"isPartOf\":{\"@id\":\"https:\/\/noticias.imer.mx\/propuesta\/#website\"},\"datePublished\":\"2023-02-09T19:37:17+00:00\",\"dateModified\":\"2023-02-09T19:37:17+00:00\",\"author\":{\"@id\":\"https:\/\/noticias.imer.mx\/propuesta\/#\/schema\/person\/967c1f66b6217bbd12b628cc10f6e76d\"},\"description\":\"Pese a temores de usuarios sobre la Inteligencia Artificial, esta ha sido utilizada por a\u00f1os en aplicaciones a trav\u00e9s de algoritmos.\",\"breadcrumb\":{\"@id\":\"https:\/\/noticias.imer.mx\/propuesta\/2023\/02\/09\/inteligencia-artificial-la-tecnologia-cierra-puertas-pero-abre-otras\/#breadcrumb\"},\"inLanguage\":\"es\",\"potentialAction\":[{\"@type\":\"ReadAction\",\"target\":[\"https:\/\/noticias.imer.mx\/propuesta\/2023\/02\/09\/inteligencia-artificial-la-tecnologia-cierra-puertas-pero-abre-otras\/\"]}]},{\"@type\":\"BreadcrumbList\",\"@id\":\"https:\/\/noticias.imer.mx\/propuesta\/2023\/02\/09\/inteligencia-artificial-la-tecnologia-cierra-puertas-pero-abre-otras\/#breadcrumb\",\"itemListElement\":[{\"@type\":\"ListItem\",\"position\":1,\"name\":\"Portada\",\"item\":\"https:\/\/noticias.imer.mx\/propuesta\/\"},{\"@type\":\"ListItem\",\"position\":2,\"name\":\"\u00a0Inteligencia Artificial: &#8220;la tecnolog\u00eda cierra puertas, pero abre otras&#8221;\"}]},{\"@type\":\"WebSite\",\"@id\":\"https:\/\/noticias.imer.mx\/propuesta\/#website\",\"url\":\"https:\/\/noticias.imer.mx\/propuesta\/\",\"name\":\"Pruebas Noticias IMER\",\"description\":\"Otro sitio m\u00e1s de IMER Noticias\",\"potentialAction\":[{\"@type\":\"SearchAction\",\"target\":{\"@type\":\"EntryPoint\",\"urlTemplate\":\"https:\/\/noticias.imer.mx\/propuesta\/?s={search_term_string}\"},\"query-input\":\"required name=search_term_string\"}],\"inLanguage\":\"es\"},{\"@type\":\"Person\",\"@id\":\"https:\/\/noticias.imer.mx\/propuesta\/#\/schema\/person\/967c1f66b6217bbd12b628cc10f6e76d\",\"name\":\"serveradmin\",\"image\":{\"@type\":\"ImageObject\",\"inLanguage\":\"es\",\"@id\":\"https:\/\/noticias.imer.mx\/propuesta\/#\/schema\/person\/image\/\",\"url\":\"https:\/\/secure.gravatar.com\/avatar\/b7032212b076bde88e044d76d65f2c7b?s=96&d=mm&r=g\",\"contentUrl\":\"https:\/\/secure.gravatar.com\/avatar\/b7032212b076bde88e044d76d65f2c7b?s=96&d=mm&r=g\",\"caption\":\"serveradmin\"},\"url\":\"https:\/\/noticias.imer.mx\/propuesta\/author\/serveradmin\/\"}]}<\/script>\n<!-- \/ Yoast SEO plugin. -->","yoast_head_json":{"title":"\u00a0Inteligencia Artificial: \"la tecnolog\u00eda cierra puertas, pero abre otras\"","description":"Pese a temores de usuarios sobre la Inteligencia Artificial, esta ha sido utilizada por a\u00f1os en aplicaciones a trav\u00e9s de algoritmos.","robots":{"index":"index","follow":"follow","max-snippet":"max-snippet:-1","max-image-preview":"max-image-preview:large","max-video-preview":"max-video-preview:-1"},"canonical":"https:\/\/noticias.imer.mx\/propuesta\/2023\/02\/09\/inteligencia-artificial-la-tecnologia-cierra-puertas-pero-abre-otras\/","og_locale":"es_ES","og_type":"article","og_title":"\u00a0Inteligencia Artificial: \"la tecnolog\u00eda cierra puertas, pero abre otras\"","og_description":"Pese a temores de usuarios sobre la Inteligencia Artificial, esta ha sido utilizada por a\u00f1os en aplicaciones a trav\u00e9s de algoritmos.","og_url":"https:\/\/noticias.imer.mx\/propuesta\/2023\/02\/09\/inteligencia-artificial-la-tecnologia-cierra-puertas-pero-abre-otras\/","og_site_name":"Pruebas Noticias IMER","article_published_time":"2023-02-09T19:37:17+00:00","author":"serveradmin","twitter_card":"summary_large_image","twitter_misc":{"Escrito por":"serveradmin","Tiempo de lectura":"2 minutos"},"schema":{"@context":"https:\/\/schema.org","@graph":[{"@type":"WebPage","@id":"https:\/\/noticias.imer.mx\/propuesta\/2023\/02\/09\/inteligencia-artificial-la-tecnologia-cierra-puertas-pero-abre-otras\/","url":"https:\/\/noticias.imer.mx\/propuesta\/2023\/02\/09\/inteligencia-artificial-la-tecnologia-cierra-puertas-pero-abre-otras\/","name":"\u00a0Inteligencia Artificial: \"la tecnolog\u00eda cierra puertas, pero abre otras\"","isPartOf":{"@id":"https:\/\/noticias.imer.mx\/propuesta\/#website"},"datePublished":"2023-02-09T19:37:17+00:00","dateModified":"2023-02-09T19:37:17+00:00","author":{"@id":"https:\/\/noticias.imer.mx\/propuesta\/#\/schema\/person\/967c1f66b6217bbd12b628cc10f6e76d"},"description":"Pese a temores de usuarios sobre la Inteligencia Artificial, esta ha sido utilizada por a\u00f1os en aplicaciones a trav\u00e9s de algoritmos.","breadcrumb":{"@id":"https:\/\/noticias.imer.mx\/propuesta\/2023\/02\/09\/inteligencia-artificial-la-tecnologia-cierra-puertas-pero-abre-otras\/#breadcrumb"},"inLanguage":"es","potentialAction":[{"@type":"ReadAction","target":["https:\/\/noticias.imer.mx\/propuesta\/2023\/02\/09\/inteligencia-artificial-la-tecnologia-cierra-puertas-pero-abre-otras\/"]}]},{"@type":"BreadcrumbList","@id":"https:\/\/noticias.imer.mx\/propuesta\/2023\/02\/09\/inteligencia-artificial-la-tecnologia-cierra-puertas-pero-abre-otras\/#breadcrumb","itemListElement":[{"@type":"ListItem","position":1,"name":"Portada","item":"https:\/\/noticias.imer.mx\/propuesta\/"},{"@type":"ListItem","position":2,"name":"\u00a0Inteligencia Artificial: &#8220;la tecnolog\u00eda cierra puertas, pero abre otras&#8221;"}]},{"@type":"WebSite","@id":"https:\/\/noticias.imer.mx\/propuesta\/#website","url":"https:\/\/noticias.imer.mx\/propuesta\/","name":"Pruebas Noticias IMER","description":"Otro sitio m\u00e1s de IMER Noticias","potentialAction":[{"@type":"SearchAction","target":{"@type":"EntryPoint","urlTemplate":"https:\/\/noticias.imer.mx\/propuesta\/?s={search_term_string}"},"query-input":"required name=search_term_string"}],"inLanguage":"es"},{"@type":"Person","@id":"https:\/\/noticias.imer.mx\/propuesta\/#\/schema\/person\/967c1f66b6217bbd12b628cc10f6e76d","name":"serveradmin","image":{"@type":"ImageObject","inLanguage":"es","@id":"https:\/\/noticias.imer.mx\/propuesta\/#\/schema\/person\/image\/","url":"https:\/\/secure.gravatar.com\/avatar\/b7032212b076bde88e044d76d65f2c7b?s=96&d=mm&r=g","contentUrl":"https:\/\/secure.gravatar.com\/avatar\/b7032212b076bde88e044d76d65f2c7b?s=96&d=mm&r=g","caption":"serveradmin"},"url":"https:\/\/noticias.imer.mx\/propuesta\/author\/serveradmin\/"}]}},"_links":{"self":[{"href":"https:\/\/noticias.imer.mx\/propuesta\/wp-json\/wp\/v2\/posts\/127034"}],"collection":[{"href":"https:\/\/noticias.imer.mx\/propuesta\/wp-json\/wp\/v2\/posts"}],"about":[{"href":"https:\/\/noticias.imer.mx\/propuesta\/wp-json\/wp\/v2\/types\/post"}],"author":[{"embeddable":true,"href":"https:\/\/noticias.imer.mx\/propuesta\/wp-json\/wp\/v2\/users\/30"}],"replies":[{"embeddable":true,"href":"https:\/\/noticias.imer.mx\/propuesta\/wp-json\/wp\/v2\/comments?post=127034"}],"version-history":[{"count":0,"href":"https:\/\/noticias.imer.mx\/propuesta\/wp-json\/wp\/v2\/posts\/127034\/revisions"}],"wp:featuredmedia":[{"embeddable":true,"href":"https:\/\/noticias.imer.mx\/propuesta\/wp-json\/"}],"wp:attachment":[{"href":"https:\/\/noticias.imer.mx\/propuesta\/wp-json\/wp\/v2\/media?parent=127034"}],"wp:term":[{"taxonomy":"category","embeddable":true,"href":"https:\/\/noticias.imer.mx\/propuesta\/wp-json\/wp\/v2\/categories?post=127034"},{"taxonomy":"post_tag","embeddable":true,"href":"https:\/\/noticias.imer.mx\/propuesta\/wp-json\/wp\/v2\/tags?post=127034"}],"curies":[{"name":"wp","href":"https:\/\/api.w.org\/{rel}","templated":true}]}}