{"id":127009,"date":"2023-02-09T11:38:40","date_gmt":"2023-02-09T17:38:40","guid":{"rendered":"http:\/\/noticias.imer.mx\/?p=127009"},"modified":"2023-02-09T11:38:40","modified_gmt":"2023-02-09T17:38:40","slug":"centros-acopio-turquia-esto-puedes-llevar","status":"publish","type":"post","link":"https:\/\/noticias.imer.mx\/propuesta\/2023\/02\/09\/centros-acopio-turquia-esto-puedes-llevar\/","title":{"rendered":"Centros de acopio para apoyar a Turqu\u00eda: esto puedes llevar"},"content":{"rendered":"<p><em>La ayuda puede entregarse en la Embajada de Turqu\u00eda, la Base A\u00e9rea Militar N. 1 de la Sedena o en el Z\u00f3calo de la Ciudad de M\u00e9xico.<\/em><\/p>\n<p>&nbsp;<\/p>\n<div class=\"hr-thin\"><\/div>\n<div class=\"gap\" style=\"line-height: 10px; height: 10px;\"><\/div>\n<p style=\"text-align: center\"><strong>IMER Noticias<\/strong><\/p>\n<div class=\"gap\" style=\"line-height: 10px; height: 10px;\"><\/div>\n<div class=\"hr-thin\"><\/div>\n<p>&nbsp;<\/p>\n<p>Luego del sismo de 7.9 grados de magnitud registrado el pasado lunes 6 de febrero en Turqu\u00eda, ese pa\u00eds y Siria requieren ayuda humanitaria.<\/p>\n<p>&nbsp;<\/p>\n<p>Para ello, al momento se han instalado diversos <strong>centros de acopio en la Ciudad de M\u00e9xico<\/strong>, en los cuales los capitalinos podr\u00e1n apoyar con insumos b\u00e1sicos.<\/p>\n<p>&nbsp;<\/p>\n<p>&nbsp;<\/p>\n<h4><span style=\"color: #308446\"><strong>\u00bfD\u00f3nde se encuentran los centros de acopio?\u00a0<\/strong><\/span><\/h4>\n<p>&nbsp;<\/p>\n<p>La <strong>Embajada de Turqu\u00eda<\/strong> abri\u00f3 un espacio para la recepci\u00f3n de ayuda humanitaria, en un horadio de 09:00 horas a 13:00 horas y de 14:00 horas a 16:30 horas.<\/p>\n<p>&nbsp;<\/p>\n<blockquote class=\"twitter-tweet\" data-width=\"550\" data-dnt=\"true\">\n<p lang=\"es\" dir=\"ltr\">Muchas gracias <a href=\"https:\/\/twitter.com\/AMEXCID?ref_src=twsrc%5Etfw\">@AMEXCID<\/a>, <a href=\"https:\/\/twitter.com\/SRE_mx?ref_src=twsrc%5Etfw\">@SRE_mx<\/a>, <a href=\"https:\/\/twitter.com\/m_ebrard?ref_src=twsrc%5Etfw\">@m_ebrard<\/a>  &amp; al pueblo de M\u00e9xico por sus donaciones \ud83c\uddf2\ud83c\uddfd\ud83e\udd1d\ud83c\uddf9\ud83c\uddf7 <a href=\"https:\/\/t.co\/naH9jZj0XK\">pic.twitter.com\/naH9jZj0XK<\/a><\/p>\n<p>&mdash; Embajada de T\u00fcrkiye en M\u00e9xico (@TurkEmbMex) <a href=\"https:\/\/twitter.com\/TurkEmbMex\/status\/1623573151643758592?ref_src=twsrc%5Etfw\">February 9, 2023<\/a><\/p><\/blockquote>\n<p><script async src=\"https:\/\/platform.twitter.com\/widgets.js\" charset=\"utf-8\"><\/script><\/p>\n<p>&nbsp;<\/p>\n<p>La embajada est\u00e1 en Monte L\u00edbano 885, en Lomas de Chapultepec, alcald\u00eda Miguel Hidalgo. Tambi\u00e9n se reciben v\u00edveres en el Centro Cultural de Turqu\u00eda, ubicado en la calle Hegel 618 de la misma alcald\u00eda.<\/p>\n<p>&nbsp;<\/p>\n<p>Adem\u00e1s, se abri\u00f3 una cuenta en el banco BBVA, a nombre de la Embajada de la Rep\u00fablica de Turqu\u00eda, para realizar donativos econ\u00f3micos en apoyo a los damnificados. La cuenta es 0119973486 y la CLABE 012180001199734864.<\/p>\n<p>&nbsp;<\/p>\n<blockquote class=\"twitter-tweet\" data-width=\"550\" data-dnt=\"true\">\n<p lang=\"es\" dir=\"ltr\">Se informa al p\u00fablico que la Embajada de T\u00fcrkiye ha abierto una cuenta, a nombre de la Embajada de la Rep\u00fablica de Turqu\u00eda, en Pesos Moneda Nacional, en el Banco BBVA, para realizar donativos a los damnificados de los terremotos sucedidos en T\u00fcrkiye el 6 de febrero de 2023. <a href=\"https:\/\/t.co\/avhcWlXYqD\">pic.twitter.com\/avhcWlXYqD<\/a><\/p>\n<p>&mdash; Embajada de T\u00fcrkiye en M\u00e9xico (@TurkEmbMex) <a href=\"https:\/\/twitter.com\/TurkEmbMex\/status\/1623764283229347841?ref_src=twsrc%5Etfw\">February 9, 2023<\/a><\/p><\/blockquote>\n<p><script async src=\"https:\/\/platform.twitter.com\/widgets.js\" charset=\"utf-8\"><\/script><\/p>\n<p>&nbsp;<\/p>\n<p>La ayuda tambi\u00e9n puede ser llevada a la <strong>Base A\u00e9rea Militar N. 1<\/strong> de la Secretar\u00eda de la Defensa Nacional (Sedena), en Santa Luc\u00eda Estado de M\u00e9xico, o al Z\u00f3calo de la Ciudad de M\u00e9xico.<\/p>\n<p>&nbsp;<\/p>\n<p>&nbsp;<\/p>\n<h4><strong><span style=\"color: #308446\">\u00bfQu\u00e9 llevar?<\/span><\/strong><\/h4>\n<p>&nbsp;<\/p>\n<p>De acuerdo con la embajada de Turqu\u00eda, <strong>estos productos son los que se necesitan<\/strong>:<\/p>\n<p>&nbsp;<\/p>\n<p>Ropa de invierno para ni\u00f1os y adultos: abrigos, impermeables, botas, vestidos, pantalones, bufandas, gorros, calcetines y ropa interior.<\/p>\n<p>&nbsp;<\/p>\n<p>La representaci\u00f3n diplom\u00e1tica tambi\u00e9n solicit\u00f3 ayuda como: carpas, camas, colchones, frazadas, sacos para dormir, calentadores, estufas port\u00e1tiles, tanques de gas, termos, linternas, bancos de energ\u00eda y generadores.<\/p>\n<p>&nbsp;<\/p>\n<p>En los centros de acopio solo se recibir\u00e1n medicamentos y alimentos no perecederos, como aquellos que son enlatados y sellados al vac\u00edo, as\u00ed como deshidratados y secos.<\/p>\n<p>&nbsp;<\/p>\n<p>&nbsp;<\/p>\n<h4><span style=\"color: #308446\"><strong>Apoyo de M\u00e9xico en rescates<\/strong><\/span><\/h4>\n<p>&nbsp;<\/p>\n<p>M\u00e9xico envi\u00f3 el martes a Turqu\u00eda 150 elementos especializados en b\u00fasqueda y rescate para ayudar a las v\u00edctimas y afectados por los terremotos del pasado lunes que han dejado al menos 3 mil 700 muertos.<\/p>\n<p>&nbsp;<\/p>\n<p>En un comunicado, la Canciller\u00eda precis\u00f3 que el equipo interinstitucional especializado de b\u00fasqueda y rescate urbano est\u00e1 conformado por elementos de la Secretar\u00eda de la Defensa Nacional (Sedena), de la Secretar\u00eda de Marina (Semar) y de la Cruz Roja Mexicana.<\/p>\n<p>&nbsp;<\/p>\n<p>Estos efectivos colaborar\u00e1n en las acciones de respuesta para el auxilio a la poblaci\u00f3n afectada, a\u00f1adi\u00f3 la Secretar\u00eda de Relaciones Exteriores (SRE).<\/p>\n<p>&nbsp;<\/p>\n<p>&nbsp;<\/p>\n<div class=\"hr-thin\"><\/div>\n","protected":false},"excerpt":{"rendered":"<p>La ayuda tambi\u00e9n puede ser llevada a la Embajada de Turqu\u00eda, la Base A\u00e9rea Militar N. 1 de la Sedena o al Z\u00f3calo de la Ciudad de M\u00e9xico.<\/p>\n","protected":false},"author":30,"featured_media":127027,"comment_status":"open","ping_status":"open","sticky":false,"template":"","format":"standard","meta":{"wp_popup_display_lightbox":0,"wp_popup_suppress":"","wp_popup_trigger":"","wp_popup_trigger_amount":0,"wp_popup_disable_on_mobile":false},"categories":[31,13],"tags":[1747,2799,14097,14109,15071],"yoast_head":"<!-- This site is optimized with the Yoast SEO plugin v21.0 - https:\/\/yoast.com\/wordpress\/plugins\/seo\/ -->\n<title>Centros de acopio para apoyar a Turqu\u00eda: esto es lo que puedes llevar<\/title>\n<meta name=\"description\" content=\"Turqu\u00eda solicit\u00f3 que en los centros de acopio solo se aporten alimentos no perecederos como aquellos enlatados y sellados al vac\u00edo.\" \/>\n<meta name=\"robots\" content=\"index, follow, max-snippet:-1, max-image-preview:large, max-video-preview:-1\" \/>\n<link rel=\"canonical\" href=\"https:\/\/noticias.imer.mx\/propuesta\/2023\/02\/09\/centros-acopio-turquia-esto-puedes-llevar\/\" \/>\n<meta property=\"og:locale\" content=\"es_ES\" \/>\n<meta property=\"og:type\" content=\"article\" \/>\n<meta property=\"og:title\" content=\"Centros de acopio para apoyar a Turqu\u00eda: esto es lo que puedes llevar\" \/>\n<meta property=\"og:description\" content=\"Turqu\u00eda solicit\u00f3 que en los centros de acopio solo se aporten alimentos no perecederos como aquellos enlatados y sellados al vac\u00edo.\" \/>\n<meta property=\"og:url\" content=\"https:\/\/noticias.imer.mx\/propuesta\/2023\/02\/09\/centros-acopio-turquia-esto-puedes-llevar\/\" \/>\n<meta property=\"og:site_name\" content=\"Pruebas Noticias IMER\" \/>\n<meta property=\"article:published_time\" content=\"2023-02-09T17:38:40+00:00\" \/>\n<meta name=\"author\" content=\"serveradmin\" \/>\n<meta name=\"twitter:card\" content=\"summary_large_image\" \/>\n<meta name=\"twitter:label1\" content=\"Escrito por\" \/>\n\t<meta name=\"twitter:data1\" content=\"serveradmin\" \/>\n\t<meta name=\"twitter:label2\" content=\"Tiempo de lectura\" \/>\n\t<meta name=\"twitter:data2\" content=\"2 minutos\" \/>\n<script type=\"application\/ld+json\" class=\"yoast-schema-graph\">{\"@context\":\"https:\/\/schema.org\",\"@graph\":[{\"@type\":\"WebPage\",\"@id\":\"https:\/\/noticias.imer.mx\/propuesta\/2023\/02\/09\/centros-acopio-turquia-esto-puedes-llevar\/\",\"url\":\"https:\/\/noticias.imer.mx\/propuesta\/2023\/02\/09\/centros-acopio-turquia-esto-puedes-llevar\/\",\"name\":\"Centros de acopio para apoyar a Turqu\u00eda: esto es lo que puedes llevar\",\"isPartOf\":{\"@id\":\"https:\/\/noticias.imer.mx\/propuesta\/#website\"},\"datePublished\":\"2023-02-09T17:38:40+00:00\",\"dateModified\":\"2023-02-09T17:38:40+00:00\",\"author\":{\"@id\":\"https:\/\/noticias.imer.mx\/propuesta\/#\/schema\/person\/967c1f66b6217bbd12b628cc10f6e76d\"},\"description\":\"Turqu\u00eda solicit\u00f3 que en los centros de acopio solo se aporten alimentos no perecederos como aquellos enlatados y sellados al vac\u00edo.\",\"breadcrumb\":{\"@id\":\"https:\/\/noticias.imer.mx\/propuesta\/2023\/02\/09\/centros-acopio-turquia-esto-puedes-llevar\/#breadcrumb\"},\"inLanguage\":\"es\",\"potentialAction\":[{\"@type\":\"ReadAction\",\"target\":[\"https:\/\/noticias.imer.mx\/propuesta\/2023\/02\/09\/centros-acopio-turquia-esto-puedes-llevar\/\"]}]},{\"@type\":\"BreadcrumbList\",\"@id\":\"https:\/\/noticias.imer.mx\/propuesta\/2023\/02\/09\/centros-acopio-turquia-esto-puedes-llevar\/#breadcrumb\",\"itemListElement\":[{\"@type\":\"ListItem\",\"position\":1,\"name\":\"Portada\",\"item\":\"https:\/\/noticias.imer.mx\/propuesta\/\"},{\"@type\":\"ListItem\",\"position\":2,\"name\":\"Centros de acopio para apoyar a Turqu\u00eda: esto puedes llevar\"}]},{\"@type\":\"WebSite\",\"@id\":\"https:\/\/noticias.imer.mx\/propuesta\/#website\",\"url\":\"https:\/\/noticias.imer.mx\/propuesta\/\",\"name\":\"Pruebas Noticias IMER\",\"description\":\"Otro sitio m\u00e1s de IMER Noticias\",\"potentialAction\":[{\"@type\":\"SearchAction\",\"target\":{\"@type\":\"EntryPoint\",\"urlTemplate\":\"https:\/\/noticias.imer.mx\/propuesta\/?s={search_term_string}\"},\"query-input\":\"required name=search_term_string\"}],\"inLanguage\":\"es\"},{\"@type\":\"Person\",\"@id\":\"https:\/\/noticias.imer.mx\/propuesta\/#\/schema\/person\/967c1f66b6217bbd12b628cc10f6e76d\",\"name\":\"serveradmin\",\"image\":{\"@type\":\"ImageObject\",\"inLanguage\":\"es\",\"@id\":\"https:\/\/noticias.imer.mx\/propuesta\/#\/schema\/person\/image\/\",\"url\":\"https:\/\/secure.gravatar.com\/avatar\/b7032212b076bde88e044d76d65f2c7b?s=96&d=mm&r=g\",\"contentUrl\":\"https:\/\/secure.gravatar.com\/avatar\/b7032212b076bde88e044d76d65f2c7b?s=96&d=mm&r=g\",\"caption\":\"serveradmin\"},\"url\":\"https:\/\/noticias.imer.mx\/propuesta\/author\/serveradmin\/\"}]}<\/script>\n<!-- \/ Yoast SEO plugin. -->","yoast_head_json":{"title":"Centros de acopio para apoyar a Turqu\u00eda: esto es lo que puedes llevar","description":"Turqu\u00eda solicit\u00f3 que en los centros de acopio solo se aporten alimentos no perecederos como aquellos enlatados y sellados al vac\u00edo.","robots":{"index":"index","follow":"follow","max-snippet":"max-snippet:-1","max-image-preview":"max-image-preview:large","max-video-preview":"max-video-preview:-1"},"canonical":"https:\/\/noticias.imer.mx\/propuesta\/2023\/02\/09\/centros-acopio-turquia-esto-puedes-llevar\/","og_locale":"es_ES","og_type":"article","og_title":"Centros de acopio para apoyar a Turqu\u00eda: esto es lo que puedes llevar","og_description":"Turqu\u00eda solicit\u00f3 que en los centros de acopio solo se aporten alimentos no perecederos como aquellos enlatados y sellados al vac\u00edo.","og_url":"https:\/\/noticias.imer.mx\/propuesta\/2023\/02\/09\/centros-acopio-turquia-esto-puedes-llevar\/","og_site_name":"Pruebas Noticias IMER","article_published_time":"2023-02-09T17:38:40+00:00","author":"serveradmin","twitter_card":"summary_large_image","twitter_misc":{"Escrito por":"serveradmin","Tiempo de lectura":"2 minutos"},"schema":{"@context":"https:\/\/schema.org","@graph":[{"@type":"WebPage","@id":"https:\/\/noticias.imer.mx\/propuesta\/2023\/02\/09\/centros-acopio-turquia-esto-puedes-llevar\/","url":"https:\/\/noticias.imer.mx\/propuesta\/2023\/02\/09\/centros-acopio-turquia-esto-puedes-llevar\/","name":"Centros de acopio para apoyar a Turqu\u00eda: esto es lo que puedes llevar","isPartOf":{"@id":"https:\/\/noticias.imer.mx\/propuesta\/#website"},"datePublished":"2023-02-09T17:38:40+00:00","dateModified":"2023-02-09T17:38:40+00:00","author":{"@id":"https:\/\/noticias.imer.mx\/propuesta\/#\/schema\/person\/967c1f66b6217bbd12b628cc10f6e76d"},"description":"Turqu\u00eda solicit\u00f3 que en los centros de acopio solo se aporten alimentos no perecederos como aquellos enlatados y sellados al vac\u00edo.","breadcrumb":{"@id":"https:\/\/noticias.imer.mx\/propuesta\/2023\/02\/09\/centros-acopio-turquia-esto-puedes-llevar\/#breadcrumb"},"inLanguage":"es","potentialAction":[{"@type":"ReadAction","target":["https:\/\/noticias.imer.mx\/propuesta\/2023\/02\/09\/centros-acopio-turquia-esto-puedes-llevar\/"]}]},{"@type":"BreadcrumbList","@id":"https:\/\/noticias.imer.mx\/propuesta\/2023\/02\/09\/centros-acopio-turquia-esto-puedes-llevar\/#breadcrumb","itemListElement":[{"@type":"ListItem","position":1,"name":"Portada","item":"https:\/\/noticias.imer.mx\/propuesta\/"},{"@type":"ListItem","position":2,"name":"Centros de acopio para apoyar a Turqu\u00eda: esto puedes llevar"}]},{"@type":"WebSite","@id":"https:\/\/noticias.imer.mx\/propuesta\/#website","url":"https:\/\/noticias.imer.mx\/propuesta\/","name":"Pruebas Noticias IMER","description":"Otro sitio m\u00e1s de IMER Noticias","potentialAction":[{"@type":"SearchAction","target":{"@type":"EntryPoint","urlTemplate":"https:\/\/noticias.imer.mx\/propuesta\/?s={search_term_string}"},"query-input":"required name=search_term_string"}],"inLanguage":"es"},{"@type":"Person","@id":"https:\/\/noticias.imer.mx\/propuesta\/#\/schema\/person\/967c1f66b6217bbd12b628cc10f6e76d","name":"serveradmin","image":{"@type":"ImageObject","inLanguage":"es","@id":"https:\/\/noticias.imer.mx\/propuesta\/#\/schema\/person\/image\/","url":"https:\/\/secure.gravatar.com\/avatar\/b7032212b076bde88e044d76d65f2c7b?s=96&d=mm&r=g","contentUrl":"https:\/\/secure.gravatar.com\/avatar\/b7032212b076bde88e044d76d65f2c7b?s=96&d=mm&r=g","caption":"serveradmin"},"url":"https:\/\/noticias.imer.mx\/propuesta\/author\/serveradmin\/"}]}},"_links":{"self":[{"href":"https:\/\/noticias.imer.mx\/propuesta\/wp-json\/wp\/v2\/posts\/127009"}],"collection":[{"href":"https:\/\/noticias.imer.mx\/propuesta\/wp-json\/wp\/v2\/posts"}],"about":[{"href":"https:\/\/noticias.imer.mx\/propuesta\/wp-json\/wp\/v2\/types\/post"}],"author":[{"embeddable":true,"href":"https:\/\/noticias.imer.mx\/propuesta\/wp-json\/wp\/v2\/users\/30"}],"replies":[{"embeddable":true,"href":"https:\/\/noticias.imer.mx\/propuesta\/wp-json\/wp\/v2\/comments?post=127009"}],"version-history":[{"count":0,"href":"https:\/\/noticias.imer.mx\/propuesta\/wp-json\/wp\/v2\/posts\/127009\/revisions"}],"wp:featuredmedia":[{"embeddable":true,"href":"https:\/\/noticias.imer.mx\/propuesta\/wp-json\/"}],"wp:attachment":[{"href":"https:\/\/noticias.imer.mx\/propuesta\/wp-json\/wp\/v2\/media?parent=127009"}],"wp:term":[{"taxonomy":"category","embeddable":true,"href":"https:\/\/noticias.imer.mx\/propuesta\/wp-json\/wp\/v2\/categories?post=127009"},{"taxonomy":"post_tag","embeddable":true,"href":"https:\/\/noticias.imer.mx\/propuesta\/wp-json\/wp\/v2\/tags?post=127009"}],"curies":[{"name":"wp","href":"https:\/\/api.w.org\/{rel}","templated":true}]}}