{"id":126830,"date":"2023-02-07T18:37:46","date_gmt":"2023-02-08T00:37:46","guid":{"rendered":"http:\/\/noticias.imer.mx\/?p=126830"},"modified":"2023-02-07T18:37:46","modified_gmt":"2023-02-08T00:37:46","slug":"juez-frena-tramo-5-del-tren-maya-con-nueva-suspension-definitiva","status":"publish","type":"post","link":"https:\/\/noticias.imer.mx\/propuesta\/2023\/02\/07\/juez-frena-tramo-5-del-tren-maya-con-nueva-suspension-definitiva\/","title":{"rendered":"Juez frena tramo 5 del Tren Maya con nueva suspensi\u00f3n definitiva"},"content":{"rendered":"<p><em>El Tramo 5 vuelve a estar bajo suspensi\u00f3n por un Juez de Distrito en Yucat\u00e1n.<\/em><\/p>\n<p><span style=\"font-weight: 400\"><div class=\"gap\" style=\"line-height: 10px; height: 10px;\"><\/div><\/span><\/p>\n<p><span style=\"font-weight: 400\"><\/p>\n<div class=\"hr-thin\"><\/div>\n<p><\/span><\/p>\n<p style=\"text-align: center\"><b>Fabi\u00e1n Vega<\/b><\/p>\n<p><span style=\"font-weight: 400\"><\/p>\n<div class=\"hr-thin\"><\/div>\n<p><\/span><\/p>\n<p><span style=\"font-weight: 400\"><div class=\"gap\" style=\"line-height: 10px; height: 10px;\"><\/div><\/span><\/p>\n<p>&nbsp;<\/p>\n<p>El Juez de Distrito del Juzgado Primero de Yucat\u00e1n concedi\u00f3 una nueva suspensi\u00f3n definitiva al Tramo 5 Sur y Norte del Tren Maya. El trazo suspendido va de Canc\u00fan a Tul\u00fam en Quintana Roo.<\/p>\n<p>&nbsp;<\/p>\n<p>Esta disposici\u00f3n proh\u00edbe la destrucci\u00f3n de flora y fauna fuera de la superficie autorizada para el cambio de tipo de suelo en terrenos forestales.<\/p>\n<p>&nbsp;<\/p>\n<blockquote><p>\u201cPara el efecto que se suspenda o paralice cualquier acto que tenga como finalidad la continuaci\u00f3n de tala o desmonte en los terrenos que comprende el Tramo 5 Sur y Norte del proyecto Tren Maya\u201d.<\/p><\/blockquote>\n<p>&nbsp;<\/p>\n<p>En diciembre del a\u00f1o pasado, el oficio SPARN\/DGGFSOE\/418\/1306\/2022 autoriz\u00f3 el cambio de uso de suelo en terrenos forestales.<\/p>\n<p>&nbsp;<\/p>\n<p>El colectivo S\u00e9lvame del Tren aprovech\u00f3 para emitir un comunicado en su cuenta de Twitter, donde celebr\u00f3 la suspensi\u00f3n por considerar al tren \u201cuna obra ilegal que afecta el patrimonio ecol\u00f3gico de todos los mexicanos\u201d.<\/p>\n<p>&nbsp;<\/p>\n<blockquote class=\"twitter-tweet\" data-width=\"550\" data-dnt=\"true\">\n<p lang=\"es\" dir=\"ltr\">\ud83d\udd34 COMUNICADO \ud83d\udd34<\/p>\n<p>SUSPENSI\u00d3N DEFINITIVA <a href=\"https:\/\/twitter.com\/hashtag\/SelvameDelTren?src=hash&amp;ref_src=twsrc%5Etfw\">#SelvameDelTren<\/a> <a href=\"https:\/\/t.co\/It7qzTBmI9\">pic.twitter.com\/It7qzTBmI9<\/a><\/p>\n<p>&mdash; SELVAME (@SelvameMX) <a href=\"https:\/\/twitter.com\/SelvameMX\/status\/1623093493420654592?ref_src=twsrc%5Etfw\">February 7, 2023<\/a><\/p><\/blockquote>\n<p><script async src=\"https:\/\/platform.twitter.com\/widgets.js\" charset=\"utf-8\"><\/script><\/p>\n<p>&nbsp;<\/p>\n<p>Sumando m\u00e1s de 25 amparos, hasta octubre de 2022, el Tramo 5 ha sido uno de los puntos m\u00e1s complejos para la obra, producto de las m\u00faltiples suspensiones y denuncias motivadas por defensores del medio ambiente y ONGs.<\/p>\n<p><span style=\"font-weight: 400\"><div class=\"gap\" style=\"line-height: 10px; height: 10px;\"><\/div><\/span><\/p>\n<p><span style=\"font-weight: 400\"><\/p>\n<div class=\"hr-thick\"><\/div>\n<p><\/span><\/p>\n<p><span style=\"font-weight: 400\"><div class=\"gap\" style=\"line-height: 10px; height: 10px;\"><\/div><\/span><\/p>\n<p>&nbsp;<\/p>\n<p><span style=\"font-weight: 400\"><span class=\"dt-highlight\" >Te recomendamos:<\/span><\/span><\/p>\n<blockquote class=\"wp-embedded-content\" data-secret=\"aQRF1SPVDm\"><p><a href=\"https:\/\/noticias.imer.mx\/blog\/produccion-petrolera-alejandro-gertz-manero-y-tren-maya-los-temas-de-la-mananera\/\">Producci\u00f3n petrolera, Alejandro Gertz Manero y Tren Maya, los temas de la ma\u00f1anera<\/a><\/p><\/blockquote>\n<p><iframe class=\"wp-embedded-content\" sandbox=\"allow-scripts\" security=\"restricted\" style=\"position: absolute; clip: rect(1px, 1px, 1px, 1px);\" title=\"\u00abProducci\u00f3n petrolera, Alejandro Gertz Manero y Tren Maya, los temas de la ma\u00f1anera\u00bb \u2014 IMER Noticias\" src=\"https:\/\/noticias.imer.mx\/blog\/produccion-petrolera-alejandro-gertz-manero-y-tren-maya-los-temas-de-la-mananera\/embed\/#?secret=aQRF1SPVDm\" data-secret=\"aQRF1SPVDm\" width=\"600\" height=\"338\" frameborder=\"0\" marginwidth=\"0\" marginheight=\"0\" scrolling=\"no\"><\/iframe><\/p>\n","protected":false},"excerpt":{"rendered":"<p>El Tramo 5 Sur y Norte vuelve a estar bajo suspensi\u00f3n por un Juez de Distrito en Yucat\u00e1n.<\/p>\n","protected":false},"author":30,"featured_media":54225,"comment_status":"open","ping_status":"open","sticky":false,"template":"","format":"standard","meta":{"wp_popup_display_lightbox":0,"wp_popup_suppress":"","wp_popup_trigger":"","wp_popup_trigger_amount":0,"wp_popup_disable_on_mobile":false},"categories":[33,13],"tags":[2383,12665,13845,14994,15062,15864],"yoast_head":"<!-- This site is optimized with the Yoast SEO plugin v21.0 - https:\/\/yoast.com\/wordpress\/plugins\/seo\/ -->\n<title>Juez frena tramo 5 del Tren Maya con nueva suspensi\u00f3n definitiva - Pruebas Noticias IMER<\/title>\n<meta name=\"description\" content=\"El Tramo 5 Sur y Norte vuelve a estar bajo suspensi\u00f3n por un Juez de Distrito en Yucat\u00e1n.\" \/>\n<meta name=\"robots\" content=\"index, follow, max-snippet:-1, max-image-preview:large, max-video-preview:-1\" \/>\n<link rel=\"canonical\" href=\"https:\/\/noticias.imer.mx\/propuesta\/2023\/02\/07\/juez-frena-tramo-5-del-tren-maya-con-nueva-suspension-definitiva\/\" \/>\n<meta property=\"og:locale\" content=\"es_ES\" \/>\n<meta property=\"og:type\" content=\"article\" \/>\n<meta property=\"og:title\" content=\"Juez frena tramo 5 del Tren Maya con nueva suspensi\u00f3n definitiva - Pruebas Noticias IMER\" \/>\n<meta property=\"og:description\" content=\"El Tramo 5 Sur y Norte vuelve a estar bajo suspensi\u00f3n por un Juez de Distrito en Yucat\u00e1n.\" \/>\n<meta property=\"og:url\" content=\"https:\/\/noticias.imer.mx\/propuesta\/2023\/02\/07\/juez-frena-tramo-5-del-tren-maya-con-nueva-suspension-definitiva\/\" \/>\n<meta property=\"og:site_name\" content=\"Pruebas Noticias IMER\" \/>\n<meta property=\"article:published_time\" content=\"2023-02-08T00:37:46+00:00\" \/>\n<meta name=\"author\" content=\"serveradmin\" \/>\n<meta name=\"twitter:card\" content=\"summary_large_image\" \/>\n<meta name=\"twitter:label1\" content=\"Escrito por\" \/>\n\t<meta name=\"twitter:data1\" content=\"serveradmin\" \/>\n\t<meta name=\"twitter:label2\" content=\"Tiempo de lectura\" \/>\n\t<meta name=\"twitter:data2\" content=\"2 minutos\" \/>\n<script type=\"application\/ld+json\" class=\"yoast-schema-graph\">{\"@context\":\"https:\/\/schema.org\",\"@graph\":[{\"@type\":\"WebPage\",\"@id\":\"https:\/\/noticias.imer.mx\/propuesta\/2023\/02\/07\/juez-frena-tramo-5-del-tren-maya-con-nueva-suspension-definitiva\/\",\"url\":\"https:\/\/noticias.imer.mx\/propuesta\/2023\/02\/07\/juez-frena-tramo-5-del-tren-maya-con-nueva-suspension-definitiva\/\",\"name\":\"Juez frena tramo 5 del Tren Maya con nueva suspensi\u00f3n definitiva - Pruebas Noticias IMER\",\"isPartOf\":{\"@id\":\"https:\/\/noticias.imer.mx\/propuesta\/#website\"},\"datePublished\":\"2023-02-08T00:37:46+00:00\",\"dateModified\":\"2023-02-08T00:37:46+00:00\",\"author\":{\"@id\":\"https:\/\/noticias.imer.mx\/propuesta\/#\/schema\/person\/967c1f66b6217bbd12b628cc10f6e76d\"},\"description\":\"El Tramo 5 Sur y Norte vuelve a estar bajo suspensi\u00f3n por un Juez de Distrito en Yucat\u00e1n.\",\"breadcrumb\":{\"@id\":\"https:\/\/noticias.imer.mx\/propuesta\/2023\/02\/07\/juez-frena-tramo-5-del-tren-maya-con-nueva-suspension-definitiva\/#breadcrumb\"},\"inLanguage\":\"es\",\"potentialAction\":[{\"@type\":\"ReadAction\",\"target\":[\"https:\/\/noticias.imer.mx\/propuesta\/2023\/02\/07\/juez-frena-tramo-5-del-tren-maya-con-nueva-suspension-definitiva\/\"]}]},{\"@type\":\"BreadcrumbList\",\"@id\":\"https:\/\/noticias.imer.mx\/propuesta\/2023\/02\/07\/juez-frena-tramo-5-del-tren-maya-con-nueva-suspension-definitiva\/#breadcrumb\",\"itemListElement\":[{\"@type\":\"ListItem\",\"position\":1,\"name\":\"Portada\",\"item\":\"https:\/\/noticias.imer.mx\/propuesta\/\"},{\"@type\":\"ListItem\",\"position\":2,\"name\":\"Juez frena tramo 5 del Tren Maya con nueva suspensi\u00f3n definitiva\"}]},{\"@type\":\"WebSite\",\"@id\":\"https:\/\/noticias.imer.mx\/propuesta\/#website\",\"url\":\"https:\/\/noticias.imer.mx\/propuesta\/\",\"name\":\"Pruebas Noticias IMER\",\"description\":\"Otro sitio m\u00e1s de IMER Noticias\",\"potentialAction\":[{\"@type\":\"SearchAction\",\"target\":{\"@type\":\"EntryPoint\",\"urlTemplate\":\"https:\/\/noticias.imer.mx\/propuesta\/?s={search_term_string}\"},\"query-input\":\"required name=search_term_string\"}],\"inLanguage\":\"es\"},{\"@type\":\"Person\",\"@id\":\"https:\/\/noticias.imer.mx\/propuesta\/#\/schema\/person\/967c1f66b6217bbd12b628cc10f6e76d\",\"name\":\"serveradmin\",\"image\":{\"@type\":\"ImageObject\",\"inLanguage\":\"es\",\"@id\":\"https:\/\/noticias.imer.mx\/propuesta\/#\/schema\/person\/image\/\",\"url\":\"https:\/\/secure.gravatar.com\/avatar\/b7032212b076bde88e044d76d65f2c7b?s=96&d=mm&r=g\",\"contentUrl\":\"https:\/\/secure.gravatar.com\/avatar\/b7032212b076bde88e044d76d65f2c7b?s=96&d=mm&r=g\",\"caption\":\"serveradmin\"},\"url\":\"https:\/\/noticias.imer.mx\/propuesta\/author\/serveradmin\/\"}]}<\/script>\n<!-- \/ Yoast SEO plugin. -->","yoast_head_json":{"title":"Juez frena tramo 5 del Tren Maya con nueva suspensi\u00f3n definitiva - Pruebas Noticias IMER","description":"El Tramo 5 Sur y Norte vuelve a estar bajo suspensi\u00f3n por un Juez de Distrito en Yucat\u00e1n.","robots":{"index":"index","follow":"follow","max-snippet":"max-snippet:-1","max-image-preview":"max-image-preview:large","max-video-preview":"max-video-preview:-1"},"canonical":"https:\/\/noticias.imer.mx\/propuesta\/2023\/02\/07\/juez-frena-tramo-5-del-tren-maya-con-nueva-suspension-definitiva\/","og_locale":"es_ES","og_type":"article","og_title":"Juez frena tramo 5 del Tren Maya con nueva suspensi\u00f3n definitiva - Pruebas Noticias IMER","og_description":"El Tramo 5 Sur y Norte vuelve a estar bajo suspensi\u00f3n por un Juez de Distrito en Yucat\u00e1n.","og_url":"https:\/\/noticias.imer.mx\/propuesta\/2023\/02\/07\/juez-frena-tramo-5-del-tren-maya-con-nueva-suspension-definitiva\/","og_site_name":"Pruebas Noticias IMER","article_published_time":"2023-02-08T00:37:46+00:00","author":"serveradmin","twitter_card":"summary_large_image","twitter_misc":{"Escrito por":"serveradmin","Tiempo de lectura":"2 minutos"},"schema":{"@context":"https:\/\/schema.org","@graph":[{"@type":"WebPage","@id":"https:\/\/noticias.imer.mx\/propuesta\/2023\/02\/07\/juez-frena-tramo-5-del-tren-maya-con-nueva-suspension-definitiva\/","url":"https:\/\/noticias.imer.mx\/propuesta\/2023\/02\/07\/juez-frena-tramo-5-del-tren-maya-con-nueva-suspension-definitiva\/","name":"Juez frena tramo 5 del Tren Maya con nueva suspensi\u00f3n definitiva - Pruebas Noticias IMER","isPartOf":{"@id":"https:\/\/noticias.imer.mx\/propuesta\/#website"},"datePublished":"2023-02-08T00:37:46+00:00","dateModified":"2023-02-08T00:37:46+00:00","author":{"@id":"https:\/\/noticias.imer.mx\/propuesta\/#\/schema\/person\/967c1f66b6217bbd12b628cc10f6e76d"},"description":"El Tramo 5 Sur y Norte vuelve a estar bajo suspensi\u00f3n por un Juez de Distrito en Yucat\u00e1n.","breadcrumb":{"@id":"https:\/\/noticias.imer.mx\/propuesta\/2023\/02\/07\/juez-frena-tramo-5-del-tren-maya-con-nueva-suspension-definitiva\/#breadcrumb"},"inLanguage":"es","potentialAction":[{"@type":"ReadAction","target":["https:\/\/noticias.imer.mx\/propuesta\/2023\/02\/07\/juez-frena-tramo-5-del-tren-maya-con-nueva-suspension-definitiva\/"]}]},{"@type":"BreadcrumbList","@id":"https:\/\/noticias.imer.mx\/propuesta\/2023\/02\/07\/juez-frena-tramo-5-del-tren-maya-con-nueva-suspension-definitiva\/#breadcrumb","itemListElement":[{"@type":"ListItem","position":1,"name":"Portada","item":"https:\/\/noticias.imer.mx\/propuesta\/"},{"@type":"ListItem","position":2,"name":"Juez frena tramo 5 del Tren Maya con nueva suspensi\u00f3n definitiva"}]},{"@type":"WebSite","@id":"https:\/\/noticias.imer.mx\/propuesta\/#website","url":"https:\/\/noticias.imer.mx\/propuesta\/","name":"Pruebas Noticias IMER","description":"Otro sitio m\u00e1s de IMER Noticias","potentialAction":[{"@type":"SearchAction","target":{"@type":"EntryPoint","urlTemplate":"https:\/\/noticias.imer.mx\/propuesta\/?s={search_term_string}"},"query-input":"required name=search_term_string"}],"inLanguage":"es"},{"@type":"Person","@id":"https:\/\/noticias.imer.mx\/propuesta\/#\/schema\/person\/967c1f66b6217bbd12b628cc10f6e76d","name":"serveradmin","image":{"@type":"ImageObject","inLanguage":"es","@id":"https:\/\/noticias.imer.mx\/propuesta\/#\/schema\/person\/image\/","url":"https:\/\/secure.gravatar.com\/avatar\/b7032212b076bde88e044d76d65f2c7b?s=96&d=mm&r=g","contentUrl":"https:\/\/secure.gravatar.com\/avatar\/b7032212b076bde88e044d76d65f2c7b?s=96&d=mm&r=g","caption":"serveradmin"},"url":"https:\/\/noticias.imer.mx\/propuesta\/author\/serveradmin\/"}]}},"_links":{"self":[{"href":"https:\/\/noticias.imer.mx\/propuesta\/wp-json\/wp\/v2\/posts\/126830"}],"collection":[{"href":"https:\/\/noticias.imer.mx\/propuesta\/wp-json\/wp\/v2\/posts"}],"about":[{"href":"https:\/\/noticias.imer.mx\/propuesta\/wp-json\/wp\/v2\/types\/post"}],"author":[{"embeddable":true,"href":"https:\/\/noticias.imer.mx\/propuesta\/wp-json\/wp\/v2\/users\/30"}],"replies":[{"embeddable":true,"href":"https:\/\/noticias.imer.mx\/propuesta\/wp-json\/wp\/v2\/comments?post=126830"}],"version-history":[{"count":0,"href":"https:\/\/noticias.imer.mx\/propuesta\/wp-json\/wp\/v2\/posts\/126830\/revisions"}],"wp:featuredmedia":[{"embeddable":true,"href":"https:\/\/noticias.imer.mx\/propuesta\/wp-json\/"}],"wp:attachment":[{"href":"https:\/\/noticias.imer.mx\/propuesta\/wp-json\/wp\/v2\/media?parent=126830"}],"wp:term":[{"taxonomy":"category","embeddable":true,"href":"https:\/\/noticias.imer.mx\/propuesta\/wp-json\/wp\/v2\/categories?post=126830"},{"taxonomy":"post_tag","embeddable":true,"href":"https:\/\/noticias.imer.mx\/propuesta\/wp-json\/wp\/v2\/tags?post=126830"}],"curies":[{"name":"wp","href":"https:\/\/api.w.org\/{rel}","templated":true}]}}