{"id":126818,"date":"2023-02-07T17:10:19","date_gmt":"2023-02-07T23:10:19","guid":{"rendered":"http:\/\/noticias.imer.mx\/?p=126818"},"modified":"2023-02-07T17:10:19","modified_gmt":"2023-02-07T23:10:19","slug":"esta-semana-inicia-recontratacion-de-medicos-que-atendieron-pacientes-covid-issste","status":"publish","type":"post","link":"https:\/\/noticias.imer.mx\/propuesta\/2023\/02\/07\/esta-semana-inicia-recontratacion-de-medicos-que-atendieron-pacientes-covid-issste\/","title":{"rendered":"Esta semana inicia recontrataci\u00f3n de m\u00e9dicos que atendieron pacientes Covid: ISSSTE"},"content":{"rendered":"<p><em>Pedro Zenteno, director del ISSSTE anunci\u00f3 la recontrataci\u00f3n del personal m\u00e9dico que atendi\u00f3 durante la emergencia sanitaria por Covid-19.<\/em><\/p>\n<p><span style=\"font-weight: 400\"><div class=\"gap\" style=\"line-height: 10px; height: 10px;\"><\/div><\/span><\/p>\n<p><span style=\"font-weight: 400\"><\/p>\n<div class=\"hr-thin\"><\/div>\n<p><\/span><\/p>\n<p style=\"text-align: center\"><b>Guadalupe Franco<\/b><\/p>\n<p><span style=\"font-weight: 400\"><\/p>\n<div class=\"hr-thin\"><\/div>\n<p><\/span><\/p>\n<p><span style=\"font-weight: 400\"><div class=\"gap\" style=\"line-height: 10px; height: 10px;\"><\/div><\/span><\/p>\n<p>&nbsp;<\/p>\n<p>El Instituto de Seguridad y Servicios Sociales de los Trabajadores del Estado (ISSSTE) iniciar\u00e1 esta semana la recontrataci\u00f3n de personal m\u00e9dico adscrito al Instituto de Salud para el Bienestar (Insabi).<\/p>\n<p>&nbsp;<\/p>\n<p>As\u00ed lo anunci\u00f3 el director del ISSSTE, Pedro Zenteno. Expres\u00f3 que buscan contratar m\u00e9dicos que atendieron a \u00abpacientes Covid\u00bb para aumentar el personal.<\/p>\n<p>&nbsp;<\/p>\n<p>Por lo que actualmente se encuentran en conversaciones con Secretar\u00eda de Hacienda.<\/p>\n<p>&nbsp;<\/p>\n<p>Sin dar mayor detalle, Zenteno dijo que la estrategia busca contrarrestar la falta de profesionales de la salud en unidades m\u00e9dicas y fortalecer el servicio m\u00e9dico.<\/p>\n<p>&nbsp;<\/p>\n<blockquote><p>Mandarles un mensaje a los compa\u00f1eros eventuales, a los compa\u00f1eros Insabi, que ya estamos pr\u00f3ximos a recontratarlos, es un reclamo que he escuchado en algunas cl\u00ednicas, ya estamos en eso, hablamos con la Secretar\u00eda de Hacienda para que los recontrate y esperamos que en esta semana, jueves\/viernes, empiece el proceso de recontrataci\u00f3n.<\/p><\/blockquote>\n<p>&nbsp;<\/p>\n<blockquote><p>Damos cuenta de c\u00f3mo est\u00e1 el abasto de medicamentos, es para nosotros un tema muy importante, hablamos con los compa\u00f1eros de farmacia, para que tengamos los medicamentos suficientes y adecuados para nuestros derechohabientes. Queremos dar un mejor servicio y para eso tenemos que mejorar nosotros como instituci\u00f3n.<\/p><\/blockquote>\n<p>&nbsp;<\/p>\n<p>Zenteno realiz\u00f3 un recorrido en el Hospital Regional \u201cDr. Valent\u00edn G\u00f3mez Far\u00edas\u201d, en Jalisco. En el estado tambi\u00e9n se construir\u00e1 el nuevo Hospital Regional de Alta Especialidad en Tlajomulco de Z\u00fa\u00f1iga, el cual contar\u00e1 con ocho quir\u00f3fanos remodelados.<\/p>\n<p>&nbsp;<\/p>\n<p>Tambi\u00e9n supervis\u00f3 la Cl\u00ednica Hospital de Ciudad Guzm\u00e1n, donde se realizan trabajos de ampliaci\u00f3n. Para pasar de 11 a 26 camas censables y contar con dos quir\u00f3fanos.<\/p>\n<p>&nbsp;<\/p>\n<p>Adem\u00e1s, se anunciaron obras viales para mejorar el acceso de 35 mil derechohabientes de Jalisco y Colima. Con un avance del 95 por ciento se prev\u00e9 sean entregadas el pr\u00f3ximo 28 de febrero.<\/p>\n<p>&nbsp;<\/p>\n<p><span style=\"font-weight: 400\"><div class=\"gap\" style=\"line-height: 10px; height: 10px;\"><\/div><\/span><\/p>\n<p><span style=\"font-weight: 400\"><\/p>\n<div class=\"hr-thick\"><\/div>\n<p><\/span><\/p>\n<p><span style=\"font-weight: 400\"><div class=\"gap\" style=\"line-height: 10px; height: 10px;\"><\/div><\/span><\/p>\n<p><span style=\"font-weight: 400\"><span class=\"dt-highlight\" >Te recomendamos:<\/span><\/span><\/p>\n<blockquote class=\"wp-embedded-content\" data-secret=\"jWbk7MqHpI\"><p><a href=\"https:\/\/noticias.imer.mx\/blog\/deuda-al-fovissste-afecta-a-trabajadores-del-estado\/\">Deuda de dependencias al Fovissste afecta a trabajadores del Estado<\/a><\/p><\/blockquote>\n<p><iframe class=\"wp-embedded-content\" sandbox=\"allow-scripts\" security=\"restricted\" style=\"position: absolute; clip: rect(1px, 1px, 1px, 1px);\" title=\"\u00abDeuda de dependencias al Fovissste afecta a trabajadores del Estado\u00bb \u2014 IMER Noticias\" src=\"https:\/\/noticias.imer.mx\/blog\/deuda-al-fovissste-afecta-a-trabajadores-del-estado\/embed\/#?secret=jWbk7MqHpI\" data-secret=\"jWbk7MqHpI\" width=\"600\" height=\"338\" frameborder=\"0\" marginwidth=\"0\" marginheight=\"0\" scrolling=\"no\"><\/iframe><\/p>\n","protected":false},"excerpt":{"rendered":"<p>Pedro Zenteno, director del ISSSTE anunci\u00f3 la recontrataci\u00f3n del personal m\u00e9dico que atendi\u00f3 durante la emergencia sanitaria por Covid-19.<\/p>\n","protected":false},"author":30,"featured_media":112911,"comment_status":"open","ping_status":"open","sticky":false,"template":"","format":"standard","meta":{"wp_popup_display_lightbox":0,"wp_popup_suppress":"","wp_popup_trigger":"","wp_popup_trigger_amount":0,"wp_popup_disable_on_mobile":false},"categories":[33,13],"tags":[7777,8003,8061,10141,11719,13526],"yoast_head":"<!-- This site is optimized with the Yoast SEO plugin v21.0 - https:\/\/yoast.com\/wordpress\/plugins\/seo\/ -->\n<title>Esta semana inicia recontrataci\u00f3n de m\u00e9dicos que atendieron pacientes Covid: ISSSTE - Pruebas Noticias IMER<\/title>\n<meta name=\"description\" content=\"Pedro Zenteno, director del ISSSTE anunci\u00f3 la recontrataci\u00f3n del personal m\u00e9dico que atendi\u00f3 durante la emergencia sanitaria por Covid-19.\" \/>\n<meta name=\"robots\" content=\"index, follow, max-snippet:-1, max-image-preview:large, max-video-preview:-1\" \/>\n<link rel=\"canonical\" href=\"https:\/\/noticias.imer.mx\/propuesta\/2023\/02\/07\/esta-semana-inicia-recontratacion-de-medicos-que-atendieron-pacientes-covid-issste\/\" \/>\n<meta property=\"og:locale\" content=\"es_ES\" \/>\n<meta property=\"og:type\" content=\"article\" \/>\n<meta property=\"og:title\" content=\"Esta semana inicia recontrataci\u00f3n de m\u00e9dicos que atendieron pacientes Covid: ISSSTE - Pruebas Noticias IMER\" \/>\n<meta property=\"og:description\" content=\"Pedro Zenteno, director del ISSSTE anunci\u00f3 la recontrataci\u00f3n del personal m\u00e9dico que atendi\u00f3 durante la emergencia sanitaria por Covid-19.\" \/>\n<meta property=\"og:url\" content=\"https:\/\/noticias.imer.mx\/propuesta\/2023\/02\/07\/esta-semana-inicia-recontratacion-de-medicos-que-atendieron-pacientes-covid-issste\/\" \/>\n<meta property=\"og:site_name\" content=\"Pruebas Noticias IMER\" \/>\n<meta property=\"article:published_time\" content=\"2023-02-07T23:10:19+00:00\" \/>\n<meta name=\"author\" content=\"serveradmin\" \/>\n<meta name=\"twitter:card\" content=\"summary_large_image\" \/>\n<meta name=\"twitter:label1\" content=\"Escrito por\" \/>\n\t<meta name=\"twitter:data1\" content=\"serveradmin\" \/>\n\t<meta name=\"twitter:label2\" content=\"Tiempo de lectura\" \/>\n\t<meta name=\"twitter:data2\" content=\"2 minutos\" \/>\n<script type=\"application\/ld+json\" class=\"yoast-schema-graph\">{\"@context\":\"https:\/\/schema.org\",\"@graph\":[{\"@type\":\"WebPage\",\"@id\":\"https:\/\/noticias.imer.mx\/propuesta\/2023\/02\/07\/esta-semana-inicia-recontratacion-de-medicos-que-atendieron-pacientes-covid-issste\/\",\"url\":\"https:\/\/noticias.imer.mx\/propuesta\/2023\/02\/07\/esta-semana-inicia-recontratacion-de-medicos-que-atendieron-pacientes-covid-issste\/\",\"name\":\"Esta semana inicia recontrataci\u00f3n de m\u00e9dicos que atendieron pacientes Covid: ISSSTE - Pruebas Noticias IMER\",\"isPartOf\":{\"@id\":\"https:\/\/noticias.imer.mx\/propuesta\/#website\"},\"datePublished\":\"2023-02-07T23:10:19+00:00\",\"dateModified\":\"2023-02-07T23:10:19+00:00\",\"author\":{\"@id\":\"https:\/\/noticias.imer.mx\/propuesta\/#\/schema\/person\/967c1f66b6217bbd12b628cc10f6e76d\"},\"description\":\"Pedro Zenteno, director del ISSSTE anunci\u00f3 la recontrataci\u00f3n del personal m\u00e9dico que atendi\u00f3 durante la emergencia sanitaria por Covid-19.\",\"breadcrumb\":{\"@id\":\"https:\/\/noticias.imer.mx\/propuesta\/2023\/02\/07\/esta-semana-inicia-recontratacion-de-medicos-que-atendieron-pacientes-covid-issste\/#breadcrumb\"},\"inLanguage\":\"es\",\"potentialAction\":[{\"@type\":\"ReadAction\",\"target\":[\"https:\/\/noticias.imer.mx\/propuesta\/2023\/02\/07\/esta-semana-inicia-recontratacion-de-medicos-que-atendieron-pacientes-covid-issste\/\"]}]},{\"@type\":\"BreadcrumbList\",\"@id\":\"https:\/\/noticias.imer.mx\/propuesta\/2023\/02\/07\/esta-semana-inicia-recontratacion-de-medicos-que-atendieron-pacientes-covid-issste\/#breadcrumb\",\"itemListElement\":[{\"@type\":\"ListItem\",\"position\":1,\"name\":\"Portada\",\"item\":\"https:\/\/noticias.imer.mx\/propuesta\/\"},{\"@type\":\"ListItem\",\"position\":2,\"name\":\"Esta semana inicia recontrataci\u00f3n de m\u00e9dicos que atendieron pacientes Covid: ISSSTE\"}]},{\"@type\":\"WebSite\",\"@id\":\"https:\/\/noticias.imer.mx\/propuesta\/#website\",\"url\":\"https:\/\/noticias.imer.mx\/propuesta\/\",\"name\":\"Pruebas Noticias IMER\",\"description\":\"Otro sitio m\u00e1s de IMER Noticias\",\"potentialAction\":[{\"@type\":\"SearchAction\",\"target\":{\"@type\":\"EntryPoint\",\"urlTemplate\":\"https:\/\/noticias.imer.mx\/propuesta\/?s={search_term_string}\"},\"query-input\":\"required name=search_term_string\"}],\"inLanguage\":\"es\"},{\"@type\":\"Person\",\"@id\":\"https:\/\/noticias.imer.mx\/propuesta\/#\/schema\/person\/967c1f66b6217bbd12b628cc10f6e76d\",\"name\":\"serveradmin\",\"image\":{\"@type\":\"ImageObject\",\"inLanguage\":\"es\",\"@id\":\"https:\/\/noticias.imer.mx\/propuesta\/#\/schema\/person\/image\/\",\"url\":\"https:\/\/secure.gravatar.com\/avatar\/b7032212b076bde88e044d76d65f2c7b?s=96&d=mm&r=g\",\"contentUrl\":\"https:\/\/secure.gravatar.com\/avatar\/b7032212b076bde88e044d76d65f2c7b?s=96&d=mm&r=g\",\"caption\":\"serveradmin\"},\"url\":\"https:\/\/noticias.imer.mx\/propuesta\/author\/serveradmin\/\"}]}<\/script>\n<!-- \/ Yoast SEO plugin. -->","yoast_head_json":{"title":"Esta semana inicia recontrataci\u00f3n de m\u00e9dicos que atendieron pacientes Covid: ISSSTE - Pruebas Noticias IMER","description":"Pedro Zenteno, director del ISSSTE anunci\u00f3 la recontrataci\u00f3n del personal m\u00e9dico que atendi\u00f3 durante la emergencia sanitaria por Covid-19.","robots":{"index":"index","follow":"follow","max-snippet":"max-snippet:-1","max-image-preview":"max-image-preview:large","max-video-preview":"max-video-preview:-1"},"canonical":"https:\/\/noticias.imer.mx\/propuesta\/2023\/02\/07\/esta-semana-inicia-recontratacion-de-medicos-que-atendieron-pacientes-covid-issste\/","og_locale":"es_ES","og_type":"article","og_title":"Esta semana inicia recontrataci\u00f3n de m\u00e9dicos que atendieron pacientes Covid: ISSSTE - Pruebas Noticias IMER","og_description":"Pedro Zenteno, director del ISSSTE anunci\u00f3 la recontrataci\u00f3n del personal m\u00e9dico que atendi\u00f3 durante la emergencia sanitaria por Covid-19.","og_url":"https:\/\/noticias.imer.mx\/propuesta\/2023\/02\/07\/esta-semana-inicia-recontratacion-de-medicos-que-atendieron-pacientes-covid-issste\/","og_site_name":"Pruebas Noticias IMER","article_published_time":"2023-02-07T23:10:19+00:00","author":"serveradmin","twitter_card":"summary_large_image","twitter_misc":{"Escrito por":"serveradmin","Tiempo de lectura":"2 minutos"},"schema":{"@context":"https:\/\/schema.org","@graph":[{"@type":"WebPage","@id":"https:\/\/noticias.imer.mx\/propuesta\/2023\/02\/07\/esta-semana-inicia-recontratacion-de-medicos-que-atendieron-pacientes-covid-issste\/","url":"https:\/\/noticias.imer.mx\/propuesta\/2023\/02\/07\/esta-semana-inicia-recontratacion-de-medicos-que-atendieron-pacientes-covid-issste\/","name":"Esta semana inicia recontrataci\u00f3n de m\u00e9dicos que atendieron pacientes Covid: ISSSTE - Pruebas Noticias IMER","isPartOf":{"@id":"https:\/\/noticias.imer.mx\/propuesta\/#website"},"datePublished":"2023-02-07T23:10:19+00:00","dateModified":"2023-02-07T23:10:19+00:00","author":{"@id":"https:\/\/noticias.imer.mx\/propuesta\/#\/schema\/person\/967c1f66b6217bbd12b628cc10f6e76d"},"description":"Pedro Zenteno, director del ISSSTE anunci\u00f3 la recontrataci\u00f3n del personal m\u00e9dico que atendi\u00f3 durante la emergencia sanitaria por Covid-19.","breadcrumb":{"@id":"https:\/\/noticias.imer.mx\/propuesta\/2023\/02\/07\/esta-semana-inicia-recontratacion-de-medicos-que-atendieron-pacientes-covid-issste\/#breadcrumb"},"inLanguage":"es","potentialAction":[{"@type":"ReadAction","target":["https:\/\/noticias.imer.mx\/propuesta\/2023\/02\/07\/esta-semana-inicia-recontratacion-de-medicos-que-atendieron-pacientes-covid-issste\/"]}]},{"@type":"BreadcrumbList","@id":"https:\/\/noticias.imer.mx\/propuesta\/2023\/02\/07\/esta-semana-inicia-recontratacion-de-medicos-que-atendieron-pacientes-covid-issste\/#breadcrumb","itemListElement":[{"@type":"ListItem","position":1,"name":"Portada","item":"https:\/\/noticias.imer.mx\/propuesta\/"},{"@type":"ListItem","position":2,"name":"Esta semana inicia recontrataci\u00f3n de m\u00e9dicos que atendieron pacientes Covid: ISSSTE"}]},{"@type":"WebSite","@id":"https:\/\/noticias.imer.mx\/propuesta\/#website","url":"https:\/\/noticias.imer.mx\/propuesta\/","name":"Pruebas Noticias IMER","description":"Otro sitio m\u00e1s de IMER Noticias","potentialAction":[{"@type":"SearchAction","target":{"@type":"EntryPoint","urlTemplate":"https:\/\/noticias.imer.mx\/propuesta\/?s={search_term_string}"},"query-input":"required name=search_term_string"}],"inLanguage":"es"},{"@type":"Person","@id":"https:\/\/noticias.imer.mx\/propuesta\/#\/schema\/person\/967c1f66b6217bbd12b628cc10f6e76d","name":"serveradmin","image":{"@type":"ImageObject","inLanguage":"es","@id":"https:\/\/noticias.imer.mx\/propuesta\/#\/schema\/person\/image\/","url":"https:\/\/secure.gravatar.com\/avatar\/b7032212b076bde88e044d76d65f2c7b?s=96&d=mm&r=g","contentUrl":"https:\/\/secure.gravatar.com\/avatar\/b7032212b076bde88e044d76d65f2c7b?s=96&d=mm&r=g","caption":"serveradmin"},"url":"https:\/\/noticias.imer.mx\/propuesta\/author\/serveradmin\/"}]}},"_links":{"self":[{"href":"https:\/\/noticias.imer.mx\/propuesta\/wp-json\/wp\/v2\/posts\/126818"}],"collection":[{"href":"https:\/\/noticias.imer.mx\/propuesta\/wp-json\/wp\/v2\/posts"}],"about":[{"href":"https:\/\/noticias.imer.mx\/propuesta\/wp-json\/wp\/v2\/types\/post"}],"author":[{"embeddable":true,"href":"https:\/\/noticias.imer.mx\/propuesta\/wp-json\/wp\/v2\/users\/30"}],"replies":[{"embeddable":true,"href":"https:\/\/noticias.imer.mx\/propuesta\/wp-json\/wp\/v2\/comments?post=126818"}],"version-history":[{"count":0,"href":"https:\/\/noticias.imer.mx\/propuesta\/wp-json\/wp\/v2\/posts\/126818\/revisions"}],"wp:featuredmedia":[{"embeddable":true,"href":"https:\/\/noticias.imer.mx\/propuesta\/wp-json\/"}],"wp:attachment":[{"href":"https:\/\/noticias.imer.mx\/propuesta\/wp-json\/wp\/v2\/media?parent=126818"}],"wp:term":[{"taxonomy":"category","embeddable":true,"href":"https:\/\/noticias.imer.mx\/propuesta\/wp-json\/wp\/v2\/categories?post=126818"},{"taxonomy":"post_tag","embeddable":true,"href":"https:\/\/noticias.imer.mx\/propuesta\/wp-json\/wp\/v2\/tags?post=126818"}],"curies":[{"name":"wp","href":"https:\/\/api.w.org\/{rel}","templated":true}]}}