{"id":126796,"date":"2023-02-07T16:33:11","date_gmt":"2023-02-07T22:33:11","guid":{"rendered":"http:\/\/noticias.imer.mx\/?p=126796"},"modified":"2023-02-07T16:33:11","modified_gmt":"2023-02-07T22:33:11","slug":"deportistas-turcos-que-continuan-desaparecidos-tras-el-sismo","status":"publish","type":"post","link":"https:\/\/noticias.imer.mx\/propuesta\/2023\/02\/07\/deportistas-turcos-que-continuan-desaparecidos-tras-el-sismo\/","title":{"rendered":"Deportistas turcos que contin\u00faan desaparecidos tras el sismo"},"content":{"rendered":"<p><em><span style=\"font-weight: 400\">El terremoto que sacudi\u00f3 a Turqu\u00eda dej\u00f3 a m\u00e1s de siete mil 500 muertos y m\u00e1s de cinco mil 300 heridos.\u00a0<\/span><\/em><\/p>\n<p><span style=\"font-weight: 400\"><div class=\"gap\" style=\"line-height: 10px; height: 10px;\"><\/div><\/span><\/p>\n<p><span style=\"font-weight: 400\"><\/p>\n<div class=\"hr-thin\"><\/div>\n<p><\/span><\/p>\n<p style=\"text-align: center\"><b>Eduardo Cristobal<\/b><\/p>\n<p><span style=\"font-weight: 400\"><\/p>\n<div class=\"hr-thin\"><\/div>\n<p><\/span><\/p>\n<p><span style=\"font-weight: 400\"><div class=\"gap\" style=\"line-height: 10px; height: 10px;\"><\/div><\/span><\/p>\n<p>&nbsp;<\/p>\n<p><span style=\"font-weight: 400\">El terremoto que sacudi\u00f3 a <strong>Turqu\u00eda<\/strong> dej\u00f3 miles heridos, personas fallecidas, entre los que se encuentran, varios deportistas turcos que contin\u00faan desaparecidos.<\/span><\/p>\n<p>&nbsp;<\/p>\n<p><span style=\"font-weight: 400\">Uno de ellos es el futbolista <strong>Christian Atsu<\/strong>, originario de Ghana y excompa\u00f1ero del arquero mexicano <strong>Guillermo Ochoa<\/strong>, quien se encontraba en calidad de desaparecido. Sin embargo, el jugador de 31 a\u00f1os fue llevado a un <strong>hospital<\/strong> y reportado como <strong>estable<\/strong>, solo con heridas en un pie y problemas respiratorios.\u00a0<\/span><\/p>\n<p>&nbsp;<\/p>\n<p><span style=\"font-weight: 400\">Tambi\u00e9n el portero del <strong>Yeni Malatyaspor<\/strong>, equipo de la segunda divisi\u00f3n del futbol turco, <strong>Ahmet Ey\u00fcp T\u00fcrkaslan<\/strong>, hab\u00eda sido <strong>reportado<\/strong> como <strong>muerto<\/strong> tras el sismo. Aunque horas despu\u00e9s el <strong>presidente<\/strong> del club sali\u00f3 a <strong>desmentir<\/strong> el hecho,\u00a0 a trav\u00e9s de las redes sociales del club se confirm\u00f3 su deceso.<\/span><\/p>\n<p>&nbsp;<\/p>\n<h4><strong><span style=\"color: #308446\">Deportistas y equipos turcos que contin\u00faan desaparecidos<\/span><\/strong><\/h4>\n<p>&nbsp;<\/p>\n<p><span style=\"font-weight: 400\">En la zona de <strong>Malatya<\/strong><\/span><i><span style=\"font-weight: 400\">, <\/span><\/i><span style=\"font-weight: 400\"><strong>seis<\/strong> <strong>jugadores<\/strong> del <strong>Metropolitan Belediyespor<\/strong>, que compitieron en los Play-offs de la segunda divisi\u00f3n de<strong> Voleibol Masculino<\/strong> de la TVF, quedaron <strong>atrapados<\/strong> en el <strong>Hotel K\u0131r\u00e7uval<\/strong>, el cual contaba con 135 habitaciones y termin\u00f3 totalmente destruido.<strong>Tres integrantes<\/strong> del equipo han sido <strong>rescatados<\/strong>.<\/span><\/p>\n<p>&nbsp;<\/p>\n<p><span style=\"font-weight: 400\">En la misma situaci\u00f3n se encuentran <strong>14 jugadoras<\/strong> del <strong>Hatay<\/strong>, un equipo de <strong>voleibol femenino<\/strong> de la ciudad del mismo nombre, y los futbolistas del <strong>Marasspor<\/strong> de la segunda divisi\u00f3n turca.<\/span><\/p>\n<p>&nbsp;<\/p>\n<p><span style=\"font-weight: 400\">La tragedia tambi\u00e9n ha afectado al <strong>balonmano<\/strong>, <strong>Cemal Kutahya<\/strong> y el t\u00e9cnico del <strong>Hatayspor Savas Yuksel<\/strong>, tambi\u00e9n est\u00e1n bajo las ruinas de uno de los edificios que ha colapsado en Hatay, seg\u00fan un comunicado de la <strong>Federaci\u00f3n Turca de Balonmano.<\/strong><\/span><\/p>\n<p>&nbsp;<\/p>\n<p><span style=\"font-weight: 400\"><div class=\"gap\" style=\"line-height: 10px; height: 10px;\"><\/div><\/span><\/p>\n<p><span style=\"font-weight: 400\"><\/p>\n<div class=\"hr-thick\"><\/div>\n<p><\/span><\/p>\n<p><span style=\"font-weight: 400\"><div class=\"gap\" style=\"line-height: 10px; height: 10px;\"><\/div><\/span><\/p>\n<p><span style=\"font-weight: 400\"><span class=\"dt-highlight\" >Te recomendamos:<\/span><\/span><\/p>\n<blockquote class=\"wp-embedded-content\" data-secret=\"SghoIb4HCW\"><p><a href=\"https:\/\/noticias.imer.mx\/blog\/plataformas-y-canales-de-paga-el-problema-para-disfrutar-el-futbol-mexicano\/\">Plataformas y canales de paga, el problema para disfrutar el futbol mexicano<\/a><\/p><\/blockquote>\n<p><iframe class=\"wp-embedded-content\" sandbox=\"allow-scripts\" security=\"restricted\" style=\"position: absolute; clip: rect(1px, 1px, 1px, 1px);\" title=\"\u00abPlataformas y canales de paga, el problema para disfrutar el futbol mexicano\u00bb \u2014 IMER Noticias\" src=\"https:\/\/noticias.imer.mx\/blog\/plataformas-y-canales-de-paga-el-problema-para-disfrutar-el-futbol-mexicano\/embed\/#?secret=SghoIb4HCW\" data-secret=\"SghoIb4HCW\" width=\"600\" height=\"338\" frameborder=\"0\" marginwidth=\"0\" marginheight=\"0\" scrolling=\"no\"><\/iframe><\/p>\n","protected":false},"excerpt":{"rendered":"<p>El terremoto que sacudi\u00f3 a Turqu\u00eda dej\u00f3 a m\u00e1s de 1,500 muertos, al menos 912 fallecidos y m\u00e1s de 5,300 heridos.\u00a0<\/p>\n","protected":false},"author":30,"featured_media":120332,"comment_status":"open","ping_status":"open","sticky":false,"template":"","format":"standard","meta":{"wp_popup_display_lightbox":0,"wp_popup_suppress":"","wp_popup_trigger":"","wp_popup_trigger_amount":0,"wp_popup_disable_on_mobile":false},"categories":[8,13],"tags":[1621,4354,4428,15071,15674],"yoast_head":"<!-- This site is optimized with the Yoast SEO plugin v21.0 - https:\/\/yoast.com\/wordpress\/plugins\/seo\/ -->\n<title>Deportistas turcos que contin\u00faan desaparecidos tras el sismo<\/title>\n<meta name=\"description\" content=\"El terremoto que sacudi\u00f3 a Turqu\u00eda dej\u00f3 a m\u00e1s de 1,500 muertos, al menos 912 fallecidos y m\u00e1s de 5,300 heridos.\u00a0\" \/>\n<meta name=\"robots\" content=\"index, follow, max-snippet:-1, max-image-preview:large, max-video-preview:-1\" \/>\n<link rel=\"canonical\" href=\"https:\/\/noticias.imer.mx\/propuesta\/2023\/02\/07\/deportistas-turcos-que-continuan-desaparecidos-tras-el-sismo\/\" \/>\n<meta property=\"og:locale\" content=\"es_ES\" \/>\n<meta property=\"og:type\" content=\"article\" \/>\n<meta property=\"og:title\" content=\"Deportistas turcos que contin\u00faan desaparecidos tras el sismo\" \/>\n<meta property=\"og:description\" content=\"El terremoto que sacudi\u00f3 a Turqu\u00eda dej\u00f3 a m\u00e1s de 1,500 muertos, al menos 912 fallecidos y m\u00e1s de 5,300 heridos.\u00a0\" \/>\n<meta property=\"og:url\" content=\"https:\/\/noticias.imer.mx\/propuesta\/2023\/02\/07\/deportistas-turcos-que-continuan-desaparecidos-tras-el-sismo\/\" \/>\n<meta property=\"og:site_name\" content=\"Pruebas Noticias IMER\" \/>\n<meta property=\"article:published_time\" content=\"2023-02-07T22:33:11+00:00\" \/>\n<meta name=\"author\" content=\"serveradmin\" \/>\n<meta name=\"twitter:card\" content=\"summary_large_image\" \/>\n<meta name=\"twitter:label1\" content=\"Escrito por\" \/>\n\t<meta name=\"twitter:data1\" content=\"serveradmin\" \/>\n\t<meta name=\"twitter:label2\" content=\"Tiempo de lectura\" \/>\n\t<meta name=\"twitter:data2\" content=\"2 minutos\" \/>\n<script type=\"application\/ld+json\" class=\"yoast-schema-graph\">{\"@context\":\"https:\/\/schema.org\",\"@graph\":[{\"@type\":\"WebPage\",\"@id\":\"https:\/\/noticias.imer.mx\/propuesta\/2023\/02\/07\/deportistas-turcos-que-continuan-desaparecidos-tras-el-sismo\/\",\"url\":\"https:\/\/noticias.imer.mx\/propuesta\/2023\/02\/07\/deportistas-turcos-que-continuan-desaparecidos-tras-el-sismo\/\",\"name\":\"Deportistas turcos que contin\u00faan desaparecidos tras el sismo\",\"isPartOf\":{\"@id\":\"https:\/\/noticias.imer.mx\/propuesta\/#website\"},\"datePublished\":\"2023-02-07T22:33:11+00:00\",\"dateModified\":\"2023-02-07T22:33:11+00:00\",\"author\":{\"@id\":\"https:\/\/noticias.imer.mx\/propuesta\/#\/schema\/person\/967c1f66b6217bbd12b628cc10f6e76d\"},\"description\":\"El terremoto que sacudi\u00f3 a Turqu\u00eda dej\u00f3 a m\u00e1s de 1,500 muertos, al menos 912 fallecidos y m\u00e1s de 5,300 heridos.\u00a0\",\"breadcrumb\":{\"@id\":\"https:\/\/noticias.imer.mx\/propuesta\/2023\/02\/07\/deportistas-turcos-que-continuan-desaparecidos-tras-el-sismo\/#breadcrumb\"},\"inLanguage\":\"es\",\"potentialAction\":[{\"@type\":\"ReadAction\",\"target\":[\"https:\/\/noticias.imer.mx\/propuesta\/2023\/02\/07\/deportistas-turcos-que-continuan-desaparecidos-tras-el-sismo\/\"]}]},{\"@type\":\"BreadcrumbList\",\"@id\":\"https:\/\/noticias.imer.mx\/propuesta\/2023\/02\/07\/deportistas-turcos-que-continuan-desaparecidos-tras-el-sismo\/#breadcrumb\",\"itemListElement\":[{\"@type\":\"ListItem\",\"position\":1,\"name\":\"Portada\",\"item\":\"https:\/\/noticias.imer.mx\/propuesta\/\"},{\"@type\":\"ListItem\",\"position\":2,\"name\":\"Deportistas turcos que contin\u00faan desaparecidos tras el sismo\"}]},{\"@type\":\"WebSite\",\"@id\":\"https:\/\/noticias.imer.mx\/propuesta\/#website\",\"url\":\"https:\/\/noticias.imer.mx\/propuesta\/\",\"name\":\"Pruebas Noticias IMER\",\"description\":\"Otro sitio m\u00e1s de IMER Noticias\",\"potentialAction\":[{\"@type\":\"SearchAction\",\"target\":{\"@type\":\"EntryPoint\",\"urlTemplate\":\"https:\/\/noticias.imer.mx\/propuesta\/?s={search_term_string}\"},\"query-input\":\"required name=search_term_string\"}],\"inLanguage\":\"es\"},{\"@type\":\"Person\",\"@id\":\"https:\/\/noticias.imer.mx\/propuesta\/#\/schema\/person\/967c1f66b6217bbd12b628cc10f6e76d\",\"name\":\"serveradmin\",\"image\":{\"@type\":\"ImageObject\",\"inLanguage\":\"es\",\"@id\":\"https:\/\/noticias.imer.mx\/propuesta\/#\/schema\/person\/image\/\",\"url\":\"https:\/\/secure.gravatar.com\/avatar\/b7032212b076bde88e044d76d65f2c7b?s=96&d=mm&r=g\",\"contentUrl\":\"https:\/\/secure.gravatar.com\/avatar\/b7032212b076bde88e044d76d65f2c7b?s=96&d=mm&r=g\",\"caption\":\"serveradmin\"},\"url\":\"https:\/\/noticias.imer.mx\/propuesta\/author\/serveradmin\/\"}]}<\/script>\n<!-- \/ Yoast SEO plugin. -->","yoast_head_json":{"title":"Deportistas turcos que contin\u00faan desaparecidos tras el sismo","description":"El terremoto que sacudi\u00f3 a Turqu\u00eda dej\u00f3 a m\u00e1s de 1,500 muertos, al menos 912 fallecidos y m\u00e1s de 5,300 heridos.\u00a0","robots":{"index":"index","follow":"follow","max-snippet":"max-snippet:-1","max-image-preview":"max-image-preview:large","max-video-preview":"max-video-preview:-1"},"canonical":"https:\/\/noticias.imer.mx\/propuesta\/2023\/02\/07\/deportistas-turcos-que-continuan-desaparecidos-tras-el-sismo\/","og_locale":"es_ES","og_type":"article","og_title":"Deportistas turcos que contin\u00faan desaparecidos tras el sismo","og_description":"El terremoto que sacudi\u00f3 a Turqu\u00eda dej\u00f3 a m\u00e1s de 1,500 muertos, al menos 912 fallecidos y m\u00e1s de 5,300 heridos.\u00a0","og_url":"https:\/\/noticias.imer.mx\/propuesta\/2023\/02\/07\/deportistas-turcos-que-continuan-desaparecidos-tras-el-sismo\/","og_site_name":"Pruebas Noticias IMER","article_published_time":"2023-02-07T22:33:11+00:00","author":"serveradmin","twitter_card":"summary_large_image","twitter_misc":{"Escrito por":"serveradmin","Tiempo de lectura":"2 minutos"},"schema":{"@context":"https:\/\/schema.org","@graph":[{"@type":"WebPage","@id":"https:\/\/noticias.imer.mx\/propuesta\/2023\/02\/07\/deportistas-turcos-que-continuan-desaparecidos-tras-el-sismo\/","url":"https:\/\/noticias.imer.mx\/propuesta\/2023\/02\/07\/deportistas-turcos-que-continuan-desaparecidos-tras-el-sismo\/","name":"Deportistas turcos que contin\u00faan desaparecidos tras el sismo","isPartOf":{"@id":"https:\/\/noticias.imer.mx\/propuesta\/#website"},"datePublished":"2023-02-07T22:33:11+00:00","dateModified":"2023-02-07T22:33:11+00:00","author":{"@id":"https:\/\/noticias.imer.mx\/propuesta\/#\/schema\/person\/967c1f66b6217bbd12b628cc10f6e76d"},"description":"El terremoto que sacudi\u00f3 a Turqu\u00eda dej\u00f3 a m\u00e1s de 1,500 muertos, al menos 912 fallecidos y m\u00e1s de 5,300 heridos.\u00a0","breadcrumb":{"@id":"https:\/\/noticias.imer.mx\/propuesta\/2023\/02\/07\/deportistas-turcos-que-continuan-desaparecidos-tras-el-sismo\/#breadcrumb"},"inLanguage":"es","potentialAction":[{"@type":"ReadAction","target":["https:\/\/noticias.imer.mx\/propuesta\/2023\/02\/07\/deportistas-turcos-que-continuan-desaparecidos-tras-el-sismo\/"]}]},{"@type":"BreadcrumbList","@id":"https:\/\/noticias.imer.mx\/propuesta\/2023\/02\/07\/deportistas-turcos-que-continuan-desaparecidos-tras-el-sismo\/#breadcrumb","itemListElement":[{"@type":"ListItem","position":1,"name":"Portada","item":"https:\/\/noticias.imer.mx\/propuesta\/"},{"@type":"ListItem","position":2,"name":"Deportistas turcos que contin\u00faan desaparecidos tras el sismo"}]},{"@type":"WebSite","@id":"https:\/\/noticias.imer.mx\/propuesta\/#website","url":"https:\/\/noticias.imer.mx\/propuesta\/","name":"Pruebas Noticias IMER","description":"Otro sitio m\u00e1s de IMER Noticias","potentialAction":[{"@type":"SearchAction","target":{"@type":"EntryPoint","urlTemplate":"https:\/\/noticias.imer.mx\/propuesta\/?s={search_term_string}"},"query-input":"required name=search_term_string"}],"inLanguage":"es"},{"@type":"Person","@id":"https:\/\/noticias.imer.mx\/propuesta\/#\/schema\/person\/967c1f66b6217bbd12b628cc10f6e76d","name":"serveradmin","image":{"@type":"ImageObject","inLanguage":"es","@id":"https:\/\/noticias.imer.mx\/propuesta\/#\/schema\/person\/image\/","url":"https:\/\/secure.gravatar.com\/avatar\/b7032212b076bde88e044d76d65f2c7b?s=96&d=mm&r=g","contentUrl":"https:\/\/secure.gravatar.com\/avatar\/b7032212b076bde88e044d76d65f2c7b?s=96&d=mm&r=g","caption":"serveradmin"},"url":"https:\/\/noticias.imer.mx\/propuesta\/author\/serveradmin\/"}]}},"_links":{"self":[{"href":"https:\/\/noticias.imer.mx\/propuesta\/wp-json\/wp\/v2\/posts\/126796"}],"collection":[{"href":"https:\/\/noticias.imer.mx\/propuesta\/wp-json\/wp\/v2\/posts"}],"about":[{"href":"https:\/\/noticias.imer.mx\/propuesta\/wp-json\/wp\/v2\/types\/post"}],"author":[{"embeddable":true,"href":"https:\/\/noticias.imer.mx\/propuesta\/wp-json\/wp\/v2\/users\/30"}],"replies":[{"embeddable":true,"href":"https:\/\/noticias.imer.mx\/propuesta\/wp-json\/wp\/v2\/comments?post=126796"}],"version-history":[{"count":0,"href":"https:\/\/noticias.imer.mx\/propuesta\/wp-json\/wp\/v2\/posts\/126796\/revisions"}],"wp:featuredmedia":[{"embeddable":true,"href":"https:\/\/noticias.imer.mx\/propuesta\/wp-json\/"}],"wp:attachment":[{"href":"https:\/\/noticias.imer.mx\/propuesta\/wp-json\/wp\/v2\/media?parent=126796"}],"wp:term":[{"taxonomy":"category","embeddable":true,"href":"https:\/\/noticias.imer.mx\/propuesta\/wp-json\/wp\/v2\/categories?post=126796"},{"taxonomy":"post_tag","embeddable":true,"href":"https:\/\/noticias.imer.mx\/propuesta\/wp-json\/wp\/v2\/tags?post=126796"}],"curies":[{"name":"wp","href":"https:\/\/api.w.org\/{rel}","templated":true}]}}