{"id":126782,"date":"2023-02-07T15:13:44","date_gmt":"2023-02-07T21:13:44","guid":{"rendered":"http:\/\/noticias.imer.mx\/?p=126782"},"modified":"2023-02-07T15:13:44","modified_gmt":"2023-02-07T21:13:44","slug":"el-95-de-los-maestros-califican-como-adecuada-la-capacitacion-en-educacion","status":"publish","type":"post","link":"https:\/\/noticias.imer.mx\/propuesta\/2023\/02\/07\/el-95-de-los-maestros-califican-como-adecuada-la-capacitacion-en-educacion\/","title":{"rendered":"El 95% de los maestros califican como inadecuada la capacitaci\u00f3n en educaci\u00f3n"},"content":{"rendered":"<p><em>El 40 por ciento de los maestros reprueban la capacitaci\u00f3n en educaci\u00f3n. Especialistas urgen transformar modelo educativo de cara a un nuevo sexenio y la agenda internacional.<\/em><\/p>\n<p><span style=\"font-weight: 400\"><div class=\"gap\" style=\"line-height: 10px; height: 10px;\"><\/div><\/span><\/p>\n<p><span style=\"font-weight: 400\"><\/p>\n<div class=\"hr-thin\"><\/div>\n<p><\/span><\/p>\n<p style=\"text-align: center\"><b>Guadalupe Franco<\/b><\/p>\n<p><span style=\"font-weight: 400\"><\/p>\n<div class=\"hr-thin\"><\/div>\n<p><\/span><\/p>\n<p><span style=\"font-weight: 400\"><div class=\"gap\" style=\"line-height: 10px; height: 10px;\"><\/div><\/span><\/p>\n<p>&nbsp;<\/p>\n<p>A seis meses del arranque del nuevo marco curricular para el ciclo escolar 2023-2024 en M\u00e9xico, <strong>cinco por ciento<\/strong> de los maestros consideran adecuada la capacitaci\u00f3n recibida para enfrentar los retos de los planes y programas de estudios.<\/p>\n<p>&nbsp;<\/p>\n<p>De acuerdo con la \u00faltima encuesta de la organizaci\u00f3n civil <strong>Educaci\u00f3n con Rumbo<\/strong>, <strong>33 por ciento<\/strong> de los docentes no comprende lo que es un programa anal\u00edtico, o lo entiende distinto al modelo.<\/p>\n<p>&nbsp;<\/p>\n<p>As\u00ed lo detall\u00f3 Patricia Ganem, coordinadora de Investigaci\u00f3n de Educaci\u00f3n con Rumbo, durante la videoconferencia \u201cRetos para la educaci\u00f3n en 2023\u201d.<\/p>\n<p>&nbsp;<\/p>\n<blockquote><p><span style=\"color: #3d395a\">\u201cEl 40 por ciento de ellos reprueba la capacitaci\u00f3n; 22 por ciento la considera regula; el 33 la considera medianamente buena; y solo el 5 por ciento la califica como adecuada, correcta para poder enfrentar los retos que este plan de estudio va a plantear, por ah\u00ed las palabras que los maestros hacen definir o describir el nuevo marco curricular (\u2026) son palabras que nos pueden ayudar a identificar que ven los maestros y nos llaman la atenci\u00f3n frases como \u201clo mismo\u201d, \u201cconfuso\u201d.<\/span><\/p><\/blockquote>\n<p>&nbsp;<\/p>\n<p>La encuesta realizada en 25 estados enlista las preocupaciones que tienen los docentes sobre el nuevo marco curricular, destacan:<\/p>\n<p>&nbsp;<\/p>\n<ul>\n<li>Trabajo colaborativo.<\/li>\n<li>Preparaci\u00f3n de la metodolog\u00eda de aprendizaje.<\/li>\n<li>Cambio de planeaci\u00f3n en el siguiente sexenio.<\/li>\n<\/ul>\n<p>&nbsp;<\/p>\n<p>Patricia Ganem manifest\u00f3 su preocupaci\u00f3n por la constituci\u00f3n de los libros de texto gratuito para el primer y segundo a\u00f1o de educaci\u00f3n b\u00e1sica. Al advertir sobre contenidos complicados para su ense\u00f1anza, principalmente en zonas rurales. Sobre todo en materia de habilidades y posibilidades de desarrollo en ni\u00f1os, ni\u00f1as y j\u00f3venes para enfrentar su futuro.<\/p>\n<p>&nbsp;<\/p>\n<p>Al se\u00f1alar que, a la fecha no se puede dar seguimiento a la pol\u00edtica educativa y a los m\u00e1s de 1 mill\u00f3n 400 mil alumnos que desertaron de las escuelas por la pandemia por Covid-19, debido a la impresi\u00f3n de datos.<\/p>\n<p>&nbsp;<\/p>\n<h4><span style=\"color: #308446\">Revertir el atraso tecnol\u00f3gico\u00a0<\/span><\/h4>\n<p>&nbsp;<\/p>\n<p>En este contexto, coincidi\u00f3 Alejandra Carmona, socia de Educaci\u00f3n con Rumbo, quien advirti\u00f3 que, en 2025, el 40 por ciento de los trabajadores requerir\u00e1n una recertificaci\u00f3n, debido a los nuevos roles de interfaz entre tecnolog\u00edas, seres humanos y algoritmos.<\/p>\n<p>&nbsp;<\/p>\n<blockquote><p><span style=\"color: #3d395a\">\u201cDe nada nos sirve que el 98 por ciento de los alumnos que ingresan a primaria terminen. Eso es un logro, que bueno, todos los ni\u00f1os que entran a la escuela salen. Pero de esos que salen solamente el 42 por ciento comprende un texto sencillo de lectura, solamente 38 por ciento cumple el nivel m\u00ednimo de pensamiento matem\u00e1tico. No es que vayan a la escuela son los aprendizajes, nuevamente, qu\u00e9 estamos ense\u00f1\u00e1ndoles a los ni\u00f1os, qu\u00e9 estamos haciendo para poder lograr esos aprendizajes\u201d.<\/span><\/p><\/blockquote>\n<p>&nbsp;<\/p>\n<p>Las especialistas urgieron transformar el modelo educativo y fortalecer la coordinaci\u00f3n para mejorar los aprendizajes de estudiantes. De lo contrario M\u00e9xico no ser\u00e1 capaz de enfrentar la agenda nacional e internacional en temas que permitan una formaci\u00f3n ciudadana mundial.<\/p>\n<p>&nbsp;<\/p>\n<p><span style=\"font-weight: 400\"><div class=\"gap\" style=\"line-height: 10px; height: 10px;\"><\/div><\/span><\/p>\n<p><span style=\"font-weight: 400\"><\/p>\n<div class=\"hr-thick\"><\/div>\n<p><\/span><\/p>\n<p><span style=\"font-weight: 400\"><div class=\"gap\" style=\"line-height: 10px; height: 10px;\"><\/div><\/span><\/p>\n<p><span style=\"font-weight: 400\"><span class=\"dt-highlight\" >Te recomendamos:<\/span><\/span><\/p>\n<blockquote class=\"wp-embedded-content\" data-secret=\"3gx4bvCHSb\"><p><a href=\"https:\/\/noticias.imer.mx\/blog\/leyenda-de-la-nfl-apoyara-a-la-educacion-de-los-ninos-mexicanos-en-los-cabos\/\">Leyenda de la NFL apoyar\u00e1 a la educaci\u00f3n de los ni\u00f1os mexicanos en Los Cabos<\/a><\/p><\/blockquote>\n<p><iframe class=\"wp-embedded-content\" sandbox=\"allow-scripts\" security=\"restricted\" style=\"position: absolute; clip: rect(1px, 1px, 1px, 1px);\" title=\"\u00abLeyenda de la NFL apoyar\u00e1 a la educaci\u00f3n de los ni\u00f1os mexicanos en Los Cabos\u00bb \u2014 IMER Noticias\" src=\"https:\/\/noticias.imer.mx\/blog\/leyenda-de-la-nfl-apoyara-a-la-educacion-de-los-ninos-mexicanos-en-los-cabos\/embed\/#?secret=3gx4bvCHSb\" data-secret=\"3gx4bvCHSb\" width=\"600\" height=\"338\" frameborder=\"0\" marginwidth=\"0\" marginheight=\"0\" scrolling=\"no\"><\/iframe><\/p>\n","protected":false},"excerpt":{"rendered":"<p>El 40 por ciento de los maestros reprueban la capacitaci\u00f3n en educaci\u00f3n. Especialistas urgen transformar modelo educativo de cara a un nuevo sexenio y la agenda internacional.<\/p>\n","protected":false},"author":30,"featured_media":107377,"comment_status":"open","ping_status":"open","sticky":false,"template":"","format":"standard","meta":{"wp_popup_display_lightbox":0,"wp_popup_suppress":"","wp_popup_trigger":"","wp_popup_trigger_amount":0,"wp_popup_disable_on_mobile":false},"categories":[33,13],"tags":[5061,5067,10141,13903],"yoast_head":"<!-- This site is optimized with the Yoast SEO plugin v21.0 - https:\/\/yoast.com\/wordpress\/plugins\/seo\/ -->\n<title>El 95% de los maestros califican como inadecuada la capacitaci\u00f3n en educaci\u00f3n - Pruebas Noticias IMER<\/title>\n<meta name=\"description\" content=\"Especialistas urgen transformar modelo educativo de cara a un nuevo sexenio en M\u00e9xico y la agenda internacional.\" \/>\n<meta name=\"robots\" content=\"index, follow, max-snippet:-1, max-image-preview:large, max-video-preview:-1\" \/>\n<link rel=\"canonical\" href=\"https:\/\/noticias.imer.mx\/propuesta\/2023\/02\/07\/el-95-de-los-maestros-califican-como-adecuada-la-capacitacion-en-educacion\/\" \/>\n<meta property=\"og:locale\" content=\"es_ES\" \/>\n<meta property=\"og:type\" content=\"article\" \/>\n<meta property=\"og:title\" content=\"El 95% de los maestros califican como inadecuada la capacitaci\u00f3n en educaci\u00f3n - Pruebas Noticias IMER\" \/>\n<meta property=\"og:description\" content=\"Especialistas urgen transformar modelo educativo de cara a un nuevo sexenio en M\u00e9xico y la agenda internacional.\" \/>\n<meta property=\"og:url\" content=\"https:\/\/noticias.imer.mx\/propuesta\/2023\/02\/07\/el-95-de-los-maestros-califican-como-adecuada-la-capacitacion-en-educacion\/\" \/>\n<meta property=\"og:site_name\" content=\"Pruebas Noticias IMER\" \/>\n<meta property=\"article:published_time\" content=\"2023-02-07T21:13:44+00:00\" \/>\n<meta name=\"author\" content=\"serveradmin\" \/>\n<meta name=\"twitter:card\" content=\"summary_large_image\" \/>\n<meta name=\"twitter:label1\" content=\"Escrito por\" \/>\n\t<meta name=\"twitter:data1\" content=\"serveradmin\" \/>\n\t<meta name=\"twitter:label2\" content=\"Tiempo de lectura\" \/>\n\t<meta name=\"twitter:data2\" content=\"3 minutos\" \/>\n<script type=\"application\/ld+json\" class=\"yoast-schema-graph\">{\"@context\":\"https:\/\/schema.org\",\"@graph\":[{\"@type\":\"WebPage\",\"@id\":\"https:\/\/noticias.imer.mx\/propuesta\/2023\/02\/07\/el-95-de-los-maestros-califican-como-adecuada-la-capacitacion-en-educacion\/\",\"url\":\"https:\/\/noticias.imer.mx\/propuesta\/2023\/02\/07\/el-95-de-los-maestros-califican-como-adecuada-la-capacitacion-en-educacion\/\",\"name\":\"El 95% de los maestros califican como inadecuada la capacitaci\u00f3n en educaci\u00f3n - Pruebas Noticias IMER\",\"isPartOf\":{\"@id\":\"https:\/\/noticias.imer.mx\/propuesta\/#website\"},\"datePublished\":\"2023-02-07T21:13:44+00:00\",\"dateModified\":\"2023-02-07T21:13:44+00:00\",\"author\":{\"@id\":\"https:\/\/noticias.imer.mx\/propuesta\/#\/schema\/person\/967c1f66b6217bbd12b628cc10f6e76d\"},\"description\":\"Especialistas urgen transformar modelo educativo de cara a un nuevo sexenio en M\u00e9xico y la agenda internacional.\",\"breadcrumb\":{\"@id\":\"https:\/\/noticias.imer.mx\/propuesta\/2023\/02\/07\/el-95-de-los-maestros-califican-como-adecuada-la-capacitacion-en-educacion\/#breadcrumb\"},\"inLanguage\":\"es\",\"potentialAction\":[{\"@type\":\"ReadAction\",\"target\":[\"https:\/\/noticias.imer.mx\/propuesta\/2023\/02\/07\/el-95-de-los-maestros-califican-como-adecuada-la-capacitacion-en-educacion\/\"]}]},{\"@type\":\"BreadcrumbList\",\"@id\":\"https:\/\/noticias.imer.mx\/propuesta\/2023\/02\/07\/el-95-de-los-maestros-califican-como-adecuada-la-capacitacion-en-educacion\/#breadcrumb\",\"itemListElement\":[{\"@type\":\"ListItem\",\"position\":1,\"name\":\"Portada\",\"item\":\"https:\/\/noticias.imer.mx\/propuesta\/\"},{\"@type\":\"ListItem\",\"position\":2,\"name\":\"El 95% de los maestros califican como inadecuada la capacitaci\u00f3n en educaci\u00f3n\"}]},{\"@type\":\"WebSite\",\"@id\":\"https:\/\/noticias.imer.mx\/propuesta\/#website\",\"url\":\"https:\/\/noticias.imer.mx\/propuesta\/\",\"name\":\"Pruebas Noticias IMER\",\"description\":\"Otro sitio m\u00e1s de IMER Noticias\",\"potentialAction\":[{\"@type\":\"SearchAction\",\"target\":{\"@type\":\"EntryPoint\",\"urlTemplate\":\"https:\/\/noticias.imer.mx\/propuesta\/?s={search_term_string}\"},\"query-input\":\"required name=search_term_string\"}],\"inLanguage\":\"es\"},{\"@type\":\"Person\",\"@id\":\"https:\/\/noticias.imer.mx\/propuesta\/#\/schema\/person\/967c1f66b6217bbd12b628cc10f6e76d\",\"name\":\"serveradmin\",\"image\":{\"@type\":\"ImageObject\",\"inLanguage\":\"es\",\"@id\":\"https:\/\/noticias.imer.mx\/propuesta\/#\/schema\/person\/image\/\",\"url\":\"https:\/\/secure.gravatar.com\/avatar\/b7032212b076bde88e044d76d65f2c7b?s=96&d=mm&r=g\",\"contentUrl\":\"https:\/\/secure.gravatar.com\/avatar\/b7032212b076bde88e044d76d65f2c7b?s=96&d=mm&r=g\",\"caption\":\"serveradmin\"},\"url\":\"https:\/\/noticias.imer.mx\/propuesta\/author\/serveradmin\/\"}]}<\/script>\n<!-- \/ Yoast SEO plugin. -->","yoast_head_json":{"title":"El 95% de los maestros califican como inadecuada la capacitaci\u00f3n en educaci\u00f3n - Pruebas Noticias IMER","description":"Especialistas urgen transformar modelo educativo de cara a un nuevo sexenio en M\u00e9xico y la agenda internacional.","robots":{"index":"index","follow":"follow","max-snippet":"max-snippet:-1","max-image-preview":"max-image-preview:large","max-video-preview":"max-video-preview:-1"},"canonical":"https:\/\/noticias.imer.mx\/propuesta\/2023\/02\/07\/el-95-de-los-maestros-califican-como-adecuada-la-capacitacion-en-educacion\/","og_locale":"es_ES","og_type":"article","og_title":"El 95% de los maestros califican como inadecuada la capacitaci\u00f3n en educaci\u00f3n - Pruebas Noticias IMER","og_description":"Especialistas urgen transformar modelo educativo de cara a un nuevo sexenio en M\u00e9xico y la agenda internacional.","og_url":"https:\/\/noticias.imer.mx\/propuesta\/2023\/02\/07\/el-95-de-los-maestros-califican-como-adecuada-la-capacitacion-en-educacion\/","og_site_name":"Pruebas Noticias IMER","article_published_time":"2023-02-07T21:13:44+00:00","author":"serveradmin","twitter_card":"summary_large_image","twitter_misc":{"Escrito por":"serveradmin","Tiempo de lectura":"3 minutos"},"schema":{"@context":"https:\/\/schema.org","@graph":[{"@type":"WebPage","@id":"https:\/\/noticias.imer.mx\/propuesta\/2023\/02\/07\/el-95-de-los-maestros-califican-como-adecuada-la-capacitacion-en-educacion\/","url":"https:\/\/noticias.imer.mx\/propuesta\/2023\/02\/07\/el-95-de-los-maestros-califican-como-adecuada-la-capacitacion-en-educacion\/","name":"El 95% de los maestros califican como inadecuada la capacitaci\u00f3n en educaci\u00f3n - Pruebas Noticias IMER","isPartOf":{"@id":"https:\/\/noticias.imer.mx\/propuesta\/#website"},"datePublished":"2023-02-07T21:13:44+00:00","dateModified":"2023-02-07T21:13:44+00:00","author":{"@id":"https:\/\/noticias.imer.mx\/propuesta\/#\/schema\/person\/967c1f66b6217bbd12b628cc10f6e76d"},"description":"Especialistas urgen transformar modelo educativo de cara a un nuevo sexenio en M\u00e9xico y la agenda internacional.","breadcrumb":{"@id":"https:\/\/noticias.imer.mx\/propuesta\/2023\/02\/07\/el-95-de-los-maestros-califican-como-adecuada-la-capacitacion-en-educacion\/#breadcrumb"},"inLanguage":"es","potentialAction":[{"@type":"ReadAction","target":["https:\/\/noticias.imer.mx\/propuesta\/2023\/02\/07\/el-95-de-los-maestros-califican-como-adecuada-la-capacitacion-en-educacion\/"]}]},{"@type":"BreadcrumbList","@id":"https:\/\/noticias.imer.mx\/propuesta\/2023\/02\/07\/el-95-de-los-maestros-califican-como-adecuada-la-capacitacion-en-educacion\/#breadcrumb","itemListElement":[{"@type":"ListItem","position":1,"name":"Portada","item":"https:\/\/noticias.imer.mx\/propuesta\/"},{"@type":"ListItem","position":2,"name":"El 95% de los maestros califican como inadecuada la capacitaci\u00f3n en educaci\u00f3n"}]},{"@type":"WebSite","@id":"https:\/\/noticias.imer.mx\/propuesta\/#website","url":"https:\/\/noticias.imer.mx\/propuesta\/","name":"Pruebas Noticias IMER","description":"Otro sitio m\u00e1s de IMER Noticias","potentialAction":[{"@type":"SearchAction","target":{"@type":"EntryPoint","urlTemplate":"https:\/\/noticias.imer.mx\/propuesta\/?s={search_term_string}"},"query-input":"required name=search_term_string"}],"inLanguage":"es"},{"@type":"Person","@id":"https:\/\/noticias.imer.mx\/propuesta\/#\/schema\/person\/967c1f66b6217bbd12b628cc10f6e76d","name":"serveradmin","image":{"@type":"ImageObject","inLanguage":"es","@id":"https:\/\/noticias.imer.mx\/propuesta\/#\/schema\/person\/image\/","url":"https:\/\/secure.gravatar.com\/avatar\/b7032212b076bde88e044d76d65f2c7b?s=96&d=mm&r=g","contentUrl":"https:\/\/secure.gravatar.com\/avatar\/b7032212b076bde88e044d76d65f2c7b?s=96&d=mm&r=g","caption":"serveradmin"},"url":"https:\/\/noticias.imer.mx\/propuesta\/author\/serveradmin\/"}]}},"_links":{"self":[{"href":"https:\/\/noticias.imer.mx\/propuesta\/wp-json\/wp\/v2\/posts\/126782"}],"collection":[{"href":"https:\/\/noticias.imer.mx\/propuesta\/wp-json\/wp\/v2\/posts"}],"about":[{"href":"https:\/\/noticias.imer.mx\/propuesta\/wp-json\/wp\/v2\/types\/post"}],"author":[{"embeddable":true,"href":"https:\/\/noticias.imer.mx\/propuesta\/wp-json\/wp\/v2\/users\/30"}],"replies":[{"embeddable":true,"href":"https:\/\/noticias.imer.mx\/propuesta\/wp-json\/wp\/v2\/comments?post=126782"}],"version-history":[{"count":0,"href":"https:\/\/noticias.imer.mx\/propuesta\/wp-json\/wp\/v2\/posts\/126782\/revisions"}],"wp:featuredmedia":[{"embeddable":true,"href":"https:\/\/noticias.imer.mx\/propuesta\/wp-json\/"}],"wp:attachment":[{"href":"https:\/\/noticias.imer.mx\/propuesta\/wp-json\/wp\/v2\/media?parent=126782"}],"wp:term":[{"taxonomy":"category","embeddable":true,"href":"https:\/\/noticias.imer.mx\/propuesta\/wp-json\/wp\/v2\/categories?post=126782"},{"taxonomy":"post_tag","embeddable":true,"href":"https:\/\/noticias.imer.mx\/propuesta\/wp-json\/wp\/v2\/tags?post=126782"}],"curies":[{"name":"wp","href":"https:\/\/api.w.org\/{rel}","templated":true}]}}