{"id":126745,"date":"2023-02-07T11:40:41","date_gmt":"2023-02-07T17:40:41","guid":{"rendered":"http:\/\/noticias.imer.mx\/?p=126745"},"modified":"2023-02-07T11:40:41","modified_gmt":"2023-02-07T17:40:41","slug":"capacitan-a-periodistas-de-medios-publicos-y-radios-comunitarias-en-beneficio-de-las-audiencias","status":"publish","type":"post","link":"https:\/\/noticias.imer.mx\/propuesta\/2023\/02\/07\/capacitan-a-periodistas-de-medios-publicos-y-radios-comunitarias-en-beneficio-de-las-audiencias\/","title":{"rendered":"Capacitan a periodistas de medios p\u00fablicos y radios comunitarias, en beneficio de audiencias"},"content":{"rendered":"<p><em>El IMER, con apoyo del PIDC de la UNESCO, ofreci\u00f3 los talleres \u201cNuevas Narrativas para el Periodismo\u00bb y \u00abHerramientas Digitales\u201d impartidos por <span style=\"font-weight: 400\">el colectivo Sand\u00eda Digital.<\/span><\/em><\/p>\n<p>&nbsp;<\/p>\n<div class=\"hr-thin\"><\/div>\n<div class=\"gap\" style=\"line-height: 10px; height: 10px;\"><\/div>\n<p style=\"text-align: center\"><strong>Carolina L\u00f3pez Hidalgo<\/strong><\/p>\n<div class=\"gap\" style=\"line-height: 10px; height: 10px;\"><\/div>\n<div class=\"hr-thin\"><\/div>\n<p>&nbsp;<\/p>\n<p><span style=\"font-weight: 400\">Compartir con periodistas y profesionales de la informaci\u00f3n las herramientas de comunicaci\u00f3n estrat\u00e9gica que el <strong>colectivo Sand\u00eda Digital<\/strong> han desarrollado con personas defensoras de los derechos Humanos, la justicia socioambiental y la de g\u00e9nero son los objetivos de los talleres \u201c<strong>Nuevas Narrativas para el Periodismo<\/strong>\u00bb y \u00ab<strong>Herramientas Digitales<\/strong>\u201d brindados en el estudio B del Instituto Mexicano de la Radio (IMER).<\/span><\/p>\n<p>&nbsp;<\/p>\n<p><span style=\"font-weight: 400\">Con el compromiso de profesionalizar el trabajo de los medios p\u00fablicos, \u00e9stas herramientas contribuyen al cambio del periodismo para beneficiar a la comunidad y por ende el desarrollo de la sociedad, as\u00ed lo destac\u00f3 <strong>Marie-<\/strong><\/span><span style=\"font-weight: 400\"><strong>Pia Rieublanc<\/strong>, coordinadora del \u00e1rea de Comunicaci\u00f3n de Sand\u00eda Digital.<\/span><\/p>\n<p>&nbsp;<\/p>\n<p><span style=\"font-weight: 400\">El colectivo conformado por 7 mujeres tiene <strong>5 ejes de trabajo<\/strong>: grabamos, formamos, defendemos, escribimos y nos aliamos. <\/span><span style=\"font-weight: 400\">Puntos de partida que sirvieron para crear metodolog\u00edas con base en la educaci\u00f3n popular, la defensa del territorio y de los derechos humanos.<\/span><\/p>\n<p>&nbsp;<\/p>\n<p><a class=\"dt-pswp-item\" href=\"http:\/\/noticias.imer.mx\/wp-content\/uploads\/2023\/02\/DSC_0061-scaled.jpg\" data-dt-img-description=\"\" data-large_image_width=\"2560\" data-large_image_height=\"1707\"><img decoding=\"async\" loading=\"lazy\" class=\"aligncenter wp-image-126646\" src=\"http:\/\/noticias.imer.mx\/wp-content\/uploads\/2023\/02\/DSC_0061-1024x683.jpg\" alt=\"\" width=\"975\" height=\"650\" \/><\/a><\/p>\n<p style=\"text-align: center\"><span style=\"color: #808080\">Foto: Karen D\u00edaz<\/span><\/p>\n<p>&nbsp;<\/p>\n<p><span style=\"font-weight: 400\">A lo largo de 4 d\u00edas se ofrecieron estos talleres, los cuales en breve estar\u00e1n en una plataforma para poder apoyar m\u00e1s a los comunicadores de todo el pa\u00eds, con el fin de crear comunidad y la memoria audiovisual que se ha perdido<\/span><\/p>\n<p>&nbsp;<\/p>\n<p><span style=\"font-weight: 400\">Profesionales de <strong>radios comunitarias<\/strong> de Morelos, Tlaxcala, Ciudad de M\u00e9xico, Estado de M\u00e9xico y de diversos <strong>medios p\u00fablicos<\/strong> como Capital 21, Radio Educaci\u00f3n y Canal 22 salieron contentos y agradecidos por la oportunidad de abrir los ojos a las nuevas narrativas y los medios para consolidar el trabajo.<\/span><\/p>\n<p>&nbsp;<\/p>\n<p>&nbsp;<\/p>\n\n<p>&nbsp;<\/p>\n<p><span style=\"font-weight: 400\">La Sand\u00eda Digital junto con el IMER, con apoyo de la UNESCO, crearon estos talleres que fortalecen el quehacer period\u00edstico y human\u00edstico de la comunicaci\u00f3n, como lo destac\u00f3 la titular del IMER, <strong>Aleida Calleja<\/strong>.<\/span><\/p>\n<p>&nbsp;<\/p>\n<p><span style=\"font-weight: 400\">Los talleres ayudaron a los periodistas, productores, investigadores y personas que tomaron el curso a crear historias novedosas, pero sobre todo susceptibles para generar nuevas maneras de entender los derechos humanos, la justicia socioambiental y la de g\u00e9nero, pero sobre todo potenciar el impacto de los contenidos radiof\u00f3nicos y multimedia.<\/span><\/p>\n<p>&nbsp;<\/p>\n<p>&nbsp;<\/p>\n<span class=\"dt-highlight\" >Te recomendamos:<\/span>\n<blockquote class=\"wp-embedded-content\" data-secret=\"w7K7O6rmn6\"><p><a href=\"https:\/\/noticias.imer.mx\/blog\/jane-fonda-asumia-que-no-viviria-despues-de-los-30-a-los-85-pide-a-la-juventud-no-dejarse-enganar\/\">Jane Fonda asum\u00eda que no vivir\u00eda despu\u00e9s de los 30; a los 85 pide a la juventud no dejarse enga\u00f1ar<\/a><\/p><\/blockquote>\n<p><iframe class=\"wp-embedded-content\" sandbox=\"allow-scripts\" security=\"restricted\" style=\"position: absolute; clip: rect(1px, 1px, 1px, 1px);\" title=\"\u00abJane Fonda asum\u00eda que no vivir\u00eda despu\u00e9s de los 30; a los 85 pide a la juventud no dejarse enga\u00f1ar\u00bb \u2014 IMER Noticias\" src=\"https:\/\/noticias.imer.mx\/blog\/jane-fonda-asumia-que-no-viviria-despues-de-los-30-a-los-85-pide-a-la-juventud-no-dejarse-enganar\/embed\/#?secret=w7K7O6rmn6\" data-secret=\"w7K7O6rmn6\" width=\"600\" height=\"338\" frameborder=\"0\" marginwidth=\"0\" marginheight=\"0\" scrolling=\"no\"><\/iframe><\/p>\n<p>&nbsp;<\/p>\n<div class=\"hr-thin\"><\/div>\n","protected":false},"excerpt":{"rendered":"<p>El IMER, con apoyo del PIDC de la UNESCO, ofreci\u00f3 los talleres \u201cNuevas Narrativas para el Periodismo\u00bb y \u00abHerramientas Digitales\u201d impartidos por el colectivo Sand\u00eda Digital.<\/p>\n","protected":false},"author":30,"featured_media":126754,"comment_status":"open","ping_status":"open","sticky":false,"template":"","format":"standard","meta":{"wp_popup_display_lightbox":0,"wp_popup_suppress":"","wp_popup_trigger":"","wp_popup_trigger_amount":0,"wp_popup_disable_on_mobile":false},"categories":[7,13],"tags":[7545,11052,11790,13586,15148],"yoast_head":"<!-- This site is optimized with the Yoast SEO plugin v21.0 - https:\/\/yoast.com\/wordpress\/plugins\/seo\/ -->\n<title>Capacitan a periodistas de medios p\u00fablicos y radios comunitarias, en beneficio de audiencias - Pruebas Noticias IMER<\/title>\n<meta name=\"description\" content=\"El IMER, con apoyo del PIDC de la UNESCO, ofreci\u00f3 los talleres \u201cNuevas Narrativas para el Periodismo&quot; y &quot;Herramientas Digitales\u201d impartidos por el colectivo Sand\u00eda Digital.\" \/>\n<meta name=\"robots\" content=\"index, follow, max-snippet:-1, max-image-preview:large, max-video-preview:-1\" \/>\n<link rel=\"canonical\" href=\"https:\/\/noticias.imer.mx\/propuesta\/2023\/02\/07\/capacitan-a-periodistas-de-medios-publicos-y-radios-comunitarias-en-beneficio-de-las-audiencias\/\" \/>\n<meta property=\"og:locale\" content=\"es_ES\" \/>\n<meta property=\"og:type\" content=\"article\" \/>\n<meta property=\"og:title\" content=\"Capacitan a periodistas de medios p\u00fablicos y radios comunitarias, en beneficio de audiencias - Pruebas Noticias IMER\" \/>\n<meta property=\"og:description\" content=\"El IMER, con apoyo del PIDC de la UNESCO, ofreci\u00f3 los talleres \u201cNuevas Narrativas para el Periodismo&quot; y &quot;Herramientas Digitales\u201d impartidos por el colectivo Sand\u00eda Digital.\" \/>\n<meta property=\"og:url\" content=\"https:\/\/noticias.imer.mx\/propuesta\/2023\/02\/07\/capacitan-a-periodistas-de-medios-publicos-y-radios-comunitarias-en-beneficio-de-las-audiencias\/\" \/>\n<meta property=\"og:site_name\" content=\"Pruebas Noticias IMER\" \/>\n<meta property=\"article:published_time\" content=\"2023-02-07T17:40:41+00:00\" \/>\n<meta name=\"author\" content=\"serveradmin\" \/>\n<meta name=\"twitter:card\" content=\"summary_large_image\" \/>\n<meta name=\"twitter:label1\" content=\"Escrito por\" \/>\n\t<meta name=\"twitter:data1\" content=\"serveradmin\" \/>\n\t<meta name=\"twitter:label2\" content=\"Tiempo de lectura\" \/>\n\t<meta name=\"twitter:data2\" content=\"2 minutos\" \/>\n<script type=\"application\/ld+json\" class=\"yoast-schema-graph\">{\"@context\":\"https:\/\/schema.org\",\"@graph\":[{\"@type\":\"WebPage\",\"@id\":\"https:\/\/noticias.imer.mx\/propuesta\/2023\/02\/07\/capacitan-a-periodistas-de-medios-publicos-y-radios-comunitarias-en-beneficio-de-las-audiencias\/\",\"url\":\"https:\/\/noticias.imer.mx\/propuesta\/2023\/02\/07\/capacitan-a-periodistas-de-medios-publicos-y-radios-comunitarias-en-beneficio-de-las-audiencias\/\",\"name\":\"Capacitan a periodistas de medios p\u00fablicos y radios comunitarias, en beneficio de audiencias - Pruebas Noticias IMER\",\"isPartOf\":{\"@id\":\"https:\/\/noticias.imer.mx\/propuesta\/#website\"},\"datePublished\":\"2023-02-07T17:40:41+00:00\",\"dateModified\":\"2023-02-07T17:40:41+00:00\",\"author\":{\"@id\":\"https:\/\/noticias.imer.mx\/propuesta\/#\/schema\/person\/967c1f66b6217bbd12b628cc10f6e76d\"},\"description\":\"El IMER, con apoyo del PIDC de la UNESCO, ofreci\u00f3 los talleres \u201cNuevas Narrativas para el Periodismo\\\" y \\\"Herramientas Digitales\u201d impartidos por el colectivo Sand\u00eda Digital.\",\"breadcrumb\":{\"@id\":\"https:\/\/noticias.imer.mx\/propuesta\/2023\/02\/07\/capacitan-a-periodistas-de-medios-publicos-y-radios-comunitarias-en-beneficio-de-las-audiencias\/#breadcrumb\"},\"inLanguage\":\"es\",\"potentialAction\":[{\"@type\":\"ReadAction\",\"target\":[\"https:\/\/noticias.imer.mx\/propuesta\/2023\/02\/07\/capacitan-a-periodistas-de-medios-publicos-y-radios-comunitarias-en-beneficio-de-las-audiencias\/\"]}]},{\"@type\":\"BreadcrumbList\",\"@id\":\"https:\/\/noticias.imer.mx\/propuesta\/2023\/02\/07\/capacitan-a-periodistas-de-medios-publicos-y-radios-comunitarias-en-beneficio-de-las-audiencias\/#breadcrumb\",\"itemListElement\":[{\"@type\":\"ListItem\",\"position\":1,\"name\":\"Portada\",\"item\":\"https:\/\/noticias.imer.mx\/propuesta\/\"},{\"@type\":\"ListItem\",\"position\":2,\"name\":\"Capacitan a periodistas de medios p\u00fablicos y radios comunitarias, en beneficio de audiencias\"}]},{\"@type\":\"WebSite\",\"@id\":\"https:\/\/noticias.imer.mx\/propuesta\/#website\",\"url\":\"https:\/\/noticias.imer.mx\/propuesta\/\",\"name\":\"Pruebas Noticias IMER\",\"description\":\"Otro sitio m\u00e1s de IMER Noticias\",\"potentialAction\":[{\"@type\":\"SearchAction\",\"target\":{\"@type\":\"EntryPoint\",\"urlTemplate\":\"https:\/\/noticias.imer.mx\/propuesta\/?s={search_term_string}\"},\"query-input\":\"required name=search_term_string\"}],\"inLanguage\":\"es\"},{\"@type\":\"Person\",\"@id\":\"https:\/\/noticias.imer.mx\/propuesta\/#\/schema\/person\/967c1f66b6217bbd12b628cc10f6e76d\",\"name\":\"serveradmin\",\"image\":{\"@type\":\"ImageObject\",\"inLanguage\":\"es\",\"@id\":\"https:\/\/noticias.imer.mx\/propuesta\/#\/schema\/person\/image\/\",\"url\":\"https:\/\/secure.gravatar.com\/avatar\/b7032212b076bde88e044d76d65f2c7b?s=96&d=mm&r=g\",\"contentUrl\":\"https:\/\/secure.gravatar.com\/avatar\/b7032212b076bde88e044d76d65f2c7b?s=96&d=mm&r=g\",\"caption\":\"serveradmin\"},\"url\":\"https:\/\/noticias.imer.mx\/propuesta\/author\/serveradmin\/\"}]}<\/script>\n<!-- \/ Yoast SEO plugin. -->","yoast_head_json":{"title":"Capacitan a periodistas de medios p\u00fablicos y radios comunitarias, en beneficio de audiencias - Pruebas Noticias IMER","description":"El IMER, con apoyo del PIDC de la UNESCO, ofreci\u00f3 los talleres \u201cNuevas Narrativas para el Periodismo\" y \"Herramientas Digitales\u201d impartidos por el colectivo Sand\u00eda Digital.","robots":{"index":"index","follow":"follow","max-snippet":"max-snippet:-1","max-image-preview":"max-image-preview:large","max-video-preview":"max-video-preview:-1"},"canonical":"https:\/\/noticias.imer.mx\/propuesta\/2023\/02\/07\/capacitan-a-periodistas-de-medios-publicos-y-radios-comunitarias-en-beneficio-de-las-audiencias\/","og_locale":"es_ES","og_type":"article","og_title":"Capacitan a periodistas de medios p\u00fablicos y radios comunitarias, en beneficio de audiencias - Pruebas Noticias IMER","og_description":"El IMER, con apoyo del PIDC de la UNESCO, ofreci\u00f3 los talleres \u201cNuevas Narrativas para el Periodismo\" y \"Herramientas Digitales\u201d impartidos por el colectivo Sand\u00eda Digital.","og_url":"https:\/\/noticias.imer.mx\/propuesta\/2023\/02\/07\/capacitan-a-periodistas-de-medios-publicos-y-radios-comunitarias-en-beneficio-de-las-audiencias\/","og_site_name":"Pruebas Noticias IMER","article_published_time":"2023-02-07T17:40:41+00:00","author":"serveradmin","twitter_card":"summary_large_image","twitter_misc":{"Escrito por":"serveradmin","Tiempo de lectura":"2 minutos"},"schema":{"@context":"https:\/\/schema.org","@graph":[{"@type":"WebPage","@id":"https:\/\/noticias.imer.mx\/propuesta\/2023\/02\/07\/capacitan-a-periodistas-de-medios-publicos-y-radios-comunitarias-en-beneficio-de-las-audiencias\/","url":"https:\/\/noticias.imer.mx\/propuesta\/2023\/02\/07\/capacitan-a-periodistas-de-medios-publicos-y-radios-comunitarias-en-beneficio-de-las-audiencias\/","name":"Capacitan a periodistas de medios p\u00fablicos y radios comunitarias, en beneficio de audiencias - Pruebas Noticias IMER","isPartOf":{"@id":"https:\/\/noticias.imer.mx\/propuesta\/#website"},"datePublished":"2023-02-07T17:40:41+00:00","dateModified":"2023-02-07T17:40:41+00:00","author":{"@id":"https:\/\/noticias.imer.mx\/propuesta\/#\/schema\/person\/967c1f66b6217bbd12b628cc10f6e76d"},"description":"El IMER, con apoyo del PIDC de la UNESCO, ofreci\u00f3 los talleres \u201cNuevas Narrativas para el Periodismo\" y \"Herramientas Digitales\u201d impartidos por el colectivo Sand\u00eda Digital.","breadcrumb":{"@id":"https:\/\/noticias.imer.mx\/propuesta\/2023\/02\/07\/capacitan-a-periodistas-de-medios-publicos-y-radios-comunitarias-en-beneficio-de-las-audiencias\/#breadcrumb"},"inLanguage":"es","potentialAction":[{"@type":"ReadAction","target":["https:\/\/noticias.imer.mx\/propuesta\/2023\/02\/07\/capacitan-a-periodistas-de-medios-publicos-y-radios-comunitarias-en-beneficio-de-las-audiencias\/"]}]},{"@type":"BreadcrumbList","@id":"https:\/\/noticias.imer.mx\/propuesta\/2023\/02\/07\/capacitan-a-periodistas-de-medios-publicos-y-radios-comunitarias-en-beneficio-de-las-audiencias\/#breadcrumb","itemListElement":[{"@type":"ListItem","position":1,"name":"Portada","item":"https:\/\/noticias.imer.mx\/propuesta\/"},{"@type":"ListItem","position":2,"name":"Capacitan a periodistas de medios p\u00fablicos y radios comunitarias, en beneficio de audiencias"}]},{"@type":"WebSite","@id":"https:\/\/noticias.imer.mx\/propuesta\/#website","url":"https:\/\/noticias.imer.mx\/propuesta\/","name":"Pruebas Noticias IMER","description":"Otro sitio m\u00e1s de IMER Noticias","potentialAction":[{"@type":"SearchAction","target":{"@type":"EntryPoint","urlTemplate":"https:\/\/noticias.imer.mx\/propuesta\/?s={search_term_string}"},"query-input":"required name=search_term_string"}],"inLanguage":"es"},{"@type":"Person","@id":"https:\/\/noticias.imer.mx\/propuesta\/#\/schema\/person\/967c1f66b6217bbd12b628cc10f6e76d","name":"serveradmin","image":{"@type":"ImageObject","inLanguage":"es","@id":"https:\/\/noticias.imer.mx\/propuesta\/#\/schema\/person\/image\/","url":"https:\/\/secure.gravatar.com\/avatar\/b7032212b076bde88e044d76d65f2c7b?s=96&d=mm&r=g","contentUrl":"https:\/\/secure.gravatar.com\/avatar\/b7032212b076bde88e044d76d65f2c7b?s=96&d=mm&r=g","caption":"serveradmin"},"url":"https:\/\/noticias.imer.mx\/propuesta\/author\/serveradmin\/"}]}},"_links":{"self":[{"href":"https:\/\/noticias.imer.mx\/propuesta\/wp-json\/wp\/v2\/posts\/126745"}],"collection":[{"href":"https:\/\/noticias.imer.mx\/propuesta\/wp-json\/wp\/v2\/posts"}],"about":[{"href":"https:\/\/noticias.imer.mx\/propuesta\/wp-json\/wp\/v2\/types\/post"}],"author":[{"embeddable":true,"href":"https:\/\/noticias.imer.mx\/propuesta\/wp-json\/wp\/v2\/users\/30"}],"replies":[{"embeddable":true,"href":"https:\/\/noticias.imer.mx\/propuesta\/wp-json\/wp\/v2\/comments?post=126745"}],"version-history":[{"count":0,"href":"https:\/\/noticias.imer.mx\/propuesta\/wp-json\/wp\/v2\/posts\/126745\/revisions"}],"wp:featuredmedia":[{"embeddable":true,"href":"https:\/\/noticias.imer.mx\/propuesta\/wp-json\/"}],"wp:attachment":[{"href":"https:\/\/noticias.imer.mx\/propuesta\/wp-json\/wp\/v2\/media?parent=126745"}],"wp:term":[{"taxonomy":"category","embeddable":true,"href":"https:\/\/noticias.imer.mx\/propuesta\/wp-json\/wp\/v2\/categories?post=126745"},{"taxonomy":"post_tag","embeddable":true,"href":"https:\/\/noticias.imer.mx\/propuesta\/wp-json\/wp\/v2\/tags?post=126745"}],"curies":[{"name":"wp","href":"https:\/\/api.w.org\/{rel}","templated":true}]}}