{"id":126494,"date":"2023-02-02T09:56:15","date_gmt":"2023-02-02T15:56:15","guid":{"rendered":"http:\/\/noticias.imer.mx\/?p=126494"},"modified":"2023-02-02T09:56:15","modified_gmt":"2023-02-02T15:56:15","slug":"defiende-amlo-a-delfina-y-samuel-garcia-generacion-de-empleos-temas-de-la-mananera","status":"publish","type":"post","link":"https:\/\/noticias.imer.mx\/propuesta\/2023\/02\/02\/defiende-amlo-a-delfina-y-samuel-garcia-generacion-de-empleos-temas-de-la-mananera\/","title":{"rendered":"Defiende AMLO a Delfina y Samuel Garc\u00eda, generaci\u00f3n de empleos: temas de la ma\u00f1anera"},"content":{"rendered":"<p><em>La Sedena emitir\u00e1 un informe sobre sus actuaciones protocolarias en instalaciones legislativas<\/em><\/p>\n<p><span style=\"font-weight: 400\"><div class=\"gap\" style=\"line-height: 10px; height: 10px;\"><\/div><\/span><\/p>\n<p><span style=\"font-weight: 400\"><\/p>\n<div class=\"hr-thin\"><\/div>\n<p><\/span><\/p>\n<p style=\"text-align: center\"><b>IMER Noticias<\/b><\/p>\n<p><span style=\"font-weight: 400\"><\/p>\n<div class=\"hr-thin\"><\/div>\n<p><\/span><\/p>\n<p><span style=\"font-weight: 400\"><div class=\"gap\" style=\"line-height: 10px; height: 10px;\"><\/div><\/span><\/p>\n<p>&nbsp;<\/p>\n<p>El presidente Andr\u00e9s Manuel L\u00f3pez Obrador defendi\u00f3 a Delfina G\u00f3mez \u00c1lvarez, precandidata a la gubernatura del Estado de M\u00e9xico, sobre las presuntas irregularidades detectadas por la Auditor\u00eda Superior de la Federaci\u00f3n (ASF) en la Secretar\u00eda de Educaci\u00f3n P\u00fablica (SEP), en su gesti\u00f3n.<\/p>\n<p>&nbsp;<\/p>\n<p>El mandatario asegura que las observaciones reportadas por 830 millones de pesos en la cuenta p\u00fablica 2021 de la SEP no necesariamente significan actos de corrupci\u00f3n.<\/p>\n<blockquote class=\"twitter-tweet\" data-width=\"550\" data-dnt=\"true\">\n<p lang=\"es\" dir=\"ltr\">\ud83d\udde3\ufe0f <a href=\"https:\/\/twitter.com\/hashtag\/ConferenciaPresidente?src=hash&amp;ref_src=twsrc%5Etfw\">#ConferenciaPresidente<\/a> || \u201cCuando la <a href=\"https:\/\/twitter.com\/ASF_Mexico?ref_src=twsrc%5Etfw\">@ASF_Mexico<\/a> hace observaciones a alguna dependencia no significa que haya corrupci\u00f3n, afirm\u00f3 el presidente <a href=\"https:\/\/twitter.com\/lopezobrador_?ref_src=twsrc%5Etfw\">@lopezobrador_<\/a> sobre las presuntas irregularidades detectadas durante la gesti\u00f3n de Delfina G\u00f3mez en la <a href=\"https:\/\/twitter.com\/SEP_mx?ref_src=twsrc%5Etfw\">@SEP_mx<\/a>. <a href=\"https:\/\/t.co\/xjlUIU91Pj\">pic.twitter.com\/xjlUIU91Pj<\/a><\/p>\n<p>&mdash; IMER Noticias (@IMER_Noticias) <a href=\"https:\/\/twitter.com\/IMER_Noticias\/status\/1621146485101568001?ref_src=twsrc%5Etfw\">February 2, 2023<\/a><\/p><\/blockquote>\n<p><script async src=\"https:\/\/platform.twitter.com\/widgets.js\" charset=\"utf-8\"><\/script><\/p>\n<h4><\/h4>\n<h4><strong><span style=\"color: #308446\">Caso Sady Loaiza<\/span><\/strong><\/h4>\n<p>Sobre el nombramiento del exfuncionario venezolano, Sady Loaiza Escalona como subdirector en la SEP, el presidente calific\u00f3 las criticas como \u201cpolitiquer\u00eda del conservadurismo\u201d.<\/p>\n<p>&nbsp;<\/p>\n<p>Lo anterior, luego de que el peri\u00f3dico reforma diera a conocer que Loaiza encabeza el redise\u00f1o y contenido de libros de texto y materiales pedag\u00f3gicos.<\/p>\n<p>&nbsp;<\/p>\n<h4><strong><span style=\"color: #308446\">Militares en el Congreso<\/span><\/strong><\/h4>\n<p>&nbsp;<\/p>\n<p>Este jueves, la Secretar\u00eda de la Defensa Nacional (Sedena) dar\u00e1 a conocer un informe sobre el protocolo de las Fuerzas Armadas en las instalaciones legislativas.<\/p>\n<p>&nbsp;<\/p>\n<p>Lo anterior tras la pol\u00e9mica generada por la presencia de la banda de guerra del Ej\u00e9rcito en el Pleno de San L\u00e1zaro, durante el inicio del periodo de sesiones.<\/p>\n<blockquote class=\"twitter-tweet\" data-width=\"550\" data-dnt=\"true\">\n<p lang=\"es\" dir=\"ltr\">Los honores a la Bandera \ud83c\uddf2\ud83c\uddfd se realizaron en el vest\u00edbulo de <a href=\"https:\/\/twitter.com\/Mx_Diputados?ref_src=twsrc%5Etfw\">@Mx_Diputados<\/a>.<\/p>\n<p>El presidente de la Mesa Directiva, <a href=\"https:\/\/twitter.com\/SantiagoCreelM?ref_src=twsrc%5Etfw\">@SantiagoCreelM<\/a>, afirm\u00f3 que el protocolo se acord\u00f3 con la <a href=\"https:\/\/twitter.com\/SEDENAmx?ref_src=twsrc%5Etfw\">@SEDENAmx<\/a> debido a que los integrantes de la escolta del Ej\u00e9rcito estaban armados.<\/p>\n<p>\ud83d\udcf9: <a href=\"https:\/\/twitter.com\/ClaudiaTllez?ref_src=twsrc%5Etfw\">@ClaudiaTllez<\/a> <a href=\"https:\/\/t.co\/vrh6fqP15e\">pic.twitter.com\/vrh6fqP15e<\/a><\/p>\n<p>&mdash; IMER Noticias (@IMER_Noticias) <a href=\"https:\/\/twitter.com\/IMER_Noticias\/status\/1620852569009717248?ref_src=twsrc%5Etfw\">February 1, 2023<\/a><\/p><\/blockquote>\n<p><script async src=\"https:\/\/platform.twitter.com\/widgets.js\" charset=\"utf-8\"><\/script><\/p>\n<p>El presidente explic\u00f3 que el motivo de que los militares fueran armados fue por disposici\u00f3n reglamentaria.<\/p>\n<p>&nbsp;<\/p>\n<h4><strong><span style=\"color: #308446\">Recuperaci\u00f3n de empleos<\/span><\/strong><\/h4>\n<p>&nbsp;<\/p>\n<p>M\u00e1s de 21.4 millones de empleos se han generado al cierre de enero de 2023, seg\u00fan datos del Instituto Mexicano del Seguro Social (IMSS) superando el nivel de febrero de 2020, previo a que se declarara la pandemia de Covid-19.<\/p>\n<p>&nbsp;<\/p>\n<p>El presidente Andr\u00e9s Manuel L\u00f3pez Obrador confi\u00f3 en que este a\u00f1o se logren 22 millones de puestos de trabajo formales.<\/p>\n<p>&nbsp;<\/p>\n<p><strong><span style=\"color: #308446\">Defensa a Samuel Garc\u00eda<\/span><\/strong><\/p>\n<p>&nbsp;<\/p>\n<p>Tras la aprobaci\u00f3n del juicio pol\u00edtico contra el gobernador de nuevo Le\u00f3n, Samuel Garc\u00eda, el mandatario federal asegur\u00f3 que el mandatario no ha cometido ning\u00fan delito y que enfrenta un chantaje de \u201clos que siempre han sometido a gobernadores\u201d en la entidad.<\/p>\n<p>&nbsp;<\/p>\n<p>El pasado mi\u00e9rcoles 1 de enero, la Comisi\u00f3n Anticorrupci\u00f3n del Congreso neoleon\u00e9s acus\u00f3 al gobernador de no presentar a tiempo el Presupuesto de Egresos 2023.<\/p>\n<p><span style=\"font-weight: 400\"><div class=\"gap\" style=\"line-height: 10px; height: 10px;\"><\/div><\/span><\/p>\n<p><span style=\"font-weight: 400\"><span class=\"dt-highlight\" >Te recomendamos:<\/span>\u00a0<\/span><\/p>\n<blockquote class=\"wp-embedded-content\" data-secret=\"u65XYYQHFK\"><p><a href=\"https:\/\/noticias.imer.mx\/blog\/20-dependencias-adeudan-tres-mil-millones-de-pesos-al-fovissste\/\">20 dependencias adeudan tres mil millones de pesos al FOVISSSTE<\/a><\/p><\/blockquote>\n<p><iframe loading=\"lazy\" class=\"wp-embedded-content\" sandbox=\"allow-scripts\" security=\"restricted\" style=\"position: absolute; clip: rect(1px, 1px, 1px, 1px);\" title=\"\u00ab20 dependencias adeudan tres mil millones de pesos al FOVISSSTE\u00bb \u2014 IMER Noticias\" src=\"https:\/\/noticias.imer.mx\/blog\/20-dependencias-adeudan-tres-mil-millones-de-pesos-al-fovissste\/embed\/#?secret=u65XYYQHFK\" data-secret=\"u65XYYQHFK\" width=\"600\" height=\"338\" frameborder=\"0\" marginwidth=\"0\" marginheight=\"0\" scrolling=\"no\"><\/iframe><\/p>\n","protected":false},"excerpt":{"rendered":"<p>La Sedena emitir\u00e1 un informe sobre sus actuaciones protocolarias en instalaciones legislativas <\/p>\n","protected":false},"author":30,"featured_media":126495,"comment_status":"open","ping_status":"open","sticky":false,"template":"","format":"standard","meta":{"footnotes":""},"categories":[33,13],"tags":[],"class_list":["post-126494","post","type-post","status-publish","format-standard","has-post-thumbnail","hentry","category-nacional","category-noticias","category-33","category-13","description-off"],"yoast_head":"<!-- This site is optimized with the Yoast SEO plugin v28.3 - https:\/\/yoast.com\/product\/yoast-seo-wordpress\/ -->\n<title>Defiende AMLO a Delfina y Samuel Garc\u00eda, generaci\u00f3n de empleos: temas de la ma\u00f1anera - Pruebas Noticias IMER<\/title>\n<meta name=\"description\" content=\"La Sedena emitir\u00e1 un informe sobre sus actuaciones protocolarias en instalaciones legislativas\" \/>\n<meta name=\"robots\" content=\"index, follow, max-snippet:-1, max-image-preview:large, max-video-preview:-1\" \/>\n<link rel=\"canonical\" href=\"https:\/\/noticias.imer.mx\/propuesta\/2023\/02\/02\/defiende-amlo-a-delfina-y-samuel-garcia-generacion-de-empleos-temas-de-la-mananera\/\" \/>\n<meta property=\"og:locale\" content=\"es_ES\" \/>\n<meta property=\"og:type\" content=\"article\" \/>\n<meta property=\"og:title\" content=\"Defiende AMLO a Delfina y Samuel Garc\u00eda, generaci\u00f3n de empleos: temas de la ma\u00f1anera - Pruebas Noticias IMER\" \/>\n<meta property=\"og:description\" content=\"La Sedena emitir\u00e1 un informe sobre sus actuaciones protocolarias en instalaciones legislativas\" \/>\n<meta property=\"og:url\" content=\"https:\/\/noticias.imer.mx\/propuesta\/2023\/02\/02\/defiende-amlo-a-delfina-y-samuel-garcia-generacion-de-empleos-temas-de-la-mananera\/\" \/>\n<meta property=\"og:site_name\" content=\"Pruebas Noticias IMER\" \/>\n<meta property=\"article:published_time\" content=\"2023-02-02T15:56:15+00:00\" \/>\n<meta name=\"author\" content=\"serveradmin\" \/>\n<meta name=\"twitter:card\" content=\"summary_large_image\" \/>\n<meta name=\"twitter:label1\" content=\"Escrito por\" \/>\n\t<meta name=\"twitter:data1\" content=\"serveradmin\" \/>\n\t<meta name=\"twitter:label2\" content=\"Tiempo de lectura\" \/>\n\t<meta name=\"twitter:data2\" content=\"2 minutos\" \/>\n<script type=\"application\/ld+json\" class=\"yoast-schema-graph\">{\"@context\":\"https:\\\/\\\/schema.org\",\"@graph\":[{\"@type\":\"Article\",\"@id\":\"https:\\\/\\\/noticias.imer.mx\\\/propuesta\\\/2023\\\/02\\\/02\\\/defiende-amlo-a-delfina-y-samuel-garcia-generacion-de-empleos-temas-de-la-mananera\\\/#article\",\"isPartOf\":{\"@id\":\"https:\\\/\\\/noticias.imer.mx\\\/propuesta\\\/2023\\\/02\\\/02\\\/defiende-amlo-a-delfina-y-samuel-garcia-generacion-de-empleos-temas-de-la-mananera\\\/\"},\"author\":{\"name\":\"serveradmin\",\"@id\":\"https:\\\/\\\/noticias.imer.mx\\\/propuesta\\\/#\\\/schema\\\/person\\\/967c1f66b6217bbd12b628cc10f6e76d\"},\"headline\":\"Defiende AMLO a Delfina y Samuel Garc\u00eda, generaci\u00f3n de empleos: temas de la ma\u00f1anera\",\"datePublished\":\"2023-02-02T15:56:15+00:00\",\"mainEntityOfPage\":{\"@id\":\"https:\\\/\\\/noticias.imer.mx\\\/propuesta\\\/2023\\\/02\\\/02\\\/defiende-amlo-a-delfina-y-samuel-garcia-generacion-de-empleos-temas-de-la-mananera\\\/\"},\"wordCount\":445,\"commentCount\":0,\"image\":{\"@id\":\"https:\\\/\\\/noticias.imer.mx\\\/propuesta\\\/2023\\\/02\\\/02\\\/defiende-amlo-a-delfina-y-samuel-garcia-generacion-de-empleos-temas-de-la-mananera\\\/#primaryimage\"},\"thumbnailUrl\":\"\",\"articleSection\":[\"Nacional\",\"Noticias\"],\"inLanguage\":\"es\",\"potentialAction\":[{\"@type\":\"CommentAction\",\"name\":\"Comment\",\"target\":[\"https:\\\/\\\/noticias.imer.mx\\\/propuesta\\\/2023\\\/02\\\/02\\\/defiende-amlo-a-delfina-y-samuel-garcia-generacion-de-empleos-temas-de-la-mananera\\\/#respond\"]}]},{\"@type\":\"WebPage\",\"@id\":\"https:\\\/\\\/noticias.imer.mx\\\/propuesta\\\/2023\\\/02\\\/02\\\/defiende-amlo-a-delfina-y-samuel-garcia-generacion-de-empleos-temas-de-la-mananera\\\/\",\"url\":\"https:\\\/\\\/noticias.imer.mx\\\/propuesta\\\/2023\\\/02\\\/02\\\/defiende-amlo-a-delfina-y-samuel-garcia-generacion-de-empleos-temas-de-la-mananera\\\/\",\"name\":\"Defiende AMLO a Delfina y Samuel Garc\u00eda, generaci\u00f3n de empleos: temas de la ma\u00f1anera - Pruebas Noticias IMER\",\"isPartOf\":{\"@id\":\"https:\\\/\\\/noticias.imer.mx\\\/propuesta\\\/#website\"},\"primaryImageOfPage\":{\"@id\":\"https:\\\/\\\/noticias.imer.mx\\\/propuesta\\\/2023\\\/02\\\/02\\\/defiende-amlo-a-delfina-y-samuel-garcia-generacion-de-empleos-temas-de-la-mananera\\\/#primaryimage\"},\"image\":{\"@id\":\"https:\\\/\\\/noticias.imer.mx\\\/propuesta\\\/2023\\\/02\\\/02\\\/defiende-amlo-a-delfina-y-samuel-garcia-generacion-de-empleos-temas-de-la-mananera\\\/#primaryimage\"},\"thumbnailUrl\":\"\",\"datePublished\":\"2023-02-02T15:56:15+00:00\",\"author\":{\"@id\":\"https:\\\/\\\/noticias.imer.mx\\\/propuesta\\\/#\\\/schema\\\/person\\\/967c1f66b6217bbd12b628cc10f6e76d\"},\"description\":\"La Sedena emitir\u00e1 un informe sobre sus actuaciones protocolarias en instalaciones legislativas\",\"breadcrumb\":{\"@id\":\"https:\\\/\\\/noticias.imer.mx\\\/propuesta\\\/2023\\\/02\\\/02\\\/defiende-amlo-a-delfina-y-samuel-garcia-generacion-de-empleos-temas-de-la-mananera\\\/#breadcrumb\"},\"inLanguage\":\"es\",\"potentialAction\":[{\"@type\":\"ReadAction\",\"target\":[\"https:\\\/\\\/noticias.imer.mx\\\/propuesta\\\/2023\\\/02\\\/02\\\/defiende-amlo-a-delfina-y-samuel-garcia-generacion-de-empleos-temas-de-la-mananera\\\/\"]}]},{\"@type\":\"ImageObject\",\"inLanguage\":\"es\",\"@id\":\"https:\\\/\\\/noticias.imer.mx\\\/propuesta\\\/2023\\\/02\\\/02\\\/defiende-amlo-a-delfina-y-samuel-garcia-generacion-de-empleos-temas-de-la-mananera\\\/#primaryimage\",\"url\":\"\",\"contentUrl\":\"\"},{\"@type\":\"BreadcrumbList\",\"@id\":\"https:\\\/\\\/noticias.imer.mx\\\/propuesta\\\/2023\\\/02\\\/02\\\/defiende-amlo-a-delfina-y-samuel-garcia-generacion-de-empleos-temas-de-la-mananera\\\/#breadcrumb\",\"itemListElement\":[{\"@type\":\"ListItem\",\"position\":1,\"name\":\"Portada\",\"item\":\"https:\\\/\\\/noticias.imer.mx\\\/propuesta\\\/\"},{\"@type\":\"ListItem\",\"position\":2,\"name\":\"Defiende AMLO a Delfina y Samuel Garc\u00eda, generaci\u00f3n de empleos: temas de la ma\u00f1anera\"}]},{\"@type\":\"WebSite\",\"@id\":\"https:\\\/\\\/noticias.imer.mx\\\/propuesta\\\/#website\",\"url\":\"https:\\\/\\\/noticias.imer.mx\\\/propuesta\\\/\",\"name\":\"Pruebas Noticias IMER\",\"description\":\"Otro sitio m\u00e1s de IMER Noticias\",\"potentialAction\":[{\"@type\":\"SearchAction\",\"target\":{\"@type\":\"EntryPoint\",\"urlTemplate\":\"https:\\\/\\\/noticias.imer.mx\\\/propuesta\\\/?s={search_term_string}\"},\"query-input\":{\"@type\":\"PropertyValueSpecification\",\"valueRequired\":true,\"valueName\":\"search_term_string\"}}],\"inLanguage\":\"es\"},{\"@type\":\"Person\",\"@id\":\"https:\\\/\\\/noticias.imer.mx\\\/propuesta\\\/#\\\/schema\\\/person\\\/967c1f66b6217bbd12b628cc10f6e76d\",\"name\":\"serveradmin\",\"image\":{\"@type\":\"ImageObject\",\"inLanguage\":\"es\",\"@id\":\"https:\\\/\\\/secure.gravatar.com\\\/avatar\\\/6fc9a850a12d13f46808eaf7c7d61c868a44bd119b17f0950acbef5fcd4d06a8?s=96&d=mm&r=g\",\"url\":\"https:\\\/\\\/secure.gravatar.com\\\/avatar\\\/6fc9a850a12d13f46808eaf7c7d61c868a44bd119b17f0950acbef5fcd4d06a8?s=96&d=mm&r=g\",\"contentUrl\":\"https:\\\/\\\/secure.gravatar.com\\\/avatar\\\/6fc9a850a12d13f46808eaf7c7d61c868a44bd119b17f0950acbef5fcd4d06a8?s=96&d=mm&r=g\",\"caption\":\"serveradmin\"},\"url\":\"https:\\\/\\\/noticias.imer.mx\\\/propuesta\\\/author\\\/serveradmin\\\/\"}]}<\/script>\n<!-- \/ Yoast SEO plugin. -->","yoast_head_json":{"title":"Defiende AMLO a Delfina y Samuel Garc\u00eda, generaci\u00f3n de empleos: temas de la ma\u00f1anera - Pruebas Noticias IMER","description":"La Sedena emitir\u00e1 un informe sobre sus actuaciones protocolarias en instalaciones legislativas","robots":{"index":"index","follow":"follow","max-snippet":"max-snippet:-1","max-image-preview":"max-image-preview:large","max-video-preview":"max-video-preview:-1"},"canonical":"https:\/\/noticias.imer.mx\/propuesta\/2023\/02\/02\/defiende-amlo-a-delfina-y-samuel-garcia-generacion-de-empleos-temas-de-la-mananera\/","og_locale":"es_ES","og_type":"article","og_title":"Defiende AMLO a Delfina y Samuel Garc\u00eda, generaci\u00f3n de empleos: temas de la ma\u00f1anera - Pruebas Noticias IMER","og_description":"La Sedena emitir\u00e1 un informe sobre sus actuaciones protocolarias en instalaciones legislativas","og_url":"https:\/\/noticias.imer.mx\/propuesta\/2023\/02\/02\/defiende-amlo-a-delfina-y-samuel-garcia-generacion-de-empleos-temas-de-la-mananera\/","og_site_name":"Pruebas Noticias IMER","article_published_time":"2023-02-02T15:56:15+00:00","author":"serveradmin","twitter_card":"summary_large_image","twitter_misc":{"Escrito por":"serveradmin","Tiempo de lectura":"2 minutos"},"schema":{"@context":"https:\/\/schema.org","@graph":[{"@type":"Article","@id":"https:\/\/noticias.imer.mx\/propuesta\/2023\/02\/02\/defiende-amlo-a-delfina-y-samuel-garcia-generacion-de-empleos-temas-de-la-mananera\/#article","isPartOf":{"@id":"https:\/\/noticias.imer.mx\/propuesta\/2023\/02\/02\/defiende-amlo-a-delfina-y-samuel-garcia-generacion-de-empleos-temas-de-la-mananera\/"},"author":{"name":"serveradmin","@id":"https:\/\/noticias.imer.mx\/propuesta\/#\/schema\/person\/967c1f66b6217bbd12b628cc10f6e76d"},"headline":"Defiende AMLO a Delfina y Samuel Garc\u00eda, generaci\u00f3n de empleos: temas de la ma\u00f1anera","datePublished":"2023-02-02T15:56:15+00:00","mainEntityOfPage":{"@id":"https:\/\/noticias.imer.mx\/propuesta\/2023\/02\/02\/defiende-amlo-a-delfina-y-samuel-garcia-generacion-de-empleos-temas-de-la-mananera\/"},"wordCount":445,"commentCount":0,"image":{"@id":"https:\/\/noticias.imer.mx\/propuesta\/2023\/02\/02\/defiende-amlo-a-delfina-y-samuel-garcia-generacion-de-empleos-temas-de-la-mananera\/#primaryimage"},"thumbnailUrl":"","articleSection":["Nacional","Noticias"],"inLanguage":"es","potentialAction":[{"@type":"CommentAction","name":"Comment","target":["https:\/\/noticias.imer.mx\/propuesta\/2023\/02\/02\/defiende-amlo-a-delfina-y-samuel-garcia-generacion-de-empleos-temas-de-la-mananera\/#respond"]}]},{"@type":"WebPage","@id":"https:\/\/noticias.imer.mx\/propuesta\/2023\/02\/02\/defiende-amlo-a-delfina-y-samuel-garcia-generacion-de-empleos-temas-de-la-mananera\/","url":"https:\/\/noticias.imer.mx\/propuesta\/2023\/02\/02\/defiende-amlo-a-delfina-y-samuel-garcia-generacion-de-empleos-temas-de-la-mananera\/","name":"Defiende AMLO a Delfina y Samuel Garc\u00eda, generaci\u00f3n de empleos: temas de la ma\u00f1anera - Pruebas Noticias IMER","isPartOf":{"@id":"https:\/\/noticias.imer.mx\/propuesta\/#website"},"primaryImageOfPage":{"@id":"https:\/\/noticias.imer.mx\/propuesta\/2023\/02\/02\/defiende-amlo-a-delfina-y-samuel-garcia-generacion-de-empleos-temas-de-la-mananera\/#primaryimage"},"image":{"@id":"https:\/\/noticias.imer.mx\/propuesta\/2023\/02\/02\/defiende-amlo-a-delfina-y-samuel-garcia-generacion-de-empleos-temas-de-la-mananera\/#primaryimage"},"thumbnailUrl":"","datePublished":"2023-02-02T15:56:15+00:00","author":{"@id":"https:\/\/noticias.imer.mx\/propuesta\/#\/schema\/person\/967c1f66b6217bbd12b628cc10f6e76d"},"description":"La Sedena emitir\u00e1 un informe sobre sus actuaciones protocolarias en instalaciones legislativas","breadcrumb":{"@id":"https:\/\/noticias.imer.mx\/propuesta\/2023\/02\/02\/defiende-amlo-a-delfina-y-samuel-garcia-generacion-de-empleos-temas-de-la-mananera\/#breadcrumb"},"inLanguage":"es","potentialAction":[{"@type":"ReadAction","target":["https:\/\/noticias.imer.mx\/propuesta\/2023\/02\/02\/defiende-amlo-a-delfina-y-samuel-garcia-generacion-de-empleos-temas-de-la-mananera\/"]}]},{"@type":"ImageObject","inLanguage":"es","@id":"https:\/\/noticias.imer.mx\/propuesta\/2023\/02\/02\/defiende-amlo-a-delfina-y-samuel-garcia-generacion-de-empleos-temas-de-la-mananera\/#primaryimage","url":"","contentUrl":""},{"@type":"BreadcrumbList","@id":"https:\/\/noticias.imer.mx\/propuesta\/2023\/02\/02\/defiende-amlo-a-delfina-y-samuel-garcia-generacion-de-empleos-temas-de-la-mananera\/#breadcrumb","itemListElement":[{"@type":"ListItem","position":1,"name":"Portada","item":"https:\/\/noticias.imer.mx\/propuesta\/"},{"@type":"ListItem","position":2,"name":"Defiende AMLO a Delfina y Samuel Garc\u00eda, generaci\u00f3n de empleos: temas de la ma\u00f1anera"}]},{"@type":"WebSite","@id":"https:\/\/noticias.imer.mx\/propuesta\/#website","url":"https:\/\/noticias.imer.mx\/propuesta\/","name":"Pruebas Noticias IMER","description":"Otro sitio m\u00e1s de IMER Noticias","potentialAction":[{"@type":"SearchAction","target":{"@type":"EntryPoint","urlTemplate":"https:\/\/noticias.imer.mx\/propuesta\/?s={search_term_string}"},"query-input":{"@type":"PropertyValueSpecification","valueRequired":true,"valueName":"search_term_string"}}],"inLanguage":"es"},{"@type":"Person","@id":"https:\/\/noticias.imer.mx\/propuesta\/#\/schema\/person\/967c1f66b6217bbd12b628cc10f6e76d","name":"serveradmin","image":{"@type":"ImageObject","inLanguage":"es","@id":"https:\/\/secure.gravatar.com\/avatar\/6fc9a850a12d13f46808eaf7c7d61c868a44bd119b17f0950acbef5fcd4d06a8?s=96&d=mm&r=g","url":"https:\/\/secure.gravatar.com\/avatar\/6fc9a850a12d13f46808eaf7c7d61c868a44bd119b17f0950acbef5fcd4d06a8?s=96&d=mm&r=g","contentUrl":"https:\/\/secure.gravatar.com\/avatar\/6fc9a850a12d13f46808eaf7c7d61c868a44bd119b17f0950acbef5fcd4d06a8?s=96&d=mm&r=g","caption":"serveradmin"},"url":"https:\/\/noticias.imer.mx\/propuesta\/author\/serveradmin\/"}]}},"_links":{"self":[{"href":"https:\/\/noticias.imer.mx\/propuesta\/wp-json\/wp\/v2\/posts\/126494","targetHints":{"allow":["GET"]}}],"collection":[{"href":"https:\/\/noticias.imer.mx\/propuesta\/wp-json\/wp\/v2\/posts"}],"about":[{"href":"https:\/\/noticias.imer.mx\/propuesta\/wp-json\/wp\/v2\/types\/post"}],"author":[{"embeddable":true,"href":"https:\/\/noticias.imer.mx\/propuesta\/wp-json\/wp\/v2\/users\/30"}],"replies":[{"embeddable":true,"href":"https:\/\/noticias.imer.mx\/propuesta\/wp-json\/wp\/v2\/comments?post=126494"}],"version-history":[{"count":0,"href":"https:\/\/noticias.imer.mx\/propuesta\/wp-json\/wp\/v2\/posts\/126494\/revisions"}],"wp:attachment":[{"href":"https:\/\/noticias.imer.mx\/propuesta\/wp-json\/wp\/v2\/media?parent=126494"}],"wp:term":[{"taxonomy":"category","embeddable":true,"href":"https:\/\/noticias.imer.mx\/propuesta\/wp-json\/wp\/v2\/categories?post=126494"},{"taxonomy":"post_tag","embeddable":true,"href":"https:\/\/noticias.imer.mx\/propuesta\/wp-json\/wp\/v2\/tags?post=126494"}],"curies":[{"name":"wp","href":"https:\/\/api.w.org\/{rel}","templated":true}]}}