{"id":126483,"date":"2023-02-02T00:05:31","date_gmt":"2023-02-02T06:05:31","guid":{"rendered":"http:\/\/noticias.imer.mx\/?p=126483"},"modified":"2023-02-02T00:05:31","modified_gmt":"2023-02-02T06:05:31","slug":"morena-pide-concentrar-esfuerzos-en-edomex-y-coahuila-no-en-2024","status":"publish","type":"post","link":"https:\/\/noticias.imer.mx\/propuesta\/2023\/02\/02\/morena-pide-concentrar-esfuerzos-en-edomex-y-coahuila-no-en-2024\/","title":{"rendered":"Morena pide a \u201ccocholatas\u201d concentrar esfuerzos en Edomex y Coahuila no en 2024"},"content":{"rendered":"<p><em>El presidente de Morena, Mario Delgado, llam\u00f3 a los aspirantes a la presidencia apoyar a Delfina G\u00f3mez y Armando Guadiana de cara a las elecciones de julio pr\u00f3ximo.<\/em><\/p>\n<div class=\"gap\" style=\"line-height: 10px; height: 10px;\"><\/div>\n<div class=\"hr-thin\"><\/div>\n<p style=\"text-align: center\"><strong>Rita Cer\u00f3n<\/strong><\/p>\n<div class=\"hr-thin\"><\/div>\n<div class=\"gap\" style=\"line-height: 10px; height: 10px;\"><\/div>\n<p>&nbsp;<\/p>\n<p>La dirigencia de Morena quiere que los aspirantes del partido a la presidencia dejen de pensar en las elecciones de 2024 y se concentren en apoyar a los precandidatos en el Estados de M\u00e9xico y Coahuila.<\/p>\n<p>&nbsp;<\/p>\n<p>Mario Delgado, dirigente nacional, dijo que una vez que terminen las elecciones en ambos estados, se concentrar\u00e1n en la convocatoria del proceso interno para definir a la abanderada o abanderado que competir\u00e1 por la presidencia.<\/p>\n<p>&nbsp;<\/p>\n<p>Por ello, invit\u00f3 a Claudia Sheinbaum, Ad\u00e1n Augusto L\u00f3pez, Marcelo Ebrard y Ricardo Monreal concentrar esfuerzos el proceso electoral de este a\u00f1o.<\/p>\n<p>&nbsp;<\/p>\n<blockquote><p>\u201cQue todos los esfuerzos que est\u00e1n haciendo por darse a conocer dentro del pa\u00eds mejor los concentren en el Estado de M\u00e9xico y en Coahuila. Dentro de actividades que est\u00e9n permitidas por la ley. Evidentemente, el caminar, el dar a conocer el nombre en estos momentos a militantes y simpatizantes de Armando Guadiana y Delfina G\u00f3mez es la tarea principal\u201d.<\/p><\/blockquote>\n<p>&nbsp;<\/p>\n<h4><span style=\"color: #308446\">Mario Delgado abre la puerta a militantes del PRD<\/span><\/h4>\n<p>&nbsp;<\/p>\n<p>Mario Delgado tambi\u00e9n invit\u00f3 a la militancia del PRD a dejar el partido y sumarse a Morena ante la aparente ruptura de la Alianza Va por M\u00e9xico.<\/p>\n<p>&nbsp;<\/p>\n<p>Esto, luego de que el PRI y el PAN dejaran de lado a ese partido en la elecci\u00f3n de candidato en el Estado de M\u00e9xico y para la contienda presidencial.<\/p>\n<p>&nbsp;<\/p>\n<blockquote><p>\u201c\u00bfD\u00f3nde qued\u00f3 el PRD que se fund\u00f3 con un origen tan noble? Impulsar el cambio democr\u00e1tico en nuestro pa\u00eds, \u00bfpor qu\u00e9 va a ser ahora una r\u00e9mora de la derecha? De la derecha m\u00e1s corrupta. Yo los invito a que se sumen a este movimiento de transformaci\u00f3n que representa Morena. Ya desde ahora en el Estado de M\u00e9xico, que nos ayuden a sacar al PRI, a 100 a\u00f1os de priismo, que no est\u00e9n ah\u00ed de comparsas de la derecha y estos grupos\u201d.<\/p><\/blockquote>\n<p>&nbsp;<\/p>\n<p>De acuerdo con Horacio Duarte, coordinador de campa\u00f1a Delfina G\u00f3mez, la precandidata de Morena tiene ventaja de entre 15 y 20 puntos arriba de la precandidata del PRI, Alejandra del Moral.<\/p>\n<p>&nbsp;<\/p>\n<div class=\"gap\" style=\"line-height: 10px; height: 10px;\"><\/div>\n<div class=\"hr-thick\"><\/div>\n<div class=\"gap\" style=\"line-height: 10px; height: 10px;\"><\/div>\n<span class=\"dt-highlight\" >Te recomendamos:<\/span>\n<blockquote class=\"wp-embedded-content\" data-secret=\"ER8EGDIL4M\"><p><a href=\"https:\/\/noticias.imer.mx\/blog\/senadores-de-morena-firman-carta-para-respaldar-al-candidato-presidencial\/\">Senadores de Morena firman carta para respaldar al candidato presidencial<\/a><\/p><\/blockquote>\n<p><iframe loading=\"lazy\" class=\"wp-embedded-content\" sandbox=\"allow-scripts\" security=\"restricted\" style=\"position: absolute; clip: rect(1px, 1px, 1px, 1px);\" title=\"\u00abSenadores de Morena firman carta para respaldar al candidato presidencial\u00bb \u2014 IMER Noticias\" src=\"https:\/\/noticias.imer.mx\/blog\/senadores-de-morena-firman-carta-para-respaldar-al-candidato-presidencial\/embed\/#?secret=ER8EGDIL4M\" data-secret=\"ER8EGDIL4M\" width=\"600\" height=\"338\" frameborder=\"0\" marginwidth=\"0\" marginheight=\"0\" scrolling=\"no\"><\/iframe><\/p>\n","protected":false},"excerpt":{"rendered":"<p>El presidente de Morena, Mario Delgado, llam\u00f3 a los aspirantes a la presidencia apoyar a Delfina G\u00f3mez y Armando Guadiana de cara a las elecciones de julio pr\u00f3ximo.<\/p>\n","protected":false},"author":30,"featured_media":126486,"comment_status":"open","ping_status":"open","sticky":false,"template":"","format":"standard","meta":{"footnotes":""},"categories":[13],"tags":[],"class_list":["post-126483","post","type-post","status-publish","format-standard","has-post-thumbnail","hentry","category-noticias","category-13","description-off"],"yoast_head":"<!-- This site is optimized with the Yoast SEO plugin v28.3 - https:\/\/yoast.com\/product\/yoast-seo-wordpress\/ -->\n<title>Morena pide a \u201ccocholatas\u201d concentrar esfuerzos en Edomex y Coahuila no en 2024 - Pruebas Noticias IMER<\/title>\n<meta name=\"description\" content=\"El presidente de Morena, Mario Delgado, llam\u00f3 a los aspirantes a la presidencia apoyar los precandidatos Delfina G\u00f3mez y Armando Guadiana.\" \/>\n<meta name=\"robots\" content=\"index, follow, max-snippet:-1, max-image-preview:large, max-video-preview:-1\" \/>\n<link rel=\"canonical\" href=\"https:\/\/noticias.imer.mx\/propuesta\/2023\/02\/02\/morena-pide-concentrar-esfuerzos-en-edomex-y-coahuila-no-en-2024\/\" \/>\n<meta property=\"og:locale\" content=\"es_ES\" \/>\n<meta property=\"og:type\" content=\"article\" \/>\n<meta property=\"og:title\" content=\"Morena pide a \u201ccocholatas\u201d concentrar esfuerzos en Edomex y Coahuila no en 2024 - Pruebas Noticias IMER\" \/>\n<meta property=\"og:description\" content=\"El presidente de Morena, Mario Delgado, llam\u00f3 a los aspirantes a la presidencia apoyar los precandidatos Delfina G\u00f3mez y Armando Guadiana.\" \/>\n<meta property=\"og:url\" content=\"https:\/\/noticias.imer.mx\/propuesta\/2023\/02\/02\/morena-pide-concentrar-esfuerzos-en-edomex-y-coahuila-no-en-2024\/\" \/>\n<meta property=\"og:site_name\" content=\"Pruebas Noticias IMER\" \/>\n<meta property=\"article:published_time\" content=\"2023-02-02T06:05:31+00:00\" \/>\n<meta name=\"author\" content=\"serveradmin\" \/>\n<meta name=\"twitter:card\" content=\"summary_large_image\" \/>\n<meta name=\"twitter:label1\" content=\"Escrito por\" \/>\n\t<meta name=\"twitter:data1\" content=\"serveradmin\" \/>\n\t<meta name=\"twitter:label2\" content=\"Tiempo de lectura\" \/>\n\t<meta name=\"twitter:data2\" content=\"2 minutos\" \/>\n<script type=\"application\/ld+json\" class=\"yoast-schema-graph\">{\"@context\":\"https:\\\/\\\/schema.org\",\"@graph\":[{\"@type\":\"Article\",\"@id\":\"https:\\\/\\\/noticias.imer.mx\\\/propuesta\\\/2023\\\/02\\\/02\\\/morena-pide-concentrar-esfuerzos-en-edomex-y-coahuila-no-en-2024\\\/#article\",\"isPartOf\":{\"@id\":\"https:\\\/\\\/noticias.imer.mx\\\/propuesta\\\/2023\\\/02\\\/02\\\/morena-pide-concentrar-esfuerzos-en-edomex-y-coahuila-no-en-2024\\\/\"},\"author\":{\"name\":\"serveradmin\",\"@id\":\"https:\\\/\\\/noticias.imer.mx\\\/propuesta\\\/#\\\/schema\\\/person\\\/967c1f66b6217bbd12b628cc10f6e76d\"},\"headline\":\"Morena pide a \u201ccocholatas\u201d concentrar esfuerzos en Edomex y Coahuila no en 2024\",\"datePublished\":\"2023-02-02T06:05:31+00:00\",\"mainEntityOfPage\":{\"@id\":\"https:\\\/\\\/noticias.imer.mx\\\/propuesta\\\/2023\\\/02\\\/02\\\/morena-pide-concentrar-esfuerzos-en-edomex-y-coahuila-no-en-2024\\\/\"},\"wordCount\":449,\"commentCount\":0,\"image\":{\"@id\":\"https:\\\/\\\/noticias.imer.mx\\\/propuesta\\\/2023\\\/02\\\/02\\\/morena-pide-concentrar-esfuerzos-en-edomex-y-coahuila-no-en-2024\\\/#primaryimage\"},\"thumbnailUrl\":\"\",\"articleSection\":[\"Noticias\"],\"inLanguage\":\"es\",\"potentialAction\":[{\"@type\":\"CommentAction\",\"name\":\"Comment\",\"target\":[\"https:\\\/\\\/noticias.imer.mx\\\/propuesta\\\/2023\\\/02\\\/02\\\/morena-pide-concentrar-esfuerzos-en-edomex-y-coahuila-no-en-2024\\\/#respond\"]}]},{\"@type\":\"WebPage\",\"@id\":\"https:\\\/\\\/noticias.imer.mx\\\/propuesta\\\/2023\\\/02\\\/02\\\/morena-pide-concentrar-esfuerzos-en-edomex-y-coahuila-no-en-2024\\\/\",\"url\":\"https:\\\/\\\/noticias.imer.mx\\\/propuesta\\\/2023\\\/02\\\/02\\\/morena-pide-concentrar-esfuerzos-en-edomex-y-coahuila-no-en-2024\\\/\",\"name\":\"Morena pide a \u201ccocholatas\u201d concentrar esfuerzos en Edomex y Coahuila no en 2024 - Pruebas Noticias IMER\",\"isPartOf\":{\"@id\":\"https:\\\/\\\/noticias.imer.mx\\\/propuesta\\\/#website\"},\"primaryImageOfPage\":{\"@id\":\"https:\\\/\\\/noticias.imer.mx\\\/propuesta\\\/2023\\\/02\\\/02\\\/morena-pide-concentrar-esfuerzos-en-edomex-y-coahuila-no-en-2024\\\/#primaryimage\"},\"image\":{\"@id\":\"https:\\\/\\\/noticias.imer.mx\\\/propuesta\\\/2023\\\/02\\\/02\\\/morena-pide-concentrar-esfuerzos-en-edomex-y-coahuila-no-en-2024\\\/#primaryimage\"},\"thumbnailUrl\":\"\",\"datePublished\":\"2023-02-02T06:05:31+00:00\",\"author\":{\"@id\":\"https:\\\/\\\/noticias.imer.mx\\\/propuesta\\\/#\\\/schema\\\/person\\\/967c1f66b6217bbd12b628cc10f6e76d\"},\"description\":\"El presidente de Morena, Mario Delgado, llam\u00f3 a los aspirantes a la presidencia apoyar los precandidatos Delfina G\u00f3mez y Armando Guadiana.\",\"breadcrumb\":{\"@id\":\"https:\\\/\\\/noticias.imer.mx\\\/propuesta\\\/2023\\\/02\\\/02\\\/morena-pide-concentrar-esfuerzos-en-edomex-y-coahuila-no-en-2024\\\/#breadcrumb\"},\"inLanguage\":\"es\",\"potentialAction\":[{\"@type\":\"ReadAction\",\"target\":[\"https:\\\/\\\/noticias.imer.mx\\\/propuesta\\\/2023\\\/02\\\/02\\\/morena-pide-concentrar-esfuerzos-en-edomex-y-coahuila-no-en-2024\\\/\"]}]},{\"@type\":\"ImageObject\",\"inLanguage\":\"es\",\"@id\":\"https:\\\/\\\/noticias.imer.mx\\\/propuesta\\\/2023\\\/02\\\/02\\\/morena-pide-concentrar-esfuerzos-en-edomex-y-coahuila-no-en-2024\\\/#primaryimage\",\"url\":\"\",\"contentUrl\":\"\"},{\"@type\":\"BreadcrumbList\",\"@id\":\"https:\\\/\\\/noticias.imer.mx\\\/propuesta\\\/2023\\\/02\\\/02\\\/morena-pide-concentrar-esfuerzos-en-edomex-y-coahuila-no-en-2024\\\/#breadcrumb\",\"itemListElement\":[{\"@type\":\"ListItem\",\"position\":1,\"name\":\"Portada\",\"item\":\"https:\\\/\\\/noticias.imer.mx\\\/propuesta\\\/\"},{\"@type\":\"ListItem\",\"position\":2,\"name\":\"Morena pide a \u201ccocholatas\u201d concentrar esfuerzos en Edomex y Coahuila no en 2024\"}]},{\"@type\":\"WebSite\",\"@id\":\"https:\\\/\\\/noticias.imer.mx\\\/propuesta\\\/#website\",\"url\":\"https:\\\/\\\/noticias.imer.mx\\\/propuesta\\\/\",\"name\":\"Pruebas Noticias IMER\",\"description\":\"Otro sitio m\u00e1s de IMER Noticias\",\"potentialAction\":[{\"@type\":\"SearchAction\",\"target\":{\"@type\":\"EntryPoint\",\"urlTemplate\":\"https:\\\/\\\/noticias.imer.mx\\\/propuesta\\\/?s={search_term_string}\"},\"query-input\":{\"@type\":\"PropertyValueSpecification\",\"valueRequired\":true,\"valueName\":\"search_term_string\"}}],\"inLanguage\":\"es\"},{\"@type\":\"Person\",\"@id\":\"https:\\\/\\\/noticias.imer.mx\\\/propuesta\\\/#\\\/schema\\\/person\\\/967c1f66b6217bbd12b628cc10f6e76d\",\"name\":\"serveradmin\",\"image\":{\"@type\":\"ImageObject\",\"inLanguage\":\"es\",\"@id\":\"https:\\\/\\\/secure.gravatar.com\\\/avatar\\\/6fc9a850a12d13f46808eaf7c7d61c868a44bd119b17f0950acbef5fcd4d06a8?s=96&d=mm&r=g\",\"url\":\"https:\\\/\\\/secure.gravatar.com\\\/avatar\\\/6fc9a850a12d13f46808eaf7c7d61c868a44bd119b17f0950acbef5fcd4d06a8?s=96&d=mm&r=g\",\"contentUrl\":\"https:\\\/\\\/secure.gravatar.com\\\/avatar\\\/6fc9a850a12d13f46808eaf7c7d61c868a44bd119b17f0950acbef5fcd4d06a8?s=96&d=mm&r=g\",\"caption\":\"serveradmin\"},\"url\":\"https:\\\/\\\/noticias.imer.mx\\\/propuesta\\\/author\\\/serveradmin\\\/\"}]}<\/script>\n<!-- \/ Yoast SEO plugin. -->","yoast_head_json":{"title":"Morena pide a \u201ccocholatas\u201d concentrar esfuerzos en Edomex y Coahuila no en 2024 - Pruebas Noticias IMER","description":"El presidente de Morena, Mario Delgado, llam\u00f3 a los aspirantes a la presidencia apoyar los precandidatos Delfina G\u00f3mez y Armando Guadiana.","robots":{"index":"index","follow":"follow","max-snippet":"max-snippet:-1","max-image-preview":"max-image-preview:large","max-video-preview":"max-video-preview:-1"},"canonical":"https:\/\/noticias.imer.mx\/propuesta\/2023\/02\/02\/morena-pide-concentrar-esfuerzos-en-edomex-y-coahuila-no-en-2024\/","og_locale":"es_ES","og_type":"article","og_title":"Morena pide a \u201ccocholatas\u201d concentrar esfuerzos en Edomex y Coahuila no en 2024 - Pruebas Noticias IMER","og_description":"El presidente de Morena, Mario Delgado, llam\u00f3 a los aspirantes a la presidencia apoyar los precandidatos Delfina G\u00f3mez y Armando Guadiana.","og_url":"https:\/\/noticias.imer.mx\/propuesta\/2023\/02\/02\/morena-pide-concentrar-esfuerzos-en-edomex-y-coahuila-no-en-2024\/","og_site_name":"Pruebas Noticias IMER","article_published_time":"2023-02-02T06:05:31+00:00","author":"serveradmin","twitter_card":"summary_large_image","twitter_misc":{"Escrito por":"serveradmin","Tiempo de lectura":"2 minutos"},"schema":{"@context":"https:\/\/schema.org","@graph":[{"@type":"Article","@id":"https:\/\/noticias.imer.mx\/propuesta\/2023\/02\/02\/morena-pide-concentrar-esfuerzos-en-edomex-y-coahuila-no-en-2024\/#article","isPartOf":{"@id":"https:\/\/noticias.imer.mx\/propuesta\/2023\/02\/02\/morena-pide-concentrar-esfuerzos-en-edomex-y-coahuila-no-en-2024\/"},"author":{"name":"serveradmin","@id":"https:\/\/noticias.imer.mx\/propuesta\/#\/schema\/person\/967c1f66b6217bbd12b628cc10f6e76d"},"headline":"Morena pide a \u201ccocholatas\u201d concentrar esfuerzos en Edomex y Coahuila no en 2024","datePublished":"2023-02-02T06:05:31+00:00","mainEntityOfPage":{"@id":"https:\/\/noticias.imer.mx\/propuesta\/2023\/02\/02\/morena-pide-concentrar-esfuerzos-en-edomex-y-coahuila-no-en-2024\/"},"wordCount":449,"commentCount":0,"image":{"@id":"https:\/\/noticias.imer.mx\/propuesta\/2023\/02\/02\/morena-pide-concentrar-esfuerzos-en-edomex-y-coahuila-no-en-2024\/#primaryimage"},"thumbnailUrl":"","articleSection":["Noticias"],"inLanguage":"es","potentialAction":[{"@type":"CommentAction","name":"Comment","target":["https:\/\/noticias.imer.mx\/propuesta\/2023\/02\/02\/morena-pide-concentrar-esfuerzos-en-edomex-y-coahuila-no-en-2024\/#respond"]}]},{"@type":"WebPage","@id":"https:\/\/noticias.imer.mx\/propuesta\/2023\/02\/02\/morena-pide-concentrar-esfuerzos-en-edomex-y-coahuila-no-en-2024\/","url":"https:\/\/noticias.imer.mx\/propuesta\/2023\/02\/02\/morena-pide-concentrar-esfuerzos-en-edomex-y-coahuila-no-en-2024\/","name":"Morena pide a \u201ccocholatas\u201d concentrar esfuerzos en Edomex y Coahuila no en 2024 - Pruebas Noticias IMER","isPartOf":{"@id":"https:\/\/noticias.imer.mx\/propuesta\/#website"},"primaryImageOfPage":{"@id":"https:\/\/noticias.imer.mx\/propuesta\/2023\/02\/02\/morena-pide-concentrar-esfuerzos-en-edomex-y-coahuila-no-en-2024\/#primaryimage"},"image":{"@id":"https:\/\/noticias.imer.mx\/propuesta\/2023\/02\/02\/morena-pide-concentrar-esfuerzos-en-edomex-y-coahuila-no-en-2024\/#primaryimage"},"thumbnailUrl":"","datePublished":"2023-02-02T06:05:31+00:00","author":{"@id":"https:\/\/noticias.imer.mx\/propuesta\/#\/schema\/person\/967c1f66b6217bbd12b628cc10f6e76d"},"description":"El presidente de Morena, Mario Delgado, llam\u00f3 a los aspirantes a la presidencia apoyar los precandidatos Delfina G\u00f3mez y Armando Guadiana.","breadcrumb":{"@id":"https:\/\/noticias.imer.mx\/propuesta\/2023\/02\/02\/morena-pide-concentrar-esfuerzos-en-edomex-y-coahuila-no-en-2024\/#breadcrumb"},"inLanguage":"es","potentialAction":[{"@type":"ReadAction","target":["https:\/\/noticias.imer.mx\/propuesta\/2023\/02\/02\/morena-pide-concentrar-esfuerzos-en-edomex-y-coahuila-no-en-2024\/"]}]},{"@type":"ImageObject","inLanguage":"es","@id":"https:\/\/noticias.imer.mx\/propuesta\/2023\/02\/02\/morena-pide-concentrar-esfuerzos-en-edomex-y-coahuila-no-en-2024\/#primaryimage","url":"","contentUrl":""},{"@type":"BreadcrumbList","@id":"https:\/\/noticias.imer.mx\/propuesta\/2023\/02\/02\/morena-pide-concentrar-esfuerzos-en-edomex-y-coahuila-no-en-2024\/#breadcrumb","itemListElement":[{"@type":"ListItem","position":1,"name":"Portada","item":"https:\/\/noticias.imer.mx\/propuesta\/"},{"@type":"ListItem","position":2,"name":"Morena pide a \u201ccocholatas\u201d concentrar esfuerzos en Edomex y Coahuila no en 2024"}]},{"@type":"WebSite","@id":"https:\/\/noticias.imer.mx\/propuesta\/#website","url":"https:\/\/noticias.imer.mx\/propuesta\/","name":"Pruebas Noticias IMER","description":"Otro sitio m\u00e1s de IMER Noticias","potentialAction":[{"@type":"SearchAction","target":{"@type":"EntryPoint","urlTemplate":"https:\/\/noticias.imer.mx\/propuesta\/?s={search_term_string}"},"query-input":{"@type":"PropertyValueSpecification","valueRequired":true,"valueName":"search_term_string"}}],"inLanguage":"es"},{"@type":"Person","@id":"https:\/\/noticias.imer.mx\/propuesta\/#\/schema\/person\/967c1f66b6217bbd12b628cc10f6e76d","name":"serveradmin","image":{"@type":"ImageObject","inLanguage":"es","@id":"https:\/\/secure.gravatar.com\/avatar\/6fc9a850a12d13f46808eaf7c7d61c868a44bd119b17f0950acbef5fcd4d06a8?s=96&d=mm&r=g","url":"https:\/\/secure.gravatar.com\/avatar\/6fc9a850a12d13f46808eaf7c7d61c868a44bd119b17f0950acbef5fcd4d06a8?s=96&d=mm&r=g","contentUrl":"https:\/\/secure.gravatar.com\/avatar\/6fc9a850a12d13f46808eaf7c7d61c868a44bd119b17f0950acbef5fcd4d06a8?s=96&d=mm&r=g","caption":"serveradmin"},"url":"https:\/\/noticias.imer.mx\/propuesta\/author\/serveradmin\/"}]}},"_links":{"self":[{"href":"https:\/\/noticias.imer.mx\/propuesta\/wp-json\/wp\/v2\/posts\/126483","targetHints":{"allow":["GET"]}}],"collection":[{"href":"https:\/\/noticias.imer.mx\/propuesta\/wp-json\/wp\/v2\/posts"}],"about":[{"href":"https:\/\/noticias.imer.mx\/propuesta\/wp-json\/wp\/v2\/types\/post"}],"author":[{"embeddable":true,"href":"https:\/\/noticias.imer.mx\/propuesta\/wp-json\/wp\/v2\/users\/30"}],"replies":[{"embeddable":true,"href":"https:\/\/noticias.imer.mx\/propuesta\/wp-json\/wp\/v2\/comments?post=126483"}],"version-history":[{"count":0,"href":"https:\/\/noticias.imer.mx\/propuesta\/wp-json\/wp\/v2\/posts\/126483\/revisions"}],"wp:attachment":[{"href":"https:\/\/noticias.imer.mx\/propuesta\/wp-json\/wp\/v2\/media?parent=126483"}],"wp:term":[{"taxonomy":"category","embeddable":true,"href":"https:\/\/noticias.imer.mx\/propuesta\/wp-json\/wp\/v2\/categories?post=126483"},{"taxonomy":"post_tag","embeddable":true,"href":"https:\/\/noticias.imer.mx\/propuesta\/wp-json\/wp\/v2\/tags?post=126483"}],"curies":[{"name":"wp","href":"https:\/\/api.w.org\/{rel}","templated":true}]}}