{"id":126453,"date":"2023-02-01T18:14:56","date_gmt":"2023-02-02T00:14:56","guid":{"rendered":"http:\/\/noticias.imer.mx\/?p=126453"},"modified":"2023-02-01T18:14:56","modified_gmt":"2023-02-02T00:14:56","slug":"director-del-metro-acusa-al-crimen-organizado-de-robo-de-cable","status":"publish","type":"post","link":"https:\/\/noticias.imer.mx\/propuesta\/2023\/02\/01\/director-del-metro-acusa-al-crimen-organizado-de-robo-de-cable\/","title":{"rendered":"Director del metro acusa al crimen organizado de robo de cable"},"content":{"rendered":"<p><em>El robo a cable del Metro de la Ciudad de M\u00e9xico se increment\u00f3 en enero, pero disminuy\u00f3 61 por ciento con la entrada de la Guardia Nacional.<\/em><\/p>\n<p><span style=\"font-weight: 400\"><div class=\"gap\" style=\"line-height: 10px; height: 10px;\"><\/div><\/span><\/p>\n<p><span style=\"font-weight: 400\"><\/p>\n<div class=\"hr-thin\"><\/div>\n<p><\/span><\/p>\n<p style=\"text-align: center\"><b>Victor Ra\u00fal Ram\u00edrez<\/b><\/p>\n<p><span style=\"font-weight: 400\"><\/p>\n<div class=\"hr-thin\"><\/div>\n<p><\/span><\/p>\n<p><span style=\"font-weight: 400\"><div class=\"gap\" style=\"line-height: 10px; height: 10px;\"><\/div><\/span><\/p>\n<p>&nbsp;<\/p>\n<p>El Director General del Metro de la Ciudad de M\u00e9xico, Guillermo Calder\u00f3n, inform\u00f3 que durante 2022 el crimen organizado rob\u00f3 14.5 kil\u00f3metros de cable de las instalaciones de Sistema de Transporte Colectivo (STC).<\/p>\n<p>&nbsp;<\/p>\n<p>En conferencia de prensa el funcionario explic\u00f3 que este delito se llev\u00f3 a cabo principalmente en los registros externos del Metro. Expres\u00f3 que esta acci\u00f3n no puede ser hecha por cualquier persona, sino por alguien que conoce d\u00f3nde y c\u00f3mo hacer el corte del cable.<\/p>\n<p>&nbsp;<\/p>\n<blockquote><p>\u201cEsto no puede ser de que una sola persona indigente se meta a los registros, son grandes vol\u00famenes, as\u00ed que se da cuenta de qu\u00e9 hay grupos del crimen organizado, para decirlo con todas sus palabras\u201d.<\/p><\/blockquote>\n<p>&nbsp;<\/p>\n<p>Entre las l\u00edneas que m\u00e1s agravios registran est\u00e1n la L\u00ednea 2, entre Cuatro Caminos y Panteones, Xola y Tasque\u00f1a, la L\u00ednea 3 entre Indios Verdes y la Raza y la L\u00ednea 5 entre Instituto del Petr\u00f3leo y Valle G\u00f3mez y entre Arag\u00f3n y Ocean\u00eda.<\/p>\n<p>&nbsp;<\/p>\n<p>Calder\u00f3n dijo que durante los primeros d\u00edas de enero de este a\u00f1o el robo se increment\u00f3, pero disminuy\u00f3 con la presencia de la Guardia Nacional.<\/p>\n<p>&nbsp;<\/p>\n<blockquote><p>\u00ab(&#8230;) A partir de la presencia de la Guardia Nacional, el 12 de enero, esta tendencia se revirti\u00f3 en un 61%, disminuyendo a 209 metros con un peso de mil 483 kilogramos\u00bb.<\/p>\n<p>&nbsp;<\/p><\/blockquote>\n<blockquote class=\"twitter-tweet\" data-width=\"550\" data-dnt=\"true\">\n<p lang=\"es\" dir=\"ltr\">Presencia de la Guardia Nacional en el Metro reduce el 61% la incidencia en el robo de cable. <a href=\"https:\/\/t.co\/1tiXbvgA9T\">pic.twitter.com\/1tiXbvgA9T<\/a><\/p>\n<p>&mdash; MetroCDMX (@MetroCDMX) <a href=\"https:\/\/twitter.com\/MetroCDMX\/status\/1620922115989078016?ref_src=twsrc%5Etfw\">February 1, 2023<\/a><\/p><\/blockquote>\n<p><script async src=\"https:\/\/platform.twitter.com\/widgets.js\" charset=\"utf-8\"><\/script><\/p>\n<p>&nbsp;<\/p>\n<p>Por \u00faltimo, inform\u00f3 que para combatir el robo se sellaron los registros externos de la red, y se hacen recorridos nocturnos con los trabajadores.<\/p>\n<p>&nbsp;<\/p>\n<p>Anunci\u00f3 que se instalar\u00e1n 3 mil 400 c\u00e1maras de videovigilancia para detectar este delito.<\/p>\n<p>&nbsp;<\/p>\n<p><span style=\"font-weight: 400\"><div class=\"gap\" style=\"line-height: 10px; height: 10px;\"><\/div><\/span><\/p>\n<p><span style=\"font-weight: 400\"><\/p>\n<div class=\"hr-thick\"><\/div>\n<p><\/span><\/p>\n<p><span style=\"font-weight: 400\"><div class=\"gap\" style=\"line-height: 10px; height: 10px;\"><\/div><\/span><\/p>\n<p><span style=\"font-weight: 400\"><span class=\"dt-highlight\" >Te recomendamos:<\/span><\/span><\/p>\n<p>&nbsp;<\/p>\n<blockquote class=\"wp-embedded-content\" data-secret=\"Hs5cWygUqq\"><p><a href=\"https:\/\/noticias.imer.mx\/blog\/falta-de-un-cable-provoco-incidente-en-linea-7-del-metro\/\">Falta de un cable provoc\u00f3 incidente en l\u00ednea 7 del Metro<\/a><\/p><\/blockquote>\n<p><iframe class=\"wp-embedded-content\" sandbox=\"allow-scripts\" security=\"restricted\" style=\"position: absolute; clip: rect(1px, 1px, 1px, 1px);\" title=\"\u00abFalta de un cable provoc\u00f3 incidente en l\u00ednea 7 del Metro\u00bb \u2014 IMER Noticias\" src=\"https:\/\/noticias.imer.mx\/blog\/falta-de-un-cable-provoco-incidente-en-linea-7-del-metro\/embed\/#?secret=Hs5cWygUqq\" data-secret=\"Hs5cWygUqq\" width=\"600\" height=\"338\" frameborder=\"0\" marginwidth=\"0\" marginheight=\"0\" scrolling=\"no\"><\/iframe><\/p>\n","protected":false},"excerpt":{"rendered":"<p>El robo a cable del Metro de la Ciudad de M\u00e9xico se increment\u00f3 en enero, pero disminuy\u00f3 con la entrada de la Guardia Nacional, report\u00f3 el director del STC. <\/p>\n","protected":false},"author":30,"featured_media":54585,"comment_status":"open","ping_status":"open","sticky":false,"template":"","format":"standard","meta":{"wp_popup_display_lightbox":0,"wp_popup_suppress":"","wp_popup_trigger":"","wp_popup_trigger_amount":0,"wp_popup_disable_on_mobile":false},"categories":[31,13],"tags":[2683,7137,10114,13319,14303],"yoast_head":"<!-- This site is optimized with the Yoast SEO plugin v21.0 - https:\/\/yoast.com\/wordpress\/plugins\/seo\/ -->\n<title>Director del metro acusa al crimen organizado de robo de cable - Pruebas Noticias IMER<\/title>\n<meta name=\"description\" content=\"El robo a cable del Metro de la Ciudad de M\u00e9xico se increment\u00f3 en enero, pero disminuy\u00f3 con la entrada de la Guardia Nacional, report\u00f3 el director del STC.\" \/>\n<meta name=\"robots\" content=\"index, follow, max-snippet:-1, max-image-preview:large, max-video-preview:-1\" \/>\n<link rel=\"canonical\" href=\"https:\/\/noticias.imer.mx\/propuesta\/2023\/02\/01\/director-del-metro-acusa-al-crimen-organizado-de-robo-de-cable\/\" \/>\n<meta property=\"og:locale\" content=\"es_ES\" \/>\n<meta property=\"og:type\" content=\"article\" \/>\n<meta property=\"og:title\" content=\"Director del metro acusa al crimen organizado de robo de cable - Pruebas Noticias IMER\" \/>\n<meta property=\"og:description\" content=\"El robo a cable del Metro de la Ciudad de M\u00e9xico se increment\u00f3 en enero, pero disminuy\u00f3 con la entrada de la Guardia Nacional, report\u00f3 el director del STC.\" \/>\n<meta property=\"og:url\" content=\"https:\/\/noticias.imer.mx\/propuesta\/2023\/02\/01\/director-del-metro-acusa-al-crimen-organizado-de-robo-de-cable\/\" \/>\n<meta property=\"og:site_name\" content=\"Pruebas Noticias IMER\" \/>\n<meta property=\"article:published_time\" content=\"2023-02-02T00:14:56+00:00\" \/>\n<meta name=\"author\" content=\"serveradmin\" \/>\n<meta name=\"twitter:card\" content=\"summary_large_image\" \/>\n<meta name=\"twitter:label1\" content=\"Escrito por\" \/>\n\t<meta name=\"twitter:data1\" content=\"serveradmin\" \/>\n\t<meta name=\"twitter:label2\" content=\"Tiempo de lectura\" \/>\n\t<meta name=\"twitter:data2\" content=\"2 minutos\" \/>\n<script type=\"application\/ld+json\" class=\"yoast-schema-graph\">{\"@context\":\"https:\/\/schema.org\",\"@graph\":[{\"@type\":\"WebPage\",\"@id\":\"https:\/\/noticias.imer.mx\/propuesta\/2023\/02\/01\/director-del-metro-acusa-al-crimen-organizado-de-robo-de-cable\/\",\"url\":\"https:\/\/noticias.imer.mx\/propuesta\/2023\/02\/01\/director-del-metro-acusa-al-crimen-organizado-de-robo-de-cable\/\",\"name\":\"Director del metro acusa al crimen organizado de robo de cable - Pruebas Noticias IMER\",\"isPartOf\":{\"@id\":\"https:\/\/noticias.imer.mx\/propuesta\/#website\"},\"datePublished\":\"2023-02-02T00:14:56+00:00\",\"dateModified\":\"2023-02-02T00:14:56+00:00\",\"author\":{\"@id\":\"https:\/\/noticias.imer.mx\/propuesta\/#\/schema\/person\/967c1f66b6217bbd12b628cc10f6e76d\"},\"description\":\"El robo a cable del Metro de la Ciudad de M\u00e9xico se increment\u00f3 en enero, pero disminuy\u00f3 con la entrada de la Guardia Nacional, report\u00f3 el director del STC.\",\"breadcrumb\":{\"@id\":\"https:\/\/noticias.imer.mx\/propuesta\/2023\/02\/01\/director-del-metro-acusa-al-crimen-organizado-de-robo-de-cable\/#breadcrumb\"},\"inLanguage\":\"es\",\"potentialAction\":[{\"@type\":\"ReadAction\",\"target\":[\"https:\/\/noticias.imer.mx\/propuesta\/2023\/02\/01\/director-del-metro-acusa-al-crimen-organizado-de-robo-de-cable\/\"]}]},{\"@type\":\"BreadcrumbList\",\"@id\":\"https:\/\/noticias.imer.mx\/propuesta\/2023\/02\/01\/director-del-metro-acusa-al-crimen-organizado-de-robo-de-cable\/#breadcrumb\",\"itemListElement\":[{\"@type\":\"ListItem\",\"position\":1,\"name\":\"Portada\",\"item\":\"https:\/\/noticias.imer.mx\/propuesta\/\"},{\"@type\":\"ListItem\",\"position\":2,\"name\":\"Director del metro acusa al crimen organizado de robo de cable\"}]},{\"@type\":\"WebSite\",\"@id\":\"https:\/\/noticias.imer.mx\/propuesta\/#website\",\"url\":\"https:\/\/noticias.imer.mx\/propuesta\/\",\"name\":\"Pruebas Noticias IMER\",\"description\":\"Otro sitio m\u00e1s de IMER Noticias\",\"potentialAction\":[{\"@type\":\"SearchAction\",\"target\":{\"@type\":\"EntryPoint\",\"urlTemplate\":\"https:\/\/noticias.imer.mx\/propuesta\/?s={search_term_string}\"},\"query-input\":\"required name=search_term_string\"}],\"inLanguage\":\"es\"},{\"@type\":\"Person\",\"@id\":\"https:\/\/noticias.imer.mx\/propuesta\/#\/schema\/person\/967c1f66b6217bbd12b628cc10f6e76d\",\"name\":\"serveradmin\",\"image\":{\"@type\":\"ImageObject\",\"inLanguage\":\"es\",\"@id\":\"https:\/\/noticias.imer.mx\/propuesta\/#\/schema\/person\/image\/\",\"url\":\"https:\/\/secure.gravatar.com\/avatar\/b7032212b076bde88e044d76d65f2c7b?s=96&d=mm&r=g\",\"contentUrl\":\"https:\/\/secure.gravatar.com\/avatar\/b7032212b076bde88e044d76d65f2c7b?s=96&d=mm&r=g\",\"caption\":\"serveradmin\"},\"url\":\"https:\/\/noticias.imer.mx\/propuesta\/author\/serveradmin\/\"}]}<\/script>\n<!-- \/ Yoast SEO plugin. -->","yoast_head_json":{"title":"Director del metro acusa al crimen organizado de robo de cable - Pruebas Noticias IMER","description":"El robo a cable del Metro de la Ciudad de M\u00e9xico se increment\u00f3 en enero, pero disminuy\u00f3 con la entrada de la Guardia Nacional, report\u00f3 el director del STC.","robots":{"index":"index","follow":"follow","max-snippet":"max-snippet:-1","max-image-preview":"max-image-preview:large","max-video-preview":"max-video-preview:-1"},"canonical":"https:\/\/noticias.imer.mx\/propuesta\/2023\/02\/01\/director-del-metro-acusa-al-crimen-organizado-de-robo-de-cable\/","og_locale":"es_ES","og_type":"article","og_title":"Director del metro acusa al crimen organizado de robo de cable - Pruebas Noticias IMER","og_description":"El robo a cable del Metro de la Ciudad de M\u00e9xico se increment\u00f3 en enero, pero disminuy\u00f3 con la entrada de la Guardia Nacional, report\u00f3 el director del STC.","og_url":"https:\/\/noticias.imer.mx\/propuesta\/2023\/02\/01\/director-del-metro-acusa-al-crimen-organizado-de-robo-de-cable\/","og_site_name":"Pruebas Noticias IMER","article_published_time":"2023-02-02T00:14:56+00:00","author":"serveradmin","twitter_card":"summary_large_image","twitter_misc":{"Escrito por":"serveradmin","Tiempo de lectura":"2 minutos"},"schema":{"@context":"https:\/\/schema.org","@graph":[{"@type":"WebPage","@id":"https:\/\/noticias.imer.mx\/propuesta\/2023\/02\/01\/director-del-metro-acusa-al-crimen-organizado-de-robo-de-cable\/","url":"https:\/\/noticias.imer.mx\/propuesta\/2023\/02\/01\/director-del-metro-acusa-al-crimen-organizado-de-robo-de-cable\/","name":"Director del metro acusa al crimen organizado de robo de cable - Pruebas Noticias IMER","isPartOf":{"@id":"https:\/\/noticias.imer.mx\/propuesta\/#website"},"datePublished":"2023-02-02T00:14:56+00:00","dateModified":"2023-02-02T00:14:56+00:00","author":{"@id":"https:\/\/noticias.imer.mx\/propuesta\/#\/schema\/person\/967c1f66b6217bbd12b628cc10f6e76d"},"description":"El robo a cable del Metro de la Ciudad de M\u00e9xico se increment\u00f3 en enero, pero disminuy\u00f3 con la entrada de la Guardia Nacional, report\u00f3 el director del STC.","breadcrumb":{"@id":"https:\/\/noticias.imer.mx\/propuesta\/2023\/02\/01\/director-del-metro-acusa-al-crimen-organizado-de-robo-de-cable\/#breadcrumb"},"inLanguage":"es","potentialAction":[{"@type":"ReadAction","target":["https:\/\/noticias.imer.mx\/propuesta\/2023\/02\/01\/director-del-metro-acusa-al-crimen-organizado-de-robo-de-cable\/"]}]},{"@type":"BreadcrumbList","@id":"https:\/\/noticias.imer.mx\/propuesta\/2023\/02\/01\/director-del-metro-acusa-al-crimen-organizado-de-robo-de-cable\/#breadcrumb","itemListElement":[{"@type":"ListItem","position":1,"name":"Portada","item":"https:\/\/noticias.imer.mx\/propuesta\/"},{"@type":"ListItem","position":2,"name":"Director del metro acusa al crimen organizado de robo de cable"}]},{"@type":"WebSite","@id":"https:\/\/noticias.imer.mx\/propuesta\/#website","url":"https:\/\/noticias.imer.mx\/propuesta\/","name":"Pruebas Noticias IMER","description":"Otro sitio m\u00e1s de IMER Noticias","potentialAction":[{"@type":"SearchAction","target":{"@type":"EntryPoint","urlTemplate":"https:\/\/noticias.imer.mx\/propuesta\/?s={search_term_string}"},"query-input":"required name=search_term_string"}],"inLanguage":"es"},{"@type":"Person","@id":"https:\/\/noticias.imer.mx\/propuesta\/#\/schema\/person\/967c1f66b6217bbd12b628cc10f6e76d","name":"serveradmin","image":{"@type":"ImageObject","inLanguage":"es","@id":"https:\/\/noticias.imer.mx\/propuesta\/#\/schema\/person\/image\/","url":"https:\/\/secure.gravatar.com\/avatar\/b7032212b076bde88e044d76d65f2c7b?s=96&d=mm&r=g","contentUrl":"https:\/\/secure.gravatar.com\/avatar\/b7032212b076bde88e044d76d65f2c7b?s=96&d=mm&r=g","caption":"serveradmin"},"url":"https:\/\/noticias.imer.mx\/propuesta\/author\/serveradmin\/"}]}},"_links":{"self":[{"href":"https:\/\/noticias.imer.mx\/propuesta\/wp-json\/wp\/v2\/posts\/126453"}],"collection":[{"href":"https:\/\/noticias.imer.mx\/propuesta\/wp-json\/wp\/v2\/posts"}],"about":[{"href":"https:\/\/noticias.imer.mx\/propuesta\/wp-json\/wp\/v2\/types\/post"}],"author":[{"embeddable":true,"href":"https:\/\/noticias.imer.mx\/propuesta\/wp-json\/wp\/v2\/users\/30"}],"replies":[{"embeddable":true,"href":"https:\/\/noticias.imer.mx\/propuesta\/wp-json\/wp\/v2\/comments?post=126453"}],"version-history":[{"count":0,"href":"https:\/\/noticias.imer.mx\/propuesta\/wp-json\/wp\/v2\/posts\/126453\/revisions"}],"wp:featuredmedia":[{"embeddable":true,"href":"https:\/\/noticias.imer.mx\/propuesta\/wp-json\/"}],"wp:attachment":[{"href":"https:\/\/noticias.imer.mx\/propuesta\/wp-json\/wp\/v2\/media?parent=126453"}],"wp:term":[{"taxonomy":"category","embeddable":true,"href":"https:\/\/noticias.imer.mx\/propuesta\/wp-json\/wp\/v2\/categories?post=126453"},{"taxonomy":"post_tag","embeddable":true,"href":"https:\/\/noticias.imer.mx\/propuesta\/wp-json\/wp\/v2\/tags?post=126453"}],"curies":[{"name":"wp","href":"https:\/\/api.w.org\/{rel}","templated":true}]}}