{"id":9070,"date":"2011-07-12T17:20:44","date_gmt":"2011-07-12T23:20:44","guid":{"rendered":"http:\/\/www.blogs.imer.gob.mx\/laferia\/?p=9070"},"modified":"2011-07-13T14:17:10","modified_gmt":"2011-07-13T20:17:10","slug":"cantar-a-los-narcos","status":"publish","type":"post","link":"https:\/\/noticias.imer.mx\/laferia\/2011\/07\/12\/cantar-a-los-narcos\/","title":{"rendered":"Juan Carlos Ram\u00edrez-Pimienta: \u00abCantar a los Narcos\u00bb"},"content":{"rendered":"<p style=\"text-align: justify\"><span style=\"color: #000000\"><a href=\"http:\/\/snn.imer.gob.mx\/laferia\/files\/2011\/07\/NARCOCORRIDO.jpg\"><img decoding=\"async\" loading=\"lazy\" class=\"size-thumbnail wp-image-9071 alignleft\" src=\"http:\/\/snn.imer.gob.mx\/laferia\/files\/2011\/07\/NARCOCORRIDO-150x150.jpg\" alt=\"\" width=\"118\" height=\"103\" \/><\/a>El resurgimiento del narcocorrido se da en relaci\u00f3n a las crisis econ\u00f3micas y sociales del pa\u00eds, afirm\u00f3 en entrevista el investigador <strong>Juan Carlos Ram\u00edrez Pimienta<\/strong>, autor del libro <strong>\u201cCantar a los narcos\u201d<\/strong>. <\/span><span style=\"color: #000000\"><a href=\"http:\/\/snn.imer.gob.mx\/laferia\/files\/2011\/07\/NARCOCORRIDO.mp3\">NARCOCORRIDO<\/a><\/span><\/p>\n","protected":false},"excerpt":{"rendered":"<p>El resurgimiento del narcocorrido se da en relaci\u00f3n a las crisis econ\u00f3micas y sociales del pa\u00eds, afirm\u00f3 en entrevista el investigador Juan Carlos Ram\u00edrez Pimienta, autor del libro \u201cCantar a los narcos\u201d. NARCOCORRIDO<\/p>\n","protected":false},"author":12,"featured_media":0,"comment_status":"open","ping_status":"open","sticky":false,"template":"","format":"standard","meta":{"wp_popup_display_lightbox":0,"wp_popup_suppress":"","wp_popup_trigger":"","wp_popup_trigger_amount":0,"wp_popup_disable_on_mobile":false},"categories":[1],"tags":[],"yoast_head":"<!-- This site is optimized with the Yoast SEO plugin v21.0 - https:\/\/yoast.com\/wordpress\/plugins\/seo\/ -->\n<title>Juan Carlos Ram\u00edrez-Pimienta: &quot;Cantar a los Narcos&quot; - La Feria, Carrusel Cultural<\/title>\n<meta name=\"robots\" content=\"index, follow, max-snippet:-1, max-image-preview:large, max-video-preview:-1\" \/>\n<link rel=\"canonical\" href=\"https:\/\/noticias.imer.mx\/laferia\/2011\/07\/12\/cantar-a-los-narcos\/\" \/>\n<meta property=\"og:locale\" content=\"es_ES\" \/>\n<meta property=\"og:type\" content=\"article\" \/>\n<meta property=\"og:title\" content=\"Juan Carlos Ram\u00edrez-Pimienta: &quot;Cantar a los Narcos&quot; - La Feria, Carrusel Cultural\" \/>\n<meta property=\"og:description\" content=\"El resurgimiento del narcocorrido se da en relaci\u00f3n a las crisis econ\u00f3micas y sociales del pa\u00eds, afirm\u00f3 en entrevista el investigador Juan Carlos Ram\u00edrez Pimienta, autor del libro \u201cCantar a los narcos\u201d. NARCOCORRIDO\" \/>\n<meta property=\"og:url\" content=\"https:\/\/noticias.imer.mx\/laferia\/2011\/07\/12\/cantar-a-los-narcos\/\" \/>\n<meta property=\"og:site_name\" content=\"La Feria, Carrusel Cultural\" \/>\n<meta property=\"article:published_time\" content=\"2011-07-12T23:20:44+00:00\" \/>\n<meta property=\"article:modified_time\" content=\"2011-07-13T20:17:10+00:00\" \/>\n<meta property=\"og:image\" content=\"http:\/\/snn.imer.gob.mx\/laferia\/files\/2011\/07\/NARCOCORRIDO-150x150.jpg\" \/>\n<meta name=\"author\" content=\"La Feria\" \/>\n<meta name=\"twitter:card\" content=\"summary_large_image\" \/>\n<meta name=\"twitter:label1\" content=\"Escrito por\" \/>\n\t<meta name=\"twitter:data1\" content=\"La Feria\" \/>\n<script type=\"application\/ld+json\" class=\"yoast-schema-graph\">{\"@context\":\"https:\/\/schema.org\",\"@graph\":[{\"@type\":\"WebPage\",\"@id\":\"https:\/\/noticias.imer.mx\/laferia\/2011\/07\/12\/cantar-a-los-narcos\/\",\"url\":\"https:\/\/noticias.imer.mx\/laferia\/2011\/07\/12\/cantar-a-los-narcos\/\",\"name\":\"Juan Carlos Ram\u00edrez-Pimienta: \\\"Cantar a los Narcos\\\" - La Feria, Carrusel Cultural\",\"isPartOf\":{\"@id\":\"https:\/\/noticias.imer.mx\/laferia\/#website\"},\"datePublished\":\"2011-07-12T23:20:44+00:00\",\"dateModified\":\"2011-07-13T20:17:10+00:00\",\"author\":{\"@id\":\"https:\/\/noticias.imer.mx\/laferia\/#\/schema\/person\/438ebaa433c79f71687928759130ec9f\"},\"breadcrumb\":{\"@id\":\"https:\/\/noticias.imer.mx\/laferia\/2011\/07\/12\/cantar-a-los-narcos\/#breadcrumb\"},\"inLanguage\":\"es\",\"potentialAction\":[{\"@type\":\"ReadAction\",\"target\":[\"https:\/\/noticias.imer.mx\/laferia\/2011\/07\/12\/cantar-a-los-narcos\/\"]}]},{\"@type\":\"BreadcrumbList\",\"@id\":\"https:\/\/noticias.imer.mx\/laferia\/2011\/07\/12\/cantar-a-los-narcos\/#breadcrumb\",\"itemListElement\":[{\"@type\":\"ListItem\",\"position\":1,\"name\":\"Home\",\"item\":\"https:\/\/noticias.imer.mx\/laferia\/\"},{\"@type\":\"ListItem\",\"position\":2,\"name\":\"Juan Carlos Ram\u00edrez-Pimienta: &#8220;Cantar a los Narcos&#8221;\"}]},{\"@type\":\"WebSite\",\"@id\":\"https:\/\/noticias.imer.mx\/laferia\/#website\",\"url\":\"https:\/\/noticias.imer.mx\/laferia\/\",\"name\":\"La Feria, Carrusel Cultural\",\"description\":\"Instituto Mexicano de la Radio\",\"potentialAction\":[{\"@type\":\"SearchAction\",\"target\":{\"@type\":\"EntryPoint\",\"urlTemplate\":\"https:\/\/noticias.imer.mx\/laferia\/?s={search_term_string}\"},\"query-input\":\"required name=search_term_string\"}],\"inLanguage\":\"es\"},{\"@type\":\"Person\",\"@id\":\"https:\/\/noticias.imer.mx\/laferia\/#\/schema\/person\/438ebaa433c79f71687928759130ec9f\",\"name\":\"La Feria\",\"image\":{\"@type\":\"ImageObject\",\"inLanguage\":\"es\",\"@id\":\"https:\/\/noticias.imer.mx\/laferia\/#\/schema\/person\/image\/\",\"url\":\"https:\/\/secure.gravatar.com\/avatar\/69100f68fb4d3a06d1ff6b6cb5310157?s=96&d=mm&r=g\",\"contentUrl\":\"https:\/\/secure.gravatar.com\/avatar\/69100f68fb4d3a06d1ff6b6cb5310157?s=96&d=mm&r=g\",\"caption\":\"La Feria\"},\"description\":\"La Feria Carrusel Cultural, es un noticiario que alienta la participaci\u00f3n ciudadana y presenta informaci\u00f3n cultural y cient\u00edfica, de coyuntura, de M\u00e9xico y el mundo. En media hora puede conocer la cartelera cultural y escuchar, en voz de especialistas, entrevistas, asuntos especiales y mesas de an\u00e1lisis. Conducido por Juan Carlos Vald\u00e9s, La Feria Carrusel Cultural, se transmite todos los martes y jueves, de 15:00 a 15:30 horas por Horizonte, en el 107.9 de FM.\",\"url\":\"https:\/\/noticias.imer.mx\/laferia\/author\/laferia\/\"}]}<\/script>\n<!-- \/ Yoast SEO plugin. -->","yoast_head_json":{"title":"Juan Carlos Ram\u00edrez-Pimienta: \"Cantar a los Narcos\" - La Feria, Carrusel Cultural","robots":{"index":"index","follow":"follow","max-snippet":"max-snippet:-1","max-image-preview":"max-image-preview:large","max-video-preview":"max-video-preview:-1"},"canonical":"https:\/\/noticias.imer.mx\/laferia\/2011\/07\/12\/cantar-a-los-narcos\/","og_locale":"es_ES","og_type":"article","og_title":"Juan Carlos Ram\u00edrez-Pimienta: \"Cantar a los Narcos\" - La Feria, Carrusel Cultural","og_description":"El resurgimiento del narcocorrido se da en relaci\u00f3n a las crisis econ\u00f3micas y sociales del pa\u00eds, afirm\u00f3 en entrevista el investigador Juan Carlos Ram\u00edrez Pimienta, autor del libro \u201cCantar a los narcos\u201d. NARCOCORRIDO","og_url":"https:\/\/noticias.imer.mx\/laferia\/2011\/07\/12\/cantar-a-los-narcos\/","og_site_name":"La Feria, Carrusel Cultural","article_published_time":"2011-07-12T23:20:44+00:00","article_modified_time":"2011-07-13T20:17:10+00:00","og_image":[{"url":"http:\/\/snn.imer.gob.mx\/laferia\/files\/2011\/07\/NARCOCORRIDO-150x150.jpg"}],"author":"La Feria","twitter_card":"summary_large_image","twitter_misc":{"Escrito por":"La Feria"},"schema":{"@context":"https:\/\/schema.org","@graph":[{"@type":"WebPage","@id":"https:\/\/noticias.imer.mx\/laferia\/2011\/07\/12\/cantar-a-los-narcos\/","url":"https:\/\/noticias.imer.mx\/laferia\/2011\/07\/12\/cantar-a-los-narcos\/","name":"Juan Carlos Ram\u00edrez-Pimienta: \"Cantar a los Narcos\" - La Feria, Carrusel Cultural","isPartOf":{"@id":"https:\/\/noticias.imer.mx\/laferia\/#website"},"datePublished":"2011-07-12T23:20:44+00:00","dateModified":"2011-07-13T20:17:10+00:00","author":{"@id":"https:\/\/noticias.imer.mx\/laferia\/#\/schema\/person\/438ebaa433c79f71687928759130ec9f"},"breadcrumb":{"@id":"https:\/\/noticias.imer.mx\/laferia\/2011\/07\/12\/cantar-a-los-narcos\/#breadcrumb"},"inLanguage":"es","potentialAction":[{"@type":"ReadAction","target":["https:\/\/noticias.imer.mx\/laferia\/2011\/07\/12\/cantar-a-los-narcos\/"]}]},{"@type":"BreadcrumbList","@id":"https:\/\/noticias.imer.mx\/laferia\/2011\/07\/12\/cantar-a-los-narcos\/#breadcrumb","itemListElement":[{"@type":"ListItem","position":1,"name":"Home","item":"https:\/\/noticias.imer.mx\/laferia\/"},{"@type":"ListItem","position":2,"name":"Juan Carlos Ram\u00edrez-Pimienta: &#8220;Cantar a los Narcos&#8221;"}]},{"@type":"WebSite","@id":"https:\/\/noticias.imer.mx\/laferia\/#website","url":"https:\/\/noticias.imer.mx\/laferia\/","name":"La Feria, Carrusel Cultural","description":"Instituto Mexicano de la Radio","potentialAction":[{"@type":"SearchAction","target":{"@type":"EntryPoint","urlTemplate":"https:\/\/noticias.imer.mx\/laferia\/?s={search_term_string}"},"query-input":"required name=search_term_string"}],"inLanguage":"es"},{"@type":"Person","@id":"https:\/\/noticias.imer.mx\/laferia\/#\/schema\/person\/438ebaa433c79f71687928759130ec9f","name":"La Feria","image":{"@type":"ImageObject","inLanguage":"es","@id":"https:\/\/noticias.imer.mx\/laferia\/#\/schema\/person\/image\/","url":"https:\/\/secure.gravatar.com\/avatar\/69100f68fb4d3a06d1ff6b6cb5310157?s=96&d=mm&r=g","contentUrl":"https:\/\/secure.gravatar.com\/avatar\/69100f68fb4d3a06d1ff6b6cb5310157?s=96&d=mm&r=g","caption":"La Feria"},"description":"La Feria Carrusel Cultural, es un noticiario que alienta la participaci\u00f3n ciudadana y presenta informaci\u00f3n cultural y cient\u00edfica, de coyuntura, de M\u00e9xico y el mundo. En media hora puede conocer la cartelera cultural y escuchar, en voz de especialistas, entrevistas, asuntos especiales y mesas de an\u00e1lisis. Conducido por Juan Carlos Vald\u00e9s, La Feria Carrusel Cultural, se transmite todos los martes y jueves, de 15:00 a 15:30 horas por Horizonte, en el 107.9 de FM.","url":"https:\/\/noticias.imer.mx\/laferia\/author\/laferia\/"}]}},"_links":{"self":[{"href":"https:\/\/noticias.imer.mx\/laferia\/wp-json\/wp\/v2\/posts\/9070"}],"collection":[{"href":"https:\/\/noticias.imer.mx\/laferia\/wp-json\/wp\/v2\/posts"}],"about":[{"href":"https:\/\/noticias.imer.mx\/laferia\/wp-json\/wp\/v2\/types\/post"}],"author":[{"embeddable":true,"href":"https:\/\/noticias.imer.mx\/laferia\/wp-json\/wp\/v2\/users\/12"}],"replies":[{"embeddable":true,"href":"https:\/\/noticias.imer.mx\/laferia\/wp-json\/wp\/v2\/comments?post=9070"}],"version-history":[{"count":7,"href":"https:\/\/noticias.imer.mx\/laferia\/wp-json\/wp\/v2\/posts\/9070\/revisions"}],"predecessor-version":[{"id":9099,"href":"https:\/\/noticias.imer.mx\/laferia\/wp-json\/wp\/v2\/posts\/9070\/revisions\/9099"}],"wp:attachment":[{"href":"https:\/\/noticias.imer.mx\/laferia\/wp-json\/wp\/v2\/media?parent=9070"}],"wp:term":[{"taxonomy":"category","embeddable":true,"href":"https:\/\/noticias.imer.mx\/laferia\/wp-json\/wp\/v2\/categories?post=9070"},{"taxonomy":"post_tag","embeddable":true,"href":"https:\/\/noticias.imer.mx\/laferia\/wp-json\/wp\/v2\/tags?post=9070"}],"curies":[{"name":"wp","href":"https:\/\/api.w.org\/{rel}","templated":true}]}}