{"id":7963,"date":"2011-04-12T23:08:16","date_gmt":"2011-04-12T23:08:16","guid":{"rendered":"http:\/\/www.blogs.imer.gob.mx\/laferia\/?p=7963"},"modified":"2011-04-13T00:38:01","modified_gmt":"2011-04-13T00:38:01","slug":"la-primeria-feria-del-libro-en-espanol-la","status":"publish","type":"post","link":"https:\/\/noticias.imer.mx\/laferia\/2011\/04\/12\/la-primeria-feria-del-libro-en-espanol-la\/","title":{"rendered":"Feria del Libro en espa\u00f1ol LA"},"content":{"rendered":"<h5 style=\"text-align: justify\"><a href=\"http:\/\/snn.imer.gob.mx\/laferia\/files\/2011\/04\/carolina-lopez.jpg\"><img decoding=\"async\" loading=\"lazy\" class=\"size-thumbnail wp-image-7964 alignright\" src=\"http:\/\/snn.imer.gob.mx\/laferia\/files\/2011\/04\/carolina-lopez-150x150.jpg\" alt=\"\" width=\"95\" height=\"117\" \/><\/a>Se encuentra todo listo para que este 29 de Abril en el Centro de Convenciones de los \u00c1ngeles, se lleve a cabo la Primera Feria del Libro de los \u00c1ngeles, encuentro que busca un espacio para el libro en espa\u00f1ol en una sociedad donde los\u00a0 hispanohablantes predominan. Informaci\u00f3n Carolina L\u00f3pez Hidalgo. <strong><\/strong><\/h5>\n<h5 style=\"text-align: justify\"><strong><a href=\"http:\/\/snn.imer.gob.mx\/laferia\/files\/2011\/04\/carolina-lopez.mp3\">Escucha<\/a><\/strong><\/h5>\n<p style=\"text-align: justify\"><strong> <\/strong><\/p>\n","protected":false},"excerpt":{"rendered":"<p>Se encuentra todo listo para que este 29 de Abril en el Centro de Convenciones de los \u00c1ngeles, se lleve a cabo la Primera Feria del Libro de los \u00c1ngeles, encuentro que busca un espacio para el libro en espa\u00f1ol en una sociedad donde los\u00a0 hispanohablantes predominan. Informaci\u00f3n Carolina L\u00f3pez Hidalgo. Escucha<\/p>\n","protected":false},"author":12,"featured_media":0,"comment_status":"open","ping_status":"open","sticky":false,"template":"","format":"standard","meta":{"wp_popup_display_lightbox":0,"wp_popup_suppress":"","wp_popup_trigger":"","wp_popup_trigger_amount":0,"wp_popup_disable_on_mobile":false},"categories":[1],"tags":[],"yoast_head":"<!-- This site is optimized with the Yoast SEO plugin v21.0 - https:\/\/yoast.com\/wordpress\/plugins\/seo\/ -->\n<title>Feria del Libro en espa\u00f1ol LA - La Feria, Carrusel Cultural<\/title>\n<meta name=\"robots\" content=\"index, follow, max-snippet:-1, max-image-preview:large, max-video-preview:-1\" \/>\n<link rel=\"canonical\" href=\"https:\/\/noticias.imer.mx\/laferia\/2011\/04\/12\/la-primeria-feria-del-libro-en-espanol-la\/\" \/>\n<meta property=\"og:locale\" content=\"es_ES\" \/>\n<meta property=\"og:type\" content=\"article\" \/>\n<meta property=\"og:title\" content=\"Feria del Libro en espa\u00f1ol LA - La Feria, Carrusel Cultural\" \/>\n<meta property=\"og:description\" content=\"Se encuentra todo listo para que este 29 de Abril en el Centro de Convenciones de los \u00c1ngeles, se lleve a cabo la Primera Feria del Libro de los \u00c1ngeles, encuentro que busca un espacio para el libro en espa\u00f1ol en una sociedad donde los\u00a0 hispanohablantes predominan. Informaci\u00f3n Carolina L\u00f3pez Hidalgo. Escucha\" \/>\n<meta property=\"og:url\" content=\"https:\/\/noticias.imer.mx\/laferia\/2011\/04\/12\/la-primeria-feria-del-libro-en-espanol-la\/\" \/>\n<meta property=\"og:site_name\" content=\"La Feria, Carrusel Cultural\" \/>\n<meta property=\"article:published_time\" content=\"2011-04-12T23:08:16+00:00\" \/>\n<meta property=\"article:modified_time\" content=\"2011-04-13T00:38:01+00:00\" \/>\n<meta property=\"og:image\" content=\"http:\/\/snn.imer.gob.mx\/laferia\/files\/2011\/04\/carolina-lopez-150x150.jpg\" \/>\n<meta name=\"author\" content=\"La Feria\" \/>\n<meta name=\"twitter:card\" content=\"summary_large_image\" \/>\n<meta name=\"twitter:label1\" content=\"Escrito por\" \/>\n\t<meta name=\"twitter:data1\" content=\"La Feria\" \/>\n<script type=\"application\/ld+json\" class=\"yoast-schema-graph\">{\"@context\":\"https:\/\/schema.org\",\"@graph\":[{\"@type\":\"WebPage\",\"@id\":\"https:\/\/noticias.imer.mx\/laferia\/2011\/04\/12\/la-primeria-feria-del-libro-en-espanol-la\/\",\"url\":\"https:\/\/noticias.imer.mx\/laferia\/2011\/04\/12\/la-primeria-feria-del-libro-en-espanol-la\/\",\"name\":\"Feria del Libro en espa\u00f1ol LA - La Feria, Carrusel Cultural\",\"isPartOf\":{\"@id\":\"https:\/\/noticias.imer.mx\/laferia\/#website\"},\"datePublished\":\"2011-04-12T23:08:16+00:00\",\"dateModified\":\"2011-04-13T00:38:01+00:00\",\"author\":{\"@id\":\"https:\/\/noticias.imer.mx\/laferia\/#\/schema\/person\/438ebaa433c79f71687928759130ec9f\"},\"breadcrumb\":{\"@id\":\"https:\/\/noticias.imer.mx\/laferia\/2011\/04\/12\/la-primeria-feria-del-libro-en-espanol-la\/#breadcrumb\"},\"inLanguage\":\"es\",\"potentialAction\":[{\"@type\":\"ReadAction\",\"target\":[\"https:\/\/noticias.imer.mx\/laferia\/2011\/04\/12\/la-primeria-feria-del-libro-en-espanol-la\/\"]}]},{\"@type\":\"BreadcrumbList\",\"@id\":\"https:\/\/noticias.imer.mx\/laferia\/2011\/04\/12\/la-primeria-feria-del-libro-en-espanol-la\/#breadcrumb\",\"itemListElement\":[{\"@type\":\"ListItem\",\"position\":1,\"name\":\"Home\",\"item\":\"https:\/\/noticias.imer.mx\/laferia\/\"},{\"@type\":\"ListItem\",\"position\":2,\"name\":\"Feria del Libro en espa\u00f1ol LA\"}]},{\"@type\":\"WebSite\",\"@id\":\"https:\/\/noticias.imer.mx\/laferia\/#website\",\"url\":\"https:\/\/noticias.imer.mx\/laferia\/\",\"name\":\"La Feria, Carrusel Cultural\",\"description\":\"Instituto Mexicano de la Radio\",\"potentialAction\":[{\"@type\":\"SearchAction\",\"target\":{\"@type\":\"EntryPoint\",\"urlTemplate\":\"https:\/\/noticias.imer.mx\/laferia\/?s={search_term_string}\"},\"query-input\":\"required name=search_term_string\"}],\"inLanguage\":\"es\"},{\"@type\":\"Person\",\"@id\":\"https:\/\/noticias.imer.mx\/laferia\/#\/schema\/person\/438ebaa433c79f71687928759130ec9f\",\"name\":\"La Feria\",\"image\":{\"@type\":\"ImageObject\",\"inLanguage\":\"es\",\"@id\":\"https:\/\/noticias.imer.mx\/laferia\/#\/schema\/person\/image\/\",\"url\":\"https:\/\/secure.gravatar.com\/avatar\/69100f68fb4d3a06d1ff6b6cb5310157?s=96&d=mm&r=g\",\"contentUrl\":\"https:\/\/secure.gravatar.com\/avatar\/69100f68fb4d3a06d1ff6b6cb5310157?s=96&d=mm&r=g\",\"caption\":\"La Feria\"},\"description\":\"La Feria Carrusel Cultural, es un noticiario que alienta la participaci\u00f3n ciudadana y presenta informaci\u00f3n cultural y cient\u00edfica, de coyuntura, de M\u00e9xico y el mundo. En media hora puede conocer la cartelera cultural y escuchar, en voz de especialistas, entrevistas, asuntos especiales y mesas de an\u00e1lisis. Conducido por Juan Carlos Vald\u00e9s, La Feria Carrusel Cultural, se transmite todos los martes y jueves, de 15:00 a 15:30 horas por Horizonte, en el 107.9 de FM.\",\"url\":\"https:\/\/noticias.imer.mx\/laferia\/author\/laferia\/\"}]}<\/script>\n<!-- \/ Yoast SEO plugin. -->","yoast_head_json":{"title":"Feria del Libro en espa\u00f1ol LA - La Feria, Carrusel Cultural","robots":{"index":"index","follow":"follow","max-snippet":"max-snippet:-1","max-image-preview":"max-image-preview:large","max-video-preview":"max-video-preview:-1"},"canonical":"https:\/\/noticias.imer.mx\/laferia\/2011\/04\/12\/la-primeria-feria-del-libro-en-espanol-la\/","og_locale":"es_ES","og_type":"article","og_title":"Feria del Libro en espa\u00f1ol LA - La Feria, Carrusel Cultural","og_description":"Se encuentra todo listo para que este 29 de Abril en el Centro de Convenciones de los \u00c1ngeles, se lleve a cabo la Primera Feria del Libro de los \u00c1ngeles, encuentro que busca un espacio para el libro en espa\u00f1ol en una sociedad donde los\u00a0 hispanohablantes predominan. Informaci\u00f3n Carolina L\u00f3pez Hidalgo. Escucha","og_url":"https:\/\/noticias.imer.mx\/laferia\/2011\/04\/12\/la-primeria-feria-del-libro-en-espanol-la\/","og_site_name":"La Feria, Carrusel Cultural","article_published_time":"2011-04-12T23:08:16+00:00","article_modified_time":"2011-04-13T00:38:01+00:00","og_image":[{"url":"http:\/\/snn.imer.gob.mx\/laferia\/files\/2011\/04\/carolina-lopez-150x150.jpg"}],"author":"La Feria","twitter_card":"summary_large_image","twitter_misc":{"Escrito por":"La Feria"},"schema":{"@context":"https:\/\/schema.org","@graph":[{"@type":"WebPage","@id":"https:\/\/noticias.imer.mx\/laferia\/2011\/04\/12\/la-primeria-feria-del-libro-en-espanol-la\/","url":"https:\/\/noticias.imer.mx\/laferia\/2011\/04\/12\/la-primeria-feria-del-libro-en-espanol-la\/","name":"Feria del Libro en espa\u00f1ol LA - La Feria, Carrusel Cultural","isPartOf":{"@id":"https:\/\/noticias.imer.mx\/laferia\/#website"},"datePublished":"2011-04-12T23:08:16+00:00","dateModified":"2011-04-13T00:38:01+00:00","author":{"@id":"https:\/\/noticias.imer.mx\/laferia\/#\/schema\/person\/438ebaa433c79f71687928759130ec9f"},"breadcrumb":{"@id":"https:\/\/noticias.imer.mx\/laferia\/2011\/04\/12\/la-primeria-feria-del-libro-en-espanol-la\/#breadcrumb"},"inLanguage":"es","potentialAction":[{"@type":"ReadAction","target":["https:\/\/noticias.imer.mx\/laferia\/2011\/04\/12\/la-primeria-feria-del-libro-en-espanol-la\/"]}]},{"@type":"BreadcrumbList","@id":"https:\/\/noticias.imer.mx\/laferia\/2011\/04\/12\/la-primeria-feria-del-libro-en-espanol-la\/#breadcrumb","itemListElement":[{"@type":"ListItem","position":1,"name":"Home","item":"https:\/\/noticias.imer.mx\/laferia\/"},{"@type":"ListItem","position":2,"name":"Feria del Libro en espa\u00f1ol LA"}]},{"@type":"WebSite","@id":"https:\/\/noticias.imer.mx\/laferia\/#website","url":"https:\/\/noticias.imer.mx\/laferia\/","name":"La Feria, Carrusel Cultural","description":"Instituto Mexicano de la Radio","potentialAction":[{"@type":"SearchAction","target":{"@type":"EntryPoint","urlTemplate":"https:\/\/noticias.imer.mx\/laferia\/?s={search_term_string}"},"query-input":"required name=search_term_string"}],"inLanguage":"es"},{"@type":"Person","@id":"https:\/\/noticias.imer.mx\/laferia\/#\/schema\/person\/438ebaa433c79f71687928759130ec9f","name":"La Feria","image":{"@type":"ImageObject","inLanguage":"es","@id":"https:\/\/noticias.imer.mx\/laferia\/#\/schema\/person\/image\/","url":"https:\/\/secure.gravatar.com\/avatar\/69100f68fb4d3a06d1ff6b6cb5310157?s=96&d=mm&r=g","contentUrl":"https:\/\/secure.gravatar.com\/avatar\/69100f68fb4d3a06d1ff6b6cb5310157?s=96&d=mm&r=g","caption":"La Feria"},"description":"La Feria Carrusel Cultural, es un noticiario que alienta la participaci\u00f3n ciudadana y presenta informaci\u00f3n cultural y cient\u00edfica, de coyuntura, de M\u00e9xico y el mundo. En media hora puede conocer la cartelera cultural y escuchar, en voz de especialistas, entrevistas, asuntos especiales y mesas de an\u00e1lisis. Conducido por Juan Carlos Vald\u00e9s, La Feria Carrusel Cultural, se transmite todos los martes y jueves, de 15:00 a 15:30 horas por Horizonte, en el 107.9 de FM.","url":"https:\/\/noticias.imer.mx\/laferia\/author\/laferia\/"}]}},"_links":{"self":[{"href":"https:\/\/noticias.imer.mx\/laferia\/wp-json\/wp\/v2\/posts\/7963"}],"collection":[{"href":"https:\/\/noticias.imer.mx\/laferia\/wp-json\/wp\/v2\/posts"}],"about":[{"href":"https:\/\/noticias.imer.mx\/laferia\/wp-json\/wp\/v2\/types\/post"}],"author":[{"embeddable":true,"href":"https:\/\/noticias.imer.mx\/laferia\/wp-json\/wp\/v2\/users\/12"}],"replies":[{"embeddable":true,"href":"https:\/\/noticias.imer.mx\/laferia\/wp-json\/wp\/v2\/comments?post=7963"}],"version-history":[{"count":4,"href":"https:\/\/noticias.imer.mx\/laferia\/wp-json\/wp\/v2\/posts\/7963\/revisions"}],"predecessor-version":[{"id":7985,"href":"https:\/\/noticias.imer.mx\/laferia\/wp-json\/wp\/v2\/posts\/7963\/revisions\/7985"}],"wp:attachment":[{"href":"https:\/\/noticias.imer.mx\/laferia\/wp-json\/wp\/v2\/media?parent=7963"}],"wp:term":[{"taxonomy":"category","embeddable":true,"href":"https:\/\/noticias.imer.mx\/laferia\/wp-json\/wp\/v2\/categories?post=7963"},{"taxonomy":"post_tag","embeddable":true,"href":"https:\/\/noticias.imer.mx\/laferia\/wp-json\/wp\/v2\/tags?post=7963"}],"curies":[{"name":"wp","href":"https:\/\/api.w.org\/{rel}","templated":true}]}}