{"id":7776,"date":"2011-04-01T00:34:15","date_gmt":"2011-04-01T00:34:15","guid":{"rendered":"http:\/\/www.blogs.imer.gob.mx\/laferia\/?p=7776"},"modified":"2011-04-07T19:54:40","modified_gmt":"2011-04-07T19:54:40","slug":"moneda-conmemorativa-octavio-paz","status":"publish","type":"post","link":"https:\/\/noticias.imer.mx\/laferia\/2011\/04\/01\/moneda-conmemorativa-octavio-paz\/","title":{"rendered":"Moneda conmemorativa Octavio Paz"},"content":{"rendered":"<h5 style=\"text-align: right\"><a href=\"http:\/\/snn.imer.gob.mx\/laferia\/files\/2011\/04\/20-pesos-octavio-paz.jpg\"><img decoding=\"async\" loading=\"lazy\" class=\"size-full wp-image-7781 alignright\" src=\"http:\/\/snn.imer.gob.mx\/laferia\/files\/2011\/04\/20-pesos-octavio-paz.jpg\" alt=\"\" width=\"107\" height=\"106\" srcset=\"https:\/\/noticias.imer.mx\/laferia\/files\/2011\/04\/20-pesos-octavio-paz.jpg 263w, https:\/\/noticias.imer.mx\/laferia\/files\/2011\/04\/20-pesos-octavio-paz-150x150.jpg 150w\" sizes=\"(max-width: 107px) 100vw, 107px\" \/><\/a>El Conaculta\u00a0 y el Banco de M\u00e9xico presentaron una moneda \u00a0conmemorativa para celebrar \u00a0los 20 a\u00f1os de la entrega del Premio Nobel de Literatura a Octavio Paz<strong><\/strong>. Informaci\u00f3n Juan Carlos Vald\u00e9s.<\/h5>\n<p style=\"text-align: right\"><a href=\"http:\/\/snn.imer.gob.mx\/laferia\/files\/2011\/04\/OCTAVIO-PAZ.mp3\">Escucha <\/a><\/p>\n","protected":false},"excerpt":{"rendered":"<p>El Conaculta\u00a0 y el Banco de M\u00e9xico presentaron una moneda \u00a0conmemorativa para celebrar \u00a0los 20 a\u00f1os de la entrega del Premio Nobel de Literatura a Octavio Paz. Informaci\u00f3n Juan Carlos Vald\u00e9s. Escucha<\/p>\n","protected":false},"author":12,"featured_media":0,"comment_status":"open","ping_status":"open","sticky":false,"template":"","format":"standard","meta":{"wp_popup_display_lightbox":0,"wp_popup_suppress":"","wp_popup_trigger":"","wp_popup_trigger_amount":0,"wp_popup_disable_on_mobile":false},"categories":[1],"tags":[],"yoast_head":"<!-- This site is optimized with the Yoast SEO plugin v21.0 - https:\/\/yoast.com\/wordpress\/plugins\/seo\/ -->\n<title>Moneda conmemorativa Octavio Paz - La Feria, Carrusel Cultural<\/title>\n<meta name=\"robots\" content=\"index, follow, max-snippet:-1, max-image-preview:large, max-video-preview:-1\" \/>\n<link rel=\"canonical\" href=\"https:\/\/noticias.imer.mx\/laferia\/2011\/04\/01\/moneda-conmemorativa-octavio-paz\/\" \/>\n<meta property=\"og:locale\" content=\"es_ES\" \/>\n<meta property=\"og:type\" content=\"article\" \/>\n<meta property=\"og:title\" content=\"Moneda conmemorativa Octavio Paz - La Feria, Carrusel Cultural\" \/>\n<meta property=\"og:description\" content=\"El Conaculta\u00a0 y el Banco de M\u00e9xico presentaron una moneda \u00a0conmemorativa para celebrar \u00a0los 20 a\u00f1os de la entrega del Premio Nobel de Literatura a Octavio Paz. Informaci\u00f3n Juan Carlos Vald\u00e9s. Escucha\" \/>\n<meta property=\"og:url\" content=\"https:\/\/noticias.imer.mx\/laferia\/2011\/04\/01\/moneda-conmemorativa-octavio-paz\/\" \/>\n<meta property=\"og:site_name\" content=\"La Feria, Carrusel Cultural\" \/>\n<meta property=\"article:published_time\" content=\"2011-04-01T00:34:15+00:00\" \/>\n<meta property=\"article:modified_time\" content=\"2011-04-07T19:54:40+00:00\" \/>\n<meta property=\"og:image\" content=\"http:\/\/snn.imer.gob.mx\/laferia\/files\/2011\/04\/20-pesos-octavio-paz.jpg\" \/>\n<meta name=\"author\" content=\"La Feria\" \/>\n<meta name=\"twitter:card\" content=\"summary_large_image\" \/>\n<meta name=\"twitter:label1\" content=\"Escrito por\" \/>\n\t<meta name=\"twitter:data1\" content=\"La Feria\" \/>\n<script type=\"application\/ld+json\" class=\"yoast-schema-graph\">{\"@context\":\"https:\/\/schema.org\",\"@graph\":[{\"@type\":\"WebPage\",\"@id\":\"https:\/\/noticias.imer.mx\/laferia\/2011\/04\/01\/moneda-conmemorativa-octavio-paz\/\",\"url\":\"https:\/\/noticias.imer.mx\/laferia\/2011\/04\/01\/moneda-conmemorativa-octavio-paz\/\",\"name\":\"Moneda conmemorativa Octavio Paz - La Feria, Carrusel Cultural\",\"isPartOf\":{\"@id\":\"https:\/\/noticias.imer.mx\/laferia\/#website\"},\"datePublished\":\"2011-04-01T00:34:15+00:00\",\"dateModified\":\"2011-04-07T19:54:40+00:00\",\"author\":{\"@id\":\"https:\/\/noticias.imer.mx\/laferia\/#\/schema\/person\/438ebaa433c79f71687928759130ec9f\"},\"breadcrumb\":{\"@id\":\"https:\/\/noticias.imer.mx\/laferia\/2011\/04\/01\/moneda-conmemorativa-octavio-paz\/#breadcrumb\"},\"inLanguage\":\"es\",\"potentialAction\":[{\"@type\":\"ReadAction\",\"target\":[\"https:\/\/noticias.imer.mx\/laferia\/2011\/04\/01\/moneda-conmemorativa-octavio-paz\/\"]}]},{\"@type\":\"BreadcrumbList\",\"@id\":\"https:\/\/noticias.imer.mx\/laferia\/2011\/04\/01\/moneda-conmemorativa-octavio-paz\/#breadcrumb\",\"itemListElement\":[{\"@type\":\"ListItem\",\"position\":1,\"name\":\"Home\",\"item\":\"https:\/\/noticias.imer.mx\/laferia\/\"},{\"@type\":\"ListItem\",\"position\":2,\"name\":\"Moneda conmemorativa Octavio Paz\"}]},{\"@type\":\"WebSite\",\"@id\":\"https:\/\/noticias.imer.mx\/laferia\/#website\",\"url\":\"https:\/\/noticias.imer.mx\/laferia\/\",\"name\":\"La Feria, Carrusel Cultural\",\"description\":\"Instituto Mexicano de la Radio\",\"potentialAction\":[{\"@type\":\"SearchAction\",\"target\":{\"@type\":\"EntryPoint\",\"urlTemplate\":\"https:\/\/noticias.imer.mx\/laferia\/?s={search_term_string}\"},\"query-input\":\"required name=search_term_string\"}],\"inLanguage\":\"es\"},{\"@type\":\"Person\",\"@id\":\"https:\/\/noticias.imer.mx\/laferia\/#\/schema\/person\/438ebaa433c79f71687928759130ec9f\",\"name\":\"La Feria\",\"image\":{\"@type\":\"ImageObject\",\"inLanguage\":\"es\",\"@id\":\"https:\/\/noticias.imer.mx\/laferia\/#\/schema\/person\/image\/\",\"url\":\"https:\/\/secure.gravatar.com\/avatar\/69100f68fb4d3a06d1ff6b6cb5310157?s=96&d=mm&r=g\",\"contentUrl\":\"https:\/\/secure.gravatar.com\/avatar\/69100f68fb4d3a06d1ff6b6cb5310157?s=96&d=mm&r=g\",\"caption\":\"La Feria\"},\"description\":\"La Feria Carrusel Cultural, es un noticiario que alienta la participaci\u00f3n ciudadana y presenta informaci\u00f3n cultural y cient\u00edfica, de coyuntura, de M\u00e9xico y el mundo. En media hora puede conocer la cartelera cultural y escuchar, en voz de especialistas, entrevistas, asuntos especiales y mesas de an\u00e1lisis. Conducido por Juan Carlos Vald\u00e9s, La Feria Carrusel Cultural, se transmite todos los martes y jueves, de 15:00 a 15:30 horas por Horizonte, en el 107.9 de FM.\",\"url\":\"https:\/\/noticias.imer.mx\/laferia\/author\/laferia\/\"}]}<\/script>\n<!-- \/ Yoast SEO plugin. -->","yoast_head_json":{"title":"Moneda conmemorativa Octavio Paz - La Feria, Carrusel Cultural","robots":{"index":"index","follow":"follow","max-snippet":"max-snippet:-1","max-image-preview":"max-image-preview:large","max-video-preview":"max-video-preview:-1"},"canonical":"https:\/\/noticias.imer.mx\/laferia\/2011\/04\/01\/moneda-conmemorativa-octavio-paz\/","og_locale":"es_ES","og_type":"article","og_title":"Moneda conmemorativa Octavio Paz - La Feria, Carrusel Cultural","og_description":"El Conaculta\u00a0 y el Banco de M\u00e9xico presentaron una moneda \u00a0conmemorativa para celebrar \u00a0los 20 a\u00f1os de la entrega del Premio Nobel de Literatura a Octavio Paz. Informaci\u00f3n Juan Carlos Vald\u00e9s. Escucha","og_url":"https:\/\/noticias.imer.mx\/laferia\/2011\/04\/01\/moneda-conmemorativa-octavio-paz\/","og_site_name":"La Feria, Carrusel Cultural","article_published_time":"2011-04-01T00:34:15+00:00","article_modified_time":"2011-04-07T19:54:40+00:00","og_image":[{"url":"http:\/\/snn.imer.gob.mx\/laferia\/files\/2011\/04\/20-pesos-octavio-paz.jpg"}],"author":"La Feria","twitter_card":"summary_large_image","twitter_misc":{"Escrito por":"La Feria"},"schema":{"@context":"https:\/\/schema.org","@graph":[{"@type":"WebPage","@id":"https:\/\/noticias.imer.mx\/laferia\/2011\/04\/01\/moneda-conmemorativa-octavio-paz\/","url":"https:\/\/noticias.imer.mx\/laferia\/2011\/04\/01\/moneda-conmemorativa-octavio-paz\/","name":"Moneda conmemorativa Octavio Paz - La Feria, Carrusel Cultural","isPartOf":{"@id":"https:\/\/noticias.imer.mx\/laferia\/#website"},"datePublished":"2011-04-01T00:34:15+00:00","dateModified":"2011-04-07T19:54:40+00:00","author":{"@id":"https:\/\/noticias.imer.mx\/laferia\/#\/schema\/person\/438ebaa433c79f71687928759130ec9f"},"breadcrumb":{"@id":"https:\/\/noticias.imer.mx\/laferia\/2011\/04\/01\/moneda-conmemorativa-octavio-paz\/#breadcrumb"},"inLanguage":"es","potentialAction":[{"@type":"ReadAction","target":["https:\/\/noticias.imer.mx\/laferia\/2011\/04\/01\/moneda-conmemorativa-octavio-paz\/"]}]},{"@type":"BreadcrumbList","@id":"https:\/\/noticias.imer.mx\/laferia\/2011\/04\/01\/moneda-conmemorativa-octavio-paz\/#breadcrumb","itemListElement":[{"@type":"ListItem","position":1,"name":"Home","item":"https:\/\/noticias.imer.mx\/laferia\/"},{"@type":"ListItem","position":2,"name":"Moneda conmemorativa Octavio Paz"}]},{"@type":"WebSite","@id":"https:\/\/noticias.imer.mx\/laferia\/#website","url":"https:\/\/noticias.imer.mx\/laferia\/","name":"La Feria, Carrusel Cultural","description":"Instituto Mexicano de la Radio","potentialAction":[{"@type":"SearchAction","target":{"@type":"EntryPoint","urlTemplate":"https:\/\/noticias.imer.mx\/laferia\/?s={search_term_string}"},"query-input":"required name=search_term_string"}],"inLanguage":"es"},{"@type":"Person","@id":"https:\/\/noticias.imer.mx\/laferia\/#\/schema\/person\/438ebaa433c79f71687928759130ec9f","name":"La Feria","image":{"@type":"ImageObject","inLanguage":"es","@id":"https:\/\/noticias.imer.mx\/laferia\/#\/schema\/person\/image\/","url":"https:\/\/secure.gravatar.com\/avatar\/69100f68fb4d3a06d1ff6b6cb5310157?s=96&d=mm&r=g","contentUrl":"https:\/\/secure.gravatar.com\/avatar\/69100f68fb4d3a06d1ff6b6cb5310157?s=96&d=mm&r=g","caption":"La Feria"},"description":"La Feria Carrusel Cultural, es un noticiario que alienta la participaci\u00f3n ciudadana y presenta informaci\u00f3n cultural y cient\u00edfica, de coyuntura, de M\u00e9xico y el mundo. En media hora puede conocer la cartelera cultural y escuchar, en voz de especialistas, entrevistas, asuntos especiales y mesas de an\u00e1lisis. Conducido por Juan Carlos Vald\u00e9s, La Feria Carrusel Cultural, se transmite todos los martes y jueves, de 15:00 a 15:30 horas por Horizonte, en el 107.9 de FM.","url":"https:\/\/noticias.imer.mx\/laferia\/author\/laferia\/"}]}},"_links":{"self":[{"href":"https:\/\/noticias.imer.mx\/laferia\/wp-json\/wp\/v2\/posts\/7776"}],"collection":[{"href":"https:\/\/noticias.imer.mx\/laferia\/wp-json\/wp\/v2\/posts"}],"about":[{"href":"https:\/\/noticias.imer.mx\/laferia\/wp-json\/wp\/v2\/types\/post"}],"author":[{"embeddable":true,"href":"https:\/\/noticias.imer.mx\/laferia\/wp-json\/wp\/v2\/users\/12"}],"replies":[{"embeddable":true,"href":"https:\/\/noticias.imer.mx\/laferia\/wp-json\/wp\/v2\/comments?post=7776"}],"version-history":[{"count":5,"href":"https:\/\/noticias.imer.mx\/laferia\/wp-json\/wp\/v2\/posts\/7776\/revisions"}],"predecessor-version":[{"id":7888,"href":"https:\/\/noticias.imer.mx\/laferia\/wp-json\/wp\/v2\/posts\/7776\/revisions\/7888"}],"wp:attachment":[{"href":"https:\/\/noticias.imer.mx\/laferia\/wp-json\/wp\/v2\/media?parent=7776"}],"wp:term":[{"taxonomy":"category","embeddable":true,"href":"https:\/\/noticias.imer.mx\/laferia\/wp-json\/wp\/v2\/categories?post=7776"},{"taxonomy":"post_tag","embeddable":true,"href":"https:\/\/noticias.imer.mx\/laferia\/wp-json\/wp\/v2\/tags?post=7776"}],"curies":[{"name":"wp","href":"https:\/\/api.w.org\/{rel}","templated":true}]}}