{"id":35743,"date":"2018-11-20T16:27:50","date_gmt":"2018-11-20T22:27:50","guid":{"rendered":"http:\/\/snn.imer.gob.mx\/laferia\/?p=35743"},"modified":"2018-11-20T16:27:50","modified_gmt":"2018-11-20T22:27:50","slug":"entrega-de-premios-del-instituto-nacional-de-estudios-historicos-de-las-revoluciones-de-mexico","status":"publish","type":"post","link":"https:\/\/noticias.imer.mx\/laferia\/2018\/11\/20\/entrega-de-premios-del-instituto-nacional-de-estudios-historicos-de-las-revoluciones-de-mexico\/","title":{"rendered":"Entrega de premios del Instituto Nacional de Estudios Hist\u00f3ricos de las Revoluciones de M\u00e9xico"},"content":{"rendered":"<p>En el marco del aniversario del inicio de la Revoluci\u00f3n Mexicana, se realizar\u00e1 la ceremonia de entrega los Premios del Instituto Nacional de Estudios Hist\u00f3ricos de las Revoluciones de M\u00e9xico (INEHRM) en sus categor\u00edas de Trayectoria e Investigaci\u00f3n Hist\u00f3rica; Investigaci\u00f3n Hist\u00f3rica y becas.<\/p>\n<!--[if lt IE 9]><script>document.createElement('audio');<\/script><![endif]-->\n<audio class=\"wp-audio-shortcode\" id=\"audio-35743-1\" preload=\"none\" style=\"width: 100%;\" controls=\"controls\"><source type=\"audio\/mpeg\" src=\"http:\/\/snn.imer.gob.mx\/laferia\/files\/2018\/11\/CARO-INEHRM.mp3?_=1\" \/><a href=\"http:\/\/snn.imer.gob.mx\/laferia\/files\/2018\/11\/CARO-INEHRM.mp3\">http:\/\/snn.imer.gob.mx\/laferia\/files\/2018\/11\/CARO-INEHRM.mp3<\/a><\/audio>\n","protected":false},"excerpt":{"rendered":"<p>En el marco del aniversario del inicio de la Revoluci\u00f3n Mexicana, se realizar\u00e1 la ceremonia de entrega los Premios del Instituto Nacional de Estudios Hist\u00f3ricos de las Revoluciones de M\u00e9xico (INEHRM) en sus categor\u00edas de Trayectoria e Investigaci\u00f3n Hist\u00f3rica; Investigaci\u00f3n Hist\u00f3rica y becas.<\/p>\n","protected":false},"author":12,"featured_media":0,"comment_status":"open","ping_status":"open","sticky":false,"template":"","format":"standard","meta":{"wp_popup_display_lightbox":0,"wp_popup_suppress":"","wp_popup_trigger":"","wp_popup_trigger_amount":0,"wp_popup_disable_on_mobile":false},"categories":[1729],"tags":[7880,2866,7802,7881,7878,7882,6074],"yoast_head":"<!-- This site is optimized with the Yoast SEO plugin v21.0 - https:\/\/yoast.com\/wordpress\/plugins\/seo\/ -->\n<title>Entrega de premios del Instituto Nacional de Estudios Hist\u00f3ricos de las Revoluciones de M\u00e9xico - La Feria, Carrusel Cultural<\/title>\n<meta name=\"robots\" content=\"index, follow, max-snippet:-1, max-image-preview:large, max-video-preview:-1\" \/>\n<link rel=\"canonical\" href=\"https:\/\/noticias.imer.mx\/laferia\/2018\/11\/20\/entrega-de-premios-del-instituto-nacional-de-estudios-historicos-de-las-revoluciones-de-mexico\/\" \/>\n<meta property=\"og:locale\" content=\"es_ES\" \/>\n<meta property=\"og:type\" content=\"article\" \/>\n<meta property=\"og:title\" content=\"Entrega de premios del Instituto Nacional de Estudios Hist\u00f3ricos de las Revoluciones de M\u00e9xico - La Feria, Carrusel Cultural\" \/>\n<meta property=\"og:description\" content=\"En el marco del aniversario del inicio de la Revoluci\u00f3n Mexicana, se realizar\u00e1 la ceremonia de entrega los Premios del Instituto Nacional de Estudios Hist\u00f3ricos de las Revoluciones de M\u00e9xico (INEHRM) en sus categor\u00edas de Trayectoria e Investigaci\u00f3n Hist\u00f3rica; Investigaci\u00f3n Hist\u00f3rica y becas.\" \/>\n<meta property=\"og:url\" content=\"https:\/\/noticias.imer.mx\/laferia\/2018\/11\/20\/entrega-de-premios-del-instituto-nacional-de-estudios-historicos-de-las-revoluciones-de-mexico\/\" \/>\n<meta property=\"og:site_name\" content=\"La Feria, Carrusel Cultural\" \/>\n<meta property=\"article:published_time\" content=\"2018-11-20T22:27:50+00:00\" \/>\n<meta name=\"author\" content=\"La Feria\" \/>\n<meta name=\"twitter:card\" content=\"summary_large_image\" \/>\n<meta name=\"twitter:label1\" content=\"Escrito por\" \/>\n\t<meta name=\"twitter:data1\" content=\"La Feria\" \/>\n<script type=\"application\/ld+json\" class=\"yoast-schema-graph\">{\"@context\":\"https:\/\/schema.org\",\"@graph\":[{\"@type\":\"WebPage\",\"@id\":\"https:\/\/noticias.imer.mx\/laferia\/2018\/11\/20\/entrega-de-premios-del-instituto-nacional-de-estudios-historicos-de-las-revoluciones-de-mexico\/\",\"url\":\"https:\/\/noticias.imer.mx\/laferia\/2018\/11\/20\/entrega-de-premios-del-instituto-nacional-de-estudios-historicos-de-las-revoluciones-de-mexico\/\",\"name\":\"Entrega de premios del Instituto Nacional de Estudios Hist\u00f3ricos de las Revoluciones de M\u00e9xico - La Feria, Carrusel Cultural\",\"isPartOf\":{\"@id\":\"https:\/\/noticias.imer.mx\/laferia\/#website\"},\"datePublished\":\"2018-11-20T22:27:50+00:00\",\"dateModified\":\"2018-11-20T22:27:50+00:00\",\"author\":{\"@id\":\"https:\/\/noticias.imer.mx\/laferia\/#\/schema\/person\/438ebaa433c79f71687928759130ec9f\"},\"breadcrumb\":{\"@id\":\"https:\/\/noticias.imer.mx\/laferia\/2018\/11\/20\/entrega-de-premios-del-instituto-nacional-de-estudios-historicos-de-las-revoluciones-de-mexico\/#breadcrumb\"},\"inLanguage\":\"es\",\"potentialAction\":[{\"@type\":\"ReadAction\",\"target\":[\"https:\/\/noticias.imer.mx\/laferia\/2018\/11\/20\/entrega-de-premios-del-instituto-nacional-de-estudios-historicos-de-las-revoluciones-de-mexico\/\"]}]},{\"@type\":\"BreadcrumbList\",\"@id\":\"https:\/\/noticias.imer.mx\/laferia\/2018\/11\/20\/entrega-de-premios-del-instituto-nacional-de-estudios-historicos-de-las-revoluciones-de-mexico\/#breadcrumb\",\"itemListElement\":[{\"@type\":\"ListItem\",\"position\":1,\"name\":\"Home\",\"item\":\"https:\/\/noticias.imer.mx\/laferia\/\"},{\"@type\":\"ListItem\",\"position\":2,\"name\":\"Entrega de premios del Instituto Nacional de Estudios Hist\u00f3ricos de las Revoluciones de M\u00e9xico\"}]},{\"@type\":\"WebSite\",\"@id\":\"https:\/\/noticias.imer.mx\/laferia\/#website\",\"url\":\"https:\/\/noticias.imer.mx\/laferia\/\",\"name\":\"La Feria, Carrusel Cultural\",\"description\":\"Instituto Mexicano de la Radio\",\"potentialAction\":[{\"@type\":\"SearchAction\",\"target\":{\"@type\":\"EntryPoint\",\"urlTemplate\":\"https:\/\/noticias.imer.mx\/laferia\/?s={search_term_string}\"},\"query-input\":\"required name=search_term_string\"}],\"inLanguage\":\"es\"},{\"@type\":\"Person\",\"@id\":\"https:\/\/noticias.imer.mx\/laferia\/#\/schema\/person\/438ebaa433c79f71687928759130ec9f\",\"name\":\"La Feria\",\"image\":{\"@type\":\"ImageObject\",\"inLanguage\":\"es\",\"@id\":\"https:\/\/noticias.imer.mx\/laferia\/#\/schema\/person\/image\/\",\"url\":\"https:\/\/secure.gravatar.com\/avatar\/69100f68fb4d3a06d1ff6b6cb5310157?s=96&d=mm&r=g\",\"contentUrl\":\"https:\/\/secure.gravatar.com\/avatar\/69100f68fb4d3a06d1ff6b6cb5310157?s=96&d=mm&r=g\",\"caption\":\"La Feria\"},\"description\":\"La Feria Carrusel Cultural, es un noticiario que alienta la participaci\u00f3n ciudadana y presenta informaci\u00f3n cultural y cient\u00edfica, de coyuntura, de M\u00e9xico y el mundo. En media hora puede conocer la cartelera cultural y escuchar, en voz de especialistas, entrevistas, asuntos especiales y mesas de an\u00e1lisis. Conducido por Juan Carlos Vald\u00e9s, La Feria Carrusel Cultural, se transmite todos los martes y jueves, de 15:00 a 15:30 horas por Horizonte, en el 107.9 de FM.\",\"url\":\"https:\/\/noticias.imer.mx\/laferia\/author\/laferia\/\"}]}<\/script>\n<!-- \/ Yoast SEO plugin. -->","yoast_head_json":{"title":"Entrega de premios del Instituto Nacional de Estudios Hist\u00f3ricos de las Revoluciones de M\u00e9xico - La Feria, Carrusel Cultural","robots":{"index":"index","follow":"follow","max-snippet":"max-snippet:-1","max-image-preview":"max-image-preview:large","max-video-preview":"max-video-preview:-1"},"canonical":"https:\/\/noticias.imer.mx\/laferia\/2018\/11\/20\/entrega-de-premios-del-instituto-nacional-de-estudios-historicos-de-las-revoluciones-de-mexico\/","og_locale":"es_ES","og_type":"article","og_title":"Entrega de premios del Instituto Nacional de Estudios Hist\u00f3ricos de las Revoluciones de M\u00e9xico - La Feria, Carrusel Cultural","og_description":"En el marco del aniversario del inicio de la Revoluci\u00f3n Mexicana, se realizar\u00e1 la ceremonia de entrega los Premios del Instituto Nacional de Estudios Hist\u00f3ricos de las Revoluciones de M\u00e9xico (INEHRM) en sus categor\u00edas de Trayectoria e Investigaci\u00f3n Hist\u00f3rica; Investigaci\u00f3n Hist\u00f3rica y becas.","og_url":"https:\/\/noticias.imer.mx\/laferia\/2018\/11\/20\/entrega-de-premios-del-instituto-nacional-de-estudios-historicos-de-las-revoluciones-de-mexico\/","og_site_name":"La Feria, Carrusel Cultural","article_published_time":"2018-11-20T22:27:50+00:00","author":"La Feria","twitter_card":"summary_large_image","twitter_misc":{"Escrito por":"La Feria"},"schema":{"@context":"https:\/\/schema.org","@graph":[{"@type":"WebPage","@id":"https:\/\/noticias.imer.mx\/laferia\/2018\/11\/20\/entrega-de-premios-del-instituto-nacional-de-estudios-historicos-de-las-revoluciones-de-mexico\/","url":"https:\/\/noticias.imer.mx\/laferia\/2018\/11\/20\/entrega-de-premios-del-instituto-nacional-de-estudios-historicos-de-las-revoluciones-de-mexico\/","name":"Entrega de premios del Instituto Nacional de Estudios Hist\u00f3ricos de las Revoluciones de M\u00e9xico - La Feria, Carrusel Cultural","isPartOf":{"@id":"https:\/\/noticias.imer.mx\/laferia\/#website"},"datePublished":"2018-11-20T22:27:50+00:00","dateModified":"2018-11-20T22:27:50+00:00","author":{"@id":"https:\/\/noticias.imer.mx\/laferia\/#\/schema\/person\/438ebaa433c79f71687928759130ec9f"},"breadcrumb":{"@id":"https:\/\/noticias.imer.mx\/laferia\/2018\/11\/20\/entrega-de-premios-del-instituto-nacional-de-estudios-historicos-de-las-revoluciones-de-mexico\/#breadcrumb"},"inLanguage":"es","potentialAction":[{"@type":"ReadAction","target":["https:\/\/noticias.imer.mx\/laferia\/2018\/11\/20\/entrega-de-premios-del-instituto-nacional-de-estudios-historicos-de-las-revoluciones-de-mexico\/"]}]},{"@type":"BreadcrumbList","@id":"https:\/\/noticias.imer.mx\/laferia\/2018\/11\/20\/entrega-de-premios-del-instituto-nacional-de-estudios-historicos-de-las-revoluciones-de-mexico\/#breadcrumb","itemListElement":[{"@type":"ListItem","position":1,"name":"Home","item":"https:\/\/noticias.imer.mx\/laferia\/"},{"@type":"ListItem","position":2,"name":"Entrega de premios del Instituto Nacional de Estudios Hist\u00f3ricos de las Revoluciones de M\u00e9xico"}]},{"@type":"WebSite","@id":"https:\/\/noticias.imer.mx\/laferia\/#website","url":"https:\/\/noticias.imer.mx\/laferia\/","name":"La Feria, Carrusel Cultural","description":"Instituto Mexicano de la Radio","potentialAction":[{"@type":"SearchAction","target":{"@type":"EntryPoint","urlTemplate":"https:\/\/noticias.imer.mx\/laferia\/?s={search_term_string}"},"query-input":"required name=search_term_string"}],"inLanguage":"es"},{"@type":"Person","@id":"https:\/\/noticias.imer.mx\/laferia\/#\/schema\/person\/438ebaa433c79f71687928759130ec9f","name":"La Feria","image":{"@type":"ImageObject","inLanguage":"es","@id":"https:\/\/noticias.imer.mx\/laferia\/#\/schema\/person\/image\/","url":"https:\/\/secure.gravatar.com\/avatar\/69100f68fb4d3a06d1ff6b6cb5310157?s=96&d=mm&r=g","contentUrl":"https:\/\/secure.gravatar.com\/avatar\/69100f68fb4d3a06d1ff6b6cb5310157?s=96&d=mm&r=g","caption":"La Feria"},"description":"La Feria Carrusel Cultural, es un noticiario que alienta la participaci\u00f3n ciudadana y presenta informaci\u00f3n cultural y cient\u00edfica, de coyuntura, de M\u00e9xico y el mundo. En media hora puede conocer la cartelera cultural y escuchar, en voz de especialistas, entrevistas, asuntos especiales y mesas de an\u00e1lisis. Conducido por Juan Carlos Vald\u00e9s, La Feria Carrusel Cultural, se transmite todos los martes y jueves, de 15:00 a 15:30 horas por Horizonte, en el 107.9 de FM.","url":"https:\/\/noticias.imer.mx\/laferia\/author\/laferia\/"}]}},"_links":{"self":[{"href":"https:\/\/noticias.imer.mx\/laferia\/wp-json\/wp\/v2\/posts\/35743"}],"collection":[{"href":"https:\/\/noticias.imer.mx\/laferia\/wp-json\/wp\/v2\/posts"}],"about":[{"href":"https:\/\/noticias.imer.mx\/laferia\/wp-json\/wp\/v2\/types\/post"}],"author":[{"embeddable":true,"href":"https:\/\/noticias.imer.mx\/laferia\/wp-json\/wp\/v2\/users\/12"}],"replies":[{"embeddable":true,"href":"https:\/\/noticias.imer.mx\/laferia\/wp-json\/wp\/v2\/comments?post=35743"}],"version-history":[{"count":1,"href":"https:\/\/noticias.imer.mx\/laferia\/wp-json\/wp\/v2\/posts\/35743\/revisions"}],"predecessor-version":[{"id":35761,"href":"https:\/\/noticias.imer.mx\/laferia\/wp-json\/wp\/v2\/posts\/35743\/revisions\/35761"}],"wp:attachment":[{"href":"https:\/\/noticias.imer.mx\/laferia\/wp-json\/wp\/v2\/media?parent=35743"}],"wp:term":[{"taxonomy":"category","embeddable":true,"href":"https:\/\/noticias.imer.mx\/laferia\/wp-json\/wp\/v2\/categories?post=35743"},{"taxonomy":"post_tag","embeddable":true,"href":"https:\/\/noticias.imer.mx\/laferia\/wp-json\/wp\/v2\/tags?post=35743"}],"curies":[{"name":"wp","href":"https:\/\/api.w.org\/{rel}","templated":true}]}}