{"id":30345,"date":"2017-03-28T22:30:38","date_gmt":"2017-03-29T04:30:38","guid":{"rendered":"http:\/\/snn.imer.gob.mx\/laferia\/?p=30345"},"modified":"2017-03-28T22:30:38","modified_gmt":"2017-03-29T04:30:38","slug":"todo-esto-te-dare","status":"publish","type":"post","link":"https:\/\/noticias.imer.mx\/laferia\/2017\/03\/28\/todo-esto-te-dare\/","title":{"rendered":"Todo esto te dar\u00e9, Premio Planeta 2016"},"content":{"rendered":"<p class=\"p1\"><a href=\"http:\/\/snn.imer.gob.mx\/laferia\/todo-esto-te-dare\/\"><img decoding=\"async\" loading=\"lazy\" class=\"alignnone size-medium wp-image-30340\" src=\"http:\/\/snn.imer.gob.mx\/laferia\/files\/2017\/03\/Todo-esto-te-dare--300x233.jpg\" alt=\"\" width=\"300\" height=\"233\" srcset=\"https:\/\/noticias.imer.mx\/laferia\/files\/2017\/03\/Todo-esto-te-dare--300x233.jpg 300w, https:\/\/noticias.imer.mx\/laferia\/files\/2017\/03\/Todo-esto-te-dare--768x596.jpg 768w, https:\/\/noticias.imer.mx\/laferia\/files\/2017\/03\/Todo-esto-te-dare--1024x794.jpg 1024w\" sizes=\"(max-width: 300px) 100vw, 300px\" \/><\/a><\/p>\n<p class=\"p1\">La novela negra como una forma de adentrarse en la naturaleza humana propone la escritora espa\u00f1ola Dolores Redondo en el libro \u201cTodo esto te dar\u00e9<i>\u201d, <\/i>ganador del Premio Planeta de Novela 2016.<\/p>\n<!--[if lt IE 9]><script>document.createElement('audio');<\/script><![endif]-->\n<audio class=\"wp-audio-shortcode\" id=\"audio-30345-1\" preload=\"none\" style=\"width: 100%;\" controls=\"controls\"><source type=\"audio\/mpeg\" src=\"http:\/\/snn.imer.gob.mx\/laferia\/files\/2017\/03\/NOVELA-NEGRA-JUAN-CARLOS.mp3?_=1\" \/><a href=\"http:\/\/snn.imer.gob.mx\/laferia\/files\/2017\/03\/NOVELA-NEGRA-JUAN-CARLOS.mp3\">http:\/\/snn.imer.gob.mx\/laferia\/files\/2017\/03\/NOVELA-NEGRA-JUAN-CARLOS.mp3<\/a><\/audio>\n","protected":false},"excerpt":{"rendered":"<p>La novela negra como una forma de adentrarse en la naturaleza humana propone la escritora espa\u00f1ola Dolores Redondo en el libro \u201cTodo esto te dar\u00e9\u201d, ganador del Premio Planeta de Novela 2016.<\/p>\n","protected":false},"author":12,"featured_media":30340,"comment_status":"open","ping_status":"open","sticky":false,"template":"","format":"audio","meta":{"wp_popup_display_lightbox":0,"wp_popup_suppress":"","wp_popup_trigger":"","wp_popup_trigger_amount":0,"wp_popup_disable_on_mobile":false},"categories":[1729],"tags":[5553,5556,5554,5555,5552],"yoast_head":"<!-- This site is optimized with the Yoast SEO plugin v21.0 - https:\/\/yoast.com\/wordpress\/plugins\/seo\/ -->\n<title>Todo esto te dar\u00e9, Premio Planeta 2016 - La Feria, Carrusel Cultural<\/title>\n<meta name=\"robots\" content=\"index, follow, max-snippet:-1, max-image-preview:large, max-video-preview:-1\" \/>\n<link rel=\"canonical\" href=\"https:\/\/noticias.imer.mx\/laferia\/2017\/03\/28\/todo-esto-te-dare\/\" \/>\n<meta property=\"og:locale\" content=\"es_ES\" \/>\n<meta property=\"og:type\" content=\"article\" \/>\n<meta property=\"og:title\" content=\"Todo esto te dar\u00e9, Premio Planeta 2016 - La Feria, Carrusel Cultural\" \/>\n<meta property=\"og:description\" content=\"La novela negra como una forma de adentrarse en la naturaleza humana propone la escritora espa\u00f1ola Dolores Redondo en el libro \u201cTodo esto te dar\u00e9\u201d, ganador del Premio Planeta de Novela 2016.\" \/>\n<meta property=\"og:url\" content=\"https:\/\/noticias.imer.mx\/laferia\/2017\/03\/28\/todo-esto-te-dare\/\" \/>\n<meta property=\"og:site_name\" content=\"La Feria, Carrusel Cultural\" \/>\n<meta property=\"article:published_time\" content=\"2017-03-29T04:30:38+00:00\" \/>\n<meta property=\"og:image\" content=\"https:\/\/noticias.imer.mx\/laferia\/files\/2017\/03\/Todo-esto-te-dare--1024x794.jpg\" \/>\n\t<meta property=\"og:image:width\" content=\"1024\" \/>\n\t<meta property=\"og:image:height\" content=\"794\" \/>\n\t<meta property=\"og:image:type\" content=\"image\/jpeg\" \/>\n<meta name=\"author\" content=\"La Feria\" \/>\n<meta name=\"twitter:card\" content=\"summary_large_image\" \/>\n<meta name=\"twitter:label1\" content=\"Escrito por\" \/>\n\t<meta name=\"twitter:data1\" content=\"La Feria\" \/>\n<script type=\"application\/ld+json\" class=\"yoast-schema-graph\">{\"@context\":\"https:\/\/schema.org\",\"@graph\":[{\"@type\":\"WebPage\",\"@id\":\"https:\/\/noticias.imer.mx\/laferia\/2017\/03\/28\/todo-esto-te-dare\/\",\"url\":\"https:\/\/noticias.imer.mx\/laferia\/2017\/03\/28\/todo-esto-te-dare\/\",\"name\":\"Todo esto te dar\u00e9, Premio Planeta 2016 - La Feria, Carrusel Cultural\",\"isPartOf\":{\"@id\":\"https:\/\/noticias.imer.mx\/laferia\/#website\"},\"datePublished\":\"2017-03-29T04:30:38+00:00\",\"dateModified\":\"2017-03-29T04:30:38+00:00\",\"author\":{\"@id\":\"https:\/\/noticias.imer.mx\/laferia\/#\/schema\/person\/438ebaa433c79f71687928759130ec9f\"},\"breadcrumb\":{\"@id\":\"https:\/\/noticias.imer.mx\/laferia\/2017\/03\/28\/todo-esto-te-dare\/#breadcrumb\"},\"inLanguage\":\"es\",\"potentialAction\":[{\"@type\":\"ReadAction\",\"target\":[\"https:\/\/noticias.imer.mx\/laferia\/2017\/03\/28\/todo-esto-te-dare\/\"]}]},{\"@type\":\"BreadcrumbList\",\"@id\":\"https:\/\/noticias.imer.mx\/laferia\/2017\/03\/28\/todo-esto-te-dare\/#breadcrumb\",\"itemListElement\":[{\"@type\":\"ListItem\",\"position\":1,\"name\":\"Home\",\"item\":\"https:\/\/noticias.imer.mx\/laferia\/\"},{\"@type\":\"ListItem\",\"position\":2,\"name\":\"Todo esto te dar\u00e9, Premio Planeta 2016\"}]},{\"@type\":\"WebSite\",\"@id\":\"https:\/\/noticias.imer.mx\/laferia\/#website\",\"url\":\"https:\/\/noticias.imer.mx\/laferia\/\",\"name\":\"La Feria, Carrusel Cultural\",\"description\":\"Instituto Mexicano de la Radio\",\"potentialAction\":[{\"@type\":\"SearchAction\",\"target\":{\"@type\":\"EntryPoint\",\"urlTemplate\":\"https:\/\/noticias.imer.mx\/laferia\/?s={search_term_string}\"},\"query-input\":\"required name=search_term_string\"}],\"inLanguage\":\"es\"},{\"@type\":\"Person\",\"@id\":\"https:\/\/noticias.imer.mx\/laferia\/#\/schema\/person\/438ebaa433c79f71687928759130ec9f\",\"name\":\"La Feria\",\"image\":{\"@type\":\"ImageObject\",\"inLanguage\":\"es\",\"@id\":\"https:\/\/noticias.imer.mx\/laferia\/#\/schema\/person\/image\/\",\"url\":\"https:\/\/secure.gravatar.com\/avatar\/69100f68fb4d3a06d1ff6b6cb5310157?s=96&d=mm&r=g\",\"contentUrl\":\"https:\/\/secure.gravatar.com\/avatar\/69100f68fb4d3a06d1ff6b6cb5310157?s=96&d=mm&r=g\",\"caption\":\"La Feria\"},\"description\":\"La Feria Carrusel Cultural, es un noticiario que alienta la participaci\u00f3n ciudadana y presenta informaci\u00f3n cultural y cient\u00edfica, de coyuntura, de M\u00e9xico y el mundo. En media hora puede conocer la cartelera cultural y escuchar, en voz de especialistas, entrevistas, asuntos especiales y mesas de an\u00e1lisis. Conducido por Juan Carlos Vald\u00e9s, La Feria Carrusel Cultural, se transmite todos los martes y jueves, de 15:00 a 15:30 horas por Horizonte, en el 107.9 de FM.\",\"url\":\"https:\/\/noticias.imer.mx\/laferia\/author\/laferia\/\"}]}<\/script>\n<!-- \/ Yoast SEO plugin. -->","yoast_head_json":{"title":"Todo esto te dar\u00e9, Premio Planeta 2016 - La Feria, Carrusel Cultural","robots":{"index":"index","follow":"follow","max-snippet":"max-snippet:-1","max-image-preview":"max-image-preview:large","max-video-preview":"max-video-preview:-1"},"canonical":"https:\/\/noticias.imer.mx\/laferia\/2017\/03\/28\/todo-esto-te-dare\/","og_locale":"es_ES","og_type":"article","og_title":"Todo esto te dar\u00e9, Premio Planeta 2016 - La Feria, Carrusel Cultural","og_description":"La novela negra como una forma de adentrarse en la naturaleza humana propone la escritora espa\u00f1ola Dolores Redondo en el libro \u201cTodo esto te dar\u00e9\u201d, ganador del Premio Planeta de Novela 2016.","og_url":"https:\/\/noticias.imer.mx\/laferia\/2017\/03\/28\/todo-esto-te-dare\/","og_site_name":"La Feria, Carrusel Cultural","article_published_time":"2017-03-29T04:30:38+00:00","og_image":[{"width":1024,"height":794,"url":"https:\/\/noticias.imer.mx\/laferia\/files\/2017\/03\/Todo-esto-te-dare--1024x794.jpg","type":"image\/jpeg"}],"author":"La Feria","twitter_card":"summary_large_image","twitter_misc":{"Escrito por":"La Feria"},"schema":{"@context":"https:\/\/schema.org","@graph":[{"@type":"WebPage","@id":"https:\/\/noticias.imer.mx\/laferia\/2017\/03\/28\/todo-esto-te-dare\/","url":"https:\/\/noticias.imer.mx\/laferia\/2017\/03\/28\/todo-esto-te-dare\/","name":"Todo esto te dar\u00e9, Premio Planeta 2016 - La Feria, Carrusel Cultural","isPartOf":{"@id":"https:\/\/noticias.imer.mx\/laferia\/#website"},"datePublished":"2017-03-29T04:30:38+00:00","dateModified":"2017-03-29T04:30:38+00:00","author":{"@id":"https:\/\/noticias.imer.mx\/laferia\/#\/schema\/person\/438ebaa433c79f71687928759130ec9f"},"breadcrumb":{"@id":"https:\/\/noticias.imer.mx\/laferia\/2017\/03\/28\/todo-esto-te-dare\/#breadcrumb"},"inLanguage":"es","potentialAction":[{"@type":"ReadAction","target":["https:\/\/noticias.imer.mx\/laferia\/2017\/03\/28\/todo-esto-te-dare\/"]}]},{"@type":"BreadcrumbList","@id":"https:\/\/noticias.imer.mx\/laferia\/2017\/03\/28\/todo-esto-te-dare\/#breadcrumb","itemListElement":[{"@type":"ListItem","position":1,"name":"Home","item":"https:\/\/noticias.imer.mx\/laferia\/"},{"@type":"ListItem","position":2,"name":"Todo esto te dar\u00e9, Premio Planeta 2016"}]},{"@type":"WebSite","@id":"https:\/\/noticias.imer.mx\/laferia\/#website","url":"https:\/\/noticias.imer.mx\/laferia\/","name":"La Feria, Carrusel Cultural","description":"Instituto Mexicano de la Radio","potentialAction":[{"@type":"SearchAction","target":{"@type":"EntryPoint","urlTemplate":"https:\/\/noticias.imer.mx\/laferia\/?s={search_term_string}"},"query-input":"required name=search_term_string"}],"inLanguage":"es"},{"@type":"Person","@id":"https:\/\/noticias.imer.mx\/laferia\/#\/schema\/person\/438ebaa433c79f71687928759130ec9f","name":"La Feria","image":{"@type":"ImageObject","inLanguage":"es","@id":"https:\/\/noticias.imer.mx\/laferia\/#\/schema\/person\/image\/","url":"https:\/\/secure.gravatar.com\/avatar\/69100f68fb4d3a06d1ff6b6cb5310157?s=96&d=mm&r=g","contentUrl":"https:\/\/secure.gravatar.com\/avatar\/69100f68fb4d3a06d1ff6b6cb5310157?s=96&d=mm&r=g","caption":"La Feria"},"description":"La Feria Carrusel Cultural, es un noticiario que alienta la participaci\u00f3n ciudadana y presenta informaci\u00f3n cultural y cient\u00edfica, de coyuntura, de M\u00e9xico y el mundo. En media hora puede conocer la cartelera cultural y escuchar, en voz de especialistas, entrevistas, asuntos especiales y mesas de an\u00e1lisis. Conducido por Juan Carlos Vald\u00e9s, La Feria Carrusel Cultural, se transmite todos los martes y jueves, de 15:00 a 15:30 horas por Horizonte, en el 107.9 de FM.","url":"https:\/\/noticias.imer.mx\/laferia\/author\/laferia\/"}]}},"_links":{"self":[{"href":"https:\/\/noticias.imer.mx\/laferia\/wp-json\/wp\/v2\/posts\/30345"}],"collection":[{"href":"https:\/\/noticias.imer.mx\/laferia\/wp-json\/wp\/v2\/posts"}],"about":[{"href":"https:\/\/noticias.imer.mx\/laferia\/wp-json\/wp\/v2\/types\/post"}],"author":[{"embeddable":true,"href":"https:\/\/noticias.imer.mx\/laferia\/wp-json\/wp\/v2\/users\/12"}],"replies":[{"embeddable":true,"href":"https:\/\/noticias.imer.mx\/laferia\/wp-json\/wp\/v2\/comments?post=30345"}],"version-history":[{"count":1,"href":"https:\/\/noticias.imer.mx\/laferia\/wp-json\/wp\/v2\/posts\/30345\/revisions"}],"predecessor-version":[{"id":30346,"href":"https:\/\/noticias.imer.mx\/laferia\/wp-json\/wp\/v2\/posts\/30345\/revisions\/30346"}],"wp:featuredmedia":[{"embeddable":true,"href":"https:\/\/noticias.imer.mx\/laferia\/wp-json\/wp\/v2\/media\/30340"}],"wp:attachment":[{"href":"https:\/\/noticias.imer.mx\/laferia\/wp-json\/wp\/v2\/media?parent=30345"}],"wp:term":[{"taxonomy":"category","embeddable":true,"href":"https:\/\/noticias.imer.mx\/laferia\/wp-json\/wp\/v2\/categories?post=30345"},{"taxonomy":"post_tag","embeddable":true,"href":"https:\/\/noticias.imer.mx\/laferia\/wp-json\/wp\/v2\/tags?post=30345"}],"curies":[{"name":"wp","href":"https:\/\/api.w.org\/{rel}","templated":true}]}}