{"id":30149,"date":"2017-03-09T21:31:19","date_gmt":"2017-03-10T03:31:19","guid":{"rendered":"http:\/\/snn.imer.gob.mx\/laferia\/?p=30149"},"modified":"2017-03-09T21:31:19","modified_gmt":"2017-03-10T03:31:19","slug":"armando-rosas","status":"publish","type":"post","link":"https:\/\/noticias.imer.mx\/laferia\/2017\/03\/09\/armando-rosas\/","title":{"rendered":"Entrevista con el m\u00fasico Armando Rosas"},"content":{"rendered":"<p class=\"p1\"><a href=\"http:\/\/snn.imer.gob.mx\/laferia\/el-oficio-mio\/\"><img decoding=\"async\" loading=\"lazy\" class=\"alignnone size-medium wp-image-30142\" src=\"http:\/\/snn.imer.gob.mx\/laferia\/files\/2017\/03\/El-oficio-mio--300x300.jpg\" alt=\"\" width=\"300\" height=\"300\" srcset=\"https:\/\/noticias.imer.mx\/laferia\/files\/2017\/03\/El-oficio-mio--300x300.jpg 300w, https:\/\/noticias.imer.mx\/laferia\/files\/2017\/03\/El-oficio-mio--150x150.jpg 150w, https:\/\/noticias.imer.mx\/laferia\/files\/2017\/03\/El-oficio-mio-.jpg 600w\" sizes=\"(max-width: 300px) 100vw, 300px\" \/><\/a><\/p>\n<p class=\"p1\">El m\u00fasico\u00a0<b>Armando Rosas<\/b>\u00a0celebrar\u00e1 30 a\u00f1os de trayectoria art\u00edstica con la producci\u00f3n discogr\u00e1fica\u00a0<i>El oficio m\u00edo<\/i>, que se presentar\u00e1 el 25 de Marzo en el\u00a0Teatro de la Ciudad, Esperanza Iris. Armando Rosas nos acompa\u00f1\u00f3 en cabina.<\/p>\n<!--[if lt IE 9]><script>document.createElement('audio');<\/script><![endif]-->\n<audio class=\"wp-audio-shortcode\" id=\"audio-30149-1\" preload=\"none\" style=\"width: 100%;\" controls=\"controls\"><source type=\"audio\/mpeg\" src=\"http:\/\/snn.imer.gob.mx\/laferia\/files\/2017\/03\/ENT-ARMANDO-ROSAS.mp3?_=1\" \/><a href=\"http:\/\/snn.imer.gob.mx\/laferia\/files\/2017\/03\/ENT-ARMANDO-ROSAS.mp3\">http:\/\/snn.imer.gob.mx\/laferia\/files\/2017\/03\/ENT-ARMANDO-ROSAS.mp3<\/a><\/audio>\n","protected":false},"excerpt":{"rendered":"<p>El m\u00fasico\u00a0Armando Rosas\u00a0celebrar\u00e1 30 a\u00f1os de trayectoria art\u00edstica con la producci\u00f3n discogr\u00e1fica\u00a0El oficio m\u00edo, que se presentar\u00e1 el 25 de Marzo en el\u00a0Teatro de la Ciudad, Esperanza Iris. Armando Rosas nos acompa\u00f1\u00f3 en cabina.<\/p>\n","protected":false},"author":12,"featured_media":30142,"comment_status":"open","ping_status":"open","sticky":false,"template":"","format":"audio","meta":{"wp_popup_display_lightbox":0,"wp_popup_suppress":"","wp_popup_trigger":"","wp_popup_trigger_amount":0,"wp_popup_disable_on_mobile":false},"categories":[1728],"tags":[4122,5442,5443,3542],"yoast_head":"<!-- This site is optimized with the Yoast SEO plugin v21.0 - https:\/\/yoast.com\/wordpress\/plugins\/seo\/ -->\n<title>Entrevista con el m\u00fasico Armando Rosas - La Feria, Carrusel Cultural<\/title>\n<meta name=\"robots\" content=\"index, follow, max-snippet:-1, max-image-preview:large, max-video-preview:-1\" \/>\n<link rel=\"canonical\" href=\"https:\/\/noticias.imer.mx\/laferia\/2017\/03\/09\/armando-rosas\/\" \/>\n<meta property=\"og:locale\" content=\"es_ES\" \/>\n<meta property=\"og:type\" content=\"article\" \/>\n<meta property=\"og:title\" content=\"Entrevista con el m\u00fasico Armando Rosas - La Feria, Carrusel Cultural\" \/>\n<meta property=\"og:description\" content=\"El m\u00fasico\u00a0Armando Rosas\u00a0celebrar\u00e1 30 a\u00f1os de trayectoria art\u00edstica con la producci\u00f3n discogr\u00e1fica\u00a0El oficio m\u00edo, que se presentar\u00e1 el 25 de Marzo en el\u00a0Teatro de la Ciudad, Esperanza Iris. Armando Rosas nos acompa\u00f1\u00f3 en cabina.\" \/>\n<meta property=\"og:url\" content=\"https:\/\/noticias.imer.mx\/laferia\/2017\/03\/09\/armando-rosas\/\" \/>\n<meta property=\"og:site_name\" content=\"La Feria, Carrusel Cultural\" \/>\n<meta property=\"article:published_time\" content=\"2017-03-10T03:31:19+00:00\" \/>\n<meta property=\"og:image\" content=\"https:\/\/noticias.imer.mx\/laferia\/files\/2017\/03\/El-oficio-mio-.jpg\" \/>\n\t<meta property=\"og:image:width\" content=\"600\" \/>\n\t<meta property=\"og:image:height\" content=\"600\" \/>\n\t<meta property=\"og:image:type\" content=\"image\/jpeg\" \/>\n<meta name=\"author\" content=\"La Feria\" \/>\n<meta name=\"twitter:card\" content=\"summary_large_image\" \/>\n<meta name=\"twitter:label1\" content=\"Escrito por\" \/>\n\t<meta name=\"twitter:data1\" content=\"La Feria\" \/>\n<script type=\"application\/ld+json\" class=\"yoast-schema-graph\">{\"@context\":\"https:\/\/schema.org\",\"@graph\":[{\"@type\":\"WebPage\",\"@id\":\"https:\/\/noticias.imer.mx\/laferia\/2017\/03\/09\/armando-rosas\/\",\"url\":\"https:\/\/noticias.imer.mx\/laferia\/2017\/03\/09\/armando-rosas\/\",\"name\":\"Entrevista con el m\u00fasico Armando Rosas - La Feria, Carrusel Cultural\",\"isPartOf\":{\"@id\":\"https:\/\/noticias.imer.mx\/laferia\/#website\"},\"datePublished\":\"2017-03-10T03:31:19+00:00\",\"dateModified\":\"2017-03-10T03:31:19+00:00\",\"author\":{\"@id\":\"https:\/\/noticias.imer.mx\/laferia\/#\/schema\/person\/438ebaa433c79f71687928759130ec9f\"},\"breadcrumb\":{\"@id\":\"https:\/\/noticias.imer.mx\/laferia\/2017\/03\/09\/armando-rosas\/#breadcrumb\"},\"inLanguage\":\"es\",\"potentialAction\":[{\"@type\":\"ReadAction\",\"target\":[\"https:\/\/noticias.imer.mx\/laferia\/2017\/03\/09\/armando-rosas\/\"]}]},{\"@type\":\"BreadcrumbList\",\"@id\":\"https:\/\/noticias.imer.mx\/laferia\/2017\/03\/09\/armando-rosas\/#breadcrumb\",\"itemListElement\":[{\"@type\":\"ListItem\",\"position\":1,\"name\":\"Home\",\"item\":\"https:\/\/noticias.imer.mx\/laferia\/\"},{\"@type\":\"ListItem\",\"position\":2,\"name\":\"Entrevista con el m\u00fasico Armando Rosas\"}]},{\"@type\":\"WebSite\",\"@id\":\"https:\/\/noticias.imer.mx\/laferia\/#website\",\"url\":\"https:\/\/noticias.imer.mx\/laferia\/\",\"name\":\"La Feria, Carrusel Cultural\",\"description\":\"Instituto Mexicano de la Radio\",\"potentialAction\":[{\"@type\":\"SearchAction\",\"target\":{\"@type\":\"EntryPoint\",\"urlTemplate\":\"https:\/\/noticias.imer.mx\/laferia\/?s={search_term_string}\"},\"query-input\":\"required name=search_term_string\"}],\"inLanguage\":\"es\"},{\"@type\":\"Person\",\"@id\":\"https:\/\/noticias.imer.mx\/laferia\/#\/schema\/person\/438ebaa433c79f71687928759130ec9f\",\"name\":\"La Feria\",\"image\":{\"@type\":\"ImageObject\",\"inLanguage\":\"es\",\"@id\":\"https:\/\/noticias.imer.mx\/laferia\/#\/schema\/person\/image\/\",\"url\":\"https:\/\/secure.gravatar.com\/avatar\/69100f68fb4d3a06d1ff6b6cb5310157?s=96&d=mm&r=g\",\"contentUrl\":\"https:\/\/secure.gravatar.com\/avatar\/69100f68fb4d3a06d1ff6b6cb5310157?s=96&d=mm&r=g\",\"caption\":\"La Feria\"},\"description\":\"La Feria Carrusel Cultural, es un noticiario que alienta la participaci\u00f3n ciudadana y presenta informaci\u00f3n cultural y cient\u00edfica, de coyuntura, de M\u00e9xico y el mundo. En media hora puede conocer la cartelera cultural y escuchar, en voz de especialistas, entrevistas, asuntos especiales y mesas de an\u00e1lisis. Conducido por Juan Carlos Vald\u00e9s, La Feria Carrusel Cultural, se transmite todos los martes y jueves, de 15:00 a 15:30 horas por Horizonte, en el 107.9 de FM.\",\"url\":\"https:\/\/noticias.imer.mx\/laferia\/author\/laferia\/\"}]}<\/script>\n<!-- \/ Yoast SEO plugin. -->","yoast_head_json":{"title":"Entrevista con el m\u00fasico Armando Rosas - La Feria, Carrusel Cultural","robots":{"index":"index","follow":"follow","max-snippet":"max-snippet:-1","max-image-preview":"max-image-preview:large","max-video-preview":"max-video-preview:-1"},"canonical":"https:\/\/noticias.imer.mx\/laferia\/2017\/03\/09\/armando-rosas\/","og_locale":"es_ES","og_type":"article","og_title":"Entrevista con el m\u00fasico Armando Rosas - La Feria, Carrusel Cultural","og_description":"El m\u00fasico\u00a0Armando Rosas\u00a0celebrar\u00e1 30 a\u00f1os de trayectoria art\u00edstica con la producci\u00f3n discogr\u00e1fica\u00a0El oficio m\u00edo, que se presentar\u00e1 el 25 de Marzo en el\u00a0Teatro de la Ciudad, Esperanza Iris. Armando Rosas nos acompa\u00f1\u00f3 en cabina.","og_url":"https:\/\/noticias.imer.mx\/laferia\/2017\/03\/09\/armando-rosas\/","og_site_name":"La Feria, Carrusel Cultural","article_published_time":"2017-03-10T03:31:19+00:00","og_image":[{"width":600,"height":600,"url":"https:\/\/noticias.imer.mx\/laferia\/files\/2017\/03\/El-oficio-mio-.jpg","type":"image\/jpeg"}],"author":"La Feria","twitter_card":"summary_large_image","twitter_misc":{"Escrito por":"La Feria"},"schema":{"@context":"https:\/\/schema.org","@graph":[{"@type":"WebPage","@id":"https:\/\/noticias.imer.mx\/laferia\/2017\/03\/09\/armando-rosas\/","url":"https:\/\/noticias.imer.mx\/laferia\/2017\/03\/09\/armando-rosas\/","name":"Entrevista con el m\u00fasico Armando Rosas - La Feria, Carrusel Cultural","isPartOf":{"@id":"https:\/\/noticias.imer.mx\/laferia\/#website"},"datePublished":"2017-03-10T03:31:19+00:00","dateModified":"2017-03-10T03:31:19+00:00","author":{"@id":"https:\/\/noticias.imer.mx\/laferia\/#\/schema\/person\/438ebaa433c79f71687928759130ec9f"},"breadcrumb":{"@id":"https:\/\/noticias.imer.mx\/laferia\/2017\/03\/09\/armando-rosas\/#breadcrumb"},"inLanguage":"es","potentialAction":[{"@type":"ReadAction","target":["https:\/\/noticias.imer.mx\/laferia\/2017\/03\/09\/armando-rosas\/"]}]},{"@type":"BreadcrumbList","@id":"https:\/\/noticias.imer.mx\/laferia\/2017\/03\/09\/armando-rosas\/#breadcrumb","itemListElement":[{"@type":"ListItem","position":1,"name":"Home","item":"https:\/\/noticias.imer.mx\/laferia\/"},{"@type":"ListItem","position":2,"name":"Entrevista con el m\u00fasico Armando Rosas"}]},{"@type":"WebSite","@id":"https:\/\/noticias.imer.mx\/laferia\/#website","url":"https:\/\/noticias.imer.mx\/laferia\/","name":"La Feria, Carrusel Cultural","description":"Instituto Mexicano de la Radio","potentialAction":[{"@type":"SearchAction","target":{"@type":"EntryPoint","urlTemplate":"https:\/\/noticias.imer.mx\/laferia\/?s={search_term_string}"},"query-input":"required name=search_term_string"}],"inLanguage":"es"},{"@type":"Person","@id":"https:\/\/noticias.imer.mx\/laferia\/#\/schema\/person\/438ebaa433c79f71687928759130ec9f","name":"La Feria","image":{"@type":"ImageObject","inLanguage":"es","@id":"https:\/\/noticias.imer.mx\/laferia\/#\/schema\/person\/image\/","url":"https:\/\/secure.gravatar.com\/avatar\/69100f68fb4d3a06d1ff6b6cb5310157?s=96&d=mm&r=g","contentUrl":"https:\/\/secure.gravatar.com\/avatar\/69100f68fb4d3a06d1ff6b6cb5310157?s=96&d=mm&r=g","caption":"La Feria"},"description":"La Feria Carrusel Cultural, es un noticiario que alienta la participaci\u00f3n ciudadana y presenta informaci\u00f3n cultural y cient\u00edfica, de coyuntura, de M\u00e9xico y el mundo. En media hora puede conocer la cartelera cultural y escuchar, en voz de especialistas, entrevistas, asuntos especiales y mesas de an\u00e1lisis. Conducido por Juan Carlos Vald\u00e9s, La Feria Carrusel Cultural, se transmite todos los martes y jueves, de 15:00 a 15:30 horas por Horizonte, en el 107.9 de FM.","url":"https:\/\/noticias.imer.mx\/laferia\/author\/laferia\/"}]}},"_links":{"self":[{"href":"https:\/\/noticias.imer.mx\/laferia\/wp-json\/wp\/v2\/posts\/30149"}],"collection":[{"href":"https:\/\/noticias.imer.mx\/laferia\/wp-json\/wp\/v2\/posts"}],"about":[{"href":"https:\/\/noticias.imer.mx\/laferia\/wp-json\/wp\/v2\/types\/post"}],"author":[{"embeddable":true,"href":"https:\/\/noticias.imer.mx\/laferia\/wp-json\/wp\/v2\/users\/12"}],"replies":[{"embeddable":true,"href":"https:\/\/noticias.imer.mx\/laferia\/wp-json\/wp\/v2\/comments?post=30149"}],"version-history":[{"count":1,"href":"https:\/\/noticias.imer.mx\/laferia\/wp-json\/wp\/v2\/posts\/30149\/revisions"}],"predecessor-version":[{"id":30150,"href":"https:\/\/noticias.imer.mx\/laferia\/wp-json\/wp\/v2\/posts\/30149\/revisions\/30150"}],"wp:featuredmedia":[{"embeddable":true,"href":"https:\/\/noticias.imer.mx\/laferia\/wp-json\/wp\/v2\/media\/30142"}],"wp:attachment":[{"href":"https:\/\/noticias.imer.mx\/laferia\/wp-json\/wp\/v2\/media?parent=30149"}],"wp:term":[{"taxonomy":"category","embeddable":true,"href":"https:\/\/noticias.imer.mx\/laferia\/wp-json\/wp\/v2\/categories?post=30149"},{"taxonomy":"post_tag","embeddable":true,"href":"https:\/\/noticias.imer.mx\/laferia\/wp-json\/wp\/v2\/tags?post=30149"}],"curies":[{"name":"wp","href":"https:\/\/api.w.org\/{rel}","templated":true}]}}