{"id":30124,"date":"2017-03-08T00:05:07","date_gmt":"2017-03-08T06:05:07","guid":{"rendered":"http:\/\/snn.imer.gob.mx\/laferia\/?p=30124"},"modified":"2017-03-08T00:05:07","modified_gmt":"2017-03-08T06:05:07","slug":"jose-eugenio-sanchez","status":"publish","type":"post","link":"https:\/\/noticias.imer.mx\/laferia\/2017\/03\/08\/jose-eugenio-sanchez\/","title":{"rendered":"Poes\u00eda y humor en La felicidad es una pistola caliente"},"content":{"rendered":"<p><a href=\"http:\/\/snn.imer.gob.mx\/laferia\/jose-eugenio-sanchez\/\"><img decoding=\"async\" loading=\"lazy\" class=\"alignnone size-medium wp-image-30117\" src=\"http:\/\/snn.imer.gob.mx\/laferia\/files\/2017\/03\/Jose\u0301-Eugenio-Sa\u0301nchez-300x200.jpeg\" alt=\"\" width=\"300\" height=\"200\" srcset=\"https:\/\/noticias.imer.mx\/laferia\/files\/2017\/03\/Jose\u0301-Eugenio-Sa\u0301nchez-300x200.jpeg 300w, https:\/\/noticias.imer.mx\/laferia\/files\/2017\/03\/Jose\u0301-Eugenio-Sa\u0301nchez-768x512.jpeg 768w, https:\/\/noticias.imer.mx\/laferia\/files\/2017\/03\/Jose\u0301-Eugenio-Sa\u0301nchez-1024x683.jpeg 1024w, https:\/\/noticias.imer.mx\/laferia\/files\/2017\/03\/Jose\u0301-Eugenio-Sa\u0301nchez.jpeg 2048w\" sizes=\"(max-width: 300px) 100vw, 300px\" \/><\/a><\/p>\n<p>El mismo lenguaje de todos los d\u00edas, el comercial, el citadino, pero para decir cosas un poco m\u00e1s profundas de la condici\u00f3n humana, es la apuesta de Jos\u00e9 Eugenio S\u00e1nchez en su libro <strong>La felicidad es una pistola caliente.<\/strong><\/p>\n<!--[if lt IE 9]><script>document.createElement('audio');<\/script><![endif]-->\n<audio class=\"wp-audio-shortcode\" id=\"audio-30124-1\" preload=\"none\" style=\"width: 100%;\" controls=\"controls\"><source type=\"audio\/mpeg\" src=\"http:\/\/snn.imer.gob.mx\/laferia\/files\/2017\/03\/JC-JOSE-EUGENIO-SANCHEZ.mp3?_=1\" \/><a href=\"http:\/\/snn.imer.gob.mx\/laferia\/files\/2017\/03\/JC-JOSE-EUGENIO-SANCHEZ.mp3\">http:\/\/snn.imer.gob.mx\/laferia\/files\/2017\/03\/JC-JOSE-EUGENIO-SANCHEZ.mp3<\/a><\/audio>\n","protected":false},"excerpt":{"rendered":"<p>El mismo lenguaje de todos los d\u00edas, el comercial, el citadino, pero para decir cosas un poco m\u00e1s profundas de la condici\u00f3n humana, es la apuesta de Jos\u00e9 Eugenio S\u00e1nchez en su libro La felicidad es una pistola caliente.<\/p>\n","protected":false},"author":12,"featured_media":30117,"comment_status":"open","ping_status":"open","sticky":false,"template":"","format":"audio","meta":{"wp_popup_display_lightbox":0,"wp_popup_suppress":"","wp_popup_trigger":"","wp_popup_trigger_amount":0,"wp_popup_disable_on_mobile":false},"categories":[1729],"tags":[4274,3995,5422,5421,1741,3174],"yoast_head":"<!-- This site is optimized with the Yoast SEO plugin v21.0 - https:\/\/yoast.com\/wordpress\/plugins\/seo\/ -->\n<title>Poes\u00eda y humor en La felicidad es una pistola caliente - La Feria, Carrusel Cultural<\/title>\n<meta name=\"robots\" content=\"index, follow, max-snippet:-1, max-image-preview:large, max-video-preview:-1\" \/>\n<link rel=\"canonical\" href=\"https:\/\/noticias.imer.mx\/laferia\/2017\/03\/08\/jose-eugenio-sanchez\/\" \/>\n<meta property=\"og:locale\" content=\"es_ES\" \/>\n<meta property=\"og:type\" content=\"article\" \/>\n<meta property=\"og:title\" content=\"Poes\u00eda y humor en La felicidad es una pistola caliente - La Feria, Carrusel Cultural\" \/>\n<meta property=\"og:description\" content=\"El mismo lenguaje de todos los d\u00edas, el comercial, el citadino, pero para decir cosas un poco m\u00e1s profundas de la condici\u00f3n humana, es la apuesta de Jos\u00e9 Eugenio S\u00e1nchez en su libro La felicidad es una pistola caliente.\" \/>\n<meta property=\"og:url\" content=\"https:\/\/noticias.imer.mx\/laferia\/2017\/03\/08\/jose-eugenio-sanchez\/\" \/>\n<meta property=\"og:site_name\" content=\"La Feria, Carrusel Cultural\" \/>\n<meta property=\"article:published_time\" content=\"2017-03-08T06:05:07+00:00\" \/>\n<meta property=\"og:image\" content=\"https:\/\/noticias.imer.mx\/laferia\/files\/2017\/03\/Jose\u0301-Eugenio-Sa\u0301nchez.jpeg\" \/>\n\t<meta property=\"og:image:width\" content=\"2048\" \/>\n\t<meta property=\"og:image:height\" content=\"1365\" \/>\n\t<meta property=\"og:image:type\" content=\"image\/jpeg\" \/>\n<meta name=\"author\" content=\"La Feria\" \/>\n<meta name=\"twitter:card\" content=\"summary_large_image\" \/>\n<meta name=\"twitter:label1\" content=\"Escrito por\" \/>\n\t<meta name=\"twitter:data1\" content=\"La Feria\" \/>\n<script type=\"application\/ld+json\" class=\"yoast-schema-graph\">{\"@context\":\"https:\/\/schema.org\",\"@graph\":[{\"@type\":\"WebPage\",\"@id\":\"https:\/\/noticias.imer.mx\/laferia\/2017\/03\/08\/jose-eugenio-sanchez\/\",\"url\":\"https:\/\/noticias.imer.mx\/laferia\/2017\/03\/08\/jose-eugenio-sanchez\/\",\"name\":\"Poes\u00eda y humor en La felicidad es una pistola caliente - La Feria, Carrusel Cultural\",\"isPartOf\":{\"@id\":\"https:\/\/noticias.imer.mx\/laferia\/#website\"},\"datePublished\":\"2017-03-08T06:05:07+00:00\",\"dateModified\":\"2017-03-08T06:05:07+00:00\",\"author\":{\"@id\":\"https:\/\/noticias.imer.mx\/laferia\/#\/schema\/person\/438ebaa433c79f71687928759130ec9f\"},\"breadcrumb\":{\"@id\":\"https:\/\/noticias.imer.mx\/laferia\/2017\/03\/08\/jose-eugenio-sanchez\/#breadcrumb\"},\"inLanguage\":\"es\",\"potentialAction\":[{\"@type\":\"ReadAction\",\"target\":[\"https:\/\/noticias.imer.mx\/laferia\/2017\/03\/08\/jose-eugenio-sanchez\/\"]}]},{\"@type\":\"BreadcrumbList\",\"@id\":\"https:\/\/noticias.imer.mx\/laferia\/2017\/03\/08\/jose-eugenio-sanchez\/#breadcrumb\",\"itemListElement\":[{\"@type\":\"ListItem\",\"position\":1,\"name\":\"Home\",\"item\":\"https:\/\/noticias.imer.mx\/laferia\/\"},{\"@type\":\"ListItem\",\"position\":2,\"name\":\"Poes\u00eda y humor en La felicidad es una pistola caliente\"}]},{\"@type\":\"WebSite\",\"@id\":\"https:\/\/noticias.imer.mx\/laferia\/#website\",\"url\":\"https:\/\/noticias.imer.mx\/laferia\/\",\"name\":\"La Feria, Carrusel Cultural\",\"description\":\"Instituto Mexicano de la Radio\",\"potentialAction\":[{\"@type\":\"SearchAction\",\"target\":{\"@type\":\"EntryPoint\",\"urlTemplate\":\"https:\/\/noticias.imer.mx\/laferia\/?s={search_term_string}\"},\"query-input\":\"required name=search_term_string\"}],\"inLanguage\":\"es\"},{\"@type\":\"Person\",\"@id\":\"https:\/\/noticias.imer.mx\/laferia\/#\/schema\/person\/438ebaa433c79f71687928759130ec9f\",\"name\":\"La Feria\",\"image\":{\"@type\":\"ImageObject\",\"inLanguage\":\"es\",\"@id\":\"https:\/\/noticias.imer.mx\/laferia\/#\/schema\/person\/image\/\",\"url\":\"https:\/\/secure.gravatar.com\/avatar\/69100f68fb4d3a06d1ff6b6cb5310157?s=96&d=mm&r=g\",\"contentUrl\":\"https:\/\/secure.gravatar.com\/avatar\/69100f68fb4d3a06d1ff6b6cb5310157?s=96&d=mm&r=g\",\"caption\":\"La Feria\"},\"description\":\"La Feria Carrusel Cultural, es un noticiario que alienta la participaci\u00f3n ciudadana y presenta informaci\u00f3n cultural y cient\u00edfica, de coyuntura, de M\u00e9xico y el mundo. En media hora puede conocer la cartelera cultural y escuchar, en voz de especialistas, entrevistas, asuntos especiales y mesas de an\u00e1lisis. Conducido por Juan Carlos Vald\u00e9s, La Feria Carrusel Cultural, se transmite todos los martes y jueves, de 15:00 a 15:30 horas por Horizonte, en el 107.9 de FM.\",\"url\":\"https:\/\/noticias.imer.mx\/laferia\/author\/laferia\/\"}]}<\/script>\n<!-- \/ Yoast SEO plugin. -->","yoast_head_json":{"title":"Poes\u00eda y humor en La felicidad es una pistola caliente - La Feria, Carrusel Cultural","robots":{"index":"index","follow":"follow","max-snippet":"max-snippet:-1","max-image-preview":"max-image-preview:large","max-video-preview":"max-video-preview:-1"},"canonical":"https:\/\/noticias.imer.mx\/laferia\/2017\/03\/08\/jose-eugenio-sanchez\/","og_locale":"es_ES","og_type":"article","og_title":"Poes\u00eda y humor en La felicidad es una pistola caliente - La Feria, Carrusel Cultural","og_description":"El mismo lenguaje de todos los d\u00edas, el comercial, el citadino, pero para decir cosas un poco m\u00e1s profundas de la condici\u00f3n humana, es la apuesta de Jos\u00e9 Eugenio S\u00e1nchez en su libro La felicidad es una pistola caliente.","og_url":"https:\/\/noticias.imer.mx\/laferia\/2017\/03\/08\/jose-eugenio-sanchez\/","og_site_name":"La Feria, Carrusel Cultural","article_published_time":"2017-03-08T06:05:07+00:00","og_image":[{"width":2048,"height":1365,"url":"https:\/\/noticias.imer.mx\/laferia\/files\/2017\/03\/Jose\u0301-Eugenio-Sa\u0301nchez.jpeg","type":"image\/jpeg"}],"author":"La Feria","twitter_card":"summary_large_image","twitter_misc":{"Escrito por":"La Feria"},"schema":{"@context":"https:\/\/schema.org","@graph":[{"@type":"WebPage","@id":"https:\/\/noticias.imer.mx\/laferia\/2017\/03\/08\/jose-eugenio-sanchez\/","url":"https:\/\/noticias.imer.mx\/laferia\/2017\/03\/08\/jose-eugenio-sanchez\/","name":"Poes\u00eda y humor en La felicidad es una pistola caliente - La Feria, Carrusel Cultural","isPartOf":{"@id":"https:\/\/noticias.imer.mx\/laferia\/#website"},"datePublished":"2017-03-08T06:05:07+00:00","dateModified":"2017-03-08T06:05:07+00:00","author":{"@id":"https:\/\/noticias.imer.mx\/laferia\/#\/schema\/person\/438ebaa433c79f71687928759130ec9f"},"breadcrumb":{"@id":"https:\/\/noticias.imer.mx\/laferia\/2017\/03\/08\/jose-eugenio-sanchez\/#breadcrumb"},"inLanguage":"es","potentialAction":[{"@type":"ReadAction","target":["https:\/\/noticias.imer.mx\/laferia\/2017\/03\/08\/jose-eugenio-sanchez\/"]}]},{"@type":"BreadcrumbList","@id":"https:\/\/noticias.imer.mx\/laferia\/2017\/03\/08\/jose-eugenio-sanchez\/#breadcrumb","itemListElement":[{"@type":"ListItem","position":1,"name":"Home","item":"https:\/\/noticias.imer.mx\/laferia\/"},{"@type":"ListItem","position":2,"name":"Poes\u00eda y humor en La felicidad es una pistola caliente"}]},{"@type":"WebSite","@id":"https:\/\/noticias.imer.mx\/laferia\/#website","url":"https:\/\/noticias.imer.mx\/laferia\/","name":"La Feria, Carrusel Cultural","description":"Instituto Mexicano de la Radio","potentialAction":[{"@type":"SearchAction","target":{"@type":"EntryPoint","urlTemplate":"https:\/\/noticias.imer.mx\/laferia\/?s={search_term_string}"},"query-input":"required name=search_term_string"}],"inLanguage":"es"},{"@type":"Person","@id":"https:\/\/noticias.imer.mx\/laferia\/#\/schema\/person\/438ebaa433c79f71687928759130ec9f","name":"La Feria","image":{"@type":"ImageObject","inLanguage":"es","@id":"https:\/\/noticias.imer.mx\/laferia\/#\/schema\/person\/image\/","url":"https:\/\/secure.gravatar.com\/avatar\/69100f68fb4d3a06d1ff6b6cb5310157?s=96&d=mm&r=g","contentUrl":"https:\/\/secure.gravatar.com\/avatar\/69100f68fb4d3a06d1ff6b6cb5310157?s=96&d=mm&r=g","caption":"La Feria"},"description":"La Feria Carrusel Cultural, es un noticiario que alienta la participaci\u00f3n ciudadana y presenta informaci\u00f3n cultural y cient\u00edfica, de coyuntura, de M\u00e9xico y el mundo. En media hora puede conocer la cartelera cultural y escuchar, en voz de especialistas, entrevistas, asuntos especiales y mesas de an\u00e1lisis. Conducido por Juan Carlos Vald\u00e9s, La Feria Carrusel Cultural, se transmite todos los martes y jueves, de 15:00 a 15:30 horas por Horizonte, en el 107.9 de FM.","url":"https:\/\/noticias.imer.mx\/laferia\/author\/laferia\/"}]}},"_links":{"self":[{"href":"https:\/\/noticias.imer.mx\/laferia\/wp-json\/wp\/v2\/posts\/30124"}],"collection":[{"href":"https:\/\/noticias.imer.mx\/laferia\/wp-json\/wp\/v2\/posts"}],"about":[{"href":"https:\/\/noticias.imer.mx\/laferia\/wp-json\/wp\/v2\/types\/post"}],"author":[{"embeddable":true,"href":"https:\/\/noticias.imer.mx\/laferia\/wp-json\/wp\/v2\/users\/12"}],"replies":[{"embeddable":true,"href":"https:\/\/noticias.imer.mx\/laferia\/wp-json\/wp\/v2\/comments?post=30124"}],"version-history":[{"count":1,"href":"https:\/\/noticias.imer.mx\/laferia\/wp-json\/wp\/v2\/posts\/30124\/revisions"}],"predecessor-version":[{"id":30125,"href":"https:\/\/noticias.imer.mx\/laferia\/wp-json\/wp\/v2\/posts\/30124\/revisions\/30125"}],"wp:featuredmedia":[{"embeddable":true,"href":"https:\/\/noticias.imer.mx\/laferia\/wp-json\/wp\/v2\/media\/30117"}],"wp:attachment":[{"href":"https:\/\/noticias.imer.mx\/laferia\/wp-json\/wp\/v2\/media?parent=30124"}],"wp:term":[{"taxonomy":"category","embeddable":true,"href":"https:\/\/noticias.imer.mx\/laferia\/wp-json\/wp\/v2\/categories?post=30124"},{"taxonomy":"post_tag","embeddable":true,"href":"https:\/\/noticias.imer.mx\/laferia\/wp-json\/wp\/v2\/tags?post=30124"}],"curies":[{"name":"wp","href":"https:\/\/api.w.org\/{rel}","templated":true}]}}