{"id":29998,"date":"2017-02-17T12:00:39","date_gmt":"2017-02-17T18:00:39","guid":{"rendered":"http:\/\/snn.imer.gob.mx\/laferia\/?p=29998"},"modified":"2017-02-24T11:29:40","modified_gmt":"2017-02-24T17:29:40","slug":"murio-teresa-del-conde","status":"publish","type":"post","link":"https:\/\/noticias.imer.mx\/laferia\/2017\/02\/17\/murio-teresa-del-conde\/","title":{"rendered":"Falleci\u00f3 Teresa del Conde"},"content":{"rendered":"<p><a href=\"http:\/\/snn.imer.gob.mx\/laferia\/2017\/02\/17\/fallecio-teresa-del-conde\/teresa-del-conde\/\" rel=\"attachment wp-att-30002\"><img decoding=\"async\" loading=\"lazy\" class=\"alignnone size-medium wp-image-30002\" src=\"http:\/\/snn.imer.gob.mx\/laferia\/files\/2017\/02\/Teresa-del-conde--300x169.jpg\" alt=\"\" width=\"300\" height=\"169\" srcset=\"https:\/\/noticias.imer.mx\/laferia\/files\/2017\/02\/Teresa-del-conde--300x169.jpg 300w, https:\/\/noticias.imer.mx\/laferia\/files\/2017\/02\/Teresa-del-conde--768x432.jpg 768w, https:\/\/noticias.imer.mx\/laferia\/files\/2017\/02\/Teresa-del-conde--1024x576.jpg 1024w, https:\/\/noticias.imer.mx\/laferia\/files\/2017\/02\/Teresa-del-conde-.jpg 1920w\" sizes=\"(max-width: 300px) 100vw, 300px\" \/><\/a><\/p>\n<p>Falleci\u00f3 la cr\u00edtica de arte, historiadora y catedr\u00e1tica, Teresa del Conde Pontones, quien fue directora del Museo de Arte Moderno en los a\u00f1os 90 del siglo pasado.<\/p>\n<!--[if lt IE 9]><script>document.createElement('audio');<\/script><![endif]-->\n<audio class=\"wp-audio-shortcode\" id=\"audio-29998-1\" preload=\"none\" style=\"width: 100%;\" controls=\"controls\"><source type=\"audio\/mpeg\" src=\"http:\/\/snn.imer.gob.mx\/laferia\/files\/2017\/02\/0058-SEMBLANZA-TERESA-DEL-CONDE.mp3?_=1\" \/><a href=\"http:\/\/snn.imer.gob.mx\/laferia\/files\/2017\/02\/0058-SEMBLANZA-TERESA-DEL-CONDE.mp3\">http:\/\/snn.imer.gob.mx\/laferia\/files\/2017\/02\/0058-SEMBLANZA-TERESA-DEL-CONDE.mp3<\/a><\/audio>\n<p>El doctor en historia Juan Sol\u00eds habla sobre la trayectoria de Teresa del Conde.<\/p>\n<audio class=\"wp-audio-shortcode\" id=\"audio-29998-2\" preload=\"none\" style=\"width: 100%;\" controls=\"controls\"><source type=\"audio\/mpeg\" src=\"http:\/\/snn.imer.gob.mx\/laferia\/files\/2017\/02\/JUAN-SOLIS-COMPLETO-.mp3?_=2\" \/><a href=\"http:\/\/snn.imer.gob.mx\/laferia\/files\/2017\/02\/JUAN-SOLIS-COMPLETO-.mp3\">http:\/\/snn.imer.gob.mx\/laferia\/files\/2017\/02\/JUAN-SOLIS-COMPLETO-.mp3<\/a><\/audio>\n<p>El cr\u00edtico de arte y poeta Miguel \u00c1ngel Mu\u00f1oz habla sobre Teresa del Conde.<\/p>\n<audio class=\"wp-audio-shortcode\" id=\"audio-29998-3\" preload=\"none\" style=\"width: 100%;\" controls=\"controls\"><source type=\"audio\/mpeg\" src=\"http:\/\/snn.imer.gob.mx\/laferia\/files\/2017\/02\/MIGUEL-ANGEL-MUN\u0303OZ-COMPLETO-.mp3?_=3\" \/><a href=\"http:\/\/snn.imer.gob.mx\/laferia\/files\/2017\/02\/MIGUEL-ANGEL-MUN\u0303OZ-COMPLETO-.mp3\">http:\/\/snn.imer.gob.mx\/laferia\/files\/2017\/02\/MIGUEL-ANGEL-MUN\u0303OZ-COMPLETO-.mp3<\/a><\/audio>\n<p>&nbsp;<\/p>\n","protected":false},"excerpt":{"rendered":"<p>Falleci\u00f3 la cr\u00edtica de arte, historiadora y catedr\u00e1tica, Teresa del Conde Pontones, quien fue directora del Museo de Arte Moderno en los a\u00f1os 90 del siglo pasado. El doctor en historia Juan Sol\u00eds habla sobre la trayectoria de Teresa del Conde. El cr\u00edtico de arte y poeta Miguel \u00c1ngel Mu\u00f1oz habla sobre Teresa del Conde.&hellip;<\/p>\n","protected":false},"author":12,"featured_media":30002,"comment_status":"open","ping_status":"open","sticky":false,"template":"","format":"audio","meta":{"wp_popup_display_lightbox":0,"wp_popup_suppress":"","wp_popup_trigger":"","wp_popup_trigger_amount":0,"wp_popup_disable_on_mobile":false},"categories":[1801,1734],"tags":[5354,5353,5355,5352,2035],"yoast_head":"<!-- This site is optimized with the Yoast SEO plugin v21.0 - https:\/\/yoast.com\/wordpress\/plugins\/seo\/ -->\n<title>Falleci\u00f3 Teresa del Conde - La Feria, Carrusel Cultural<\/title>\n<meta name=\"robots\" content=\"index, follow, max-snippet:-1, max-image-preview:large, max-video-preview:-1\" \/>\n<link rel=\"canonical\" href=\"https:\/\/noticias.imer.mx\/laferia\/2017\/02\/17\/murio-teresa-del-conde\/\" \/>\n<meta property=\"og:locale\" content=\"es_ES\" \/>\n<meta property=\"og:type\" content=\"article\" \/>\n<meta property=\"og:title\" content=\"Falleci\u00f3 Teresa del Conde - La Feria, Carrusel Cultural\" \/>\n<meta property=\"og:description\" content=\"Falleci\u00f3 la cr\u00edtica de arte, historiadora y catedr\u00e1tica, Teresa del Conde Pontones, quien fue directora del Museo de Arte Moderno en los a\u00f1os 90 del siglo pasado. El doctor en historia Juan Sol\u00eds habla sobre la trayectoria de Teresa del Conde. El cr\u00edtico de arte y poeta Miguel \u00c1ngel Mu\u00f1oz habla sobre Teresa del Conde.&hellip;\" \/>\n<meta property=\"og:url\" content=\"https:\/\/noticias.imer.mx\/laferia\/2017\/02\/17\/murio-teresa-del-conde\/\" \/>\n<meta property=\"og:site_name\" content=\"La Feria, Carrusel Cultural\" \/>\n<meta property=\"article:published_time\" content=\"2017-02-17T18:00:39+00:00\" \/>\n<meta property=\"article:modified_time\" content=\"2017-02-24T17:29:40+00:00\" \/>\n<meta property=\"og:image\" content=\"https:\/\/noticias.imer.mx\/laferia\/files\/2017\/02\/Teresa-del-conde-.jpg\" \/>\n\t<meta property=\"og:image:width\" content=\"1920\" \/>\n\t<meta property=\"og:image:height\" content=\"1080\" \/>\n\t<meta property=\"og:image:type\" content=\"image\/jpeg\" \/>\n<meta name=\"author\" content=\"La Feria\" \/>\n<meta name=\"twitter:card\" content=\"summary_large_image\" \/>\n<meta name=\"twitter:label1\" content=\"Escrito por\" \/>\n\t<meta name=\"twitter:data1\" content=\"La Feria\" \/>\n<script type=\"application\/ld+json\" class=\"yoast-schema-graph\">{\"@context\":\"https:\/\/schema.org\",\"@graph\":[{\"@type\":\"WebPage\",\"@id\":\"https:\/\/noticias.imer.mx\/laferia\/2017\/02\/17\/murio-teresa-del-conde\/\",\"url\":\"https:\/\/noticias.imer.mx\/laferia\/2017\/02\/17\/murio-teresa-del-conde\/\",\"name\":\"Falleci\u00f3 Teresa del Conde - La Feria, Carrusel Cultural\",\"isPartOf\":{\"@id\":\"https:\/\/noticias.imer.mx\/laferia\/#website\"},\"datePublished\":\"2017-02-17T18:00:39+00:00\",\"dateModified\":\"2017-02-24T17:29:40+00:00\",\"author\":{\"@id\":\"https:\/\/noticias.imer.mx\/laferia\/#\/schema\/person\/438ebaa433c79f71687928759130ec9f\"},\"breadcrumb\":{\"@id\":\"https:\/\/noticias.imer.mx\/laferia\/2017\/02\/17\/murio-teresa-del-conde\/#breadcrumb\"},\"inLanguage\":\"es\",\"potentialAction\":[{\"@type\":\"ReadAction\",\"target\":[\"https:\/\/noticias.imer.mx\/laferia\/2017\/02\/17\/murio-teresa-del-conde\/\"]}]},{\"@type\":\"BreadcrumbList\",\"@id\":\"https:\/\/noticias.imer.mx\/laferia\/2017\/02\/17\/murio-teresa-del-conde\/#breadcrumb\",\"itemListElement\":[{\"@type\":\"ListItem\",\"position\":1,\"name\":\"Home\",\"item\":\"https:\/\/noticias.imer.mx\/laferia\/\"},{\"@type\":\"ListItem\",\"position\":2,\"name\":\"Falleci\u00f3 Teresa del Conde\"}]},{\"@type\":\"WebSite\",\"@id\":\"https:\/\/noticias.imer.mx\/laferia\/#website\",\"url\":\"https:\/\/noticias.imer.mx\/laferia\/\",\"name\":\"La Feria, Carrusel Cultural\",\"description\":\"Instituto Mexicano de la Radio\",\"potentialAction\":[{\"@type\":\"SearchAction\",\"target\":{\"@type\":\"EntryPoint\",\"urlTemplate\":\"https:\/\/noticias.imer.mx\/laferia\/?s={search_term_string}\"},\"query-input\":\"required name=search_term_string\"}],\"inLanguage\":\"es\"},{\"@type\":\"Person\",\"@id\":\"https:\/\/noticias.imer.mx\/laferia\/#\/schema\/person\/438ebaa433c79f71687928759130ec9f\",\"name\":\"La Feria\",\"image\":{\"@type\":\"ImageObject\",\"inLanguage\":\"es\",\"@id\":\"https:\/\/noticias.imer.mx\/laferia\/#\/schema\/person\/image\/\",\"url\":\"https:\/\/secure.gravatar.com\/avatar\/69100f68fb4d3a06d1ff6b6cb5310157?s=96&d=mm&r=g\",\"contentUrl\":\"https:\/\/secure.gravatar.com\/avatar\/69100f68fb4d3a06d1ff6b6cb5310157?s=96&d=mm&r=g\",\"caption\":\"La Feria\"},\"description\":\"La Feria Carrusel Cultural, es un noticiario que alienta la participaci\u00f3n ciudadana y presenta informaci\u00f3n cultural y cient\u00edfica, de coyuntura, de M\u00e9xico y el mundo. En media hora puede conocer la cartelera cultural y escuchar, en voz de especialistas, entrevistas, asuntos especiales y mesas de an\u00e1lisis. Conducido por Juan Carlos Vald\u00e9s, La Feria Carrusel Cultural, se transmite todos los martes y jueves, de 15:00 a 15:30 horas por Horizonte, en el 107.9 de FM.\",\"url\":\"https:\/\/noticias.imer.mx\/laferia\/author\/laferia\/\"}]}<\/script>\n<!-- \/ Yoast SEO plugin. -->","yoast_head_json":{"title":"Falleci\u00f3 Teresa del Conde - La Feria, Carrusel Cultural","robots":{"index":"index","follow":"follow","max-snippet":"max-snippet:-1","max-image-preview":"max-image-preview:large","max-video-preview":"max-video-preview:-1"},"canonical":"https:\/\/noticias.imer.mx\/laferia\/2017\/02\/17\/murio-teresa-del-conde\/","og_locale":"es_ES","og_type":"article","og_title":"Falleci\u00f3 Teresa del Conde - La Feria, Carrusel Cultural","og_description":"Falleci\u00f3 la cr\u00edtica de arte, historiadora y catedr\u00e1tica, Teresa del Conde Pontones, quien fue directora del Museo de Arte Moderno en los a\u00f1os 90 del siglo pasado. El doctor en historia Juan Sol\u00eds habla sobre la trayectoria de Teresa del Conde. El cr\u00edtico de arte y poeta Miguel \u00c1ngel Mu\u00f1oz habla sobre Teresa del Conde.&hellip;","og_url":"https:\/\/noticias.imer.mx\/laferia\/2017\/02\/17\/murio-teresa-del-conde\/","og_site_name":"La Feria, Carrusel Cultural","article_published_time":"2017-02-17T18:00:39+00:00","article_modified_time":"2017-02-24T17:29:40+00:00","og_image":[{"width":1920,"height":1080,"url":"https:\/\/noticias.imer.mx\/laferia\/files\/2017\/02\/Teresa-del-conde-.jpg","type":"image\/jpeg"}],"author":"La Feria","twitter_card":"summary_large_image","twitter_misc":{"Escrito por":"La Feria"},"schema":{"@context":"https:\/\/schema.org","@graph":[{"@type":"WebPage","@id":"https:\/\/noticias.imer.mx\/laferia\/2017\/02\/17\/murio-teresa-del-conde\/","url":"https:\/\/noticias.imer.mx\/laferia\/2017\/02\/17\/murio-teresa-del-conde\/","name":"Falleci\u00f3 Teresa del Conde - La Feria, Carrusel Cultural","isPartOf":{"@id":"https:\/\/noticias.imer.mx\/laferia\/#website"},"datePublished":"2017-02-17T18:00:39+00:00","dateModified":"2017-02-24T17:29:40+00:00","author":{"@id":"https:\/\/noticias.imer.mx\/laferia\/#\/schema\/person\/438ebaa433c79f71687928759130ec9f"},"breadcrumb":{"@id":"https:\/\/noticias.imer.mx\/laferia\/2017\/02\/17\/murio-teresa-del-conde\/#breadcrumb"},"inLanguage":"es","potentialAction":[{"@type":"ReadAction","target":["https:\/\/noticias.imer.mx\/laferia\/2017\/02\/17\/murio-teresa-del-conde\/"]}]},{"@type":"BreadcrumbList","@id":"https:\/\/noticias.imer.mx\/laferia\/2017\/02\/17\/murio-teresa-del-conde\/#breadcrumb","itemListElement":[{"@type":"ListItem","position":1,"name":"Home","item":"https:\/\/noticias.imer.mx\/laferia\/"},{"@type":"ListItem","position":2,"name":"Falleci\u00f3 Teresa del Conde"}]},{"@type":"WebSite","@id":"https:\/\/noticias.imer.mx\/laferia\/#website","url":"https:\/\/noticias.imer.mx\/laferia\/","name":"La Feria, Carrusel Cultural","description":"Instituto Mexicano de la Radio","potentialAction":[{"@type":"SearchAction","target":{"@type":"EntryPoint","urlTemplate":"https:\/\/noticias.imer.mx\/laferia\/?s={search_term_string}"},"query-input":"required name=search_term_string"}],"inLanguage":"es"},{"@type":"Person","@id":"https:\/\/noticias.imer.mx\/laferia\/#\/schema\/person\/438ebaa433c79f71687928759130ec9f","name":"La Feria","image":{"@type":"ImageObject","inLanguage":"es","@id":"https:\/\/noticias.imer.mx\/laferia\/#\/schema\/person\/image\/","url":"https:\/\/secure.gravatar.com\/avatar\/69100f68fb4d3a06d1ff6b6cb5310157?s=96&d=mm&r=g","contentUrl":"https:\/\/secure.gravatar.com\/avatar\/69100f68fb4d3a06d1ff6b6cb5310157?s=96&d=mm&r=g","caption":"La Feria"},"description":"La Feria Carrusel Cultural, es un noticiario que alienta la participaci\u00f3n ciudadana y presenta informaci\u00f3n cultural y cient\u00edfica, de coyuntura, de M\u00e9xico y el mundo. En media hora puede conocer la cartelera cultural y escuchar, en voz de especialistas, entrevistas, asuntos especiales y mesas de an\u00e1lisis. Conducido por Juan Carlos Vald\u00e9s, La Feria Carrusel Cultural, se transmite todos los martes y jueves, de 15:00 a 15:30 horas por Horizonte, en el 107.9 de FM.","url":"https:\/\/noticias.imer.mx\/laferia\/author\/laferia\/"}]}},"_links":{"self":[{"href":"https:\/\/noticias.imer.mx\/laferia\/wp-json\/wp\/v2\/posts\/29998"}],"collection":[{"href":"https:\/\/noticias.imer.mx\/laferia\/wp-json\/wp\/v2\/posts"}],"about":[{"href":"https:\/\/noticias.imer.mx\/laferia\/wp-json\/wp\/v2\/types\/post"}],"author":[{"embeddable":true,"href":"https:\/\/noticias.imer.mx\/laferia\/wp-json\/wp\/v2\/users\/12"}],"replies":[{"embeddable":true,"href":"https:\/\/noticias.imer.mx\/laferia\/wp-json\/wp\/v2\/comments?post=29998"}],"version-history":[{"count":7,"href":"https:\/\/noticias.imer.mx\/laferia\/wp-json\/wp\/v2\/posts\/29998\/revisions"}],"predecessor-version":[{"id":30065,"href":"https:\/\/noticias.imer.mx\/laferia\/wp-json\/wp\/v2\/posts\/29998\/revisions\/30065"}],"wp:featuredmedia":[{"embeddable":true,"href":"https:\/\/noticias.imer.mx\/laferia\/wp-json\/wp\/v2\/media\/30002"}],"wp:attachment":[{"href":"https:\/\/noticias.imer.mx\/laferia\/wp-json\/wp\/v2\/media?parent=29998"}],"wp:term":[{"taxonomy":"category","embeddable":true,"href":"https:\/\/noticias.imer.mx\/laferia\/wp-json\/wp\/v2\/categories?post=29998"},{"taxonomy":"post_tag","embeddable":true,"href":"https:\/\/noticias.imer.mx\/laferia\/wp-json\/wp\/v2\/tags?post=29998"}],"curies":[{"name":"wp","href":"https:\/\/api.w.org\/{rel}","templated":true}]}}