{"id":28348,"date":"2016-09-01T18:40:34","date_gmt":"2016-09-02T00:40:34","guid":{"rendered":"http:\/\/snn.imer.gob.mx\/laferia\/?p=28348"},"modified":"2016-09-01T18:40:34","modified_gmt":"2016-09-02T00:40:34","slug":"miguel-angel-munoz-toulouse-lautrec","status":"publish","type":"post","link":"https:\/\/noticias.imer.mx\/laferia\/2016\/09\/01\/miguel-angel-munoz-toulouse-lautrec\/","title":{"rendered":"Cr\u00edtico: Miguel \u00c1ngel Mu\u00f1oz habla sobre la exposici\u00f3n El Par\u00eds de Toulouse-Lautrec"},"content":{"rendered":"<p class=\"p1\"><a href=\"http:\/\/snn.imer.gob.mx\/laferia\/files\/2016\/09\/Lautrec.jpg\"><img decoding=\"async\" loading=\"lazy\" class=\"alignnone size-medium wp-image-28338\" src=\"http:\/\/snn.imer.gob.mx\/laferia\/files\/2016\/09\/Lautrec-300x300.jpg\" alt=\"Lautrec\" width=\"300\" height=\"300\" srcset=\"https:\/\/noticias.imer.mx\/laferia\/files\/2016\/09\/Lautrec-300x300.jpg 300w, https:\/\/noticias.imer.mx\/laferia\/files\/2016\/09\/Lautrec-150x150.jpg 150w, https:\/\/noticias.imer.mx\/laferia\/files\/2016\/09\/Lautrec.jpg 600w\" sizes=\"(max-width: 300px) 100vw, 300px\" \/><\/a><\/p>\n<p class=\"p1\">El <em><strong>Palacio de Bellas Artes<\/strong> <\/em>presenta m\u00e1s de cien litograf\u00edas del artista <strong>Henri<\/strong>\u00a0<strong>de<\/strong>\u00a0<b>Toulouse-Lautrec<\/b>, en las que se muestra la pasi\u00f3n que tuvo el artista por Francia, comenta en la\u00a0\u00a0secci\u00f3n de cr\u00edticos,\u00a0<b>Miguel \u00c1ngel Mu\u00f1oz<\/b>.<\/p>\n<!--[if lt IE 9]><script>document.createElement('audio');<\/script><![endif]-->\n<audio class=\"wp-audio-shortcode\" id=\"audio-28348-1\" preload=\"none\" style=\"width: 100%;\" controls=\"controls\"><source type=\"audio\/mpeg\" src=\"http:\/\/snn.imer.gob.mx\/laferia\/files\/2016\/09\/CRITICO-MIGUEL-ANGEL-MU\u00d1OZ.mp3?_=1\" \/><a href=\"http:\/\/snn.imer.gob.mx\/laferia\/files\/2016\/09\/CRITICO-MIGUEL-ANGEL-MU\u00d1OZ.mp3\">http:\/\/snn.imer.gob.mx\/laferia\/files\/2016\/09\/CRITICO-MIGUEL-ANGEL-MU\u00d1OZ.mp3<\/a><\/audio>\n","protected":false},"excerpt":{"rendered":"<p>El Palacio de Bellas Artes presenta m\u00e1s de cien litograf\u00edas del artista Henri\u00a0de\u00a0Toulouse-Lautrec, en las que se muestra la pasi\u00f3n que tuvo el artista por Francia, comenta en la\u00a0\u00a0secci\u00f3n de cr\u00edticos,\u00a0Miguel \u00c1ngel Mu\u00f1oz.<\/p>\n","protected":false},"author":12,"featured_media":28338,"comment_status":"open","ping_status":"open","sticky":false,"template":"","format":"audio","meta":{"wp_popup_display_lightbox":0,"wp_popup_suppress":"","wp_popup_trigger":"","wp_popup_trigger_amount":0,"wp_popup_disable_on_mobile":false},"categories":[1730],"tags":[4512,2081,1869],"yoast_head":"<!-- This site is optimized with the Yoast SEO plugin v21.0 - https:\/\/yoast.com\/wordpress\/plugins\/seo\/ -->\n<title>Cr\u00edtico: Miguel \u00c1ngel Mu\u00f1oz habla sobre la exposici\u00f3n El Par\u00eds de Toulouse-Lautrec - La Feria, Carrusel Cultural<\/title>\n<meta name=\"robots\" content=\"index, follow, max-snippet:-1, max-image-preview:large, max-video-preview:-1\" \/>\n<link rel=\"canonical\" href=\"https:\/\/noticias.imer.mx\/laferia\/2016\/09\/01\/miguel-angel-munoz-toulouse-lautrec\/\" \/>\n<meta property=\"og:locale\" content=\"es_ES\" \/>\n<meta property=\"og:type\" content=\"article\" \/>\n<meta property=\"og:title\" content=\"Cr\u00edtico: Miguel \u00c1ngel Mu\u00f1oz habla sobre la exposici\u00f3n El Par\u00eds de Toulouse-Lautrec - La Feria, Carrusel Cultural\" \/>\n<meta property=\"og:description\" content=\"El Palacio de Bellas Artes presenta m\u00e1s de cien litograf\u00edas del artista Henri\u00a0de\u00a0Toulouse-Lautrec, en las que se muestra la pasi\u00f3n que tuvo el artista por Francia, comenta en la\u00a0\u00a0secci\u00f3n de cr\u00edticos,\u00a0Miguel \u00c1ngel Mu\u00f1oz.\" \/>\n<meta property=\"og:url\" content=\"https:\/\/noticias.imer.mx\/laferia\/2016\/09\/01\/miguel-angel-munoz-toulouse-lautrec\/\" \/>\n<meta property=\"og:site_name\" content=\"La Feria, Carrusel Cultural\" \/>\n<meta property=\"article:published_time\" content=\"2016-09-02T00:40:34+00:00\" \/>\n<meta property=\"og:image\" content=\"https:\/\/noticias.imer.mx\/laferia\/files\/2016\/09\/Lautrec.jpg\" \/>\n\t<meta property=\"og:image:width\" content=\"600\" \/>\n\t<meta property=\"og:image:height\" content=\"600\" \/>\n\t<meta property=\"og:image:type\" content=\"image\/jpeg\" \/>\n<meta name=\"author\" content=\"La Feria\" \/>\n<meta name=\"twitter:card\" content=\"summary_large_image\" \/>\n<meta name=\"twitter:label1\" content=\"Escrito por\" \/>\n\t<meta name=\"twitter:data1\" content=\"La Feria\" \/>\n<script type=\"application\/ld+json\" class=\"yoast-schema-graph\">{\"@context\":\"https:\/\/schema.org\",\"@graph\":[{\"@type\":\"WebPage\",\"@id\":\"https:\/\/noticias.imer.mx\/laferia\/2016\/09\/01\/miguel-angel-munoz-toulouse-lautrec\/\",\"url\":\"https:\/\/noticias.imer.mx\/laferia\/2016\/09\/01\/miguel-angel-munoz-toulouse-lautrec\/\",\"name\":\"Cr\u00edtico: Miguel \u00c1ngel Mu\u00f1oz habla sobre la exposici\u00f3n El Par\u00eds de Toulouse-Lautrec - La Feria, Carrusel Cultural\",\"isPartOf\":{\"@id\":\"https:\/\/noticias.imer.mx\/laferia\/#website\"},\"datePublished\":\"2016-09-02T00:40:34+00:00\",\"dateModified\":\"2016-09-02T00:40:34+00:00\",\"author\":{\"@id\":\"https:\/\/noticias.imer.mx\/laferia\/#\/schema\/person\/438ebaa433c79f71687928759130ec9f\"},\"breadcrumb\":{\"@id\":\"https:\/\/noticias.imer.mx\/laferia\/2016\/09\/01\/miguel-angel-munoz-toulouse-lautrec\/#breadcrumb\"},\"inLanguage\":\"es\",\"potentialAction\":[{\"@type\":\"ReadAction\",\"target\":[\"https:\/\/noticias.imer.mx\/laferia\/2016\/09\/01\/miguel-angel-munoz-toulouse-lautrec\/\"]}]},{\"@type\":\"BreadcrumbList\",\"@id\":\"https:\/\/noticias.imer.mx\/laferia\/2016\/09\/01\/miguel-angel-munoz-toulouse-lautrec\/#breadcrumb\",\"itemListElement\":[{\"@type\":\"ListItem\",\"position\":1,\"name\":\"Home\",\"item\":\"https:\/\/noticias.imer.mx\/laferia\/\"},{\"@type\":\"ListItem\",\"position\":2,\"name\":\"Cr\u00edtico: Miguel \u00c1ngel Mu\u00f1oz habla sobre la exposici\u00f3n El Par\u00eds de Toulouse-Lautrec\"}]},{\"@type\":\"WebSite\",\"@id\":\"https:\/\/noticias.imer.mx\/laferia\/#website\",\"url\":\"https:\/\/noticias.imer.mx\/laferia\/\",\"name\":\"La Feria, Carrusel Cultural\",\"description\":\"Instituto Mexicano de la Radio\",\"potentialAction\":[{\"@type\":\"SearchAction\",\"target\":{\"@type\":\"EntryPoint\",\"urlTemplate\":\"https:\/\/noticias.imer.mx\/laferia\/?s={search_term_string}\"},\"query-input\":\"required name=search_term_string\"}],\"inLanguage\":\"es\"},{\"@type\":\"Person\",\"@id\":\"https:\/\/noticias.imer.mx\/laferia\/#\/schema\/person\/438ebaa433c79f71687928759130ec9f\",\"name\":\"La Feria\",\"image\":{\"@type\":\"ImageObject\",\"inLanguage\":\"es\",\"@id\":\"https:\/\/noticias.imer.mx\/laferia\/#\/schema\/person\/image\/\",\"url\":\"https:\/\/secure.gravatar.com\/avatar\/69100f68fb4d3a06d1ff6b6cb5310157?s=96&d=mm&r=g\",\"contentUrl\":\"https:\/\/secure.gravatar.com\/avatar\/69100f68fb4d3a06d1ff6b6cb5310157?s=96&d=mm&r=g\",\"caption\":\"La Feria\"},\"description\":\"La Feria Carrusel Cultural, es un noticiario que alienta la participaci\u00f3n ciudadana y presenta informaci\u00f3n cultural y cient\u00edfica, de coyuntura, de M\u00e9xico y el mundo. En media hora puede conocer la cartelera cultural y escuchar, en voz de especialistas, entrevistas, asuntos especiales y mesas de an\u00e1lisis. Conducido por Juan Carlos Vald\u00e9s, La Feria Carrusel Cultural, se transmite todos los martes y jueves, de 15:00 a 15:30 horas por Horizonte, en el 107.9 de FM.\",\"url\":\"https:\/\/noticias.imer.mx\/laferia\/author\/laferia\/\"}]}<\/script>\n<!-- \/ Yoast SEO plugin. -->","yoast_head_json":{"title":"Cr\u00edtico: Miguel \u00c1ngel Mu\u00f1oz habla sobre la exposici\u00f3n El Par\u00eds de Toulouse-Lautrec - La Feria, Carrusel Cultural","robots":{"index":"index","follow":"follow","max-snippet":"max-snippet:-1","max-image-preview":"max-image-preview:large","max-video-preview":"max-video-preview:-1"},"canonical":"https:\/\/noticias.imer.mx\/laferia\/2016\/09\/01\/miguel-angel-munoz-toulouse-lautrec\/","og_locale":"es_ES","og_type":"article","og_title":"Cr\u00edtico: Miguel \u00c1ngel Mu\u00f1oz habla sobre la exposici\u00f3n El Par\u00eds de Toulouse-Lautrec - La Feria, Carrusel Cultural","og_description":"El Palacio de Bellas Artes presenta m\u00e1s de cien litograf\u00edas del artista Henri\u00a0de\u00a0Toulouse-Lautrec, en las que se muestra la pasi\u00f3n que tuvo el artista por Francia, comenta en la\u00a0\u00a0secci\u00f3n de cr\u00edticos,\u00a0Miguel \u00c1ngel Mu\u00f1oz.","og_url":"https:\/\/noticias.imer.mx\/laferia\/2016\/09\/01\/miguel-angel-munoz-toulouse-lautrec\/","og_site_name":"La Feria, Carrusel Cultural","article_published_time":"2016-09-02T00:40:34+00:00","og_image":[{"width":600,"height":600,"url":"https:\/\/noticias.imer.mx\/laferia\/files\/2016\/09\/Lautrec.jpg","type":"image\/jpeg"}],"author":"La Feria","twitter_card":"summary_large_image","twitter_misc":{"Escrito por":"La Feria"},"schema":{"@context":"https:\/\/schema.org","@graph":[{"@type":"WebPage","@id":"https:\/\/noticias.imer.mx\/laferia\/2016\/09\/01\/miguel-angel-munoz-toulouse-lautrec\/","url":"https:\/\/noticias.imer.mx\/laferia\/2016\/09\/01\/miguel-angel-munoz-toulouse-lautrec\/","name":"Cr\u00edtico: Miguel \u00c1ngel Mu\u00f1oz habla sobre la exposici\u00f3n El Par\u00eds de Toulouse-Lautrec - La Feria, Carrusel Cultural","isPartOf":{"@id":"https:\/\/noticias.imer.mx\/laferia\/#website"},"datePublished":"2016-09-02T00:40:34+00:00","dateModified":"2016-09-02T00:40:34+00:00","author":{"@id":"https:\/\/noticias.imer.mx\/laferia\/#\/schema\/person\/438ebaa433c79f71687928759130ec9f"},"breadcrumb":{"@id":"https:\/\/noticias.imer.mx\/laferia\/2016\/09\/01\/miguel-angel-munoz-toulouse-lautrec\/#breadcrumb"},"inLanguage":"es","potentialAction":[{"@type":"ReadAction","target":["https:\/\/noticias.imer.mx\/laferia\/2016\/09\/01\/miguel-angel-munoz-toulouse-lautrec\/"]}]},{"@type":"BreadcrumbList","@id":"https:\/\/noticias.imer.mx\/laferia\/2016\/09\/01\/miguel-angel-munoz-toulouse-lautrec\/#breadcrumb","itemListElement":[{"@type":"ListItem","position":1,"name":"Home","item":"https:\/\/noticias.imer.mx\/laferia\/"},{"@type":"ListItem","position":2,"name":"Cr\u00edtico: Miguel \u00c1ngel Mu\u00f1oz habla sobre la exposici\u00f3n El Par\u00eds de Toulouse-Lautrec"}]},{"@type":"WebSite","@id":"https:\/\/noticias.imer.mx\/laferia\/#website","url":"https:\/\/noticias.imer.mx\/laferia\/","name":"La Feria, Carrusel Cultural","description":"Instituto Mexicano de la Radio","potentialAction":[{"@type":"SearchAction","target":{"@type":"EntryPoint","urlTemplate":"https:\/\/noticias.imer.mx\/laferia\/?s={search_term_string}"},"query-input":"required name=search_term_string"}],"inLanguage":"es"},{"@type":"Person","@id":"https:\/\/noticias.imer.mx\/laferia\/#\/schema\/person\/438ebaa433c79f71687928759130ec9f","name":"La Feria","image":{"@type":"ImageObject","inLanguage":"es","@id":"https:\/\/noticias.imer.mx\/laferia\/#\/schema\/person\/image\/","url":"https:\/\/secure.gravatar.com\/avatar\/69100f68fb4d3a06d1ff6b6cb5310157?s=96&d=mm&r=g","contentUrl":"https:\/\/secure.gravatar.com\/avatar\/69100f68fb4d3a06d1ff6b6cb5310157?s=96&d=mm&r=g","caption":"La Feria"},"description":"La Feria Carrusel Cultural, es un noticiario que alienta la participaci\u00f3n ciudadana y presenta informaci\u00f3n cultural y cient\u00edfica, de coyuntura, de M\u00e9xico y el mundo. En media hora puede conocer la cartelera cultural y escuchar, en voz de especialistas, entrevistas, asuntos especiales y mesas de an\u00e1lisis. Conducido por Juan Carlos Vald\u00e9s, La Feria Carrusel Cultural, se transmite todos los martes y jueves, de 15:00 a 15:30 horas por Horizonte, en el 107.9 de FM.","url":"https:\/\/noticias.imer.mx\/laferia\/author\/laferia\/"}]}},"_links":{"self":[{"href":"https:\/\/noticias.imer.mx\/laferia\/wp-json\/wp\/v2\/posts\/28348"}],"collection":[{"href":"https:\/\/noticias.imer.mx\/laferia\/wp-json\/wp\/v2\/posts"}],"about":[{"href":"https:\/\/noticias.imer.mx\/laferia\/wp-json\/wp\/v2\/types\/post"}],"author":[{"embeddable":true,"href":"https:\/\/noticias.imer.mx\/laferia\/wp-json\/wp\/v2\/users\/12"}],"replies":[{"embeddable":true,"href":"https:\/\/noticias.imer.mx\/laferia\/wp-json\/wp\/v2\/comments?post=28348"}],"version-history":[{"count":1,"href":"https:\/\/noticias.imer.mx\/laferia\/wp-json\/wp\/v2\/posts\/28348\/revisions"}],"predecessor-version":[{"id":28349,"href":"https:\/\/noticias.imer.mx\/laferia\/wp-json\/wp\/v2\/posts\/28348\/revisions\/28349"}],"wp:featuredmedia":[{"embeddable":true,"href":"https:\/\/noticias.imer.mx\/laferia\/wp-json\/wp\/v2\/media\/28338"}],"wp:attachment":[{"href":"https:\/\/noticias.imer.mx\/laferia\/wp-json\/wp\/v2\/media?parent=28348"}],"wp:term":[{"taxonomy":"category","embeddable":true,"href":"https:\/\/noticias.imer.mx\/laferia\/wp-json\/wp\/v2\/categories?post=28348"},{"taxonomy":"post_tag","embeddable":true,"href":"https:\/\/noticias.imer.mx\/laferia\/wp-json\/wp\/v2\/tags?post=28348"}],"curies":[{"name":"wp","href":"https:\/\/api.w.org\/{rel}","templated":true}]}}