{"id":27692,"date":"2016-06-23T17:53:30","date_gmt":"2016-06-23T23:53:30","guid":{"rendered":"http:\/\/snn.imer.gob.mx\/laferia\/?p=27692"},"modified":"2016-06-23T17:53:30","modified_gmt":"2016-06-23T23:53:30","slug":"arte-nacion","status":"publish","type":"post","link":"https:\/\/noticias.imer.mx\/laferia\/2016\/06\/23\/arte-nacion\/","title":{"rendered":"Arte para la Naci\u00f3n, exposici\u00f3n en Palacio Nacional"},"content":{"rendered":"<p class=\"p1\"><a href=\"http:\/\/snn.imer.gob.mx\/laferia\/files\/2016\/06\/arte-para-la-nacion-3-.jpg\"><img decoding=\"async\" loading=\"lazy\" class=\"alignnone size-medium wp-image-27693\" src=\"http:\/\/snn.imer.gob.mx\/laferia\/files\/2016\/06\/arte-para-la-nacion-3--300x168.jpg\" alt=\"arte para la nacion 3\" width=\"300\" height=\"168\" srcset=\"https:\/\/noticias.imer.mx\/laferia\/files\/2016\/06\/arte-para-la-nacion-3--300x168.jpg 300w, https:\/\/noticias.imer.mx\/laferia\/files\/2016\/06\/arte-para-la-nacion-3-.jpg 1024w\" sizes=\"(max-width: 300px) 100vw, 300px\" \/><\/a><\/p>\n<p class=\"p1\">La exposici\u00f3n <em><strong>Arte para la Naci\u00f3n<\/strong><\/em> muestra la riqueza del pago\u00a0en especie como una colecci\u00f3n de m\u00faltiples sedes, se\u00f1al\u00f3 el curador <strong>James Oles<\/strong> durante la presentaci\u00f3n de la exhibici\u00f3n que se\u00a0albergar\u00e1 en\u00a0la galer\u00eda de <em><strong>Palacio Nacional.<\/strong><\/em><\/p>\n<!--[if lt IE 9]><script>document.createElement('audio');<\/script><![endif]-->\n<audio class=\"wp-audio-shortcode\" id=\"audio-27692-1\" preload=\"none\" style=\"width: 100%;\" controls=\"controls\"><source type=\"audio\/mpeg\" src=\"http:\/\/snn.imer.gob.mx\/laferia\/files\/2016\/06\/PANY-ARTE-DE-LA-NACION.mp3?_=1\" \/><a href=\"http:\/\/snn.imer.gob.mx\/laferia\/files\/2016\/06\/PANY-ARTE-DE-LA-NACION.mp3\">http:\/\/snn.imer.gob.mx\/laferia\/files\/2016\/06\/PANY-ARTE-DE-LA-NACION.mp3<\/a><\/audio>\n","protected":false},"excerpt":{"rendered":"<p>La exposici\u00f3n Arte para la Naci\u00f3n muestra la riqueza del pago\u00a0en especie como una colecci\u00f3n de m\u00faltiples sedes, se\u00f1al\u00f3 el curador James Oles durante la presentaci\u00f3n de la exhibici\u00f3n que se\u00a0albergar\u00e1 en\u00a0la galer\u00eda de Palacio Nacional.<\/p>\n","protected":false},"author":12,"featured_media":27693,"comment_status":"open","ping_status":"open","sticky":false,"template":"","format":"audio","meta":{"wp_popup_display_lightbox":0,"wp_popup_suppress":"","wp_popup_trigger":"","wp_popup_trigger_amount":0,"wp_popup_disable_on_mobile":false},"categories":[1729],"tags":[4145,1818,4147,4146],"yoast_head":"<!-- This site is optimized with the Yoast SEO plugin v21.0 - https:\/\/yoast.com\/wordpress\/plugins\/seo\/ -->\n<title>Arte para la Naci\u00f3n, exposici\u00f3n en Palacio Nacional - La Feria, Carrusel Cultural<\/title>\n<meta name=\"robots\" content=\"index, follow, max-snippet:-1, max-image-preview:large, max-video-preview:-1\" \/>\n<link rel=\"canonical\" href=\"https:\/\/noticias.imer.mx\/laferia\/2016\/06\/23\/arte-nacion\/\" \/>\n<meta property=\"og:locale\" content=\"es_ES\" \/>\n<meta property=\"og:type\" content=\"article\" \/>\n<meta property=\"og:title\" content=\"Arte para la Naci\u00f3n, exposici\u00f3n en Palacio Nacional - La Feria, Carrusel Cultural\" \/>\n<meta property=\"og:description\" content=\"La exposici\u00f3n Arte para la Naci\u00f3n muestra la riqueza del pago\u00a0en especie como una colecci\u00f3n de m\u00faltiples sedes, se\u00f1al\u00f3 el curador James Oles durante la presentaci\u00f3n de la exhibici\u00f3n que se\u00a0albergar\u00e1 en\u00a0la galer\u00eda de Palacio Nacional.\" \/>\n<meta property=\"og:url\" content=\"https:\/\/noticias.imer.mx\/laferia\/2016\/06\/23\/arte-nacion\/\" \/>\n<meta property=\"og:site_name\" content=\"La Feria, Carrusel Cultural\" \/>\n<meta property=\"article:published_time\" content=\"2016-06-23T23:53:30+00:00\" \/>\n<meta property=\"og:image\" content=\"https:\/\/noticias.imer.mx\/laferia\/files\/2016\/06\/arte-para-la-nacion-3-.jpg\" \/>\n\t<meta property=\"og:image:width\" content=\"1024\" \/>\n\t<meta property=\"og:image:height\" content=\"575\" \/>\n\t<meta property=\"og:image:type\" content=\"image\/jpeg\" \/>\n<meta name=\"author\" content=\"La Feria\" \/>\n<meta name=\"twitter:card\" content=\"summary_large_image\" \/>\n<meta name=\"twitter:label1\" content=\"Escrito por\" \/>\n\t<meta name=\"twitter:data1\" content=\"La Feria\" \/>\n<script type=\"application\/ld+json\" class=\"yoast-schema-graph\">{\"@context\":\"https:\/\/schema.org\",\"@graph\":[{\"@type\":\"WebPage\",\"@id\":\"https:\/\/noticias.imer.mx\/laferia\/2016\/06\/23\/arte-nacion\/\",\"url\":\"https:\/\/noticias.imer.mx\/laferia\/2016\/06\/23\/arte-nacion\/\",\"name\":\"Arte para la Naci\u00f3n, exposici\u00f3n en Palacio Nacional - La Feria, Carrusel Cultural\",\"isPartOf\":{\"@id\":\"https:\/\/noticias.imer.mx\/laferia\/#website\"},\"datePublished\":\"2016-06-23T23:53:30+00:00\",\"dateModified\":\"2016-06-23T23:53:30+00:00\",\"author\":{\"@id\":\"https:\/\/noticias.imer.mx\/laferia\/#\/schema\/person\/438ebaa433c79f71687928759130ec9f\"},\"breadcrumb\":{\"@id\":\"https:\/\/noticias.imer.mx\/laferia\/2016\/06\/23\/arte-nacion\/#breadcrumb\"},\"inLanguage\":\"es\",\"potentialAction\":[{\"@type\":\"ReadAction\",\"target\":[\"https:\/\/noticias.imer.mx\/laferia\/2016\/06\/23\/arte-nacion\/\"]}]},{\"@type\":\"BreadcrumbList\",\"@id\":\"https:\/\/noticias.imer.mx\/laferia\/2016\/06\/23\/arte-nacion\/#breadcrumb\",\"itemListElement\":[{\"@type\":\"ListItem\",\"position\":1,\"name\":\"Home\",\"item\":\"https:\/\/noticias.imer.mx\/laferia\/\"},{\"@type\":\"ListItem\",\"position\":2,\"name\":\"Arte para la Naci\u00f3n, exposici\u00f3n en Palacio Nacional\"}]},{\"@type\":\"WebSite\",\"@id\":\"https:\/\/noticias.imer.mx\/laferia\/#website\",\"url\":\"https:\/\/noticias.imer.mx\/laferia\/\",\"name\":\"La Feria, Carrusel Cultural\",\"description\":\"Instituto Mexicano de la Radio\",\"potentialAction\":[{\"@type\":\"SearchAction\",\"target\":{\"@type\":\"EntryPoint\",\"urlTemplate\":\"https:\/\/noticias.imer.mx\/laferia\/?s={search_term_string}\"},\"query-input\":\"required name=search_term_string\"}],\"inLanguage\":\"es\"},{\"@type\":\"Person\",\"@id\":\"https:\/\/noticias.imer.mx\/laferia\/#\/schema\/person\/438ebaa433c79f71687928759130ec9f\",\"name\":\"La Feria\",\"image\":{\"@type\":\"ImageObject\",\"inLanguage\":\"es\",\"@id\":\"https:\/\/noticias.imer.mx\/laferia\/#\/schema\/person\/image\/\",\"url\":\"https:\/\/secure.gravatar.com\/avatar\/69100f68fb4d3a06d1ff6b6cb5310157?s=96&d=mm&r=g\",\"contentUrl\":\"https:\/\/secure.gravatar.com\/avatar\/69100f68fb4d3a06d1ff6b6cb5310157?s=96&d=mm&r=g\",\"caption\":\"La Feria\"},\"description\":\"La Feria Carrusel Cultural, es un noticiario que alienta la participaci\u00f3n ciudadana y presenta informaci\u00f3n cultural y cient\u00edfica, de coyuntura, de M\u00e9xico y el mundo. En media hora puede conocer la cartelera cultural y escuchar, en voz de especialistas, entrevistas, asuntos especiales y mesas de an\u00e1lisis. Conducido por Juan Carlos Vald\u00e9s, La Feria Carrusel Cultural, se transmite todos los martes y jueves, de 15:00 a 15:30 horas por Horizonte, en el 107.9 de FM.\",\"url\":\"https:\/\/noticias.imer.mx\/laferia\/author\/laferia\/\"}]}<\/script>\n<!-- \/ Yoast SEO plugin. -->","yoast_head_json":{"title":"Arte para la Naci\u00f3n, exposici\u00f3n en Palacio Nacional - La Feria, Carrusel Cultural","robots":{"index":"index","follow":"follow","max-snippet":"max-snippet:-1","max-image-preview":"max-image-preview:large","max-video-preview":"max-video-preview:-1"},"canonical":"https:\/\/noticias.imer.mx\/laferia\/2016\/06\/23\/arte-nacion\/","og_locale":"es_ES","og_type":"article","og_title":"Arte para la Naci\u00f3n, exposici\u00f3n en Palacio Nacional - La Feria, Carrusel Cultural","og_description":"La exposici\u00f3n Arte para la Naci\u00f3n muestra la riqueza del pago\u00a0en especie como una colecci\u00f3n de m\u00faltiples sedes, se\u00f1al\u00f3 el curador James Oles durante la presentaci\u00f3n de la exhibici\u00f3n que se\u00a0albergar\u00e1 en\u00a0la galer\u00eda de Palacio Nacional.","og_url":"https:\/\/noticias.imer.mx\/laferia\/2016\/06\/23\/arte-nacion\/","og_site_name":"La Feria, Carrusel Cultural","article_published_time":"2016-06-23T23:53:30+00:00","og_image":[{"width":1024,"height":575,"url":"https:\/\/noticias.imer.mx\/laferia\/files\/2016\/06\/arte-para-la-nacion-3-.jpg","type":"image\/jpeg"}],"author":"La Feria","twitter_card":"summary_large_image","twitter_misc":{"Escrito por":"La Feria"},"schema":{"@context":"https:\/\/schema.org","@graph":[{"@type":"WebPage","@id":"https:\/\/noticias.imer.mx\/laferia\/2016\/06\/23\/arte-nacion\/","url":"https:\/\/noticias.imer.mx\/laferia\/2016\/06\/23\/arte-nacion\/","name":"Arte para la Naci\u00f3n, exposici\u00f3n en Palacio Nacional - La Feria, Carrusel Cultural","isPartOf":{"@id":"https:\/\/noticias.imer.mx\/laferia\/#website"},"datePublished":"2016-06-23T23:53:30+00:00","dateModified":"2016-06-23T23:53:30+00:00","author":{"@id":"https:\/\/noticias.imer.mx\/laferia\/#\/schema\/person\/438ebaa433c79f71687928759130ec9f"},"breadcrumb":{"@id":"https:\/\/noticias.imer.mx\/laferia\/2016\/06\/23\/arte-nacion\/#breadcrumb"},"inLanguage":"es","potentialAction":[{"@type":"ReadAction","target":["https:\/\/noticias.imer.mx\/laferia\/2016\/06\/23\/arte-nacion\/"]}]},{"@type":"BreadcrumbList","@id":"https:\/\/noticias.imer.mx\/laferia\/2016\/06\/23\/arte-nacion\/#breadcrumb","itemListElement":[{"@type":"ListItem","position":1,"name":"Home","item":"https:\/\/noticias.imer.mx\/laferia\/"},{"@type":"ListItem","position":2,"name":"Arte para la Naci\u00f3n, exposici\u00f3n en Palacio Nacional"}]},{"@type":"WebSite","@id":"https:\/\/noticias.imer.mx\/laferia\/#website","url":"https:\/\/noticias.imer.mx\/laferia\/","name":"La Feria, Carrusel Cultural","description":"Instituto Mexicano de la Radio","potentialAction":[{"@type":"SearchAction","target":{"@type":"EntryPoint","urlTemplate":"https:\/\/noticias.imer.mx\/laferia\/?s={search_term_string}"},"query-input":"required name=search_term_string"}],"inLanguage":"es"},{"@type":"Person","@id":"https:\/\/noticias.imer.mx\/laferia\/#\/schema\/person\/438ebaa433c79f71687928759130ec9f","name":"La Feria","image":{"@type":"ImageObject","inLanguage":"es","@id":"https:\/\/noticias.imer.mx\/laferia\/#\/schema\/person\/image\/","url":"https:\/\/secure.gravatar.com\/avatar\/69100f68fb4d3a06d1ff6b6cb5310157?s=96&d=mm&r=g","contentUrl":"https:\/\/secure.gravatar.com\/avatar\/69100f68fb4d3a06d1ff6b6cb5310157?s=96&d=mm&r=g","caption":"La Feria"},"description":"La Feria Carrusel Cultural, es un noticiario que alienta la participaci\u00f3n ciudadana y presenta informaci\u00f3n cultural y cient\u00edfica, de coyuntura, de M\u00e9xico y el mundo. En media hora puede conocer la cartelera cultural y escuchar, en voz de especialistas, entrevistas, asuntos especiales y mesas de an\u00e1lisis. Conducido por Juan Carlos Vald\u00e9s, La Feria Carrusel Cultural, se transmite todos los martes y jueves, de 15:00 a 15:30 horas por Horizonte, en el 107.9 de FM.","url":"https:\/\/noticias.imer.mx\/laferia\/author\/laferia\/"}]}},"_links":{"self":[{"href":"https:\/\/noticias.imer.mx\/laferia\/wp-json\/wp\/v2\/posts\/27692"}],"collection":[{"href":"https:\/\/noticias.imer.mx\/laferia\/wp-json\/wp\/v2\/posts"}],"about":[{"href":"https:\/\/noticias.imer.mx\/laferia\/wp-json\/wp\/v2\/types\/post"}],"author":[{"embeddable":true,"href":"https:\/\/noticias.imer.mx\/laferia\/wp-json\/wp\/v2\/users\/12"}],"replies":[{"embeddable":true,"href":"https:\/\/noticias.imer.mx\/laferia\/wp-json\/wp\/v2\/comments?post=27692"}],"version-history":[{"count":2,"href":"https:\/\/noticias.imer.mx\/laferia\/wp-json\/wp\/v2\/posts\/27692\/revisions"}],"predecessor-version":[{"id":27695,"href":"https:\/\/noticias.imer.mx\/laferia\/wp-json\/wp\/v2\/posts\/27692\/revisions\/27695"}],"wp:featuredmedia":[{"embeddable":true,"href":"https:\/\/noticias.imer.mx\/laferia\/wp-json\/wp\/v2\/media\/27693"}],"wp:attachment":[{"href":"https:\/\/noticias.imer.mx\/laferia\/wp-json\/wp\/v2\/media?parent=27692"}],"wp:term":[{"taxonomy":"category","embeddable":true,"href":"https:\/\/noticias.imer.mx\/laferia\/wp-json\/wp\/v2\/categories?post=27692"},{"taxonomy":"post_tag","embeddable":true,"href":"https:\/\/noticias.imer.mx\/laferia\/wp-json\/wp\/v2\/tags?post=27692"}],"curies":[{"name":"wp","href":"https:\/\/api.w.org\/{rel}","templated":true}]}}