{"id":27669,"date":"2016-06-21T17:06:37","date_gmt":"2016-06-21T23:06:37","guid":{"rendered":"http:\/\/snn.imer.gob.mx\/laferia\/?p=27669"},"modified":"2016-06-21T17:52:36","modified_gmt":"2016-06-21T23:52:36","slug":"omt","status":"publish","type":"post","link":"https:\/\/noticias.imer.mx\/laferia\/2016\/06\/21\/omt\/","title":{"rendered":"Entrevista con C\u00e9sar Olgu\u00edn y Ra\u00fal Vizzi de la Orquesta Mexicana de Tango"},"content":{"rendered":"<p class=\"p1\"><a href=\"http:\/\/snn.imer.gob.mx\/laferia\/files\/2016\/06\/portada-Silencio.jpg\"><img loading=\"lazy\" decoding=\"async\" class=\"alignnone size-medium wp-image-27673\" src=\"http:\/\/snn.imer.gob.mx\/laferia\/files\/2016\/06\/portada-Silencio-300x300.jpg\" alt=\"portada Silencio\" width=\"300\" height=\"300\" srcset=\"https:\/\/noticias.imer.mx\/laferia\/files\/2016\/06\/portada-Silencio-300x300.jpg 300w, https:\/\/noticias.imer.mx\/laferia\/files\/2016\/06\/portada-Silencio-150x150.jpg 150w, https:\/\/noticias.imer.mx\/laferia\/files\/2016\/06\/portada-Silencio.jpg 591w\" sizes=\"auto, (max-width: 300px) 100vw, 300px\" \/><\/a><\/p>\n<p class=\"p1\">La <em><strong>Orquesta Mexicana de Tango<\/strong><\/em>\u00a0celebra 8 a\u00f1os y presentar\u00e1 su m\u00e1s reciente disco <em><strong>\u201cSilencio\u201d<\/strong><\/em> el 2 de julio en el<em><strong> Teatro de la Ciudad Esperanza Iris<\/strong><\/em>. \u00a0Conversamos en la cabina con los m\u00fasicos <strong>C\u00e9sar Olgu\u00edn<\/strong> y <strong>Ra\u00fal Vizzi.<\/strong><\/p>\n<audio class=\"wp-audio-shortcode\" id=\"audio-27669-1\" preload=\"none\" style=\"width: 100%;\" controls=\"controls\"><source type=\"audio\/mpeg\" src=\"http:\/\/snn.imer.gob.mx\/laferia\/files\/2016\/06\/entrevista-EN-CABINA-ORQUESTA-MEXICANA-DE-TANGO.mp3?_=1\" \/><a href=\"http:\/\/snn.imer.gob.mx\/laferia\/files\/2016\/06\/entrevista-EN-CABINA-ORQUESTA-MEXICANA-DE-TANGO.mp3\">http:\/\/snn.imer.gob.mx\/laferia\/files\/2016\/06\/entrevista-EN-CABINA-ORQUESTA-MEXICANA-DE-TANGO.mp3<\/a><\/audio>\n","protected":false},"excerpt":{"rendered":"<p>La Orquesta Mexicana de Tango\u00a0celebra 8 a\u00f1os y presentar\u00e1 su m\u00e1s reciente disco \u201cSilencio\u201d el 2 de julio en el Teatro de la Ciudad Esperanza Iris. \u00a0Conversamos en la cabina con los m\u00fasicos C\u00e9sar Olgu\u00edn y Ra\u00fal Vizzi.<\/p>\n","protected":false},"author":12,"featured_media":27673,"comment_status":"open","ping_status":"open","sticky":false,"template":"","format":"audio","meta":{"footnotes":""},"categories":[1728],"tags":[4139,4138,4140,4141,3542],"class_list":["post-27669","post","type-post","status-publish","format-audio","has-post-thumbnail","hentry","category-entrevistas","tag-cesar-olguin","tag-orquesta-mexicana-de-tango","tag-raul-vizzi","tag-silencios","tag-teatro-de-la-ciudad-esperanza-iris","post_format-post-format-audio","category-1728","description-off"],"yoast_head":"<!-- This site is optimized with the Yoast SEO plugin v28.3 - https:\/\/yoast.com\/product\/yoast-seo-wordpress\/ -->\n<title>Entrevista con C\u00e9sar Olgu\u00edn y Ra\u00fal Vizzi de la Orquesta Mexicana de Tango - La Feria, Carrusel Cultural<\/title>\n<meta name=\"robots\" content=\"index, follow, max-snippet:-1, max-image-preview:large, max-video-preview:-1\" \/>\n<link rel=\"canonical\" href=\"https:\/\/noticias.imer.mx\/laferia\/2016\/06\/21\/omt\/\" \/>\n<meta property=\"og:locale\" content=\"es_ES\" \/>\n<meta property=\"og:type\" content=\"article\" \/>\n<meta property=\"og:title\" content=\"Entrevista con C\u00e9sar Olgu\u00edn y Ra\u00fal Vizzi de la Orquesta Mexicana de Tango - La Feria, Carrusel Cultural\" \/>\n<meta property=\"og:description\" content=\"La Orquesta Mexicana de Tango\u00a0celebra 8 a\u00f1os y presentar\u00e1 su m\u00e1s reciente disco \u201cSilencio\u201d el 2 de julio en el Teatro de la Ciudad Esperanza Iris. \u00a0Conversamos en la cabina con los m\u00fasicos C\u00e9sar Olgu\u00edn y Ra\u00fal Vizzi.\" \/>\n<meta property=\"og:url\" content=\"https:\/\/noticias.imer.mx\/laferia\/2016\/06\/21\/omt\/\" \/>\n<meta property=\"og:site_name\" content=\"La Feria, Carrusel Cultural\" \/>\n<meta property=\"article:published_time\" content=\"2016-06-21T23:06:37+00:00\" \/>\n<meta property=\"article:modified_time\" content=\"2016-06-21T23:52:36+00:00\" \/>\n<meta property=\"og:image\" content=\"https:\/\/noticias.imer.mx\/laferia\/files\/2016\/06\/portada-Silencio.jpg\" \/>\n\t<meta property=\"og:image:width\" content=\"591\" \/>\n\t<meta property=\"og:image:height\" content=\"590\" \/>\n\t<meta property=\"og:image:type\" content=\"image\/jpeg\" \/>\n<meta name=\"author\" content=\"La Feria\" \/>\n<meta name=\"twitter:card\" content=\"summary_large_image\" \/>\n<meta name=\"twitter:label1\" content=\"Escrito por\" \/>\n\t<meta name=\"twitter:data1\" content=\"La Feria\" \/>\n<script type=\"application\/ld+json\" class=\"yoast-schema-graph\">{\"@context\":\"https:\\\/\\\/schema.org\",\"@graph\":[{\"@type\":\"Article\",\"@id\":\"https:\\\/\\\/noticias.imer.mx\\\/laferia\\\/2016\\\/06\\\/21\\\/omt\\\/#article\",\"isPartOf\":{\"@id\":\"https:\\\/\\\/noticias.imer.mx\\\/laferia\\\/2016\\\/06\\\/21\\\/omt\\\/\"},\"author\":{\"name\":\"La Feria\",\"@id\":\"https:\\\/\\\/noticias.imer.mx\\\/laferia\\\/#\\\/schema\\\/person\\\/438ebaa433c79f71687928759130ec9f\"},\"headline\":\"Entrevista con C\u00e9sar Olgu\u00edn y Ra\u00fal Vizzi de la Orquesta Mexicana de Tango\",\"datePublished\":\"2016-06-21T23:06:37+00:00\",\"dateModified\":\"2016-06-21T23:52:36+00:00\",\"mainEntityOfPage\":{\"@id\":\"https:\\\/\\\/noticias.imer.mx\\\/laferia\\\/2016\\\/06\\\/21\\\/omt\\\/\"},\"wordCount\":71,\"commentCount\":0,\"image\":{\"@id\":\"https:\\\/\\\/noticias.imer.mx\\\/laferia\\\/2016\\\/06\\\/21\\\/omt\\\/#primaryimage\"},\"thumbnailUrl\":\"https:\\\/\\\/noticias.imer.mx\\\/laferia\\\/files\\\/2016\\\/06\\\/portada-Silencio.jpg\",\"keywords\":[\"C\u00e9sar Olgu\u00edn\",\"Orquesta Mexicana de Tango\",\"Ra\u00fal Vizzi\",\"silencios\",\"Teatro de la Ciudad Esperanza Iris\"],\"articleSection\":[\"Entrevistas\"],\"inLanguage\":\"es\",\"potentialAction\":[{\"@type\":\"CommentAction\",\"name\":\"Comment\",\"target\":[\"https:\\\/\\\/noticias.imer.mx\\\/laferia\\\/2016\\\/06\\\/21\\\/omt\\\/#respond\"]}]},{\"@type\":\"WebPage\",\"@id\":\"https:\\\/\\\/noticias.imer.mx\\\/laferia\\\/2016\\\/06\\\/21\\\/omt\\\/\",\"url\":\"https:\\\/\\\/noticias.imer.mx\\\/laferia\\\/2016\\\/06\\\/21\\\/omt\\\/\",\"name\":\"Entrevista con C\u00e9sar Olgu\u00edn y Ra\u00fal Vizzi de la Orquesta Mexicana de Tango - La Feria, Carrusel Cultural\",\"isPartOf\":{\"@id\":\"https:\\\/\\\/noticias.imer.mx\\\/laferia\\\/#website\"},\"primaryImageOfPage\":{\"@id\":\"https:\\\/\\\/noticias.imer.mx\\\/laferia\\\/2016\\\/06\\\/21\\\/omt\\\/#primaryimage\"},\"image\":{\"@id\":\"https:\\\/\\\/noticias.imer.mx\\\/laferia\\\/2016\\\/06\\\/21\\\/omt\\\/#primaryimage\"},\"thumbnailUrl\":\"https:\\\/\\\/noticias.imer.mx\\\/laferia\\\/files\\\/2016\\\/06\\\/portada-Silencio.jpg\",\"datePublished\":\"2016-06-21T23:06:37+00:00\",\"dateModified\":\"2016-06-21T23:52:36+00:00\",\"author\":{\"@id\":\"https:\\\/\\\/noticias.imer.mx\\\/laferia\\\/#\\\/schema\\\/person\\\/438ebaa433c79f71687928759130ec9f\"},\"breadcrumb\":{\"@id\":\"https:\\\/\\\/noticias.imer.mx\\\/laferia\\\/2016\\\/06\\\/21\\\/omt\\\/#breadcrumb\"},\"inLanguage\":\"es\",\"potentialAction\":[{\"@type\":\"ReadAction\",\"target\":[\"https:\\\/\\\/noticias.imer.mx\\\/laferia\\\/2016\\\/06\\\/21\\\/omt\\\/\"]}]},{\"@type\":\"ImageObject\",\"inLanguage\":\"es\",\"@id\":\"https:\\\/\\\/noticias.imer.mx\\\/laferia\\\/2016\\\/06\\\/21\\\/omt\\\/#primaryimage\",\"url\":\"https:\\\/\\\/noticias.imer.mx\\\/laferia\\\/files\\\/2016\\\/06\\\/portada-Silencio.jpg\",\"contentUrl\":\"https:\\\/\\\/noticias.imer.mx\\\/laferia\\\/files\\\/2016\\\/06\\\/portada-Silencio.jpg\",\"width\":591,\"height\":590},{\"@type\":\"BreadcrumbList\",\"@id\":\"https:\\\/\\\/noticias.imer.mx\\\/laferia\\\/2016\\\/06\\\/21\\\/omt\\\/#breadcrumb\",\"itemListElement\":[{\"@type\":\"ListItem\",\"position\":1,\"name\":\"Home\",\"item\":\"https:\\\/\\\/noticias.imer.mx\\\/laferia\\\/\"},{\"@type\":\"ListItem\",\"position\":2,\"name\":\"Entrevista con C\u00e9sar Olgu\u00edn y Ra\u00fal Vizzi de la Orquesta Mexicana de Tango\"}]},{\"@type\":\"WebSite\",\"@id\":\"https:\\\/\\\/noticias.imer.mx\\\/laferia\\\/#website\",\"url\":\"https:\\\/\\\/noticias.imer.mx\\\/laferia\\\/\",\"name\":\"La Feria, Carrusel Cultural\",\"description\":\"Instituto Mexicano de la Radio\",\"potentialAction\":[{\"@type\":\"SearchAction\",\"target\":{\"@type\":\"EntryPoint\",\"urlTemplate\":\"https:\\\/\\\/noticias.imer.mx\\\/laferia\\\/?s={search_term_string}\"},\"query-input\":{\"@type\":\"PropertyValueSpecification\",\"valueRequired\":true,\"valueName\":\"search_term_string\"}}],\"inLanguage\":\"es\"},{\"@type\":\"Person\",\"@id\":\"https:\\\/\\\/noticias.imer.mx\\\/laferia\\\/#\\\/schema\\\/person\\\/438ebaa433c79f71687928759130ec9f\",\"name\":\"La Feria\",\"image\":{\"@type\":\"ImageObject\",\"inLanguage\":\"es\",\"@id\":\"https:\\\/\\\/secure.gravatar.com\\\/avatar\\\/cbbcee54e91463e8407e2d70df26959fcb0f097a4069ec4554e8bdaf8765377f?s=96&d=mm&r=g\",\"url\":\"https:\\\/\\\/secure.gravatar.com\\\/avatar\\\/cbbcee54e91463e8407e2d70df26959fcb0f097a4069ec4554e8bdaf8765377f?s=96&d=mm&r=g\",\"contentUrl\":\"https:\\\/\\\/secure.gravatar.com\\\/avatar\\\/cbbcee54e91463e8407e2d70df26959fcb0f097a4069ec4554e8bdaf8765377f?s=96&d=mm&r=g\",\"caption\":\"La Feria\"},\"description\":\"La Feria Carrusel Cultural, es un noticiario que alienta la participaci\u00f3n ciudadana y presenta informaci\u00f3n cultural y cient\u00edfica, de coyuntura, de M\u00e9xico y el mundo. En media hora puede conocer la cartelera cultural y escuchar, en voz de especialistas, entrevistas, asuntos especiales y mesas de an\u00e1lisis. Conducido por Juan Carlos Vald\u00e9s, La Feria Carrusel Cultural, se transmite todos los martes y jueves, de 15:00 a 15:30 horas por Horizonte, en el 107.9 de FM.\",\"url\":\"https:\\\/\\\/noticias.imer.mx\\\/laferia\\\/author\\\/laferia\\\/\"}]}<\/script>\n<!-- \/ Yoast SEO plugin. -->","yoast_head_json":{"title":"Entrevista con C\u00e9sar Olgu\u00edn y Ra\u00fal Vizzi de la Orquesta Mexicana de Tango - La Feria, Carrusel Cultural","robots":{"index":"index","follow":"follow","max-snippet":"max-snippet:-1","max-image-preview":"max-image-preview:large","max-video-preview":"max-video-preview:-1"},"canonical":"https:\/\/noticias.imer.mx\/laferia\/2016\/06\/21\/omt\/","og_locale":"es_ES","og_type":"article","og_title":"Entrevista con C\u00e9sar Olgu\u00edn y Ra\u00fal Vizzi de la Orquesta Mexicana de Tango - La Feria, Carrusel Cultural","og_description":"La Orquesta Mexicana de Tango\u00a0celebra 8 a\u00f1os y presentar\u00e1 su m\u00e1s reciente disco \u201cSilencio\u201d el 2 de julio en el Teatro de la Ciudad Esperanza Iris. \u00a0Conversamos en la cabina con los m\u00fasicos C\u00e9sar Olgu\u00edn y Ra\u00fal Vizzi.","og_url":"https:\/\/noticias.imer.mx\/laferia\/2016\/06\/21\/omt\/","og_site_name":"La Feria, Carrusel Cultural","article_published_time":"2016-06-21T23:06:37+00:00","article_modified_time":"2016-06-21T23:52:36+00:00","og_image":[{"width":591,"height":590,"url":"https:\/\/noticias.imer.mx\/laferia\/files\/2016\/06\/portada-Silencio.jpg","type":"image\/jpeg"}],"author":"La Feria","twitter_card":"summary_large_image","twitter_misc":{"Escrito por":"La Feria"},"schema":{"@context":"https:\/\/schema.org","@graph":[{"@type":"Article","@id":"https:\/\/noticias.imer.mx\/laferia\/2016\/06\/21\/omt\/#article","isPartOf":{"@id":"https:\/\/noticias.imer.mx\/laferia\/2016\/06\/21\/omt\/"},"author":{"name":"La Feria","@id":"https:\/\/noticias.imer.mx\/laferia\/#\/schema\/person\/438ebaa433c79f71687928759130ec9f"},"headline":"Entrevista con C\u00e9sar Olgu\u00edn y Ra\u00fal Vizzi de la Orquesta Mexicana de Tango","datePublished":"2016-06-21T23:06:37+00:00","dateModified":"2016-06-21T23:52:36+00:00","mainEntityOfPage":{"@id":"https:\/\/noticias.imer.mx\/laferia\/2016\/06\/21\/omt\/"},"wordCount":71,"commentCount":0,"image":{"@id":"https:\/\/noticias.imer.mx\/laferia\/2016\/06\/21\/omt\/#primaryimage"},"thumbnailUrl":"https:\/\/noticias.imer.mx\/laferia\/files\/2016\/06\/portada-Silencio.jpg","keywords":["C\u00e9sar Olgu\u00edn","Orquesta Mexicana de Tango","Ra\u00fal Vizzi","silencios","Teatro de la Ciudad Esperanza Iris"],"articleSection":["Entrevistas"],"inLanguage":"es","potentialAction":[{"@type":"CommentAction","name":"Comment","target":["https:\/\/noticias.imer.mx\/laferia\/2016\/06\/21\/omt\/#respond"]}]},{"@type":"WebPage","@id":"https:\/\/noticias.imer.mx\/laferia\/2016\/06\/21\/omt\/","url":"https:\/\/noticias.imer.mx\/laferia\/2016\/06\/21\/omt\/","name":"Entrevista con C\u00e9sar Olgu\u00edn y Ra\u00fal Vizzi de la Orquesta Mexicana de Tango - La Feria, Carrusel Cultural","isPartOf":{"@id":"https:\/\/noticias.imer.mx\/laferia\/#website"},"primaryImageOfPage":{"@id":"https:\/\/noticias.imer.mx\/laferia\/2016\/06\/21\/omt\/#primaryimage"},"image":{"@id":"https:\/\/noticias.imer.mx\/laferia\/2016\/06\/21\/omt\/#primaryimage"},"thumbnailUrl":"https:\/\/noticias.imer.mx\/laferia\/files\/2016\/06\/portada-Silencio.jpg","datePublished":"2016-06-21T23:06:37+00:00","dateModified":"2016-06-21T23:52:36+00:00","author":{"@id":"https:\/\/noticias.imer.mx\/laferia\/#\/schema\/person\/438ebaa433c79f71687928759130ec9f"},"breadcrumb":{"@id":"https:\/\/noticias.imer.mx\/laferia\/2016\/06\/21\/omt\/#breadcrumb"},"inLanguage":"es","potentialAction":[{"@type":"ReadAction","target":["https:\/\/noticias.imer.mx\/laferia\/2016\/06\/21\/omt\/"]}]},{"@type":"ImageObject","inLanguage":"es","@id":"https:\/\/noticias.imer.mx\/laferia\/2016\/06\/21\/omt\/#primaryimage","url":"https:\/\/noticias.imer.mx\/laferia\/files\/2016\/06\/portada-Silencio.jpg","contentUrl":"https:\/\/noticias.imer.mx\/laferia\/files\/2016\/06\/portada-Silencio.jpg","width":591,"height":590},{"@type":"BreadcrumbList","@id":"https:\/\/noticias.imer.mx\/laferia\/2016\/06\/21\/omt\/#breadcrumb","itemListElement":[{"@type":"ListItem","position":1,"name":"Home","item":"https:\/\/noticias.imer.mx\/laferia\/"},{"@type":"ListItem","position":2,"name":"Entrevista con C\u00e9sar Olgu\u00edn y Ra\u00fal Vizzi de la Orquesta Mexicana de Tango"}]},{"@type":"WebSite","@id":"https:\/\/noticias.imer.mx\/laferia\/#website","url":"https:\/\/noticias.imer.mx\/laferia\/","name":"La Feria, Carrusel Cultural","description":"Instituto Mexicano de la Radio","potentialAction":[{"@type":"SearchAction","target":{"@type":"EntryPoint","urlTemplate":"https:\/\/noticias.imer.mx\/laferia\/?s={search_term_string}"},"query-input":{"@type":"PropertyValueSpecification","valueRequired":true,"valueName":"search_term_string"}}],"inLanguage":"es"},{"@type":"Person","@id":"https:\/\/noticias.imer.mx\/laferia\/#\/schema\/person\/438ebaa433c79f71687928759130ec9f","name":"La Feria","image":{"@type":"ImageObject","inLanguage":"es","@id":"https:\/\/secure.gravatar.com\/avatar\/cbbcee54e91463e8407e2d70df26959fcb0f097a4069ec4554e8bdaf8765377f?s=96&d=mm&r=g","url":"https:\/\/secure.gravatar.com\/avatar\/cbbcee54e91463e8407e2d70df26959fcb0f097a4069ec4554e8bdaf8765377f?s=96&d=mm&r=g","contentUrl":"https:\/\/secure.gravatar.com\/avatar\/cbbcee54e91463e8407e2d70df26959fcb0f097a4069ec4554e8bdaf8765377f?s=96&d=mm&r=g","caption":"La Feria"},"description":"La Feria Carrusel Cultural, es un noticiario que alienta la participaci\u00f3n ciudadana y presenta informaci\u00f3n cultural y cient\u00edfica, de coyuntura, de M\u00e9xico y el mundo. En media hora puede conocer la cartelera cultural y escuchar, en voz de especialistas, entrevistas, asuntos especiales y mesas de an\u00e1lisis. Conducido por Juan Carlos Vald\u00e9s, La Feria Carrusel Cultural, se transmite todos los martes y jueves, de 15:00 a 15:30 horas por Horizonte, en el 107.9 de FM.","url":"https:\/\/noticias.imer.mx\/laferia\/author\/laferia\/"}]}},"_links":{"self":[{"href":"https:\/\/noticias.imer.mx\/laferia\/wp-json\/wp\/v2\/posts\/27669","targetHints":{"allow":["GET"]}}],"collection":[{"href":"https:\/\/noticias.imer.mx\/laferia\/wp-json\/wp\/v2\/posts"}],"about":[{"href":"https:\/\/noticias.imer.mx\/laferia\/wp-json\/wp\/v2\/types\/post"}],"author":[{"embeddable":true,"href":"https:\/\/noticias.imer.mx\/laferia\/wp-json\/wp\/v2\/users\/12"}],"replies":[{"embeddable":true,"href":"https:\/\/noticias.imer.mx\/laferia\/wp-json\/wp\/v2\/comments?post=27669"}],"version-history":[{"count":6,"href":"https:\/\/noticias.imer.mx\/laferia\/wp-json\/wp\/v2\/posts\/27669\/revisions"}],"predecessor-version":[{"id":27676,"href":"https:\/\/noticias.imer.mx\/laferia\/wp-json\/wp\/v2\/posts\/27669\/revisions\/27676"}],"wp:featuredmedia":[{"embeddable":true,"href":"https:\/\/noticias.imer.mx\/laferia\/wp-json\/wp\/v2\/media\/27673"}],"wp:attachment":[{"href":"https:\/\/noticias.imer.mx\/laferia\/wp-json\/wp\/v2\/media?parent=27669"}],"wp:term":[{"taxonomy":"category","embeddable":true,"href":"https:\/\/noticias.imer.mx\/laferia\/wp-json\/wp\/v2\/categories?post=27669"},{"taxonomy":"post_tag","embeddable":true,"href":"https:\/\/noticias.imer.mx\/laferia\/wp-json\/wp\/v2\/tags?post=27669"}],"curies":[{"name":"wp","href":"https:\/\/api.w.org\/{rel}","templated":true}]}}