{"id":27228,"date":"2016-05-03T22:01:23","date_gmt":"2016-05-04T04:01:23","guid":{"rendered":"http:\/\/snn.imer.gob.mx\/laferia\/?p=27228"},"modified":"2016-05-03T22:01:23","modified_gmt":"2016-05-04T04:01:23","slug":"rendiran-homenaje-a-teodoro-gonzalez-de-leon","status":"publish","type":"post","link":"https:\/\/noticias.imer.mx\/laferia\/2016\/05\/03\/rendiran-homenaje-a-teodoro-gonzalez-de-leon\/","title":{"rendered":"Rendir\u00e1n homenaje a Teodoro Gonz\u00e1lez de Le\u00f3n"},"content":{"rendered":"<p class=\"p1\"><a href=\"http:\/\/snn.imer.gob.mx\/laferia\/files\/2016\/05\/arq._Teodoro_Gonzalez_de_leon.png\"><img decoding=\"async\" loading=\"lazy\" class=\"alignnone size-medium wp-image-27210\" src=\"http:\/\/snn.imer.gob.mx\/laferia\/files\/2016\/05\/arq._Teodoro_Gonzalez_de_leon-200x300.png\" alt=\"arq._Teodoro_Gonzalez_de_leon\" width=\"200\" height=\"300\" srcset=\"https:\/\/noticias.imer.mx\/laferia\/files\/2016\/05\/arq._Teodoro_Gonzalez_de_leon-200x300.png 200w, https:\/\/noticias.imer.mx\/laferia\/files\/2016\/05\/arq._Teodoro_Gonzalez_de_leon.png 283w\" sizes=\"(max-width: 200px) 100vw, 200px\" \/><\/a><\/p>\n<p class=\"p1\">Reconciliar a la ciudad con su geograf\u00eda es una tarea preponderante para la sociedad, asegur\u00f3 el arquitecto<b> Teodoro Gonz\u00e1lez de Le\u00f3n<\/b> al presentar las actividades en torno al homenaje por sus 90 a\u00f1os de vida.<\/p>\n<!--[if lt IE 9]><script>document.createElement('audio');<\/script><![endif]-->\n<audio class=\"wp-audio-shortcode\" id=\"audio-27228-1\" preload=\"none\" style=\"width: 100%;\" controls=\"controls\"><source type=\"audio\/mpeg\" src=\"http:\/\/snn.imer.gob.mx\/laferia\/files\/2016\/05\/CARO-TEODORO-GONZALEZ.mp3?_=1\" \/><a href=\"http:\/\/snn.imer.gob.mx\/laferia\/files\/2016\/05\/CARO-TEODORO-GONZALEZ.mp3\">http:\/\/snn.imer.gob.mx\/laferia\/files\/2016\/05\/CARO-TEODORO-GONZALEZ.mp3<\/a><\/audio>\n<p class=\"p1\">\n","protected":false},"excerpt":{"rendered":"<p>Reconciliar a la ciudad con su geograf\u00eda es una tarea preponderante para la sociedad, asegur\u00f3 el arquitecto Teodoro Gonz\u00e1lez de Le\u00f3n al presentar las actividades en torno al homenaje por sus 90 a\u00f1os de vida.<\/p>\n","protected":false},"author":12,"featured_media":27210,"comment_status":"open","ping_status":"open","sticky":false,"template":"","format":"audio","meta":{"wp_popup_display_lightbox":0,"wp_popup_suppress":"","wp_popup_trigger":"","wp_popup_trigger_amount":0,"wp_popup_disable_on_mobile":false},"categories":[1729],"tags":[3819,3922,2268,1838,3116,2281],"yoast_head":"<!-- This site is optimized with the Yoast SEO plugin v21.0 - https:\/\/yoast.com\/wordpress\/plugins\/seo\/ -->\n<title>Rendir\u00e1n homenaje a Teodoro Gonz\u00e1lez de Le\u00f3n - La Feria, Carrusel Cultural<\/title>\n<meta name=\"robots\" content=\"index, follow, max-snippet:-1, max-image-preview:large, max-video-preview:-1\" \/>\n<link rel=\"canonical\" href=\"https:\/\/noticias.imer.mx\/laferia\/2016\/05\/03\/rendiran-homenaje-a-teodoro-gonzalez-de-leon\/\" \/>\n<meta property=\"og:locale\" content=\"es_ES\" \/>\n<meta property=\"og:type\" content=\"article\" \/>\n<meta property=\"og:title\" content=\"Rendir\u00e1n homenaje a Teodoro Gonz\u00e1lez de Le\u00f3n - La Feria, Carrusel Cultural\" \/>\n<meta property=\"og:description\" content=\"Reconciliar a la ciudad con su geograf\u00eda es una tarea preponderante para la sociedad, asegur\u00f3 el arquitecto Teodoro Gonz\u00e1lez de Le\u00f3n al presentar las actividades en torno al homenaje por sus 90 a\u00f1os de vida.\" \/>\n<meta property=\"og:url\" content=\"https:\/\/noticias.imer.mx\/laferia\/2016\/05\/03\/rendiran-homenaje-a-teodoro-gonzalez-de-leon\/\" \/>\n<meta property=\"og:site_name\" content=\"La Feria, Carrusel Cultural\" \/>\n<meta property=\"article:published_time\" content=\"2016-05-04T04:01:23+00:00\" \/>\n<meta property=\"og:image\" content=\"https:\/\/noticias.imer.mx\/laferia\/files\/2016\/05\/arq._Teodoro_Gonzalez_de_leon.png\" \/>\n\t<meta property=\"og:image:width\" content=\"283\" \/>\n\t<meta property=\"og:image:height\" content=\"425\" \/>\n\t<meta property=\"og:image:type\" content=\"image\/png\" \/>\n<meta name=\"author\" content=\"La Feria\" \/>\n<meta name=\"twitter:card\" content=\"summary_large_image\" \/>\n<meta name=\"twitter:label1\" content=\"Escrito por\" \/>\n\t<meta name=\"twitter:data1\" content=\"La Feria\" \/>\n<script type=\"application\/ld+json\" class=\"yoast-schema-graph\">{\"@context\":\"https:\/\/schema.org\",\"@graph\":[{\"@type\":\"WebPage\",\"@id\":\"https:\/\/noticias.imer.mx\/laferia\/2016\/05\/03\/rendiran-homenaje-a-teodoro-gonzalez-de-leon\/\",\"url\":\"https:\/\/noticias.imer.mx\/laferia\/2016\/05\/03\/rendiran-homenaje-a-teodoro-gonzalez-de-leon\/\",\"name\":\"Rendir\u00e1n homenaje a Teodoro Gonz\u00e1lez de Le\u00f3n - La Feria, Carrusel Cultural\",\"isPartOf\":{\"@id\":\"https:\/\/noticias.imer.mx\/laferia\/#website\"},\"datePublished\":\"2016-05-04T04:01:23+00:00\",\"dateModified\":\"2016-05-04T04:01:23+00:00\",\"author\":{\"@id\":\"https:\/\/noticias.imer.mx\/laferia\/#\/schema\/person\/438ebaa433c79f71687928759130ec9f\"},\"breadcrumb\":{\"@id\":\"https:\/\/noticias.imer.mx\/laferia\/2016\/05\/03\/rendiran-homenaje-a-teodoro-gonzalez-de-leon\/#breadcrumb\"},\"inLanguage\":\"es\",\"potentialAction\":[{\"@type\":\"ReadAction\",\"target\":[\"https:\/\/noticias.imer.mx\/laferia\/2016\/05\/03\/rendiran-homenaje-a-teodoro-gonzalez-de-leon\/\"]}]},{\"@type\":\"BreadcrumbList\",\"@id\":\"https:\/\/noticias.imer.mx\/laferia\/2016\/05\/03\/rendiran-homenaje-a-teodoro-gonzalez-de-leon\/#breadcrumb\",\"itemListElement\":[{\"@type\":\"ListItem\",\"position\":1,\"name\":\"Home\",\"item\":\"https:\/\/noticias.imer.mx\/laferia\/\"},{\"@type\":\"ListItem\",\"position\":2,\"name\":\"Rendir\u00e1n homenaje a Teodoro Gonz\u00e1lez de Le\u00f3n\"}]},{\"@type\":\"WebSite\",\"@id\":\"https:\/\/noticias.imer.mx\/laferia\/#website\",\"url\":\"https:\/\/noticias.imer.mx\/laferia\/\",\"name\":\"La Feria, Carrusel Cultural\",\"description\":\"Instituto Mexicano de la Radio\",\"potentialAction\":[{\"@type\":\"SearchAction\",\"target\":{\"@type\":\"EntryPoint\",\"urlTemplate\":\"https:\/\/noticias.imer.mx\/laferia\/?s={search_term_string}\"},\"query-input\":\"required name=search_term_string\"}],\"inLanguage\":\"es\"},{\"@type\":\"Person\",\"@id\":\"https:\/\/noticias.imer.mx\/laferia\/#\/schema\/person\/438ebaa433c79f71687928759130ec9f\",\"name\":\"La Feria\",\"image\":{\"@type\":\"ImageObject\",\"inLanguage\":\"es\",\"@id\":\"https:\/\/noticias.imer.mx\/laferia\/#\/schema\/person\/image\/\",\"url\":\"https:\/\/secure.gravatar.com\/avatar\/69100f68fb4d3a06d1ff6b6cb5310157?s=96&d=mm&r=g\",\"contentUrl\":\"https:\/\/secure.gravatar.com\/avatar\/69100f68fb4d3a06d1ff6b6cb5310157?s=96&d=mm&r=g\",\"caption\":\"La Feria\"},\"description\":\"La Feria Carrusel Cultural, es un noticiario que alienta la participaci\u00f3n ciudadana y presenta informaci\u00f3n cultural y cient\u00edfica, de coyuntura, de M\u00e9xico y el mundo. En media hora puede conocer la cartelera cultural y escuchar, en voz de especialistas, entrevistas, asuntos especiales y mesas de an\u00e1lisis. Conducido por Juan Carlos Vald\u00e9s, La Feria Carrusel Cultural, se transmite todos los martes y jueves, de 15:00 a 15:30 horas por Horizonte, en el 107.9 de FM.\",\"url\":\"https:\/\/noticias.imer.mx\/laferia\/author\/laferia\/\"}]}<\/script>\n<!-- \/ Yoast SEO plugin. -->","yoast_head_json":{"title":"Rendir\u00e1n homenaje a Teodoro Gonz\u00e1lez de Le\u00f3n - La Feria, Carrusel Cultural","robots":{"index":"index","follow":"follow","max-snippet":"max-snippet:-1","max-image-preview":"max-image-preview:large","max-video-preview":"max-video-preview:-1"},"canonical":"https:\/\/noticias.imer.mx\/laferia\/2016\/05\/03\/rendiran-homenaje-a-teodoro-gonzalez-de-leon\/","og_locale":"es_ES","og_type":"article","og_title":"Rendir\u00e1n homenaje a Teodoro Gonz\u00e1lez de Le\u00f3n - La Feria, Carrusel Cultural","og_description":"Reconciliar a la ciudad con su geograf\u00eda es una tarea preponderante para la sociedad, asegur\u00f3 el arquitecto Teodoro Gonz\u00e1lez de Le\u00f3n al presentar las actividades en torno al homenaje por sus 90 a\u00f1os de vida.","og_url":"https:\/\/noticias.imer.mx\/laferia\/2016\/05\/03\/rendiran-homenaje-a-teodoro-gonzalez-de-leon\/","og_site_name":"La Feria, Carrusel Cultural","article_published_time":"2016-05-04T04:01:23+00:00","og_image":[{"width":283,"height":425,"url":"https:\/\/noticias.imer.mx\/laferia\/files\/2016\/05\/arq._Teodoro_Gonzalez_de_leon.png","type":"image\/png"}],"author":"La Feria","twitter_card":"summary_large_image","twitter_misc":{"Escrito por":"La Feria"},"schema":{"@context":"https:\/\/schema.org","@graph":[{"@type":"WebPage","@id":"https:\/\/noticias.imer.mx\/laferia\/2016\/05\/03\/rendiran-homenaje-a-teodoro-gonzalez-de-leon\/","url":"https:\/\/noticias.imer.mx\/laferia\/2016\/05\/03\/rendiran-homenaje-a-teodoro-gonzalez-de-leon\/","name":"Rendir\u00e1n homenaje a Teodoro Gonz\u00e1lez de Le\u00f3n - La Feria, Carrusel Cultural","isPartOf":{"@id":"https:\/\/noticias.imer.mx\/laferia\/#website"},"datePublished":"2016-05-04T04:01:23+00:00","dateModified":"2016-05-04T04:01:23+00:00","author":{"@id":"https:\/\/noticias.imer.mx\/laferia\/#\/schema\/person\/438ebaa433c79f71687928759130ec9f"},"breadcrumb":{"@id":"https:\/\/noticias.imer.mx\/laferia\/2016\/05\/03\/rendiran-homenaje-a-teodoro-gonzalez-de-leon\/#breadcrumb"},"inLanguage":"es","potentialAction":[{"@type":"ReadAction","target":["https:\/\/noticias.imer.mx\/laferia\/2016\/05\/03\/rendiran-homenaje-a-teodoro-gonzalez-de-leon\/"]}]},{"@type":"BreadcrumbList","@id":"https:\/\/noticias.imer.mx\/laferia\/2016\/05\/03\/rendiran-homenaje-a-teodoro-gonzalez-de-leon\/#breadcrumb","itemListElement":[{"@type":"ListItem","position":1,"name":"Home","item":"https:\/\/noticias.imer.mx\/laferia\/"},{"@type":"ListItem","position":2,"name":"Rendir\u00e1n homenaje a Teodoro Gonz\u00e1lez de Le\u00f3n"}]},{"@type":"WebSite","@id":"https:\/\/noticias.imer.mx\/laferia\/#website","url":"https:\/\/noticias.imer.mx\/laferia\/","name":"La Feria, Carrusel Cultural","description":"Instituto Mexicano de la Radio","potentialAction":[{"@type":"SearchAction","target":{"@type":"EntryPoint","urlTemplate":"https:\/\/noticias.imer.mx\/laferia\/?s={search_term_string}"},"query-input":"required name=search_term_string"}],"inLanguage":"es"},{"@type":"Person","@id":"https:\/\/noticias.imer.mx\/laferia\/#\/schema\/person\/438ebaa433c79f71687928759130ec9f","name":"La Feria","image":{"@type":"ImageObject","inLanguage":"es","@id":"https:\/\/noticias.imer.mx\/laferia\/#\/schema\/person\/image\/","url":"https:\/\/secure.gravatar.com\/avatar\/69100f68fb4d3a06d1ff6b6cb5310157?s=96&d=mm&r=g","contentUrl":"https:\/\/secure.gravatar.com\/avatar\/69100f68fb4d3a06d1ff6b6cb5310157?s=96&d=mm&r=g","caption":"La Feria"},"description":"La Feria Carrusel Cultural, es un noticiario que alienta la participaci\u00f3n ciudadana y presenta informaci\u00f3n cultural y cient\u00edfica, de coyuntura, de M\u00e9xico y el mundo. En media hora puede conocer la cartelera cultural y escuchar, en voz de especialistas, entrevistas, asuntos especiales y mesas de an\u00e1lisis. Conducido por Juan Carlos Vald\u00e9s, La Feria Carrusel Cultural, se transmite todos los martes y jueves, de 15:00 a 15:30 horas por Horizonte, en el 107.9 de FM.","url":"https:\/\/noticias.imer.mx\/laferia\/author\/laferia\/"}]}},"_links":{"self":[{"href":"https:\/\/noticias.imer.mx\/laferia\/wp-json\/wp\/v2\/posts\/27228"}],"collection":[{"href":"https:\/\/noticias.imer.mx\/laferia\/wp-json\/wp\/v2\/posts"}],"about":[{"href":"https:\/\/noticias.imer.mx\/laferia\/wp-json\/wp\/v2\/types\/post"}],"author":[{"embeddable":true,"href":"https:\/\/noticias.imer.mx\/laferia\/wp-json\/wp\/v2\/users\/12"}],"replies":[{"embeddable":true,"href":"https:\/\/noticias.imer.mx\/laferia\/wp-json\/wp\/v2\/comments?post=27228"}],"version-history":[{"count":1,"href":"https:\/\/noticias.imer.mx\/laferia\/wp-json\/wp\/v2\/posts\/27228\/revisions"}],"predecessor-version":[{"id":27229,"href":"https:\/\/noticias.imer.mx\/laferia\/wp-json\/wp\/v2\/posts\/27228\/revisions\/27229"}],"wp:featuredmedia":[{"embeddable":true,"href":"https:\/\/noticias.imer.mx\/laferia\/wp-json\/wp\/v2\/media\/27210"}],"wp:attachment":[{"href":"https:\/\/noticias.imer.mx\/laferia\/wp-json\/wp\/v2\/media?parent=27228"}],"wp:term":[{"taxonomy":"category","embeddable":true,"href":"https:\/\/noticias.imer.mx\/laferia\/wp-json\/wp\/v2\/categories?post=27228"},{"taxonomy":"post_tag","embeddable":true,"href":"https:\/\/noticias.imer.mx\/laferia\/wp-json\/wp\/v2\/tags?post=27228"}],"curies":[{"name":"wp","href":"https:\/\/api.w.org\/{rel}","templated":true}]}}