{"id":26501,"date":"2016-02-16T18:05:22","date_gmt":"2016-02-17T00:05:22","guid":{"rendered":"http:\/\/snn.imer.gob.mx\/laferia\/?p=26501"},"modified":"2016-02-16T18:14:48","modified_gmt":"2016-02-17T00:14:48","slug":"lenguas-indigenas-en-decadencia","status":"publish","type":"post","link":"https:\/\/noticias.imer.mx\/laferia\/2016\/02\/16\/lenguas-indigenas-en-decadencia\/","title":{"rendered":"Lenguas ind\u00edgenas en crisis"},"content":{"rendered":"<p><a href=\"http:\/\/snn.imer.gob.mx\/laferia\/files\/2016\/02\/lenguas12.jpg\"><img decoding=\"async\" loading=\"lazy\" class=\"alignnone size-medium wp-image-26507\" src=\"http:\/\/snn.imer.gob.mx\/laferia\/files\/2016\/02\/lenguas12-300x220.jpg\" alt=\"lenguas12\" width=\"300\" height=\"220\" srcset=\"https:\/\/noticias.imer.mx\/laferia\/files\/2016\/02\/lenguas12-300x220.jpg 300w, https:\/\/noticias.imer.mx\/laferia\/files\/2016\/02\/lenguas12.jpg 403w\" sizes=\"(max-width: 300px) 100vw, 300px\" \/><\/a><\/p>\n<p>De acuerdo con los diagn\u00f3sticos que se tienen en materia educativa cerca del 60 por ciento de los profesores que atienden a las comunidades ind\u00edgenas no hablan las lenguas maternas, indic\u00f3 <strong>Javier L\u00f3pez S\u00e1nchez<\/strong> director del<strong> Instituto Nacional de Lenguas Ind\u00edgenas<\/strong>.<\/p>\n<!--[if lt IE 9]><script>document.createElement('audio');<\/script><![endif]-->\n<audio class=\"wp-audio-shortcode\" id=\"audio-26501-1\" preload=\"none\" style=\"width: 100%;\" controls=\"controls\"><source type=\"audio\/mpeg\" src=\"http:\/\/snn.imer.gob.mx\/laferia\/files\/2016\/02\/PANY-INDIGENAS.mp3?_=1\" \/><a href=\"http:\/\/snn.imer.gob.mx\/laferia\/files\/2016\/02\/PANY-INDIGENAS.mp3\">http:\/\/snn.imer.gob.mx\/laferia\/files\/2016\/02\/PANY-INDIGENAS.mp3<\/a><\/audio>\n","protected":false},"excerpt":{"rendered":"<p>De acuerdo con los diagn\u00f3sticos que se tienen en materia educativa cerca del 60 por ciento de los profesores que atienden a las comunidades ind\u00edgenas no hablan las lenguas maternas, indic\u00f3 Javier L\u00f3pez S\u00e1nchez director del Instituto Nacional de Lenguas Ind\u00edgenas.<\/p>\n","protected":false},"author":12,"featured_media":26507,"comment_status":"open","ping_status":"open","sticky":false,"template":"","format":"audio","meta":{"wp_popup_display_lightbox":0,"wp_popup_suppress":"","wp_popup_trigger":"","wp_popup_trigger_amount":0,"wp_popup_disable_on_mobile":false},"categories":[1729,1],"tags":[3624,3623],"yoast_head":"<!-- This site is optimized with the Yoast SEO plugin v21.0 - https:\/\/yoast.com\/wordpress\/plugins\/seo\/ -->\n<title>Lenguas ind\u00edgenas en crisis - La Feria, Carrusel Cultural<\/title>\n<meta name=\"robots\" content=\"index, follow, max-snippet:-1, max-image-preview:large, max-video-preview:-1\" \/>\n<link rel=\"canonical\" href=\"https:\/\/noticias.imer.mx\/laferia\/2016\/02\/16\/lenguas-indigenas-en-decadencia\/\" \/>\n<meta property=\"og:locale\" content=\"es_ES\" \/>\n<meta property=\"og:type\" content=\"article\" \/>\n<meta property=\"og:title\" content=\"Lenguas ind\u00edgenas en crisis - La Feria, Carrusel Cultural\" \/>\n<meta property=\"og:description\" content=\"De acuerdo con los diagn\u00f3sticos que se tienen en materia educativa cerca del 60 por ciento de los profesores que atienden a las comunidades ind\u00edgenas no hablan las lenguas maternas, indic\u00f3 Javier L\u00f3pez S\u00e1nchez director del Instituto Nacional de Lenguas Ind\u00edgenas.\" \/>\n<meta property=\"og:url\" content=\"https:\/\/noticias.imer.mx\/laferia\/2016\/02\/16\/lenguas-indigenas-en-decadencia\/\" \/>\n<meta property=\"og:site_name\" content=\"La Feria, Carrusel Cultural\" \/>\n<meta property=\"article:published_time\" content=\"2016-02-17T00:05:22+00:00\" \/>\n<meta property=\"article:modified_time\" content=\"2016-02-17T00:14:48+00:00\" \/>\n<meta property=\"og:image\" content=\"https:\/\/noticias.imer.mx\/laferia\/files\/2016\/02\/lenguas12.jpg\" \/>\n\t<meta property=\"og:image:width\" content=\"403\" \/>\n\t<meta property=\"og:image:height\" content=\"295\" \/>\n\t<meta property=\"og:image:type\" content=\"image\/jpeg\" \/>\n<meta name=\"author\" content=\"La Feria\" \/>\n<meta name=\"twitter:card\" content=\"summary_large_image\" \/>\n<meta name=\"twitter:label1\" content=\"Escrito por\" \/>\n\t<meta name=\"twitter:data1\" content=\"La Feria\" \/>\n<script type=\"application\/ld+json\" class=\"yoast-schema-graph\">{\"@context\":\"https:\/\/schema.org\",\"@graph\":[{\"@type\":\"WebPage\",\"@id\":\"https:\/\/noticias.imer.mx\/laferia\/2016\/02\/16\/lenguas-indigenas-en-decadencia\/\",\"url\":\"https:\/\/noticias.imer.mx\/laferia\/2016\/02\/16\/lenguas-indigenas-en-decadencia\/\",\"name\":\"Lenguas ind\u00edgenas en crisis - La Feria, Carrusel Cultural\",\"isPartOf\":{\"@id\":\"https:\/\/noticias.imer.mx\/laferia\/#website\"},\"datePublished\":\"2016-02-17T00:05:22+00:00\",\"dateModified\":\"2016-02-17T00:14:48+00:00\",\"author\":{\"@id\":\"https:\/\/noticias.imer.mx\/laferia\/#\/schema\/person\/438ebaa433c79f71687928759130ec9f\"},\"breadcrumb\":{\"@id\":\"https:\/\/noticias.imer.mx\/laferia\/2016\/02\/16\/lenguas-indigenas-en-decadencia\/#breadcrumb\"},\"inLanguage\":\"es\",\"potentialAction\":[{\"@type\":\"ReadAction\",\"target\":[\"https:\/\/noticias.imer.mx\/laferia\/2016\/02\/16\/lenguas-indigenas-en-decadencia\/\"]}]},{\"@type\":\"BreadcrumbList\",\"@id\":\"https:\/\/noticias.imer.mx\/laferia\/2016\/02\/16\/lenguas-indigenas-en-decadencia\/#breadcrumb\",\"itemListElement\":[{\"@type\":\"ListItem\",\"position\":1,\"name\":\"Home\",\"item\":\"https:\/\/noticias.imer.mx\/laferia\/\"},{\"@type\":\"ListItem\",\"position\":2,\"name\":\"Lenguas ind\u00edgenas en crisis\"}]},{\"@type\":\"WebSite\",\"@id\":\"https:\/\/noticias.imer.mx\/laferia\/#website\",\"url\":\"https:\/\/noticias.imer.mx\/laferia\/\",\"name\":\"La Feria, Carrusel Cultural\",\"description\":\"Instituto Mexicano de la Radio\",\"potentialAction\":[{\"@type\":\"SearchAction\",\"target\":{\"@type\":\"EntryPoint\",\"urlTemplate\":\"https:\/\/noticias.imer.mx\/laferia\/?s={search_term_string}\"},\"query-input\":\"required name=search_term_string\"}],\"inLanguage\":\"es\"},{\"@type\":\"Person\",\"@id\":\"https:\/\/noticias.imer.mx\/laferia\/#\/schema\/person\/438ebaa433c79f71687928759130ec9f\",\"name\":\"La Feria\",\"image\":{\"@type\":\"ImageObject\",\"inLanguage\":\"es\",\"@id\":\"https:\/\/noticias.imer.mx\/laferia\/#\/schema\/person\/image\/\",\"url\":\"https:\/\/secure.gravatar.com\/avatar\/69100f68fb4d3a06d1ff6b6cb5310157?s=96&d=mm&r=g\",\"contentUrl\":\"https:\/\/secure.gravatar.com\/avatar\/69100f68fb4d3a06d1ff6b6cb5310157?s=96&d=mm&r=g\",\"caption\":\"La Feria\"},\"description\":\"La Feria Carrusel Cultural, es un noticiario que alienta la participaci\u00f3n ciudadana y presenta informaci\u00f3n cultural y cient\u00edfica, de coyuntura, de M\u00e9xico y el mundo. En media hora puede conocer la cartelera cultural y escuchar, en voz de especialistas, entrevistas, asuntos especiales y mesas de an\u00e1lisis. Conducido por Juan Carlos Vald\u00e9s, La Feria Carrusel Cultural, se transmite todos los martes y jueves, de 15:00 a 15:30 horas por Horizonte, en el 107.9 de FM.\",\"url\":\"https:\/\/noticias.imer.mx\/laferia\/author\/laferia\/\"}]}<\/script>\n<!-- \/ Yoast SEO plugin. -->","yoast_head_json":{"title":"Lenguas ind\u00edgenas en crisis - La Feria, Carrusel Cultural","robots":{"index":"index","follow":"follow","max-snippet":"max-snippet:-1","max-image-preview":"max-image-preview:large","max-video-preview":"max-video-preview:-1"},"canonical":"https:\/\/noticias.imer.mx\/laferia\/2016\/02\/16\/lenguas-indigenas-en-decadencia\/","og_locale":"es_ES","og_type":"article","og_title":"Lenguas ind\u00edgenas en crisis - La Feria, Carrusel Cultural","og_description":"De acuerdo con los diagn\u00f3sticos que se tienen en materia educativa cerca del 60 por ciento de los profesores que atienden a las comunidades ind\u00edgenas no hablan las lenguas maternas, indic\u00f3 Javier L\u00f3pez S\u00e1nchez director del Instituto Nacional de Lenguas Ind\u00edgenas.","og_url":"https:\/\/noticias.imer.mx\/laferia\/2016\/02\/16\/lenguas-indigenas-en-decadencia\/","og_site_name":"La Feria, Carrusel Cultural","article_published_time":"2016-02-17T00:05:22+00:00","article_modified_time":"2016-02-17T00:14:48+00:00","og_image":[{"width":403,"height":295,"url":"https:\/\/noticias.imer.mx\/laferia\/files\/2016\/02\/lenguas12.jpg","type":"image\/jpeg"}],"author":"La Feria","twitter_card":"summary_large_image","twitter_misc":{"Escrito por":"La Feria"},"schema":{"@context":"https:\/\/schema.org","@graph":[{"@type":"WebPage","@id":"https:\/\/noticias.imer.mx\/laferia\/2016\/02\/16\/lenguas-indigenas-en-decadencia\/","url":"https:\/\/noticias.imer.mx\/laferia\/2016\/02\/16\/lenguas-indigenas-en-decadencia\/","name":"Lenguas ind\u00edgenas en crisis - La Feria, Carrusel Cultural","isPartOf":{"@id":"https:\/\/noticias.imer.mx\/laferia\/#website"},"datePublished":"2016-02-17T00:05:22+00:00","dateModified":"2016-02-17T00:14:48+00:00","author":{"@id":"https:\/\/noticias.imer.mx\/laferia\/#\/schema\/person\/438ebaa433c79f71687928759130ec9f"},"breadcrumb":{"@id":"https:\/\/noticias.imer.mx\/laferia\/2016\/02\/16\/lenguas-indigenas-en-decadencia\/#breadcrumb"},"inLanguage":"es","potentialAction":[{"@type":"ReadAction","target":["https:\/\/noticias.imer.mx\/laferia\/2016\/02\/16\/lenguas-indigenas-en-decadencia\/"]}]},{"@type":"BreadcrumbList","@id":"https:\/\/noticias.imer.mx\/laferia\/2016\/02\/16\/lenguas-indigenas-en-decadencia\/#breadcrumb","itemListElement":[{"@type":"ListItem","position":1,"name":"Home","item":"https:\/\/noticias.imer.mx\/laferia\/"},{"@type":"ListItem","position":2,"name":"Lenguas ind\u00edgenas en crisis"}]},{"@type":"WebSite","@id":"https:\/\/noticias.imer.mx\/laferia\/#website","url":"https:\/\/noticias.imer.mx\/laferia\/","name":"La Feria, Carrusel Cultural","description":"Instituto Mexicano de la Radio","potentialAction":[{"@type":"SearchAction","target":{"@type":"EntryPoint","urlTemplate":"https:\/\/noticias.imer.mx\/laferia\/?s={search_term_string}"},"query-input":"required name=search_term_string"}],"inLanguage":"es"},{"@type":"Person","@id":"https:\/\/noticias.imer.mx\/laferia\/#\/schema\/person\/438ebaa433c79f71687928759130ec9f","name":"La Feria","image":{"@type":"ImageObject","inLanguage":"es","@id":"https:\/\/noticias.imer.mx\/laferia\/#\/schema\/person\/image\/","url":"https:\/\/secure.gravatar.com\/avatar\/69100f68fb4d3a06d1ff6b6cb5310157?s=96&d=mm&r=g","contentUrl":"https:\/\/secure.gravatar.com\/avatar\/69100f68fb4d3a06d1ff6b6cb5310157?s=96&d=mm&r=g","caption":"La Feria"},"description":"La Feria Carrusel Cultural, es un noticiario que alienta la participaci\u00f3n ciudadana y presenta informaci\u00f3n cultural y cient\u00edfica, de coyuntura, de M\u00e9xico y el mundo. En media hora puede conocer la cartelera cultural y escuchar, en voz de especialistas, entrevistas, asuntos especiales y mesas de an\u00e1lisis. Conducido por Juan Carlos Vald\u00e9s, La Feria Carrusel Cultural, se transmite todos los martes y jueves, de 15:00 a 15:30 horas por Horizonte, en el 107.9 de FM.","url":"https:\/\/noticias.imer.mx\/laferia\/author\/laferia\/"}]}},"_links":{"self":[{"href":"https:\/\/noticias.imer.mx\/laferia\/wp-json\/wp\/v2\/posts\/26501"}],"collection":[{"href":"https:\/\/noticias.imer.mx\/laferia\/wp-json\/wp\/v2\/posts"}],"about":[{"href":"https:\/\/noticias.imer.mx\/laferia\/wp-json\/wp\/v2\/types\/post"}],"author":[{"embeddable":true,"href":"https:\/\/noticias.imer.mx\/laferia\/wp-json\/wp\/v2\/users\/12"}],"replies":[{"embeddable":true,"href":"https:\/\/noticias.imer.mx\/laferia\/wp-json\/wp\/v2\/comments?post=26501"}],"version-history":[{"count":3,"href":"https:\/\/noticias.imer.mx\/laferia\/wp-json\/wp\/v2\/posts\/26501\/revisions"}],"predecessor-version":[{"id":26527,"href":"https:\/\/noticias.imer.mx\/laferia\/wp-json\/wp\/v2\/posts\/26501\/revisions\/26527"}],"wp:featuredmedia":[{"embeddable":true,"href":"https:\/\/noticias.imer.mx\/laferia\/wp-json\/wp\/v2\/media\/26507"}],"wp:attachment":[{"href":"https:\/\/noticias.imer.mx\/laferia\/wp-json\/wp\/v2\/media?parent=26501"}],"wp:term":[{"taxonomy":"category","embeddable":true,"href":"https:\/\/noticias.imer.mx\/laferia\/wp-json\/wp\/v2\/categories?post=26501"},{"taxonomy":"post_tag","embeddable":true,"href":"https:\/\/noticias.imer.mx\/laferia\/wp-json\/wp\/v2\/tags?post=26501"}],"curies":[{"name":"wp","href":"https:\/\/api.w.org\/{rel}","templated":true}]}}