{"id":25361,"date":"2015-10-01T16:53:36","date_gmt":"2015-10-01T22:53:36","guid":{"rendered":"http:\/\/snn.imer.gob.mx\/laferia\/?p=25361"},"modified":"2015-10-01T16:53:36","modified_gmt":"2015-10-01T22:53:36","slug":"antonio-sanchez-en-el-festival-internacional-cervantino-2015","status":"publish","type":"post","link":"https:\/\/noticias.imer.mx\/laferia\/2015\/10\/01\/antonio-sanchez-en-el-festival-internacional-cervantino-2015\/","title":{"rendered":"Antonio S\u00e1nchez en el Festival Internacional Cervantino 2015"},"content":{"rendered":"<p>&nbsp;<\/p>\n<p><a href=\"http:\/\/snn.imer.gob.mx\/laferia\/files\/2015\/10\/antonio_sanchez.jpg\"><img decoding=\"async\" loading=\"lazy\" class=\"alignnone size-medium wp-image-25363\" src=\"http:\/\/snn.imer.gob.mx\/laferia\/files\/2015\/10\/antonio_sanchez-300x200.jpg\" alt=\"antonio_sanchez\" width=\"300\" height=\"200\" srcset=\"https:\/\/noticias.imer.mx\/laferia\/files\/2015\/10\/antonio_sanchez-300x200.jpg 300w, https:\/\/noticias.imer.mx\/laferia\/files\/2015\/10\/antonio_sanchez.jpg 650w\" sizes=\"(max-width: 300px) 100vw, 300px\" \/><\/a><\/p>\n<p>&nbsp;<\/p>\n<p><strong><em>The Meridian Suite<\/em><\/strong> es una obra muy ambiciosa con la cual puedo decir dej\u00e9 de componer \u201ccuentos cortos\u201d, para crear mi \u201cprimera novela\u201d, asegur\u00f3\u00a0 el baterista mexicano <strong>Antonio S\u00e1nchez<\/strong>, quien presentar\u00e1 este disco en el <strong>Festival Internacional Cervantino.<\/strong><\/p>\n<!--[if lt IE 9]><script>document.createElement('audio');<\/script><![endif]-->\n<audio class=\"wp-audio-shortcode\" id=\"audio-25361-1\" preload=\"none\" style=\"width: 100%;\" controls=\"controls\"><source type=\"audio\/mpeg\" src=\"http:\/\/snn.imer.gob.mx\/laferia\/files\/2015\/10\/Antonio-S\u00e1nchez-Amelia.mp3?_=1\" \/><a href=\"http:\/\/snn.imer.gob.mx\/laferia\/files\/2015\/10\/Antonio-S\u00e1nchez-Amelia.mp3\">http:\/\/snn.imer.gob.mx\/laferia\/files\/2015\/10\/Antonio-S\u00e1nchez-Amelia.mp3<\/a><\/audio>\n","protected":false},"excerpt":{"rendered":"<p>&nbsp; &nbsp; The Meridian Suite es una obra muy ambiciosa con la cual puedo decir dej\u00e9 de componer \u201ccuentos cortos\u201d, para crear mi \u201cprimera novela\u201d, asegur\u00f3\u00a0 el baterista mexicano Antonio S\u00e1nchez, quien presentar\u00e1 este disco en el Festival Internacional Cervantino.<\/p>\n","protected":false},"author":12,"featured_media":25363,"comment_status":"open","ping_status":"open","sticky":false,"template":"","format":"audio","meta":{"wp_popup_display_lightbox":0,"wp_popup_suppress":"","wp_popup_trigger":"","wp_popup_trigger_amount":0,"wp_popup_disable_on_mobile":false},"categories":[1729],"tags":[2218,1865,3215],"yoast_head":"<!-- This site is optimized with the Yoast SEO plugin v21.0 - https:\/\/yoast.com\/wordpress\/plugins\/seo\/ -->\n<title>Antonio S\u00e1nchez en el Festival Internacional Cervantino 2015 - La Feria, Carrusel Cultural<\/title>\n<meta name=\"robots\" content=\"index, follow, max-snippet:-1, max-image-preview:large, max-video-preview:-1\" \/>\n<link rel=\"canonical\" href=\"https:\/\/noticias.imer.mx\/laferia\/2015\/10\/01\/antonio-sanchez-en-el-festival-internacional-cervantino-2015\/\" \/>\n<meta property=\"og:locale\" content=\"es_ES\" \/>\n<meta property=\"og:type\" content=\"article\" \/>\n<meta property=\"og:title\" content=\"Antonio S\u00e1nchez en el Festival Internacional Cervantino 2015 - La Feria, Carrusel Cultural\" \/>\n<meta property=\"og:description\" content=\"&nbsp; &nbsp; The Meridian Suite es una obra muy ambiciosa con la cual puedo decir dej\u00e9 de componer \u201ccuentos cortos\u201d, para crear mi \u201cprimera novela\u201d, asegur\u00f3\u00a0 el baterista mexicano Antonio S\u00e1nchez, quien presentar\u00e1 este disco en el Festival Internacional Cervantino.\" \/>\n<meta property=\"og:url\" content=\"https:\/\/noticias.imer.mx\/laferia\/2015\/10\/01\/antonio-sanchez-en-el-festival-internacional-cervantino-2015\/\" \/>\n<meta property=\"og:site_name\" content=\"La Feria, Carrusel Cultural\" \/>\n<meta property=\"article:published_time\" content=\"2015-10-01T22:53:36+00:00\" \/>\n<meta property=\"og:image\" content=\"https:\/\/noticias.imer.mx\/laferia\/files\/2015\/10\/antonio_sanchez.jpg\" \/>\n\t<meta property=\"og:image:width\" content=\"650\" \/>\n\t<meta property=\"og:image:height\" content=\"433\" \/>\n\t<meta property=\"og:image:type\" content=\"image\/jpeg\" \/>\n<meta name=\"author\" content=\"La Feria\" \/>\n<meta name=\"twitter:card\" content=\"summary_large_image\" \/>\n<meta name=\"twitter:label1\" content=\"Escrito por\" \/>\n\t<meta name=\"twitter:data1\" content=\"La Feria\" \/>\n<script type=\"application\/ld+json\" class=\"yoast-schema-graph\">{\"@context\":\"https:\/\/schema.org\",\"@graph\":[{\"@type\":\"WebPage\",\"@id\":\"https:\/\/noticias.imer.mx\/laferia\/2015\/10\/01\/antonio-sanchez-en-el-festival-internacional-cervantino-2015\/\",\"url\":\"https:\/\/noticias.imer.mx\/laferia\/2015\/10\/01\/antonio-sanchez-en-el-festival-internacional-cervantino-2015\/\",\"name\":\"Antonio S\u00e1nchez en el Festival Internacional Cervantino 2015 - La Feria, Carrusel Cultural\",\"isPartOf\":{\"@id\":\"https:\/\/noticias.imer.mx\/laferia\/#website\"},\"datePublished\":\"2015-10-01T22:53:36+00:00\",\"dateModified\":\"2015-10-01T22:53:36+00:00\",\"author\":{\"@id\":\"https:\/\/noticias.imer.mx\/laferia\/#\/schema\/person\/438ebaa433c79f71687928759130ec9f\"},\"breadcrumb\":{\"@id\":\"https:\/\/noticias.imer.mx\/laferia\/2015\/10\/01\/antonio-sanchez-en-el-festival-internacional-cervantino-2015\/#breadcrumb\"},\"inLanguage\":\"es\",\"potentialAction\":[{\"@type\":\"ReadAction\",\"target\":[\"https:\/\/noticias.imer.mx\/laferia\/2015\/10\/01\/antonio-sanchez-en-el-festival-internacional-cervantino-2015\/\"]}]},{\"@type\":\"BreadcrumbList\",\"@id\":\"https:\/\/noticias.imer.mx\/laferia\/2015\/10\/01\/antonio-sanchez-en-el-festival-internacional-cervantino-2015\/#breadcrumb\",\"itemListElement\":[{\"@type\":\"ListItem\",\"position\":1,\"name\":\"Home\",\"item\":\"https:\/\/noticias.imer.mx\/laferia\/\"},{\"@type\":\"ListItem\",\"position\":2,\"name\":\"Antonio S\u00e1nchez en el Festival Internacional Cervantino 2015\"}]},{\"@type\":\"WebSite\",\"@id\":\"https:\/\/noticias.imer.mx\/laferia\/#website\",\"url\":\"https:\/\/noticias.imer.mx\/laferia\/\",\"name\":\"La Feria, Carrusel Cultural\",\"description\":\"Instituto Mexicano de la Radio\",\"potentialAction\":[{\"@type\":\"SearchAction\",\"target\":{\"@type\":\"EntryPoint\",\"urlTemplate\":\"https:\/\/noticias.imer.mx\/laferia\/?s={search_term_string}\"},\"query-input\":\"required name=search_term_string\"}],\"inLanguage\":\"es\"},{\"@type\":\"Person\",\"@id\":\"https:\/\/noticias.imer.mx\/laferia\/#\/schema\/person\/438ebaa433c79f71687928759130ec9f\",\"name\":\"La Feria\",\"image\":{\"@type\":\"ImageObject\",\"inLanguage\":\"es\",\"@id\":\"https:\/\/noticias.imer.mx\/laferia\/#\/schema\/person\/image\/\",\"url\":\"https:\/\/secure.gravatar.com\/avatar\/69100f68fb4d3a06d1ff6b6cb5310157?s=96&d=mm&r=g\",\"contentUrl\":\"https:\/\/secure.gravatar.com\/avatar\/69100f68fb4d3a06d1ff6b6cb5310157?s=96&d=mm&r=g\",\"caption\":\"La Feria\"},\"description\":\"La Feria Carrusel Cultural, es un noticiario que alienta la participaci\u00f3n ciudadana y presenta informaci\u00f3n cultural y cient\u00edfica, de coyuntura, de M\u00e9xico y el mundo. En media hora puede conocer la cartelera cultural y escuchar, en voz de especialistas, entrevistas, asuntos especiales y mesas de an\u00e1lisis. Conducido por Juan Carlos Vald\u00e9s, La Feria Carrusel Cultural, se transmite todos los martes y jueves, de 15:00 a 15:30 horas por Horizonte, en el 107.9 de FM.\",\"url\":\"https:\/\/noticias.imer.mx\/laferia\/author\/laferia\/\"}]}<\/script>\n<!-- \/ Yoast SEO plugin. -->","yoast_head_json":{"title":"Antonio S\u00e1nchez en el Festival Internacional Cervantino 2015 - La Feria, Carrusel Cultural","robots":{"index":"index","follow":"follow","max-snippet":"max-snippet:-1","max-image-preview":"max-image-preview:large","max-video-preview":"max-video-preview:-1"},"canonical":"https:\/\/noticias.imer.mx\/laferia\/2015\/10\/01\/antonio-sanchez-en-el-festival-internacional-cervantino-2015\/","og_locale":"es_ES","og_type":"article","og_title":"Antonio S\u00e1nchez en el Festival Internacional Cervantino 2015 - La Feria, Carrusel Cultural","og_description":"&nbsp; &nbsp; The Meridian Suite es una obra muy ambiciosa con la cual puedo decir dej\u00e9 de componer \u201ccuentos cortos\u201d, para crear mi \u201cprimera novela\u201d, asegur\u00f3\u00a0 el baterista mexicano Antonio S\u00e1nchez, quien presentar\u00e1 este disco en el Festival Internacional Cervantino.","og_url":"https:\/\/noticias.imer.mx\/laferia\/2015\/10\/01\/antonio-sanchez-en-el-festival-internacional-cervantino-2015\/","og_site_name":"La Feria, Carrusel Cultural","article_published_time":"2015-10-01T22:53:36+00:00","og_image":[{"width":650,"height":433,"url":"https:\/\/noticias.imer.mx\/laferia\/files\/2015\/10\/antonio_sanchez.jpg","type":"image\/jpeg"}],"author":"La Feria","twitter_card":"summary_large_image","twitter_misc":{"Escrito por":"La Feria"},"schema":{"@context":"https:\/\/schema.org","@graph":[{"@type":"WebPage","@id":"https:\/\/noticias.imer.mx\/laferia\/2015\/10\/01\/antonio-sanchez-en-el-festival-internacional-cervantino-2015\/","url":"https:\/\/noticias.imer.mx\/laferia\/2015\/10\/01\/antonio-sanchez-en-el-festival-internacional-cervantino-2015\/","name":"Antonio S\u00e1nchez en el Festival Internacional Cervantino 2015 - La Feria, Carrusel Cultural","isPartOf":{"@id":"https:\/\/noticias.imer.mx\/laferia\/#website"},"datePublished":"2015-10-01T22:53:36+00:00","dateModified":"2015-10-01T22:53:36+00:00","author":{"@id":"https:\/\/noticias.imer.mx\/laferia\/#\/schema\/person\/438ebaa433c79f71687928759130ec9f"},"breadcrumb":{"@id":"https:\/\/noticias.imer.mx\/laferia\/2015\/10\/01\/antonio-sanchez-en-el-festival-internacional-cervantino-2015\/#breadcrumb"},"inLanguage":"es","potentialAction":[{"@type":"ReadAction","target":["https:\/\/noticias.imer.mx\/laferia\/2015\/10\/01\/antonio-sanchez-en-el-festival-internacional-cervantino-2015\/"]}]},{"@type":"BreadcrumbList","@id":"https:\/\/noticias.imer.mx\/laferia\/2015\/10\/01\/antonio-sanchez-en-el-festival-internacional-cervantino-2015\/#breadcrumb","itemListElement":[{"@type":"ListItem","position":1,"name":"Home","item":"https:\/\/noticias.imer.mx\/laferia\/"},{"@type":"ListItem","position":2,"name":"Antonio S\u00e1nchez en el Festival Internacional Cervantino 2015"}]},{"@type":"WebSite","@id":"https:\/\/noticias.imer.mx\/laferia\/#website","url":"https:\/\/noticias.imer.mx\/laferia\/","name":"La Feria, Carrusel Cultural","description":"Instituto Mexicano de la Radio","potentialAction":[{"@type":"SearchAction","target":{"@type":"EntryPoint","urlTemplate":"https:\/\/noticias.imer.mx\/laferia\/?s={search_term_string}"},"query-input":"required name=search_term_string"}],"inLanguage":"es"},{"@type":"Person","@id":"https:\/\/noticias.imer.mx\/laferia\/#\/schema\/person\/438ebaa433c79f71687928759130ec9f","name":"La Feria","image":{"@type":"ImageObject","inLanguage":"es","@id":"https:\/\/noticias.imer.mx\/laferia\/#\/schema\/person\/image\/","url":"https:\/\/secure.gravatar.com\/avatar\/69100f68fb4d3a06d1ff6b6cb5310157?s=96&d=mm&r=g","contentUrl":"https:\/\/secure.gravatar.com\/avatar\/69100f68fb4d3a06d1ff6b6cb5310157?s=96&d=mm&r=g","caption":"La Feria"},"description":"La Feria Carrusel Cultural, es un noticiario que alienta la participaci\u00f3n ciudadana y presenta informaci\u00f3n cultural y cient\u00edfica, de coyuntura, de M\u00e9xico y el mundo. En media hora puede conocer la cartelera cultural y escuchar, en voz de especialistas, entrevistas, asuntos especiales y mesas de an\u00e1lisis. Conducido por Juan Carlos Vald\u00e9s, La Feria Carrusel Cultural, se transmite todos los martes y jueves, de 15:00 a 15:30 horas por Horizonte, en el 107.9 de FM.","url":"https:\/\/noticias.imer.mx\/laferia\/author\/laferia\/"}]}},"_links":{"self":[{"href":"https:\/\/noticias.imer.mx\/laferia\/wp-json\/wp\/v2\/posts\/25361"}],"collection":[{"href":"https:\/\/noticias.imer.mx\/laferia\/wp-json\/wp\/v2\/posts"}],"about":[{"href":"https:\/\/noticias.imer.mx\/laferia\/wp-json\/wp\/v2\/types\/post"}],"author":[{"embeddable":true,"href":"https:\/\/noticias.imer.mx\/laferia\/wp-json\/wp\/v2\/users\/12"}],"replies":[{"embeddable":true,"href":"https:\/\/noticias.imer.mx\/laferia\/wp-json\/wp\/v2\/comments?post=25361"}],"version-history":[{"count":1,"href":"https:\/\/noticias.imer.mx\/laferia\/wp-json\/wp\/v2\/posts\/25361\/revisions"}],"predecessor-version":[{"id":25364,"href":"https:\/\/noticias.imer.mx\/laferia\/wp-json\/wp\/v2\/posts\/25361\/revisions\/25364"}],"wp:featuredmedia":[{"embeddable":true,"href":"https:\/\/noticias.imer.mx\/laferia\/wp-json\/wp\/v2\/media\/25363"}],"wp:attachment":[{"href":"https:\/\/noticias.imer.mx\/laferia\/wp-json\/wp\/v2\/media?parent=25361"}],"wp:term":[{"taxonomy":"category","embeddable":true,"href":"https:\/\/noticias.imer.mx\/laferia\/wp-json\/wp\/v2\/categories?post=25361"},{"taxonomy":"post_tag","embeddable":true,"href":"https:\/\/noticias.imer.mx\/laferia\/wp-json\/wp\/v2\/tags?post=25361"}],"curies":[{"name":"wp","href":"https:\/\/api.w.org\/{rel}","templated":true}]}}