{"id":25250,"date":"2015-09-22T17:00:07","date_gmt":"2015-09-22T23:00:07","guid":{"rendered":"http:\/\/snn.imer.gob.mx\/laferia\/?p=25250"},"modified":"2015-09-22T17:00:07","modified_gmt":"2015-09-22T23:00:07","slug":"inauguracion-de-la-exposicion-gran-victoria-y-contribucion-historica-por-parte-de-la-embajada-china","status":"publish","type":"post","link":"https:\/\/noticias.imer.mx\/laferia\/2015\/09\/22\/inauguracion-de-la-exposicion-gran-victoria-y-contribucion-historica-por-parte-de-la-embajada-china\/","title":{"rendered":"Inauguraci\u00f3n de la exposici\u00f3n \u00abGran Victoria y Contribuci\u00f3n Hist\u00f3rica\u00bb por parte de la embajada China"},"content":{"rendered":"<p><a href=\"http:\/\/snn.imer.gob.mx\/laferia\/files\/2015\/09\/facultad.png\"><img decoding=\"async\" loading=\"lazy\" class=\"alignnone size-full wp-image-25253\" src=\"http:\/\/snn.imer.gob.mx\/laferia\/files\/2015\/09\/facultad.png\" alt=\"facultad\" width=\"181\" height=\"254\" \/><\/a><a href=\"http:\/\/snn.imer.gob.mx\/laferia\/files\/2015\/09\/Qiu-Xiaoqi.jpg\"><img decoding=\"async\" loading=\"lazy\" class=\"alignnone size-medium wp-image-25254\" src=\"http:\/\/snn.imer.gob.mx\/laferia\/files\/2015\/09\/Qiu-Xiaoqi-300x169.jpg\" alt=\"Qiu-Xiaoqi\" width=\"300\" height=\"169\" srcset=\"https:\/\/noticias.imer.mx\/laferia\/files\/2015\/09\/Qiu-Xiaoqi-300x169.jpg 300w, https:\/\/noticias.imer.mx\/laferia\/files\/2015\/09\/Qiu-Xiaoqi.jpg 650w\" sizes=\"(max-width: 300px) 100vw, 300px\" \/><\/a><\/p>\n<p>Despertar la aspiraci\u00f3n de las personas hacia la paz es la intensi\u00f3n de la exposici\u00f3n <strong>\u00abGran Victoria y Contribuci\u00f3n Hist\u00f3rica\u00bb<\/strong>, inaugurada en la <strong>Facultad de Derecho de la UNAM<\/strong>, asegur\u00f3 el embajador de China en M\u00e9xico <strong>Qiu Xiaog\u00ed.<\/strong><\/p>\n<!--[if lt IE 9]><script>document.createElement('audio');<\/script><![endif]-->\n<audio class=\"wp-audio-shortcode\" id=\"audio-25250-1\" preload=\"none\" style=\"width: 100%;\" controls=\"controls\"><source type=\"audio\/mpeg\" src=\"http:\/\/snn.imer.gob.mx\/laferia\/files\/2015\/09\/CHINA.mp3?_=1\" \/><a href=\"http:\/\/snn.imer.gob.mx\/laferia\/files\/2015\/09\/CHINA.mp3\">http:\/\/snn.imer.gob.mx\/laferia\/files\/2015\/09\/CHINA.mp3<\/a><\/audio>\n","protected":false},"excerpt":{"rendered":"<p>Despertar la aspiraci\u00f3n de las personas hacia la paz es la intensi\u00f3n de la exposici\u00f3n \u00abGran Victoria y Contribuci\u00f3n Hist\u00f3rica\u00bb, inaugurada en la Facultad de Derecho de la UNAM, asegur\u00f3 el embajador de China en M\u00e9xico Qiu Xiaog\u00ed.<\/p>\n","protected":false},"author":12,"featured_media":25254,"comment_status":"open","ping_status":"open","sticky":false,"template":"","format":"audio","meta":{"wp_popup_display_lightbox":0,"wp_popup_suppress":"","wp_popup_trigger":"","wp_popup_trigger_amount":0,"wp_popup_disable_on_mobile":false},"categories":[1729],"tags":[3178,3179,3180],"yoast_head":"<!-- This site is optimized with the Yoast SEO plugin v21.0 - https:\/\/yoast.com\/wordpress\/plugins\/seo\/ -->\n<title>Inauguraci\u00f3n de la exposici\u00f3n &quot;Gran Victoria y Contribuci\u00f3n Hist\u00f3rica&quot; por parte de la embajada China - La Feria, Carrusel Cultural<\/title>\n<meta name=\"robots\" content=\"index, follow, max-snippet:-1, max-image-preview:large, max-video-preview:-1\" \/>\n<link rel=\"canonical\" href=\"https:\/\/noticias.imer.mx\/laferia\/2015\/09\/22\/inauguracion-de-la-exposicion-gran-victoria-y-contribucion-historica-por-parte-de-la-embajada-china\/\" \/>\n<meta property=\"og:locale\" content=\"es_ES\" \/>\n<meta property=\"og:type\" content=\"article\" \/>\n<meta property=\"og:title\" content=\"Inauguraci\u00f3n de la exposici\u00f3n &quot;Gran Victoria y Contribuci\u00f3n Hist\u00f3rica&quot; por parte de la embajada China - La Feria, Carrusel Cultural\" \/>\n<meta property=\"og:description\" content=\"Despertar la aspiraci\u00f3n de las personas hacia la paz es la intensi\u00f3n de la exposici\u00f3n \u00abGran Victoria y Contribuci\u00f3n Hist\u00f3rica\u00bb, inaugurada en la Facultad de Derecho de la UNAM, asegur\u00f3 el embajador de China en M\u00e9xico Qiu Xiaog\u00ed.\" \/>\n<meta property=\"og:url\" content=\"https:\/\/noticias.imer.mx\/laferia\/2015\/09\/22\/inauguracion-de-la-exposicion-gran-victoria-y-contribucion-historica-por-parte-de-la-embajada-china\/\" \/>\n<meta property=\"og:site_name\" content=\"La Feria, Carrusel Cultural\" \/>\n<meta property=\"article:published_time\" content=\"2015-09-22T23:00:07+00:00\" \/>\n<meta property=\"og:image\" content=\"https:\/\/noticias.imer.mx\/laferia\/files\/2015\/09\/Qiu-Xiaoqi.jpg\" \/>\n\t<meta property=\"og:image:width\" content=\"650\" \/>\n\t<meta property=\"og:image:height\" content=\"366\" \/>\n\t<meta property=\"og:image:type\" content=\"image\/jpeg\" \/>\n<meta name=\"author\" content=\"La Feria\" \/>\n<meta name=\"twitter:card\" content=\"summary_large_image\" \/>\n<meta name=\"twitter:label1\" content=\"Escrito por\" \/>\n\t<meta name=\"twitter:data1\" content=\"La Feria\" \/>\n<script type=\"application\/ld+json\" class=\"yoast-schema-graph\">{\"@context\":\"https:\/\/schema.org\",\"@graph\":[{\"@type\":\"WebPage\",\"@id\":\"https:\/\/noticias.imer.mx\/laferia\/2015\/09\/22\/inauguracion-de-la-exposicion-gran-victoria-y-contribucion-historica-por-parte-de-la-embajada-china\/\",\"url\":\"https:\/\/noticias.imer.mx\/laferia\/2015\/09\/22\/inauguracion-de-la-exposicion-gran-victoria-y-contribucion-historica-por-parte-de-la-embajada-china\/\",\"name\":\"Inauguraci\u00f3n de la exposici\u00f3n \\\"Gran Victoria y Contribuci\u00f3n Hist\u00f3rica\\\" por parte de la embajada China - La Feria, Carrusel Cultural\",\"isPartOf\":{\"@id\":\"https:\/\/noticias.imer.mx\/laferia\/#website\"},\"datePublished\":\"2015-09-22T23:00:07+00:00\",\"dateModified\":\"2015-09-22T23:00:07+00:00\",\"author\":{\"@id\":\"https:\/\/noticias.imer.mx\/laferia\/#\/schema\/person\/438ebaa433c79f71687928759130ec9f\"},\"breadcrumb\":{\"@id\":\"https:\/\/noticias.imer.mx\/laferia\/2015\/09\/22\/inauguracion-de-la-exposicion-gran-victoria-y-contribucion-historica-por-parte-de-la-embajada-china\/#breadcrumb\"},\"inLanguage\":\"es\",\"potentialAction\":[{\"@type\":\"ReadAction\",\"target\":[\"https:\/\/noticias.imer.mx\/laferia\/2015\/09\/22\/inauguracion-de-la-exposicion-gran-victoria-y-contribucion-historica-por-parte-de-la-embajada-china\/\"]}]},{\"@type\":\"BreadcrumbList\",\"@id\":\"https:\/\/noticias.imer.mx\/laferia\/2015\/09\/22\/inauguracion-de-la-exposicion-gran-victoria-y-contribucion-historica-por-parte-de-la-embajada-china\/#breadcrumb\",\"itemListElement\":[{\"@type\":\"ListItem\",\"position\":1,\"name\":\"Home\",\"item\":\"https:\/\/noticias.imer.mx\/laferia\/\"},{\"@type\":\"ListItem\",\"position\":2,\"name\":\"Inauguraci\u00f3n de la exposici\u00f3n &#8220;Gran Victoria y Contribuci\u00f3n Hist\u00f3rica&#8221; por parte de la embajada China\"}]},{\"@type\":\"WebSite\",\"@id\":\"https:\/\/noticias.imer.mx\/laferia\/#website\",\"url\":\"https:\/\/noticias.imer.mx\/laferia\/\",\"name\":\"La Feria, Carrusel Cultural\",\"description\":\"Instituto Mexicano de la Radio\",\"potentialAction\":[{\"@type\":\"SearchAction\",\"target\":{\"@type\":\"EntryPoint\",\"urlTemplate\":\"https:\/\/noticias.imer.mx\/laferia\/?s={search_term_string}\"},\"query-input\":\"required name=search_term_string\"}],\"inLanguage\":\"es\"},{\"@type\":\"Person\",\"@id\":\"https:\/\/noticias.imer.mx\/laferia\/#\/schema\/person\/438ebaa433c79f71687928759130ec9f\",\"name\":\"La Feria\",\"image\":{\"@type\":\"ImageObject\",\"inLanguage\":\"es\",\"@id\":\"https:\/\/noticias.imer.mx\/laferia\/#\/schema\/person\/image\/\",\"url\":\"https:\/\/secure.gravatar.com\/avatar\/69100f68fb4d3a06d1ff6b6cb5310157?s=96&d=mm&r=g\",\"contentUrl\":\"https:\/\/secure.gravatar.com\/avatar\/69100f68fb4d3a06d1ff6b6cb5310157?s=96&d=mm&r=g\",\"caption\":\"La Feria\"},\"description\":\"La Feria Carrusel Cultural, es un noticiario que alienta la participaci\u00f3n ciudadana y presenta informaci\u00f3n cultural y cient\u00edfica, de coyuntura, de M\u00e9xico y el mundo. En media hora puede conocer la cartelera cultural y escuchar, en voz de especialistas, entrevistas, asuntos especiales y mesas de an\u00e1lisis. Conducido por Juan Carlos Vald\u00e9s, La Feria Carrusel Cultural, se transmite todos los martes y jueves, de 15:00 a 15:30 horas por Horizonte, en el 107.9 de FM.\",\"url\":\"https:\/\/noticias.imer.mx\/laferia\/author\/laferia\/\"}]}<\/script>\n<!-- \/ Yoast SEO plugin. -->","yoast_head_json":{"title":"Inauguraci\u00f3n de la exposici\u00f3n \"Gran Victoria y Contribuci\u00f3n Hist\u00f3rica\" por parte de la embajada China - La Feria, Carrusel Cultural","robots":{"index":"index","follow":"follow","max-snippet":"max-snippet:-1","max-image-preview":"max-image-preview:large","max-video-preview":"max-video-preview:-1"},"canonical":"https:\/\/noticias.imer.mx\/laferia\/2015\/09\/22\/inauguracion-de-la-exposicion-gran-victoria-y-contribucion-historica-por-parte-de-la-embajada-china\/","og_locale":"es_ES","og_type":"article","og_title":"Inauguraci\u00f3n de la exposici\u00f3n \"Gran Victoria y Contribuci\u00f3n Hist\u00f3rica\" por parte de la embajada China - La Feria, Carrusel Cultural","og_description":"Despertar la aspiraci\u00f3n de las personas hacia la paz es la intensi\u00f3n de la exposici\u00f3n \u00abGran Victoria y Contribuci\u00f3n Hist\u00f3rica\u00bb, inaugurada en la Facultad de Derecho de la UNAM, asegur\u00f3 el embajador de China en M\u00e9xico Qiu Xiaog\u00ed.","og_url":"https:\/\/noticias.imer.mx\/laferia\/2015\/09\/22\/inauguracion-de-la-exposicion-gran-victoria-y-contribucion-historica-por-parte-de-la-embajada-china\/","og_site_name":"La Feria, Carrusel Cultural","article_published_time":"2015-09-22T23:00:07+00:00","og_image":[{"width":650,"height":366,"url":"https:\/\/noticias.imer.mx\/laferia\/files\/2015\/09\/Qiu-Xiaoqi.jpg","type":"image\/jpeg"}],"author":"La Feria","twitter_card":"summary_large_image","twitter_misc":{"Escrito por":"La Feria"},"schema":{"@context":"https:\/\/schema.org","@graph":[{"@type":"WebPage","@id":"https:\/\/noticias.imer.mx\/laferia\/2015\/09\/22\/inauguracion-de-la-exposicion-gran-victoria-y-contribucion-historica-por-parte-de-la-embajada-china\/","url":"https:\/\/noticias.imer.mx\/laferia\/2015\/09\/22\/inauguracion-de-la-exposicion-gran-victoria-y-contribucion-historica-por-parte-de-la-embajada-china\/","name":"Inauguraci\u00f3n de la exposici\u00f3n \"Gran Victoria y Contribuci\u00f3n Hist\u00f3rica\" por parte de la embajada China - La Feria, Carrusel Cultural","isPartOf":{"@id":"https:\/\/noticias.imer.mx\/laferia\/#website"},"datePublished":"2015-09-22T23:00:07+00:00","dateModified":"2015-09-22T23:00:07+00:00","author":{"@id":"https:\/\/noticias.imer.mx\/laferia\/#\/schema\/person\/438ebaa433c79f71687928759130ec9f"},"breadcrumb":{"@id":"https:\/\/noticias.imer.mx\/laferia\/2015\/09\/22\/inauguracion-de-la-exposicion-gran-victoria-y-contribucion-historica-por-parte-de-la-embajada-china\/#breadcrumb"},"inLanguage":"es","potentialAction":[{"@type":"ReadAction","target":["https:\/\/noticias.imer.mx\/laferia\/2015\/09\/22\/inauguracion-de-la-exposicion-gran-victoria-y-contribucion-historica-por-parte-de-la-embajada-china\/"]}]},{"@type":"BreadcrumbList","@id":"https:\/\/noticias.imer.mx\/laferia\/2015\/09\/22\/inauguracion-de-la-exposicion-gran-victoria-y-contribucion-historica-por-parte-de-la-embajada-china\/#breadcrumb","itemListElement":[{"@type":"ListItem","position":1,"name":"Home","item":"https:\/\/noticias.imer.mx\/laferia\/"},{"@type":"ListItem","position":2,"name":"Inauguraci\u00f3n de la exposici\u00f3n &#8220;Gran Victoria y Contribuci\u00f3n Hist\u00f3rica&#8221; por parte de la embajada China"}]},{"@type":"WebSite","@id":"https:\/\/noticias.imer.mx\/laferia\/#website","url":"https:\/\/noticias.imer.mx\/laferia\/","name":"La Feria, Carrusel Cultural","description":"Instituto Mexicano de la Radio","potentialAction":[{"@type":"SearchAction","target":{"@type":"EntryPoint","urlTemplate":"https:\/\/noticias.imer.mx\/laferia\/?s={search_term_string}"},"query-input":"required name=search_term_string"}],"inLanguage":"es"},{"@type":"Person","@id":"https:\/\/noticias.imer.mx\/laferia\/#\/schema\/person\/438ebaa433c79f71687928759130ec9f","name":"La Feria","image":{"@type":"ImageObject","inLanguage":"es","@id":"https:\/\/noticias.imer.mx\/laferia\/#\/schema\/person\/image\/","url":"https:\/\/secure.gravatar.com\/avatar\/69100f68fb4d3a06d1ff6b6cb5310157?s=96&d=mm&r=g","contentUrl":"https:\/\/secure.gravatar.com\/avatar\/69100f68fb4d3a06d1ff6b6cb5310157?s=96&d=mm&r=g","caption":"La Feria"},"description":"La Feria Carrusel Cultural, es un noticiario que alienta la participaci\u00f3n ciudadana y presenta informaci\u00f3n cultural y cient\u00edfica, de coyuntura, de M\u00e9xico y el mundo. En media hora puede conocer la cartelera cultural y escuchar, en voz de especialistas, entrevistas, asuntos especiales y mesas de an\u00e1lisis. Conducido por Juan Carlos Vald\u00e9s, La Feria Carrusel Cultural, se transmite todos los martes y jueves, de 15:00 a 15:30 horas por Horizonte, en el 107.9 de FM.","url":"https:\/\/noticias.imer.mx\/laferia\/author\/laferia\/"}]}},"_links":{"self":[{"href":"https:\/\/noticias.imer.mx\/laferia\/wp-json\/wp\/v2\/posts\/25250"}],"collection":[{"href":"https:\/\/noticias.imer.mx\/laferia\/wp-json\/wp\/v2\/posts"}],"about":[{"href":"https:\/\/noticias.imer.mx\/laferia\/wp-json\/wp\/v2\/types\/post"}],"author":[{"embeddable":true,"href":"https:\/\/noticias.imer.mx\/laferia\/wp-json\/wp\/v2\/users\/12"}],"replies":[{"embeddable":true,"href":"https:\/\/noticias.imer.mx\/laferia\/wp-json\/wp\/v2\/comments?post=25250"}],"version-history":[{"count":1,"href":"https:\/\/noticias.imer.mx\/laferia\/wp-json\/wp\/v2\/posts\/25250\/revisions"}],"predecessor-version":[{"id":25255,"href":"https:\/\/noticias.imer.mx\/laferia\/wp-json\/wp\/v2\/posts\/25250\/revisions\/25255"}],"wp:featuredmedia":[{"embeddable":true,"href":"https:\/\/noticias.imer.mx\/laferia\/wp-json\/wp\/v2\/media\/25254"}],"wp:attachment":[{"href":"https:\/\/noticias.imer.mx\/laferia\/wp-json\/wp\/v2\/media?parent=25250"}],"wp:term":[{"taxonomy":"category","embeddable":true,"href":"https:\/\/noticias.imer.mx\/laferia\/wp-json\/wp\/v2\/categories?post=25250"},{"taxonomy":"post_tag","embeddable":true,"href":"https:\/\/noticias.imer.mx\/laferia\/wp-json\/wp\/v2\/tags?post=25250"}],"curies":[{"name":"wp","href":"https:\/\/api.w.org\/{rel}","templated":true}]}}